{"id":179876,"date":"2026-01-24T11:55:18","date_gmt":"2026-01-24T14:55:18","guid":{"rendered":"https:\/\/www.correiobraziliense.com.br\/cbradar\/?p=179876"},"modified":"2026-01-23T18:32:40","modified_gmt":"2026-01-23T21:32:40","slug":"a-opcao-caseira-que-pode-ajudar-quem-sofre-com-intestino-preso-sem-recorrer-a-remedios","status":"publish","type":"post","link":"https:\/\/www.correiobraziliense.com.br\/cbradar\/a-opcao-caseira-que-pode-ajudar-quem-sofre-com-intestino-preso-sem-recorrer-a-remedios\/","title":{"rendered":"A op\u00e7\u00e3o caseira que pode ajudar quem sofre com intestino preso sem recorrer a rem\u00e9dios"},"content":{"rendered":"\n<p>Quem nunca ouviu algu\u00e9m da fam\u00edlia recomendar um copo de \u00e1gua com ameixa para \u201csoltar o intestino\u201d? Mesmo em 2026, com tantos rem\u00e9dios modernos, muita gente ainda busca solu\u00e7\u00f5es mais <strong>naturais<\/strong> e simples do dia a dia. Nessa rotina, a <strong>ameixa<\/strong> ganha espa\u00e7o pela combina\u00e7\u00e3o de fibras, compostos que ajudam o intestino a funcionar melhor e um leve efeito osm\u00f3tico, tornando-se uma aliada pr\u00e1tica para melhorar o conforto intestinal.<\/p>\n\n\n\n<h2 class=\"wp-block-heading\">Ameixa e suas propriedades laxativas naturais explicadas de forma simples<\/h2>\n\n\n\n<p>Ao falar das propriedades laxativas da ameixa, n\u00e3o se trata apenas da vers\u00e3o seca, bastante conhecida, mas tamb\u00e9m da fruta fresca e at\u00e9 do suco preparado a partir dela. Cada formato oferece quantidades diferentes de nutrientes e pode ser inclu\u00eddo em refei\u00e7\u00f5es variadas, do caf\u00e9 da manh\u00e3 aos lanches, ajudando o intestino de maneira mais <strong>suave<\/strong> e gradual.<\/p>\n\n\n\n<p>Dessa forma, a ameixa passa a integrar estrat\u00e9gias alimentares que buscam regular o tr\u00e2nsito intestinal, sem precisar recorrer de imediato a laxantes sint\u00e9ticos. Para muitas pessoas com pris\u00e3o de ventre leve, essa fruta pode ser um primeiro passo mais <strong>confort\u00e1vel<\/strong> e acess\u00edvel para cuidar da sa\u00fade intestinal no dia a dia.<\/p>\n\n\n<div class=\"wp-block-image\">\n<figure class=\"aligncenter size-large\"><img decoding=\"async\" width=\"1024\" height=\"576\" src=\"https:\/\/www.correiobraziliense.com.br\/cbradar\/wp-content\/uploads\/2026\/01\/ameixa-fresca_1767586342698-1024x576.jpg\" alt=\"\" class=\"wp-image-169354\" srcset=\"https:\/\/www.correiobraziliense.com.br\/cbradar\/wp-content\/uploads\/2026\/01\/ameixa-fresca_1767586342698-1024x576.jpg 1024w, https:\/\/www.correiobraziliense.com.br\/cbradar\/wp-content\/uploads\/2026\/01\/ameixa-fresca_1767586342698-300x169.jpg 300w, https:\/\/www.correiobraziliense.com.br\/cbradar\/wp-content\/uploads\/2026\/01\/ameixa-fresca_1767586342698-768x432.jpg 768w, https:\/\/www.correiobraziliense.com.br\/cbradar\/wp-content\/uploads\/2026\/01\/ameixa-fresca_1767586342698-750x422.jpg 750w, https:\/\/www.correiobraziliense.com.br\/cbradar\/wp-content\/uploads\/2026\/01\/ameixa-fresca_1767586342698-1140x641.jpg 1140w, https:\/\/www.correiobraziliense.com.br\/cbradar\/wp-content\/uploads\/2026\/01\/ameixa-fresca_1767586342698.jpg 1280w\" sizes=\"(max-width: 1024px) 100vw, 1024px\" \/><figcaption class=\"wp-element-caption\">A principal caracter\u00edstica da ameixa fresca \u00e9 a presen\u00e7a de fibras alimentares &#8211; Cr\u00e9ditos: depositphotos.com \/ Yakov_Oskanov<\/figcaption><\/figure><\/div>\n\n\n<p>Leia tamb\u00e9m:&nbsp;<a href=\"https:\/\/www.correiobraziliense.com.br\/cbradar\/o-verde-digestivo-que-virou-queridinho-das-hortas-por-ser-simples-de-plantar\/\" target=\"_blank\" rel=\"noopener\">O verde digestivo que virou queridinho das hortas por ser simples de plantar<\/a><\/p>\n\n\n\n<h2 class=\"wp-block-heading\">O que torna a ameixa uma op\u00e7\u00e3o com propriedades laxativas naturais<\/h2>\n\n\n\n<p>A <strong>ameixa<\/strong> est\u00e1 ligada a tr\u00eas pilares: quantidade de fibras, presen\u00e7a de sorbitol (um tipo de \u00e1lcool de a\u00e7\u00facar) e compostos fen\u00f3licos, como os \u00e1cidos clorog\u00eanicos. Juntos, esses elementos ajudam a aumentar o volume das fezes, melhorar a reten\u00e7\u00e3o de \u00e1gua no intestino e estimular os movimentos que empurram o conte\u00fado ao longo do tubo digestivo.<\/p>\n\n\n\n<p>Nas vers\u00f5es fresca e seca, a ameixa concentra fibras sol\u00faveis e insol\u00faveis, que atuam de forma complementar. As fibras sol\u00faveis formam um gel no trato digestivo, ajudando na hidrata\u00e7\u00e3o das fezes, enquanto as insol\u00faveis d\u00e3o mais volume ao bolo fecal. As propriedades laxativas ainda s\u00e3o refor\u00e7adas pelo <strong>sorbitol<\/strong>, que tem um leve efeito osm\u00f3tico, atraindo \u00e1gua para o intestino e facilitando a evacua\u00e7\u00e3o de forma gradual.<\/p>\n\n\n\n<h2 class=\"wp-block-heading\">Como a ameixa age no intestino no dia a dia<\/h2>\n\n\n\n<p>O funcionamento intestinal \u00e9 resultado de v\u00e1rios fatores: boa hidrata\u00e7\u00e3o, pr\u00e1tica de atividade f\u00edsica, rotina de sono e alimenta\u00e7\u00e3o equilibrada. Nesse cen\u00e1rio, a ameixa entra como um alimento que refor\u00e7a o trabalho natural do organismo, podendo ajudar a reduzir o tempo de tr\u00e2nsito intestinal e favorecer evacua\u00e7\u00f5es mais regulares, especialmente em quem consome poucas <strong>fibras<\/strong>.<\/p>\n\n\n\n<p>O sorbitol presente na ameixa, em especial na vers\u00e3o seca, \u00e9 apontado como um dos respons\u00e1veis pela a\u00e7\u00e3o laxativa suave, pois n\u00e3o \u00e9 totalmente absorvido no intestino delgado e chega ao intestino grosso, aumentando a quantidade de \u00e1gua no local. J\u00e1 os compostos fen\u00f3licos interagem com a <strong>microbiota<\/strong> intestinal, influenciando a fermenta\u00e7\u00e3o das fibras e a produ\u00e7\u00e3o de \u00e1cidos graxos de cadeia curta, que ajudam na movimenta\u00e7\u00e3o do c\u00f3lon. <\/p>\n\n\n\n<p>Muito mais do que uma fruta saborosa, a <strong>ameixa<\/strong> traz diversos benef\u00edcios para a sa\u00fade. A <strong>Nutricionista Patricia Leite<\/strong>, com <strong>8,11 milh\u00f5es de inscritos<\/strong>, explica para que ela serve, se ajuda a soltar o intestino e d\u00e1 dicas pr\u00e1ticas de consumo:<\/p>\n\n\n\n<figure class=\"wp-block-embed is-type-video is-provider-youtube wp-block-embed-youtube wp-embed-aspect-16-9 wp-has-aspect-ratio\"><div class=\"wp-block-embed__wrapper\">\n<div class=\"jeg_video_container jeg_video_content\"><iframe loading=\"lazy\" title=\"Benef\u00edcios da Ameixa - Para Que Serve? Solta o Intestino? [DICAS]\" width=\"500\" height=\"281\" src=\"https:\/\/www.youtube.com\/embed\/-YKjEpcYRd4?feature=oembed\" frameborder=\"0\" allow=\"accelerometer; autoplay; clipboard-write; encrypted-media; gyroscope; picture-in-picture; web-share\" referrerpolicy=\"strict-origin-when-cross-origin\" allowfullscreen><\/iframe><\/div>\n<\/div><\/figure>\n\n\n\n<h2 class=\"wp-block-heading\">Quais s\u00e3o os principais benef\u00edcios da ameixa para o tr\u00e2nsito intestinal<\/h2>\n\n\n\n<p>Al\u00e9m de ser tradicionalmente associada ao al\u00edvio da pris\u00e3o de ventre, a ameixa oferece outros pontos interessantes para a sa\u00fade digestiva. Ao favorecer evacua\u00e7\u00f5es mais regulares, ela ajuda a diminuir a sensa\u00e7\u00e3o de estufamento abdominal e contribui para uma rotina intestinal mais previs\u00edvel, com menos esfor\u00e7o no momento de ir ao <strong>banheiro<\/strong>.<\/p>\n\n\n\n<p>Esses efeitos positivos tamb\u00e9m podem reduzir o risco de desconfortos como fissuras anais ou piora de hemorroidas j\u00e1 existentes. A seguir, alguns dos benef\u00edcios mais comentados da <strong>ameixa<\/strong> para o intestino, especialmente quando consumida com regularidade e associada a bons h\u00e1bitos de vida:<\/p>\n\n\n\n<ul class=\"wp-block-list\">\n<li><strong>Aumento da ingest\u00e3o de fibras:<\/strong> refor\u00e7a o aporte di\u00e1rio, principalmente em dietas com baixo consumo de frutas e vegetais.<\/li>\n\n\n\n<li><strong>A\u00e7\u00e3o osm\u00f3tica suave:<\/strong> o sorbitol favorece a entrada de \u00e1gua no intestino grosso.<\/li>\n\n\n\n<li><strong>Estimula\u00e7\u00e3o da motilidade:<\/strong> compostos fen\u00f3licos podem influenciar os movimentos do c\u00f3lon.<\/li>\n\n\n\n<li><strong>Apoio \u00e0 microbiota:<\/strong> as fibras funcionam como substrato para bact\u00e9rias intestinais ben\u00e9ficas.<\/li>\n\n\n\n<li><strong>Alternativa alimentar:<\/strong> pode ser inclu\u00edda antes de considerar laxantes farmacol\u00f3gicos em casos leves.<\/li>\n<\/ul>\n\n\n\n<h2 class=\"wp-block-heading\">Quais s\u00e3o os principais nutrientes da ameixa para o intestino<\/h2>\n\n\n\n<p>Os valores nutricionais variam conforme o tipo de ameixa (fresca ou seca), o tamanho da por\u00e7\u00e3o e, no caso de produtos industrializados, conforme a marca. A tabela a seguir apresenta dados m\u00e9dios para ajudar a entender a composi\u00e7\u00e3o da fruta, com foco em aspectos ligados ao intestino e ao conforto digestivo no dia a <strong>dia<\/strong>.<\/p>\n\n\n\n<div style=\"font-family: 'Segoe UI', Tahoma, Geneva, Verdana, sans-serif; max-width: 1000px; margin: 20px auto; border: 2px solid #722f37; border-radius: 30px; overflow: hidden; background-color: #ffffff; box-shadow: 0 4px 15px rgba(114, 47, 48, 0.1);\">\n    <table style=\"width: 100%; border-collapse: collapse; text-align: left; font-size: 14px;\">\n        <thead>\n            <tr style=\"background-color: #722f37;\">\n                <th style=\"padding: 15px; color: #ffffff; border-bottom: 2px solid #f9d8e6; width: 20%;\">Tipo de ameixa<\/th>\n                <th style=\"padding: 15px; color: #ffffff; border-bottom: 2px solid #f9d8e6; width: 25%;\">Por\u00e7\u00e3o aproximada<\/th>\n                <th style=\"padding: 15px; color: #ffffff; border-bottom: 2px solid #f9d8e6; width: 15%;\">Calorias (kcal)<\/th>\n                <th style=\"padding: 15px; color: #ffffff; border-bottom: 2px solid #f9d8e6; width: 15%;\">Carboidratos (g)<\/th>\n                <th style=\"padding: 15px; color: #ffffff; border-bottom: 2px solid #f9d8e6; width: 15%;\">Fibras totais (g)<\/th>\n                <th style=\"padding: 15px; color: #ffffff; border-bottom: 2px solid #f9d8e6; width: 10%;\">S\u00f3dio (mg)<\/th>\n            <\/tr>\n        <\/thead>\n        <tbody>\n            <tr>\n                <td style=\"padding: 12px 15px; border-bottom: 1px solid #ffe3ee; color: #4a4a4a; font-weight: bold;\">Ameixa fresca<\/td>\n                <td style=\"padding: 12px 15px; border-bottom: 1px solid #ffe3ee; color: #4a4a4a;\">1 unidade m\u00e9dia (cerca de 50 g)<\/td>\n                <td style=\"padding: 12px 15px; border-bottom: 1px solid #ffe3ee; color: #4a4a4a;\">25\u201330<\/td>\n                <td style=\"padding: 12px 15px; border-bottom: 1px solid #ffe3ee; color: #4a4a4a;\">7\u20138<\/td>\n                <td style=\"padding: 12px 15px; border-bottom: 1px solid #ffe3ee; color: #4a4a4a;\">0,5\u20131,0<\/td>\n                <td style=\"padding: 12px 15px; border-bottom: 1px solid #ffe3ee; color: #4a4a4a;\">&lt;1<\/td>\n            <\/tr>\n            <tr style=\"background-color: #fffafa;\">\n                <td style=\"padding: 12px 15px; border-bottom: 1px solid #ffe3ee; color: #4a4a4a; font-weight: bold;\">Ameixa seca (sem caro\u00e7o)<\/td>\n                <td style=\"padding: 12px 15px; border-bottom: 1px solid #ffe3ee; color: #4a4a4a;\">3 unidades (cerca de 30 g)<\/td>\n                <td style=\"padding: 12px 15px; border-bottom: 1px solid #ffe3ee; color: #4a4a4a;\">70\u201380<\/td>\n                <td style=\"padding: 12px 15px; border-bottom: 1px solid #ffe3ee; color: #4a4a4a;\">18\u201320<\/td>\n                <td style=\"padding: 12px 15px; border-bottom: 1px solid #ffe3ee; color: #4a4a4a;\">2,0\u20133,0<\/td>\n                <td style=\"padding: 12px 15px; border-bottom: 1px solid #ffe3ee; color: #4a4a4a;\">1\u20133<\/td>\n            <\/tr>\n            <tr>\n                <td style=\"padding: 12px 15px; color: #4a4a4a; font-weight: bold;\">Suco de ameixa (caseiro)<\/td>\n                <td style=\"padding: 12px 15px; color: #4a4a4a;\">1 copo (200 ml)<\/td>\n                <td style=\"padding: 12px 15px; color: #4a4a4a;\">90\u2013110<\/td>\n                <td style=\"padding: 12px 15px; color: #4a4a4a;\">22\u201326<\/td>\n                <td style=\"padding: 12px 15px; color: #4a4a4a;\">1,5\u20132,5<\/td>\n                <td style=\"padding: 12px 15px; color: #4a4a4a;\">&lt;5<\/td>\n            <\/tr>\n        <\/tbody>\n    <\/table>\n<\/div>\n\n\n\n<p>Esse panorama mostra que a ameixa, principalmente na forma seca, concentra fibras e carboidratos ligados ao efeito laxativo natural. Inserida em uma alimenta\u00e7\u00e3o equilibrada, com boa ingest\u00e3o de \u00e1gua e outros alimentos ricos em fibras, a fruta tende a contribuir para um tr\u00e2nsito intestinal mais est\u00e1vel e uma rela\u00e7\u00e3o mais tranquila com os h\u00e1bitos de <strong>evacua\u00e7\u00e3o<\/strong>.<\/p>\n","protected":false},"excerpt":{"rendered":"<p>Quem nunca ouviu algu\u00e9m da fam\u00edlia recomendar um copo de \u00e1gua com ameixa para \u201csoltar o intestino\u201d? Mesmo em 2026, com tantos rem\u00e9dios modernos, muita gente ainda busca solu\u00e7\u00f5es mais naturais e simples do dia a dia. Nessa rotina, a ameixa ganha espa\u00e7o pela combina\u00e7\u00e3o de fibras, compostos que ajudam o intestino a funcionar melhor [&hellip;]<\/p>\n","protected":false},"author":9,"featured_media":180348,"comment_status":"open","ping_status":"open","sticky":false,"template":"","format":"standard","meta":{"_yoast_wpseo_focuskw":"benef\u00edcios da ameixa","_yoast_wpseo_title":"","_yoast_wpseo_metadesc":"","jnews-multi-image_gallery":[],"jnews_single_post":{"format":"standard"},"jnews_primary_category":[],"jnews_social_meta":[],"jnews_override_counter":[],"footnotes":""},"categories":[119,4404],"post_tag":[1643,615,14333,14334],"class_list":["post-179876","post","type-post","status-publish","format-standard","has-post-thumbnail","hentry","category-bem-estar","category-saude","tag-ameixa","tag-fruta","tag-laxante-natural","tag-propriedades-laxativas"],"yoast_head":"<!-- This site is optimized with the Yoast SEO plugin v24.6 - https:\/\/yoast.com\/wordpress\/plugins\/seo\/ -->\n<title>A op\u00e7\u00e3o caseira que pode ajudar quem sofre com intestino preso sem recorrer a rem\u00e9dios - Correio Braziliense - Radar<\/title>\n<meta name=\"robots\" content=\"index, follow, max-snippet:-1, max-image-preview:large, max-video-preview:-1\" \/>\n<link rel=\"canonical\" href=\"https:\/\/www.correiobraziliense.com.br\/cbradar\/a-opcao-caseira-que-pode-ajudar-quem-sofre-com-intestino-preso-sem-recorrer-a-remedios\/\" \/>\n<meta property=\"og:locale\" content=\"pt_BR\" \/>\n<meta property=\"og:type\" content=\"article\" \/>\n<meta property=\"og:title\" content=\"A op\u00e7\u00e3o caseira que pode ajudar quem sofre com intestino preso sem recorrer a rem\u00e9dios - Correio Braziliense - Radar\" \/>\n<meta property=\"og:description\" content=\"Quem nunca ouviu algu\u00e9m da fam\u00edlia recomendar um copo de \u00e1gua com ameixa para \u201csoltar o intestino\u201d? Mesmo em 2026, com tantos rem\u00e9dios modernos, muita gente ainda busca solu\u00e7\u00f5es mais naturais e simples do dia a dia. Nessa rotina, a ameixa ganha espa\u00e7o pela combina\u00e7\u00e3o de fibras, compostos que ajudam o intestino a funcionar melhor [&hellip;]\" \/>\n<meta property=\"og:url\" content=\"https:\/\/www.correiobraziliense.com.br\/cbradar\/a-opcao-caseira-que-pode-ajudar-quem-sofre-com-intestino-preso-sem-recorrer-a-remedios\/\" \/>\n<meta property=\"og:site_name\" content=\"Correio Braziliense - Radar\" \/>\n<meta property=\"article:published_time\" content=\"2026-01-24T14:55:18+00:00\" \/>\n<meta property=\"og:image\" content=\"https:\/\/www.correiobraziliense.com.br\/cbradar\/wp-content\/uploads\/2026\/01\/Gemini_Generated_Image_nao0k6nao0k6nao0-1-1.png\" \/>\n\t<meta property=\"og:image:width\" content=\"1280\" \/>\n\t<meta property=\"og:image:height\" content=\"720\" \/>\n\t<meta property=\"og:image:type\" content=\"image\/png\" \/>\n<meta name=\"author\" content=\"Daniely Cardoso\" \/>\n<meta name=\"twitter:card\" content=\"summary_large_image\" \/>\n<meta name=\"twitter:label1\" content=\"Escrito por\" \/>\n\t<meta name=\"twitter:data1\" content=\"Daniely Cardoso\" \/>\n\t<meta name=\"twitter:label2\" content=\"Est. tempo de leitura\" \/>\n\t<meta name=\"twitter:data2\" content=\"6 minutos\" \/>\n<!-- \/ Yoast SEO plugin. -->","yoast_head_json":{"title":"A op\u00e7\u00e3o caseira que pode ajudar quem sofre com intestino preso sem recorrer a rem\u00e9dios - Correio Braziliense - Radar","robots":{"index":"index","follow":"follow","max-snippet":"max-snippet:-1","max-image-preview":"max-image-preview:large","max-video-preview":"max-video-preview:-1"},"canonical":"https:\/\/www.correiobraziliense.com.br\/cbradar\/a-opcao-caseira-que-pode-ajudar-quem-sofre-com-intestino-preso-sem-recorrer-a-remedios\/","og_locale":"pt_BR","og_type":"article","og_title":"A op\u00e7\u00e3o caseira que pode ajudar quem sofre com intestino preso sem recorrer a rem\u00e9dios - Correio Braziliense - Radar","og_description":"Quem nunca ouviu algu\u00e9m da fam\u00edlia recomendar um copo de \u00e1gua com ameixa para \u201csoltar o intestino\u201d? Mesmo em 2026, com tantos rem\u00e9dios modernos, muita gente ainda busca solu\u00e7\u00f5es mais naturais e simples do dia a dia. Nessa rotina, a ameixa ganha espa\u00e7o pela combina\u00e7\u00e3o de fibras, compostos que ajudam o intestino a funcionar melhor [&hellip;]","og_url":"https:\/\/www.correiobraziliense.com.br\/cbradar\/a-opcao-caseira-que-pode-ajudar-quem-sofre-com-intestino-preso-sem-recorrer-a-remedios\/","og_site_name":"Correio Braziliense - Radar","article_published_time":"2026-01-24T14:55:18+00:00","og_image":[{"width":1280,"height":720,"url":"https:\/\/www.correiobraziliense.com.br\/cbradar\/wp-content\/uploads\/2026\/01\/Gemini_Generated_Image_nao0k6nao0k6nao0-1-1.png","type":"image\/png"}],"author":"Daniely Cardoso","twitter_card":"summary_large_image","twitter_misc":{"Escrito por":"Daniely Cardoso","Est. tempo de leitura":"6 minutos"},"schema":{"@context":"https:\/\/schema.org","@graph":[{"@type":"WebPage","@id":"https:\/\/www.correiobraziliense.com.br\/cbradar\/a-opcao-caseira-que-pode-ajudar-quem-sofre-com-intestino-preso-sem-recorrer-a-remedios\/","url":"https:\/\/www.correiobraziliense.com.br\/cbradar\/a-opcao-caseira-que-pode-ajudar-quem-sofre-com-intestino-preso-sem-recorrer-a-remedios\/","name":"A op\u00e7\u00e3o caseira que pode ajudar quem sofre com intestino preso sem recorrer a rem\u00e9dios - Correio Braziliense - Radar","isPartOf":{"@id":"https:\/\/www.correiobraziliense.com.br\/cbradar\/#website"},"primaryImageOfPage":{"@id":"https:\/\/www.correiobraziliense.com.br\/cbradar\/a-opcao-caseira-que-pode-ajudar-quem-sofre-com-intestino-preso-sem-recorrer-a-remedios\/#primaryimage"},"image":{"@id":"https:\/\/www.correiobraziliense.com.br\/cbradar\/a-opcao-caseira-que-pode-ajudar-quem-sofre-com-intestino-preso-sem-recorrer-a-remedios\/#primaryimage"},"thumbnailUrl":"https:\/\/www.correiobraziliense.com.br\/cbradar\/wp-content\/uploads\/2026\/01\/Gemini_Generated_Image_nao0k6nao0k6nao0-1-1.png","datePublished":"2026-01-24T14:55:18+00:00","author":{"@id":"https:\/\/www.correiobraziliense.com.br\/cbradar\/#\/schema\/person\/7356666e12ec0ee53f348ee5db227032"},"breadcrumb":{"@id":"https:\/\/www.correiobraziliense.com.br\/cbradar\/a-opcao-caseira-que-pode-ajudar-quem-sofre-com-intestino-preso-sem-recorrer-a-remedios\/#breadcrumb"},"inLanguage":"pt-BR","potentialAction":[{"@type":"ReadAction","target":["https:\/\/www.correiobraziliense.com.br\/cbradar\/a-opcao-caseira-que-pode-ajudar-quem-sofre-com-intestino-preso-sem-recorrer-a-remedios\/"]}]},{"@type":"ImageObject","inLanguage":"pt-BR","@id":"https:\/\/www.correiobraziliense.com.br\/cbradar\/a-opcao-caseira-que-pode-ajudar-quem-sofre-com-intestino-preso-sem-recorrer-a-remedios\/#primaryimage","url":"https:\/\/www.correiobraziliense.com.br\/cbradar\/wp-content\/uploads\/2026\/01\/Gemini_Generated_Image_nao0k6nao0k6nao0-1-1.png","contentUrl":"https:\/\/www.correiobraziliense.com.br\/cbradar\/wp-content\/uploads\/2026\/01\/Gemini_Generated_Image_nao0k6nao0k6nao0-1-1.png","width":1280,"height":720,"caption":"A principal caracter\u00edstica da ameixa fresca \u00e9 a presen\u00e7a de fibras alimentares"},{"@type":"BreadcrumbList","@id":"https:\/\/www.correiobraziliense.com.br\/cbradar\/a-opcao-caseira-que-pode-ajudar-quem-sofre-com-intestino-preso-sem-recorrer-a-remedios\/#breadcrumb","itemListElement":[{"@type":"ListItem","position":1,"name":"In\u00edcio","item":"https:\/\/www.correiobraziliense.com.br\/cbradar\/"},{"@type":"ListItem","position":2,"name":"A op\u00e7\u00e3o caseira que pode ajudar quem sofre com intestino preso sem recorrer a rem\u00e9dios"}]},{"@type":"WebSite","@id":"https:\/\/www.correiobraziliense.com.br\/cbradar\/#website","url":"https:\/\/www.correiobraziliense.com.br\/cbradar\/","name":"Correio Braziliense - Radar","description":"Acompanhe as \u00faltimas not\u00edcias e fique bem informado sobre tudo o que acontece no Brasil e no mundo.","potentialAction":[{"@type":"SearchAction","target":{"@type":"EntryPoint","urlTemplate":"https:\/\/www.correiobraziliense.com.br\/cbradar\/?s={search_term_string}"},"query-input":{"@type":"PropertyValueSpecification","valueRequired":true,"valueName":"search_term_string"}}],"inLanguage":"pt-BR"},{"@type":"Person","@id":"https:\/\/www.correiobraziliense.com.br\/cbradar\/#\/schema\/person\/7356666e12ec0ee53f348ee5db227032","name":"Daniely Cardoso","image":{"@type":"ImageObject","inLanguage":"pt-BR","@id":"https:\/\/www.correiobraziliense.com.br\/cbradar\/#\/schema\/person\/image\/","url":"https:\/\/secure.gravatar.com\/avatar\/4b80ddbd124d1f071b626d52d62e5dff?s=96&d=mm&r=g","contentUrl":"https:\/\/secure.gravatar.com\/avatar\/4b80ddbd124d1f071b626d52d62e5dff?s=96&d=mm&r=g","caption":"Daniely Cardoso"},"description":"Redatora nos portais CB Radar e EM Foco, formada pela Universidade Federal de Goi\u00e1s, em Goi\u00e2nia. Apaixonada por comunica\u00e7\u00e3o, arte, decora\u00e7\u00e3o e tend\u00eancias, atuo na produ\u00e7\u00e3o de conte\u00fados envolventes sobre curiosidades, moda, beleza e paisagismo, sempre com um olhar atento \u00e0s novidades do momento.","sameAs":["https:\/\/www.correiobraziliense.com.br\/cbradar"],"url":"https:\/\/www.correiobraziliense.com.br\/cbradar\/author\/danielymyth\/"}]}},"_links":{"self":[{"href":"https:\/\/www.correiobraziliense.com.br\/cbradar\/wp-json\/wp\/v2\/posts\/179876","targetHints":{"allow":["GET"]}}],"collection":[{"href":"https:\/\/www.correiobraziliense.com.br\/cbradar\/wp-json\/wp\/v2\/posts"}],"about":[{"href":"https:\/\/www.correiobraziliense.com.br\/cbradar\/wp-json\/wp\/v2\/types\/post"}],"author":[{"embeddable":true,"href":"https:\/\/www.correiobraziliense.com.br\/cbradar\/wp-json\/wp\/v2\/users\/9"}],"replies":[{"embeddable":true,"href":"https:\/\/www.correiobraziliense.com.br\/cbradar\/wp-json\/wp\/v2\/comments?post=179876"}],"version-history":[{"count":3,"href":"https:\/\/www.correiobraziliense.com.br\/cbradar\/wp-json\/wp\/v2\/posts\/179876\/revisions"}],"predecessor-version":[{"id":180091,"href":"https:\/\/www.correiobraziliense.com.br\/cbradar\/wp-json\/wp\/v2\/posts\/179876\/revisions\/180091"}],"wp:featuredmedia":[{"embeddable":true,"href":"https:\/\/www.correiobraziliense.com.br\/cbradar\/wp-json\/wp\/v2\/media\/180348"}],"wp:attachment":[{"href":"https:\/\/www.correiobraziliense.com.br\/cbradar\/wp-json\/wp\/v2\/media?parent=179876"}],"wp:term":[{"taxonomy":"category","embeddable":true,"href":"https:\/\/www.correiobraziliense.com.br\/cbradar\/wp-json\/wp\/v2\/categories?post=179876"},{"taxonomy":"post_tag","embeddable":true,"href":"https:\/\/www.correiobraziliense.com.br\/cbradar\/wp-json\/wp\/v2\/post_tag?post=179876"}],"curies":[{"name":"wp","href":"https:\/\/api.w.org\/{rel}","templated":true}]}}