{"id":179877,"date":"2026-01-24T13:05:25","date_gmt":"2026-01-24T16:05:25","guid":{"rendered":"https:\/\/www.correiobraziliense.com.br\/cbradar\/?p=179877"},"modified":"2026-01-23T18:36:47","modified_gmt":"2026-01-23T21:36:47","slug":"a-fruta-leve-que-esta-ganhando-espaco-em-2026-por-aliviar-o-estomago-nos-dias-corridos","status":"publish","type":"post","link":"https:\/\/www.correiobraziliense.com.br\/cbradar\/a-fruta-leve-que-esta-ganhando-espaco-em-2026-por-aliviar-o-estomago-nos-dias-corridos\/","title":{"rendered":"A fruta leve que est\u00e1 ganhando espa\u00e7o em 2026 por aliviar o est\u00f4mago nos dias corridos"},"content":{"rendered":"\n<p>Imagine chegar em casa depois de um dia cansativo e querer algo <strong>leve<\/strong>, gostoso e que n\u00e3o pese no est\u00f4mago. \u00c9 a\u00ed que a <strong>n\u00easpera<\/strong>, fruta de sabor suave e perfume discreto, come\u00e7a a ganhar espa\u00e7o nas mesas de quem busca uma alimenta\u00e7\u00e3o mais tranquila. Rica em \u00e1gua, fibras e compostos bioativos, ela costuma ser associada a uma digest\u00e3o mais confort\u00e1vel, especialmente em refei\u00e7\u00f5es do dia a dia. Em 2026, com o aumento do interesse por alimentos naturais, esse fruto de origem <strong>asi\u00e1tica<\/strong> aparece com frequ\u00eancia em feiras e mercados, tanto in natura quanto em prepara\u00e7\u00f5es simples.<\/p>\n\n\n\n<h2 class=\"wp-block-heading\">Como a n\u00easpera contribui para uma digest\u00e3o mais leve<\/h2>\n\n\n\n<p>A rela\u00e7\u00e3o entre <strong>n\u00easpera<\/strong> e digest\u00e3o leve est\u00e1 ligada principalmente ao teor de fibras sol\u00faveis e insol\u00faveis presentes na polpa. Essas fibras ajudam o intestino a funcionar melhor, colaboram na forma\u00e7\u00e3o do bolo fecal e favorecem um tr\u00e2nsito intestinal mais regular, reduzindo aquela sensa\u00e7\u00e3o de peso ap\u00f3s comer.<\/p>\n\n\n\n<p>Outro ponto importante \u00e9 o seu alto teor de <strong>\u00e1gua<\/strong>, que auxilia na hidrata\u00e7\u00e3o do organismo e na consist\u00eancia adequada das fezes. Compostos como carotenoides e polifen\u00f3is tamb\u00e9m chamam aten\u00e7\u00e3o, pois est\u00e3o associados ao equil\u00edbrio do sistema digestivo e podem ajudar a diminuir epis\u00f3dios de estufamento e desconforto abdominal em algumas pessoas.<\/p>\n\n\n<div class=\"wp-block-image\">\n<figure class=\"aligncenter size-large\"><img decoding=\"async\" width=\"1024\" height=\"576\" src=\"https:\/\/www.correiobraziliense.com.br\/cbradar\/wp-content\/uploads\/2026\/01\/ameixa-nespera_1769145678998-1024x576.jpg\" alt=\"\" class=\"wp-image-179898\" srcset=\"https:\/\/www.correiobraziliense.com.br\/cbradar\/wp-content\/uploads\/2026\/01\/ameixa-nespera_1769145678998-1024x576.jpg 1024w, https:\/\/www.correiobraziliense.com.br\/cbradar\/wp-content\/uploads\/2026\/01\/ameixa-nespera_1769145678998-300x169.jpg 300w, https:\/\/www.correiobraziliense.com.br\/cbradar\/wp-content\/uploads\/2026\/01\/ameixa-nespera_1769145678998-768x432.jpg 768w, https:\/\/www.correiobraziliense.com.br\/cbradar\/wp-content\/uploads\/2026\/01\/ameixa-nespera_1769145678998-750x422.jpg 750w, https:\/\/www.correiobraziliense.com.br\/cbradar\/wp-content\/uploads\/2026\/01\/ameixa-nespera_1769145678998-1140x641.jpg 1140w, https:\/\/www.correiobraziliense.com.br\/cbradar\/wp-content\/uploads\/2026\/01\/ameixa-nespera_1769145678998.jpg 1280w\" sizes=\"(max-width: 1024px) 100vw, 1024px\" \/><figcaption class=\"wp-element-caption\">A rela\u00e7\u00e3o entre n\u00easpera e digest\u00e3o leve est\u00e1 ligada principalmente ao teor de fibras sol\u00faveis e insol\u00faveis presentes na polpa &#8211; Cr\u00e9ditos: depositphotos.com \/ karnavall<\/figcaption><\/figure><\/div>\n\n\n<p>Leia tamb\u00e9m:&nbsp;<a href=\"https:\/\/www.correiobraziliense.com.br\/cbradar\/o-verde-digestivo-que-virou-queridinho-das-hortas-por-ser-simples-de-plantar\/\" target=\"_blank\" rel=\"noopener\">O verde digestivo que virou queridinho das hortas por ser simples de plantar<\/a><\/p>\n\n\n\n<h2 class=\"wp-block-heading\">Como aproveitar a n\u00easpera no dia a dia para uma digest\u00e3o leve<\/h2>\n\n\n\n<p>Para aproveitar melhor a <strong>n\u00easpera<\/strong> ao longo do dia, muitas pessoas preferem consumi-la em momentos estrat\u00e9gicos, como no caf\u00e9 da manh\u00e3 ou nos lanches entre as refei\u00e7\u00f5es principais. Nesses hor\u00e1rios, a fruta oferece energia moderada, sem sobrecarregar o est\u00f4mago, sendo uma op\u00e7\u00e3o interessante para rotinas mais corridas.<\/p>\n\n\n\n<p>Em geral, recomenda-se consumi-la fresca, bem lavada e madura, quando a textura est\u00e1 mais macia e o sabor mais adocicado. Pessoas com condi\u00e7\u00f5es intestinais espec\u00edficas, como s\u00edndrome do intestino irrit\u00e1vel, costumam ajustar a por\u00e7\u00e3o conforme orienta\u00e7\u00e3o profissional, observando sempre como o corpo reage ao consumo da fruta.<\/p>\n\n\n\n<h2 class=\"wp-block-heading\">Formas simples de incluir a n\u00easpera na alimenta\u00e7\u00e3o di\u00e1ria<\/h2>\n\n\n\n<p>Para quem quer tornar o consumo de <strong>n\u00easpera<\/strong> um h\u00e1bito, vale apostar em combina\u00e7\u00f5es simples, que deixem as refei\u00e7\u00f5es mais leves e agrad\u00e1veis. Abaixo est\u00e3o algumas ideias pr\u00e1ticas para inserir a fruta na rotina, tanto em lanches r\u00e1pidos quanto em prepara\u00e7\u00f5es frias do dia a dia.<\/p>\n\n\n\n<ul class=\"wp-block-list\">\n<li>N\u00easpera fresca acompanhando um iogurte natural;<\/li>\n\n\n\n<li>Fatias de n\u00easpera em saladas de frutas leves;<\/li>\n\n\n\n<li>N\u00easpera picada em saladas verdes, combinada com folhas e outras frutas suaves;<\/li>\n\n\n\n<li>Prepara\u00e7\u00f5es frias, como compotas com pouco a\u00e7\u00facar, para acompanhar refei\u00e7\u00f5es.<\/li>\n<\/ul>\n\n\n\n<p>Se voc\u00ea gosta de ouvir opini\u00e3o de especialistas, separamos esse v\u00eddeo do canal <a href=\"https:\/\/www.youtube.com\/c\/AutordaPr%C3%B3priaSa%C3%BAde\" target=\"_blank\" rel=\"noreferrer noopener\">Autor da Pr\u00f3pria Sa\u00fade<\/a> falando sobre os incr\u00edveis benef\u00edcios dessa fruta:<\/p>\n\n\n\n<figure class=\"wp-block-embed is-type-video is-provider-youtube wp-block-embed-youtube wp-embed-aspect-16-9 wp-has-aspect-ratio\"><div class=\"wp-block-embed__wrapper\">\n<div class=\"jeg_video_container jeg_video_content\"><iframe loading=\"lazy\" title=\"CHOCANTE! N\u00caSPERA: A PROTE\u00c7\u00c3O DESSA FRUTA PARA OS PULM\u00d5ES \u00c9 INCR\u00cdVEL.\" width=\"500\" height=\"281\" src=\"https:\/\/www.youtube.com\/embed\/mn_SE4StOyo?feature=oembed\" frameborder=\"0\" allow=\"accelerometer; autoplay; clipboard-write; encrypted-media; gyroscope; picture-in-picture; web-share\" referrerpolicy=\"strict-origin-when-cross-origin\" allowfullscreen><\/iframe><\/div>\n<\/div><\/figure>\n\n\n\n<h2 class=\"wp-block-heading\">Quais cuidados s\u00e3o importantes ao usar n\u00easpera para facilitar a digest\u00e3o<\/h2>\n\n\n\n<p>Apesar de ser uma fruta delicada, a <strong>n\u00easpera<\/strong> pede alguns cuidados no consumo di\u00e1rio. Aumentar muito r\u00e1pido a quantidade, principalmente em quem n\u00e3o est\u00e1 acostumado a fibras, pode causar mais gases ou alterar o ritmo do intestino, por isso \u00e9 melhor come\u00e7ar aos poucos e observar as rea\u00e7\u00f5es.<\/p>\n\n\n\n<p>Outro ponto de aten\u00e7\u00e3o envolve os caro\u00e7os, que n\u00e3o s\u00e3o destinados ao consumo e devem ser descartados. Pessoas com restri\u00e7\u00f5es espec\u00edficas, como controle de carboidratos ou limita\u00e7\u00e3o de frutose, podem precisar ajustar a frequ\u00eancia, lembrando que a n\u00easpera funciona melhor como parte de um padr\u00e3o alimentar equilibrado, e n\u00e3o como solu\u00e7\u00e3o isolada para problemas digestivos.<\/p>\n\n\n\n<h2 class=\"wp-block-heading\">Quais s\u00e3o os principais nutrientes da n\u00easpera<\/h2>\n\n\n\n<p>A n\u00easpera tem um perfil nutricional simples, mas interessante para quem busca op\u00e7\u00f5es mais leves no dia a dia. Com poucas calorias e boa quantidade de <strong>\u00e1gua<\/strong>, ela pode complementar outras frutas no card\u00e1pio, ajudando a variar sabores sem exagerar no consumo energ\u00e9tico.<\/p>\n\n\n\n<p>Al\u00e9m disso, a fruta oferece fibras, um pouco de vitamina C, carotenoides e pot\u00e1ssio, nutrientes que apoiam o bem-estar geral. Esses componentes, quando combinados a uma alimenta\u00e7\u00e3o variada e \u00e0 boa hidrata\u00e7\u00e3o, contribuem para um estilo de vida mais equilibrado e uma digest\u00e3o menos pesada.<\/p>\n\n\n\n<h2 class=\"wp-block-heading\">Tabela nutricional aproximada da n\u00easpera (por 100 g)<\/h2>\n\n\n\n<div style=\"font-family: 'Segoe UI', Tahoma, Geneva, Verdana, sans-serif; max-width: 1000px; margin: 20px auto; border: 2px solid #722f37; border-radius: 30px; overflow: hidden; background-color: #ffffff; box-shadow: 0 4px 15px rgba(114, 47, 55, 0.1);\">\n    <table style=\"width: 100%; border-collapse: collapse; text-align: left; font-size: 14px;\">\n        <thead>\n            <tr style=\"background-color: #722f37;\">\n                <th style=\"padding: 15px; color: #ffffff; border-bottom: 2px solid #f9d8e6; width: 50%;\">Componente<\/th>\n                <th style=\"padding: 15px; color: #ffffff; border-bottom: 2px solid #f9d8e6; width: 50%;\">Quantidade aproximada<\/th>\n            <\/tr>\n        <\/thead>\n        <tbody>\n            <tr>\n                <td style=\"padding: 12px 15px; border-bottom: 1px solid #ffe3ee; color: #4a4a4a; font-weight: bold;\">Energia<\/td>\n                <td style=\"padding: 12px 15px; border-bottom: 1px solid #ffe3ee; color: #4a4a4a;\">40\u201350 kcal<\/td>\n            <\/tr>\n            <tr style=\"background-color: #fffafa;\">\n                <td style=\"padding: 12px 15px; border-bottom: 1px solid #ffe3ee; color: #4a4a4a; font-weight: bold;\">Carboidratos totais<\/td>\n                <td style=\"padding: 12px 15px; border-bottom: 1px solid #ffe3ee; color: #4a4a4a;\">12 g<\/td>\n            <\/tr>\n            <tr>\n                <td style=\"padding: 12px 15px; border-bottom: 1px solid #ffe3ee; color: #4a4a4a; font-weight: bold;\">Fibras alimentares<\/td>\n                <td style=\"padding: 12px 15px; border-bottom: 1px solid #ffe3ee; color: #4a4a4a;\">1,5\u20132,0 g<\/td>\n            <\/tr>\n            <tr style=\"background-color: #fffafa;\">\n                <td style=\"padding: 12px 15px; border-bottom: 1px solid #ffe3ee; color: #4a4a4a; font-weight: bold;\">Prote\u00ednas<\/td>\n                <td style=\"padding: 12px 15px; border-bottom: 1px solid #ffe3ee; color: #4a4a4a;\">0,4\u20130,6 g<\/td>\n            <\/tr>\n            <tr>\n                <td style=\"padding: 12px 15px; border-bottom: 1px solid #ffe3ee; color: #4a4a4a; font-weight: bold;\">Gorduras totais<\/td>\n                <td style=\"padding: 12px 15px; border-bottom: 1px solid #ffe3ee; color: #4a4a4a;\">0,2\u20130,4 g<\/td>\n            <\/tr>\n            <tr style=\"background-color: #fffafa;\">\n                <td style=\"padding: 12px 15px; border-bottom: 1px solid #ffe3ee; color: #4a4a4a; font-weight: bold;\">Vitamina A (como carotenoides)<\/td>\n                <td style=\"padding: 12px 15px; border-bottom: 1px solid #ffe3ee; color: #4a4a4a;\">moderado teor<\/td>\n            <\/tr>\n            <tr>\n                <td style=\"padding: 12px 15px; border-bottom: 1px solid #ffe3ee; color: #4a4a4a; font-weight: bold;\">Vitamina C<\/td>\n                <td style=\"padding: 12px 15px; border-bottom: 1px solid #ffe3ee; color: #4a4a4a;\">1\u20133 mg<\/td>\n            <\/tr>\n            <tr style=\"background-color: #fffafa;\">\n                <td style=\"padding: 12px 15px; border-bottom: 1px solid #ffe3ee; color: #4a4a4a; font-weight: bold;\">Pot\u00e1ssio<\/td>\n                <td style=\"padding: 12px 15px; border-bottom: 1px solid #ffe3ee; color: #4a4a4a;\">200\u2013270 mg<\/td>\n            <\/tr>\n            <tr>\n                <td style=\"padding: 12px 15px; color: #4a4a4a; font-weight: bold;\">\u00c1gua<\/td>\n                <td style=\"padding: 12px 15px; color: #4a4a4a;\">cerca de 85 g<\/td>\n            <\/tr>\n        <\/tbody>\n    <\/table>\n<\/div>\n\n\n\n<h2 class=\"wp-block-heading\">A n\u00easpera pode fazer parte de uma alimenta\u00e7\u00e3o equilibrada<\/h2>\n\n\n\n<p>Dentro de uma alimenta\u00e7\u00e3o variada, a <strong>n\u00easpera<\/strong> \u00e9 uma op\u00e7\u00e3o interessante para quem busca refei\u00e7\u00f5es mais leves e com boa digest\u00e3o. Combinada a outras frutas, verduras, cereais integrais e boas fontes de prote\u00edna, ela ajuda a deixar o prato mais colorido, saboroso e equilibrado ao longo do dia.<\/p>\n\n\n\n<p>Sua textura macia e o sabor adocicado moderado facilitam o consumo em diferentes idades, podendo entrar em lanches r\u00e1pidos, prepara\u00e7\u00f5es frias ou simplesmente ao natural. Quando somada a h\u00e1bitos saud\u00e1veis, como hidrata\u00e7\u00e3o adequada e atividade f\u00edsica regular, tende a favorecer um funcionamento digestivo mais harmonioso.<\/p>\n","protected":false},"excerpt":{"rendered":"<p>Imagine chegar em casa depois de um dia cansativo e querer algo leve, gostoso e que n\u00e3o pese no est\u00f4mago. \u00c9 a\u00ed que a n\u00easpera, fruta de sabor suave e perfume discreto, come\u00e7a a ganhar espa\u00e7o nas mesas de quem busca uma alimenta\u00e7\u00e3o mais tranquila. Rica em \u00e1gua, fibras e compostos bioativos, ela costuma ser [&hellip;]<\/p>\n","protected":false},"author":9,"featured_media":180350,"comment_status":"open","ping_status":"open","sticky":false,"template":"","format":"standard","meta":{"_yoast_wpseo_focuskw":"n\u00easpera na alimenta\u00e7\u00e3o","_yoast_wpseo_title":"","_yoast_wpseo_metadesc":"Fruta leve e hidratante ajuda a melhorar a digest\u00e3o, reduzir desconfortos e compor lanches simples no dia a dia.","jnews-multi-image_gallery":[],"jnews_single_post":{"format":"standard"},"jnews_primary_category":[],"jnews_social_meta":[],"jnews_override_counter":[],"footnotes":""},"categories":[119,4404],"tags":[9571,1422,8270,565],"class_list":["post-179877","post","type-post","status-publish","format-standard","has-post-thumbnail","hentry","category-bem-estar","category-saude","tag-digestao-leve","tag-intestino","tag-nespera","tag-saude"],"yoast_head":"<!-- This site is optimized with the Yoast SEO plugin v24.6 - https:\/\/yoast.com\/wordpress\/plugins\/seo\/ -->\n<title>A fruta leve que est\u00e1 ganhando espa\u00e7o em 2026 por aliviar o est\u00f4mago nos dias corridos - Correio Braziliense - Radar<\/title>\n<meta name=\"description\" content=\"Fruta leve e hidratante ajuda a melhorar a digest\u00e3o, reduzir desconfortos e compor lanches simples no dia a dia.\" \/>\n<meta name=\"robots\" content=\"index, follow, max-snippet:-1, max-image-preview:large, max-video-preview:-1\" \/>\n<link rel=\"canonical\" href=\"https:\/\/www.correiobraziliense.com.br\/cbradar\/a-fruta-leve-que-esta-ganhando-espaco-em-2026-por-aliviar-o-estomago-nos-dias-corridos\/\" \/>\n<meta property=\"og:locale\" content=\"pt_BR\" \/>\n<meta property=\"og:type\" content=\"article\" \/>\n<meta property=\"og:title\" content=\"A fruta leve que est\u00e1 ganhando espa\u00e7o em 2026 por aliviar o est\u00f4mago nos dias corridos - Correio Braziliense - Radar\" \/>\n<meta property=\"og:description\" content=\"Fruta leve e hidratante ajuda a melhorar a digest\u00e3o, reduzir desconfortos e compor lanches simples no dia a dia.\" \/>\n<meta property=\"og:url\" content=\"https:\/\/www.correiobraziliense.com.br\/cbradar\/a-fruta-leve-que-esta-ganhando-espaco-em-2026-por-aliviar-o-estomago-nos-dias-corridos\/\" \/>\n<meta property=\"og:site_name\" content=\"Correio Braziliense - Radar\" \/>\n<meta property=\"article:published_time\" content=\"2026-01-24T16:05:25+00:00\" \/>\n<meta property=\"og:image\" content=\"https:\/\/www.correiobraziliense.com.br\/cbradar\/wp-content\/uploads\/2026\/01\/Gemini_Generated_Image_646cii646cii646c-1-1.png\" \/>\n\t<meta property=\"og:image:width\" content=\"1280\" \/>\n\t<meta property=\"og:image:height\" content=\"720\" \/>\n\t<meta property=\"og:image:type\" content=\"image\/png\" \/>\n<meta name=\"author\" content=\"Daniely Cardoso\" \/>\n<meta name=\"twitter:card\" content=\"summary_large_image\" \/>\n<meta name=\"twitter:label1\" content=\"Escrito por\" \/>\n\t<meta name=\"twitter:data1\" content=\"Daniely Cardoso\" \/>\n\t<meta name=\"twitter:label2\" content=\"Est. tempo de leitura\" \/>\n\t<meta name=\"twitter:data2\" content=\"5 minutos\" \/>\n<!-- \/ Yoast SEO plugin. -->","yoast_head_json":{"title":"A fruta leve que est\u00e1 ganhando espa\u00e7o em 2026 por aliviar o est\u00f4mago nos dias corridos - Correio Braziliense - Radar","description":"Fruta leve e hidratante ajuda a melhorar a digest\u00e3o, reduzir desconfortos e compor lanches simples no dia a dia.","robots":{"index":"index","follow":"follow","max-snippet":"max-snippet:-1","max-image-preview":"max-image-preview:large","max-video-preview":"max-video-preview:-1"},"canonical":"https:\/\/www.correiobraziliense.com.br\/cbradar\/a-fruta-leve-que-esta-ganhando-espaco-em-2026-por-aliviar-o-estomago-nos-dias-corridos\/","og_locale":"pt_BR","og_type":"article","og_title":"A fruta leve que est\u00e1 ganhando espa\u00e7o em 2026 por aliviar o est\u00f4mago nos dias corridos - Correio Braziliense - Radar","og_description":"Fruta leve e hidratante ajuda a melhorar a digest\u00e3o, reduzir desconfortos e compor lanches simples no dia a dia.","og_url":"https:\/\/www.correiobraziliense.com.br\/cbradar\/a-fruta-leve-que-esta-ganhando-espaco-em-2026-por-aliviar-o-estomago-nos-dias-corridos\/","og_site_name":"Correio Braziliense - Radar","article_published_time":"2026-01-24T16:05:25+00:00","og_image":[{"width":1280,"height":720,"url":"https:\/\/www.correiobraziliense.com.br\/cbradar\/wp-content\/uploads\/2026\/01\/Gemini_Generated_Image_646cii646cii646c-1-1.png","type":"image\/png"}],"author":"Daniely Cardoso","twitter_card":"summary_large_image","twitter_misc":{"Escrito por":"Daniely Cardoso","Est. tempo de leitura":"5 minutos"},"schema":{"@context":"https:\/\/schema.org","@graph":[{"@type":"WebPage","@id":"https:\/\/www.correiobraziliense.com.br\/cbradar\/a-fruta-leve-que-esta-ganhando-espaco-em-2026-por-aliviar-o-estomago-nos-dias-corridos\/","url":"https:\/\/www.correiobraziliense.com.br\/cbradar\/a-fruta-leve-que-esta-ganhando-espaco-em-2026-por-aliviar-o-estomago-nos-dias-corridos\/","name":"A fruta leve que est\u00e1 ganhando espa\u00e7o em 2026 por aliviar o est\u00f4mago nos dias corridos - Correio Braziliense - Radar","isPartOf":{"@id":"https:\/\/www.correiobraziliense.com.br\/cbradar\/#website"},"primaryImageOfPage":{"@id":"https:\/\/www.correiobraziliense.com.br\/cbradar\/a-fruta-leve-que-esta-ganhando-espaco-em-2026-por-aliviar-o-estomago-nos-dias-corridos\/#primaryimage"},"image":{"@id":"https:\/\/www.correiobraziliense.com.br\/cbradar\/a-fruta-leve-que-esta-ganhando-espaco-em-2026-por-aliviar-o-estomago-nos-dias-corridos\/#primaryimage"},"thumbnailUrl":"https:\/\/www.correiobraziliense.com.br\/cbradar\/wp-content\/uploads\/2026\/01\/Gemini_Generated_Image_646cii646cii646c-1-1.png","datePublished":"2026-01-24T16:05:25+00:00","author":{"@id":"https:\/\/www.correiobraziliense.com.br\/cbradar\/#\/schema\/person\/7356666e12ec0ee53f348ee5db227032"},"description":"Fruta leve e hidratante ajuda a melhorar a digest\u00e3o, reduzir desconfortos e compor lanches simples no dia a dia.","breadcrumb":{"@id":"https:\/\/www.correiobraziliense.com.br\/cbradar\/a-fruta-leve-que-esta-ganhando-espaco-em-2026-por-aliviar-o-estomago-nos-dias-corridos\/#breadcrumb"},"inLanguage":"pt-BR","potentialAction":[{"@type":"ReadAction","target":["https:\/\/www.correiobraziliense.com.br\/cbradar\/a-fruta-leve-que-esta-ganhando-espaco-em-2026-por-aliviar-o-estomago-nos-dias-corridos\/"]}]},{"@type":"ImageObject","inLanguage":"pt-BR","@id":"https:\/\/www.correiobraziliense.com.br\/cbradar\/a-fruta-leve-que-esta-ganhando-espaco-em-2026-por-aliviar-o-estomago-nos-dias-corridos\/#primaryimage","url":"https:\/\/www.correiobraziliense.com.br\/cbradar\/wp-content\/uploads\/2026\/01\/Gemini_Generated_Image_646cii646cii646c-1-1.png","contentUrl":"https:\/\/www.correiobraziliense.com.br\/cbradar\/wp-content\/uploads\/2026\/01\/Gemini_Generated_Image_646cii646cii646c-1-1.png","width":1280,"height":720,"caption":"A rela\u00e7\u00e3o entre n\u00easpera e digest\u00e3o leve est\u00e1 ligada principalmente ao teor de fibras sol\u00faveis e insol\u00faveis presentes na polpa"},{"@type":"BreadcrumbList","@id":"https:\/\/www.correiobraziliense.com.br\/cbradar\/a-fruta-leve-que-esta-ganhando-espaco-em-2026-por-aliviar-o-estomago-nos-dias-corridos\/#breadcrumb","itemListElement":[{"@type":"ListItem","position":1,"name":"In\u00edcio","item":"https:\/\/www.correiobraziliense.com.br\/cbradar\/"},{"@type":"ListItem","position":2,"name":"A fruta leve que est\u00e1 ganhando espa\u00e7o em 2026 por aliviar o est\u00f4mago nos dias corridos"}]},{"@type":"WebSite","@id":"https:\/\/www.correiobraziliense.com.br\/cbradar\/#website","url":"https:\/\/www.correiobraziliense.com.br\/cbradar\/","name":"Correio Braziliense - Radar","description":"Acompanhe as \u00faltimas not\u00edcias e fique bem informado sobre tudo o que acontece no Brasil e no mundo.","potentialAction":[{"@type":"SearchAction","target":{"@type":"EntryPoint","urlTemplate":"https:\/\/www.correiobraziliense.com.br\/cbradar\/?s={search_term_string}"},"query-input":{"@type":"PropertyValueSpecification","valueRequired":true,"valueName":"search_term_string"}}],"inLanguage":"pt-BR"},{"@type":"Person","@id":"https:\/\/www.correiobraziliense.com.br\/cbradar\/#\/schema\/person\/7356666e12ec0ee53f348ee5db227032","name":"Daniely Cardoso","image":{"@type":"ImageObject","inLanguage":"pt-BR","@id":"https:\/\/www.correiobraziliense.com.br\/cbradar\/#\/schema\/person\/image\/","url":"https:\/\/secure.gravatar.com\/avatar\/4b80ddbd124d1f071b626d52d62e5dff?s=96&d=mm&r=g","contentUrl":"https:\/\/secure.gravatar.com\/avatar\/4b80ddbd124d1f071b626d52d62e5dff?s=96&d=mm&r=g","caption":"Daniely Cardoso"},"description":"Redatora nos portais CB Radar e EM Foco, formada pela Universidade Federal de Goi\u00e1s, em Goi\u00e2nia. Apaixonada por comunica\u00e7\u00e3o, arte, decora\u00e7\u00e3o e tend\u00eancias, atuo na produ\u00e7\u00e3o de conte\u00fados envolventes sobre curiosidades, moda, beleza e paisagismo, sempre com um olhar atento \u00e0s novidades do momento.","sameAs":["https:\/\/www.correiobraziliense.com.br\/cbradar"],"url":"https:\/\/www.correiobraziliense.com.br\/cbradar\/author\/danielymyth\/"}]}},"_links":{"self":[{"href":"https:\/\/www.correiobraziliense.com.br\/cbradar\/wp-json\/wp\/v2\/posts\/179877","targetHints":{"allow":["GET"]}}],"collection":[{"href":"https:\/\/www.correiobraziliense.com.br\/cbradar\/wp-json\/wp\/v2\/posts"}],"about":[{"href":"https:\/\/www.correiobraziliense.com.br\/cbradar\/wp-json\/wp\/v2\/types\/post"}],"author":[{"embeddable":true,"href":"https:\/\/www.correiobraziliense.com.br\/cbradar\/wp-json\/wp\/v2\/users\/9"}],"replies":[{"embeddable":true,"href":"https:\/\/www.correiobraziliense.com.br\/cbradar\/wp-json\/wp\/v2\/comments?post=179877"}],"version-history":[{"count":2,"href":"https:\/\/www.correiobraziliense.com.br\/cbradar\/wp-json\/wp\/v2\/posts\/179877\/revisions"}],"predecessor-version":[{"id":179899,"href":"https:\/\/www.correiobraziliense.com.br\/cbradar\/wp-json\/wp\/v2\/posts\/179877\/revisions\/179899"}],"wp:featuredmedia":[{"embeddable":true,"href":"https:\/\/www.correiobraziliense.com.br\/cbradar\/wp-json\/wp\/v2\/media\/180350"}],"wp:attachment":[{"href":"https:\/\/www.correiobraziliense.com.br\/cbradar\/wp-json\/wp\/v2\/media?parent=179877"}],"wp:term":[{"taxonomy":"category","embeddable":true,"href":"https:\/\/www.correiobraziliense.com.br\/cbradar\/wp-json\/wp\/v2\/categories?post=179877"},{"taxonomy":"post_tag","embeddable":true,"href":"https:\/\/www.correiobraziliense.com.br\/cbradar\/wp-json\/wp\/v2\/tags?post=179877"}],"curies":[{"name":"wp","href":"https:\/\/api.w.org\/{rel}","templated":true}]}}