{"id":179878,"date":"2026-01-24T14:25:32","date_gmt":"2026-01-24T17:25:32","guid":{"rendered":"https:\/\/www.correiobraziliense.com.br\/cbradar\/?p=179878"},"modified":"2026-01-23T18:38:27","modified_gmt":"2026-01-23T21:38:27","slug":"o-que-muita-gente-esta-comendo-para-driblar-o-calor-sem-perder-energia-no-dia","status":"publish","type":"post","link":"https:\/\/www.correiobraziliense.com.br\/cbradar\/o-que-muita-gente-esta-comendo-para-driblar-o-calor-sem-perder-energia-no-dia\/","title":{"rendered":"O que muita gente est\u00e1 comendo para driblar o calor sem perder energia no dia"},"content":{"rendered":"\n<p>Em um dia de calor daqueles, em que at\u00e9 o ar parece mais pesado, muita gente sente o corpo pedindo uma comida mais leve e refrescante, algo que n\u00e3o d\u00ea sono depois de comer e ajude a manter a disposi\u00e7\u00e3o para o resto do dia. Em vez de pratos muito gordurosos ou pesados, a prefer\u00eancia costuma recair sobre prepara\u00e7\u00f5es com bastante \u00e1gua, fibras e ingredientes frescos, que trazem sensa\u00e7\u00e3o de bem-estar e aliviam o desconforto t\u00edpico das temperaturas altas.<\/p>\n\n\n\n<h2 class=\"wp-block-heading\">O que s\u00e3o alimentos leves para dias quentes e por que fazem diferen\u00e7a<\/h2>\n\n\n\n<p><strong>Alimentos leves para dias quentes<\/strong> s\u00e3o, em geral, aqueles com maior teor de \u00e1gua, menor quantidade de gorduras saturadas e preparo simples, como cozidos rapidamente, grelhados ou consumidos crus. Vegetais, frutas, cereais integrais e prote\u00ednas magras costumam aparecer com frequ\u00eancia nessas escolhas, deixando o prato colorido, nutritivo e ao mesmo tempo mais suave para o corpo.<\/p>\n\n\n\n<p>Al\u00e9m disso, s\u00e3o op\u00e7\u00f5es que favorecem uma digest\u00e3o mais tranquila, algo importante quando o calor j\u00e1 exige esfor\u00e7o adicional do organismo para controlar a temperatura corporal. Nessa categoria entram saladas variadas, sopas frias, sandu\u00edches naturais, iogurtes, peixes, frango sem pele e leguminosas bem cozidas, como lentilha e gr\u00e3o-de-bico, que ajudam a manter a saciedade sem aquela sensa\u00e7\u00e3o de peso.<\/p>\n\n\n<div class=\"wp-block-image\">\n<figure class=\"aligncenter size-large\"><img decoding=\"async\" width=\"1024\" height=\"576\" src=\"https:\/\/www.correiobraziliense.com.br\/cbradar\/wp-content\/uploads\/2025\/12\/Pyrus-communis_1765455980710-1024x576.jpg\" alt=\"\" class=\"wp-image-154336\" srcset=\"https:\/\/www.correiobraziliense.com.br\/cbradar\/wp-content\/uploads\/2025\/12\/Pyrus-communis_1765455980710-1024x576.jpg 1024w, https:\/\/www.correiobraziliense.com.br\/cbradar\/wp-content\/uploads\/2025\/12\/Pyrus-communis_1765455980710-300x169.jpg 300w, https:\/\/www.correiobraziliense.com.br\/cbradar\/wp-content\/uploads\/2025\/12\/Pyrus-communis_1765455980710-768x432.jpg 768w, https:\/\/www.correiobraziliense.com.br\/cbradar\/wp-content\/uploads\/2025\/12\/Pyrus-communis_1765455980710-750x422.jpg 750w, https:\/\/www.correiobraziliense.com.br\/cbradar\/wp-content\/uploads\/2025\/12\/Pyrus-communis_1765455980710-1140x641.jpg 1140w, https:\/\/www.correiobraziliense.com.br\/cbradar\/wp-content\/uploads\/2025\/12\/Pyrus-communis_1765455980710.jpg 1280w\" sizes=\"(max-width: 1024px) 100vw, 1024px\" \/><figcaption class=\"wp-element-caption\">A pera \u00e9 uma das frutas com maior teor de fibras diet\u00e9ticas, sendo especialmente rica em pectina &#8211; Cr\u00e9ditos: depositphotos.com \/ neillangan<\/figcaption><\/figure><\/div>\n\n\n<p>Leia tamb\u00e9m:&nbsp;<a href=\"https:\/\/www.correiobraziliense.com.br\/cbradar\/o-verde-digestivo-que-virou-queridinho-das-hortas-por-ser-simples-de-plantar\/\" target=\"_blank\" rel=\"noopener\">O verde digestivo que virou queridinho das hortas por ser simples de plantar<\/a><\/p>\n\n\n\n<h2 class=\"wp-block-heading\">Quais alimentos leves para dias quentes mais ajudam no bem-estar di\u00e1rio<\/h2>\n\n\n\n<p>Entre os melhores <strong>alimentos leves para dias quentes<\/strong> est\u00e3o aqueles que combinam hidrata\u00e7\u00e3o, nutrientes variados e saciedade moderada, sem \u201cderrubar\u201d a energia depois da refei\u00e7\u00e3o. Uma boa estrat\u00e9gia \u00e9 montar o prato com metade de vegetais, um quarto de carboidratos complexos e um quarto de prote\u00ednas magras, equilibrando cor, textura e sabor.<\/p>\n\n\n\n<p>Alguns exemplos de op\u00e7\u00f5es frequentemente usadas em dias muito quentes incluem:<\/p>\n\n\n\n<ul class=\"wp-block-list\">\n<li><strong>Saladas coloridas<\/strong>, com folhas, legumes crus e gr\u00e3os cozidos;<\/li>\n\n\n\n<li><strong>Frutas frescas<\/strong> ou em forma de salada de frutas sem adi\u00e7\u00e3o de a\u00e7\u00facar;<\/li>\n\n\n\n<li><strong>Peixes grelhados<\/strong> ou assados, como til\u00e1pia, pescada e salm\u00e3o;<\/li>\n\n\n\n<li><strong>Frango grelhado<\/strong> ou desfiado em sandu\u00edches naturais e saladas;<\/li>\n\n\n\n<li><strong>Iogurte natural<\/strong> com aveia, sementes e frutas da esta\u00e7\u00e3o;<\/li>\n\n\n\n<li><strong>Sopas frias<\/strong>, como gaspacho e creme de legumes gelado;<\/li>\n\n\n\n<li><strong>\u00c1guas saborizadas<\/strong> com rodelas de frutas e ervas, sem a\u00e7\u00facar.<\/li>\n<\/ul>\n\n\n\n<h2 class=\"wp-block-heading\">Como escolher os melhores alimentos leves para dias quentes<\/h2>\n\n\n\n<p>Al\u00e9m das prefer\u00eancias pessoais, vale observar quais ingredientes trazem maior sensa\u00e7\u00e3o de frescor e conforto ap\u00f3s a refei\u00e7\u00e3o, sem causar estufamento ou sonol\u00eancia. Gr\u00e3os integrais como arroz integral, quinoa e cuscuz marroquino ajudam a dar sust\u00e2ncia \u00e0s refei\u00e7\u00f5es, sem tornar o prato pesado, principalmente quando combinados com legumes variados. Se voc\u00ea gosta de ouvir opini\u00e3o de profissionais, separamos esse v\u00eddeo do Dr. Andr\u00e9 Wambier do canal <a href=\"https:\/\/www.youtube.com\/@CardioDF\" target=\"_blank\" rel=\"noreferrer noopener\">Cardio DF<\/a> falando os melhores alimentos para consumir no caf\u00e9 da manh\u00e3:<\/p>\n\n\n\n<figure class=\"wp-block-embed is-type-video is-provider-youtube wp-block-embed-youtube wp-embed-aspect-16-9 wp-has-aspect-ratio\"><div class=\"wp-block-embed__wrapper\">\n<div class=\"jeg_video_container jeg_video_content\"><iframe loading=\"lazy\" title=\"7 MELHORES ALIMENTOS PARA SEU CAF\u00c9 DA MANH\u00c3 (e aqueles que voc\u00ea deveria EVITAR)\" width=\"500\" height=\"281\" src=\"https:\/\/www.youtube.com\/embed\/ggIenyUkqck?feature=oembed\" frameborder=\"0\" allow=\"accelerometer; autoplay; clipboard-write; encrypted-media; gyroscope; picture-in-picture; web-share\" referrerpolicy=\"strict-origin-when-cross-origin\" allowfullscreen><\/iframe><\/div>\n<\/div><\/figure>\n\n\n\n<p>Quando esses gr\u00e3os s\u00e3o unidos a vegetais e a uma fonte de prote\u00edna, formam refei\u00e7\u00f5es completas e adequadas para climas quentes, ideais para quem precisa manter a rotina ativa. Tamb\u00e9m \u00e9 interessante variar as frutas ricas em \u00e1gua, como melancia, mel\u00e3o, abacaxi e laranja, que refor\u00e7am a hidrata\u00e7\u00e3o e ainda trazem um toque naturalmente doce ao dia.<\/p>\n\n\n\n<h2 class=\"wp-block-heading\">Quais grupos de alimentos leves para dias quentes facilitam a rotina<\/h2>\n\n\n\n<p>Para quem passa o dia fora de casa ou tem pouco tempo para pensar no card\u00e1pio, dividir a despensa e a geladeira por grupos de alimentos ajuda muito na organiza\u00e7\u00e3o. Assim, fica mais f\u00e1cil visualizar o que existe dispon\u00edvel e montar pratos equilibrados com rapidez, evitando improvisos pouco saud\u00e1veis em dias de muito calor.<\/p>\n\n\n\n<ol class=\"wp-block-list\">\n<li><strong>Base de vegetais:<\/strong> folhas verdes, tomate, cenoura ralada, pepino, beterraba, abobrinha;<\/li>\n\n\n\n<li><strong>Fontes de prote\u00edna magra:<\/strong> frango, peixe, ovos cozidos, tofu, gr\u00e3o-de-bico, lentilha;<\/li>\n\n\n\n<li><strong>Carboidratos leves:<\/strong> arroz integral, quinoa, batata-doce cozida, p\u00e3o integral;<\/li>\n\n\n\n<li><strong>Complementos frescos:<\/strong> ervas, sementes, nozes em pequenas quantidades, lim\u00e3o, azeite;<\/li>\n\n\n\n<li><strong>Bebidas:<\/strong> \u00e1gua, ch\u00e1s gelados sem a\u00e7\u00facar, \u00e1gua de coco.<\/li>\n<\/ol>\n\n\n\n<h2 class=\"wp-block-heading\">Quais exemplos de alimentos leves para dias quentes podem entrar na rotina<\/h2>\n\n\n\n<p>A tabela a seguir apresenta alguns exemplos de <strong>alimentos leves para dias quentes<\/strong>, com indica\u00e7\u00f5es gerais de benef\u00edcios principais e formas comuns de consumo no cotidiano. Eles podem ser combinados entre si em lanches, refei\u00e7\u00f5es principais ou p\u00f3s-treino, ajudando a manter o corpo disposto e bem hidratado durante os per\u00edodos de calor mais intenso.<\/p>\n\n\n\n<div style=\"font-family: 'Segoe UI', Tahoma, Geneva, Verdana, sans-serif; max-width: 1000px; margin: 20px auto; border: 2px solid #722f37; border-radius: 30px; overflow: hidden; background-color: #ffffff; box-shadow: 0 4px 15px rgba(114, 47, 55, 0.1);\">\n    <table style=\"width: 100%; border-collapse: collapse; text-align: left; font-size: 14px;\">\n        <thead>\n            <tr style=\"background-color: #722f37;\">\n                <th style=\"padding: 15px; color: #ffffff; border-bottom: 2px solid #f9d8e6; width: 15%;\">Alimento<\/th>\n                <th style=\"padding: 15px; color: #ffffff; border-bottom: 2px solid #f9d8e6; width: 15%;\">Tipo<\/th>\n                <th style=\"padding: 15px; color: #ffffff; border-bottom: 2px solid #f9d8e6; width: 35%;\">Benef\u00edcios principais<\/th>\n                <th style=\"padding: 15px; color: #ffffff; border-bottom: 2px solid #f9d8e6; width: 35%;\">Formas comuns de consumo em dias quentes<\/th>\n            <\/tr>\n        <\/thead>\n        <tbody>\n            <tr>\n                <td style=\"padding: 12px 15px; border-bottom: 1px solid #ffe3ee; color: #4a4a4a; font-weight: bold;\">Melancia<\/td>\n                <td style=\"padding: 12px 15px; border-bottom: 1px solid #ffe3ee; color: #4a4a4a;\">Fruta<\/td>\n                <td style=\"padding: 12px 15px; border-bottom: 1px solid #ffe3ee; color: #4a4a4a;\">Alta hidrata\u00e7\u00e3o, fonte de vitaminas A e C<\/td>\n                <td style=\"padding: 12px 15px; border-bottom: 1px solid #ffe3ee; color: #4a4a4a;\">Fresca em fatias, cubos gelados, sucos sem a\u00e7\u00facar<\/td>\n            <\/tr>\n            <tr style=\"background-color: #fffafa;\">\n                <td style=\"padding: 12px 15px; border-bottom: 1px solid #ffe3ee; color: #4a4a4a; font-weight: bold;\">Salada verde com legumes<\/td>\n                <td style=\"padding: 12px 15px; border-bottom: 1px solid #ffe3ee; color: #4a4a4a;\">Prepara\u00e7\u00e3o<\/td>\n                <td style=\"padding: 12px 15px; border-bottom: 1px solid #ffe3ee; color: #4a4a4a;\">Fibras, vitaminas, baixo teor cal\u00f3rico<\/td>\n                <td style=\"padding: 12px 15px; border-bottom: 1px solid #ffe3ee; color: #4a4a4a;\">Entrada ou prato principal com prote\u00edna magra<\/td>\n            <\/tr>\n            <tr>\n                <td style=\"padding: 12px 15px; border-bottom: 1px solid #ffe3ee; color: #4a4a4a; font-weight: bold;\">Peixe grelhado<\/td>\n                <td style=\"padding: 12px 15px; border-bottom: 1px solid #ffe3ee; color: #4a4a4a;\">Prote\u00edna magra<\/td>\n                <td style=\"padding: 12px 15px; border-bottom: 1px solid #ffe3ee; color: #4a4a4a;\">Fonte de prote\u00ednas e gorduras insaturadas<\/td>\n                <td style=\"padding: 12px 15px; border-bottom: 1px solid #ffe3ee; color: #4a4a4a;\">Acompanhado de saladas e gr\u00e3os integrais<\/td>\n            <\/tr>\n            <tr style=\"background-color: #fffafa;\">\n                <td style=\"padding: 12px 15px; border-bottom: 1px solid #ffe3ee; color: #4a4a4a; font-weight: bold;\">Iogurte natural<\/td>\n                <td style=\"padding: 12px 15px; border-bottom: 1px solid #ffe3ee; color: #4a4a4a;\">Latic\u00ednio<\/td>\n                <td style=\"padding: 12px 15px; border-bottom: 1px solid #ffe3ee; color: #4a4a4a;\">Prote\u00ednas, c\u00e1lcio<\/td>\n                <td style=\"padding: 12px 15px; border-bottom: 1px solid #ffe3ee; color: #4a4a4a;\">Com frutas, granola ou sementes, como lanche<\/td>\n            <\/tr>\n            <tr>\n                <td style=\"padding: 12px 15px; border-bottom: 1px solid #ffe3ee; color: #4a4a4a; font-weight: bold;\">Quinoa cozida<\/td>\n                <td style=\"padding: 12px 15px; border-bottom: 1px solid #ffe3ee; color: #4a4a4a;\">Cereal<\/td>\n                <td style=\"padding: 12px 15px; border-bottom: 1px solid #ffe3ee; color: #4a4a4a;\">Prote\u00ednas vegetais, fibras<\/td>\n                <td style=\"padding: 12px 15px; border-bottom: 1px solid #ffe3ee; color: #4a4a4a;\">Em saladas frias, bowls e acompanhamentos<\/td>\n            <\/tr>\n            <tr style=\"background-color: #fffafa;\">\n                <td style=\"padding: 12px 15px; color: #4a4a4a; font-weight: bold;\">\u00c1gua de coco<\/td>\n                <td style=\"padding: 12px 15px; color: #4a4a4a;\">Bebida<\/td>\n                <td style=\"padding: 12px 15px; color: #4a4a4a;\">Reposi\u00e7\u00e3o de eletr\u00f3litos, hidrata\u00e7\u00e3o<\/td>\n                <td style=\"padding: 12px 15px; color: #4a4a4a;\">Gelada, ao longo do dia ou ap\u00f3s atividades f\u00edsicas<\/td>\n            <\/tr>\n        <\/tbody>\n    <\/table>\n<\/div>\n\n\n\n<h2 class=\"wp-block-heading\">Sobre alimentos leves para dias quentes <\/h2>\n\n\n\n<p>Ao longo do ver\u00e3o ou em per\u00edodos de calor intenso em outras esta\u00e7\u00f5es, a escolha por <strong>alimentos leves<\/strong> auxilia na manuten\u00e7\u00e3o da energia, na hidrata\u00e7\u00e3o e no conforto digestivo. A combina\u00e7\u00e3o de frutas, vegetais, gr\u00e3os integrais e prote\u00ednas magras oferece diversidade de sabores e nutrientes, tornando as refei\u00e7\u00f5es mais agrad\u00e1veis e adequadas \u00e0s necessidades do organismo em altas temperaturas.<\/p>\n\n\n\n<p>Se voc\u00ea deseja sentir o corpo mais disposto e o dia menos pesado, vale come\u00e7ar com pequenas trocas, como incluir uma <strong>salada colorida<\/strong> no almo\u00e7o ou trocar frituras por grelhados. Experimente testar uma nova receita leve a cada semana e observe como seu bem-estar muda; se quiser, posso ajudar a montar um card\u00e1pio pr\u00e1tico com base na sua rotina e nas comidas que voc\u00ea mais gosta.<\/p>\n","protected":false},"excerpt":{"rendered":"<p>Em um dia de calor daqueles, em que at\u00e9 o ar parece mais pesado, muita gente sente o corpo pedindo uma comida mais leve e refrescante, algo que n\u00e3o d\u00ea sono depois de comer e ajude a manter a disposi\u00e7\u00e3o para o resto do dia. Em vez de pratos muito gordurosos ou pesados, a prefer\u00eancia [&hellip;]<\/p>\n","protected":false},"author":9,"featured_media":180351,"comment_status":"open","ping_status":"open","sticky":false,"template":"","format":"standard","meta":{"_yoast_wpseo_focuskw":"alimentos leves para dias quentes","_yoast_wpseo_title":"","_yoast_wpseo_metadesc":"Alimentos leves ajudam a manter energia, hidrata\u00e7\u00e3o e conforto em dias quentes com combina\u00e7\u00f5es simples e frescas.","jnews-multi-image_gallery":[],"jnews_single_post":{"format":"standard"},"jnews_primary_category":[],"jnews_social_meta":[],"jnews_override_counter":[],"footnotes":""},"categories":[119,4404],"post_tag":[14335,1499,14336,748],"class_list":["post-179878","post","type-post","status-publish","format-standard","has-post-thumbnail","hentry","category-bem-estar","category-saude","tag-alimentos-leves","tag-alimentos-saudaveis","tag-comidas-leves","tag-verao"],"yoast_head":"<!-- This site is optimized with the Yoast SEO plugin v24.6 - https:\/\/yoast.com\/wordpress\/plugins\/seo\/ -->\n<title>O que muita gente est\u00e1 comendo para driblar o calor sem perder energia no dia - Correio Braziliense - Radar<\/title>\n<meta name=\"description\" content=\"Alimentos leves ajudam a manter energia, hidrata\u00e7\u00e3o e conforto em dias quentes com combina\u00e7\u00f5es simples e frescas.\" \/>\n<meta name=\"robots\" content=\"index, follow, max-snippet:-1, max-image-preview:large, max-video-preview:-1\" \/>\n<link rel=\"canonical\" href=\"https:\/\/www.correiobraziliense.com.br\/cbradar\/o-que-muita-gente-esta-comendo-para-driblar-o-calor-sem-perder-energia-no-dia\/\" \/>\n<meta property=\"og:locale\" content=\"pt_BR\" \/>\n<meta property=\"og:type\" content=\"article\" \/>\n<meta property=\"og:title\" content=\"O que muita gente est\u00e1 comendo para driblar o calor sem perder energia no dia - Correio Braziliense - Radar\" \/>\n<meta property=\"og:description\" content=\"Alimentos leves ajudam a manter energia, hidrata\u00e7\u00e3o e conforto em dias quentes com combina\u00e7\u00f5es simples e frescas.\" \/>\n<meta property=\"og:url\" content=\"https:\/\/www.correiobraziliense.com.br\/cbradar\/o-que-muita-gente-esta-comendo-para-driblar-o-calor-sem-perder-energia-no-dia\/\" \/>\n<meta property=\"og:site_name\" content=\"Correio Braziliense - Radar\" \/>\n<meta property=\"article:published_time\" content=\"2026-01-24T17:25:32+00:00\" \/>\n<meta property=\"og:image\" content=\"https:\/\/www.correiobraziliense.com.br\/cbradar\/wp-content\/uploads\/2026\/01\/Gemini_Generated_Image_scjkbscjkbscjkbs-1-1.png\" \/>\n\t<meta property=\"og:image:width\" content=\"1280\" \/>\n\t<meta property=\"og:image:height\" content=\"720\" \/>\n\t<meta property=\"og:image:type\" content=\"image\/png\" \/>\n<meta name=\"author\" content=\"Daniely Cardoso\" \/>\n<meta name=\"twitter:card\" content=\"summary_large_image\" \/>\n<meta name=\"twitter:label1\" content=\"Escrito por\" \/>\n\t<meta name=\"twitter:data1\" content=\"Daniely Cardoso\" \/>\n\t<meta name=\"twitter:label2\" content=\"Est. tempo de leitura\" \/>\n\t<meta name=\"twitter:data2\" content=\"6 minutos\" \/>\n<!-- \/ Yoast SEO plugin. -->","yoast_head_json":{"title":"O que muita gente est\u00e1 comendo para driblar o calor sem perder energia no dia - Correio Braziliense - Radar","description":"Alimentos leves ajudam a manter energia, hidrata\u00e7\u00e3o e conforto em dias quentes com combina\u00e7\u00f5es simples e frescas.","robots":{"index":"index","follow":"follow","max-snippet":"max-snippet:-1","max-image-preview":"max-image-preview:large","max-video-preview":"max-video-preview:-1"},"canonical":"https:\/\/www.correiobraziliense.com.br\/cbradar\/o-que-muita-gente-esta-comendo-para-driblar-o-calor-sem-perder-energia-no-dia\/","og_locale":"pt_BR","og_type":"article","og_title":"O que muita gente est\u00e1 comendo para driblar o calor sem perder energia no dia - Correio Braziliense - Radar","og_description":"Alimentos leves ajudam a manter energia, hidrata\u00e7\u00e3o e conforto em dias quentes com combina\u00e7\u00f5es simples e frescas.","og_url":"https:\/\/www.correiobraziliense.com.br\/cbradar\/o-que-muita-gente-esta-comendo-para-driblar-o-calor-sem-perder-energia-no-dia\/","og_site_name":"Correio Braziliense - Radar","article_published_time":"2026-01-24T17:25:32+00:00","og_image":[{"width":1280,"height":720,"url":"https:\/\/www.correiobraziliense.com.br\/cbradar\/wp-content\/uploads\/2026\/01\/Gemini_Generated_Image_scjkbscjkbscjkbs-1-1.png","type":"image\/png"}],"author":"Daniely Cardoso","twitter_card":"summary_large_image","twitter_misc":{"Escrito por":"Daniely Cardoso","Est. tempo de leitura":"6 minutos"},"schema":{"@context":"https:\/\/schema.org","@graph":[{"@type":"WebPage","@id":"https:\/\/www.correiobraziliense.com.br\/cbradar\/o-que-muita-gente-esta-comendo-para-driblar-o-calor-sem-perder-energia-no-dia\/","url":"https:\/\/www.correiobraziliense.com.br\/cbradar\/o-que-muita-gente-esta-comendo-para-driblar-o-calor-sem-perder-energia-no-dia\/","name":"O que muita gente est\u00e1 comendo para driblar o calor sem perder energia no dia - Correio Braziliense - Radar","isPartOf":{"@id":"https:\/\/www.correiobraziliense.com.br\/cbradar\/#website"},"primaryImageOfPage":{"@id":"https:\/\/www.correiobraziliense.com.br\/cbradar\/o-que-muita-gente-esta-comendo-para-driblar-o-calor-sem-perder-energia-no-dia\/#primaryimage"},"image":{"@id":"https:\/\/www.correiobraziliense.com.br\/cbradar\/o-que-muita-gente-esta-comendo-para-driblar-o-calor-sem-perder-energia-no-dia\/#primaryimage"},"thumbnailUrl":"https:\/\/www.correiobraziliense.com.br\/cbradar\/wp-content\/uploads\/2026\/01\/Gemini_Generated_Image_scjkbscjkbscjkbs-1-1.png","datePublished":"2026-01-24T17:25:32+00:00","author":{"@id":"https:\/\/www.correiobraziliense.com.br\/cbradar\/#\/schema\/person\/7356666e12ec0ee53f348ee5db227032"},"description":"Alimentos leves ajudam a manter energia, hidrata\u00e7\u00e3o e conforto em dias quentes com combina\u00e7\u00f5es simples e frescas.","breadcrumb":{"@id":"https:\/\/www.correiobraziliense.com.br\/cbradar\/o-que-muita-gente-esta-comendo-para-driblar-o-calor-sem-perder-energia-no-dia\/#breadcrumb"},"inLanguage":"pt-BR","potentialAction":[{"@type":"ReadAction","target":["https:\/\/www.correiobraziliense.com.br\/cbradar\/o-que-muita-gente-esta-comendo-para-driblar-o-calor-sem-perder-energia-no-dia\/"]}]},{"@type":"ImageObject","inLanguage":"pt-BR","@id":"https:\/\/www.correiobraziliense.com.br\/cbradar\/o-que-muita-gente-esta-comendo-para-driblar-o-calor-sem-perder-energia-no-dia\/#primaryimage","url":"https:\/\/www.correiobraziliense.com.br\/cbradar\/wp-content\/uploads\/2026\/01\/Gemini_Generated_Image_scjkbscjkbscjkbs-1-1.png","contentUrl":"https:\/\/www.correiobraziliense.com.br\/cbradar\/wp-content\/uploads\/2026\/01\/Gemini_Generated_Image_scjkbscjkbscjkbs-1-1.png","width":1280,"height":720,"caption":"A pera \u00e9 uma das frutas com maior teor de fibras diet\u00e9ticas, sendo especialmente rica em pectina"},{"@type":"BreadcrumbList","@id":"https:\/\/www.correiobraziliense.com.br\/cbradar\/o-que-muita-gente-esta-comendo-para-driblar-o-calor-sem-perder-energia-no-dia\/#breadcrumb","itemListElement":[{"@type":"ListItem","position":1,"name":"In\u00edcio","item":"https:\/\/www.correiobraziliense.com.br\/cbradar\/"},{"@type":"ListItem","position":2,"name":"O que muita gente est\u00e1 comendo para driblar o calor sem perder energia no dia"}]},{"@type":"WebSite","@id":"https:\/\/www.correiobraziliense.com.br\/cbradar\/#website","url":"https:\/\/www.correiobraziliense.com.br\/cbradar\/","name":"Correio Braziliense - Radar","description":"Acompanhe as \u00faltimas not\u00edcias e fique bem informado sobre tudo o que acontece no Brasil e no mundo.","potentialAction":[{"@type":"SearchAction","target":{"@type":"EntryPoint","urlTemplate":"https:\/\/www.correiobraziliense.com.br\/cbradar\/?s={search_term_string}"},"query-input":{"@type":"PropertyValueSpecification","valueRequired":true,"valueName":"search_term_string"}}],"inLanguage":"pt-BR"},{"@type":"Person","@id":"https:\/\/www.correiobraziliense.com.br\/cbradar\/#\/schema\/person\/7356666e12ec0ee53f348ee5db227032","name":"Daniely Cardoso","image":{"@type":"ImageObject","inLanguage":"pt-BR","@id":"https:\/\/www.correiobraziliense.com.br\/cbradar\/#\/schema\/person\/image\/","url":"https:\/\/secure.gravatar.com\/avatar\/4b80ddbd124d1f071b626d52d62e5dff?s=96&d=mm&r=g","contentUrl":"https:\/\/secure.gravatar.com\/avatar\/4b80ddbd124d1f071b626d52d62e5dff?s=96&d=mm&r=g","caption":"Daniely Cardoso"},"description":"Redatora nos portais CB Radar e EM Foco, formada pela Universidade Federal de Goi\u00e1s, em Goi\u00e2nia. Apaixonada por comunica\u00e7\u00e3o, arte, decora\u00e7\u00e3o e tend\u00eancias, atuo na produ\u00e7\u00e3o de conte\u00fados envolventes sobre curiosidades, moda, beleza e paisagismo, sempre com um olhar atento \u00e0s novidades do momento.","sameAs":["https:\/\/www.correiobraziliense.com.br\/cbradar"],"url":"https:\/\/www.correiobraziliense.com.br\/cbradar\/author\/danielymyth\/"}]}},"_links":{"self":[{"href":"https:\/\/www.correiobraziliense.com.br\/cbradar\/wp-json\/wp\/v2\/posts\/179878","targetHints":{"allow":["GET"]}}],"collection":[{"href":"https:\/\/www.correiobraziliense.com.br\/cbradar\/wp-json\/wp\/v2\/posts"}],"about":[{"href":"https:\/\/www.correiobraziliense.com.br\/cbradar\/wp-json\/wp\/v2\/types\/post"}],"author":[{"embeddable":true,"href":"https:\/\/www.correiobraziliense.com.br\/cbradar\/wp-json\/wp\/v2\/users\/9"}],"replies":[{"embeddable":true,"href":"https:\/\/www.correiobraziliense.com.br\/cbradar\/wp-json\/wp\/v2\/comments?post=179878"}],"version-history":[{"count":2,"href":"https:\/\/www.correiobraziliense.com.br\/cbradar\/wp-json\/wp\/v2\/posts\/179878\/revisions"}],"predecessor-version":[{"id":179897,"href":"https:\/\/www.correiobraziliense.com.br\/cbradar\/wp-json\/wp\/v2\/posts\/179878\/revisions\/179897"}],"wp:featuredmedia":[{"embeddable":true,"href":"https:\/\/www.correiobraziliense.com.br\/cbradar\/wp-json\/wp\/v2\/media\/180351"}],"wp:attachment":[{"href":"https:\/\/www.correiobraziliense.com.br\/cbradar\/wp-json\/wp\/v2\/media?parent=179878"}],"wp:term":[{"taxonomy":"category","embeddable":true,"href":"https:\/\/www.correiobraziliense.com.br\/cbradar\/wp-json\/wp\/v2\/categories?post=179878"},{"taxonomy":"post_tag","embeddable":true,"href":"https:\/\/www.correiobraziliense.com.br\/cbradar\/wp-json\/wp\/v2\/post_tag?post=179878"}],"curies":[{"name":"wp","href":"https:\/\/api.w.org\/{rel}","templated":true}]}}