{"id":179890,"date":"2026-01-24T19:55:00","date_gmt":"2026-01-24T22:55:00","guid":{"rendered":"https:\/\/www.correiobraziliense.com.br\/cbradar\/?p=179890"},"modified":"2026-01-23T18:49:51","modified_gmt":"2026-01-23T21:49:51","slug":"o-cha-que-muita-gente-usa-para-soltar-o-intestino-e-os-cuidados-que-quase-ninguem-comenta","status":"publish","type":"post","link":"https:\/\/www.correiobraziliense.com.br\/cbradar\/o-cha-que-muita-gente-usa-para-soltar-o-intestino-e-os-cuidados-que-quase-ninguem-comenta\/","title":{"rendered":"O ch\u00e1 que muita gente usa para soltar o intestino e os cuidados que quase ningu\u00e9m comenta"},"content":{"rendered":"\n<p>Imagine olhar para o rel\u00f3gio e perceber que j\u00e1 faz dias desde a \u00faltima vez que voc\u00ea conseguiu ir ao banheiro sem esfor\u00e7o. A constipa\u00e7\u00e3o cr\u00f4nica n\u00e3o \u00e9 s\u00f3 um inc\u00f4modo f\u00edsico: ela atrapalha a rotina, o humor e at\u00e9 momentos simples do dia. Nessa busca por al\u00edvio, o ch\u00e1 de <strong>sene<\/strong> costuma aparecer como uma solu\u00e7\u00e3o r\u00e1pida, passada de gera\u00e7\u00e3o em gera\u00e7\u00e3o, mas nem sempre com a orienta\u00e7\u00e3o correta sobre riscos, limites e forma de uso.<\/p>\n\n\n\n<h2 class=\"wp-block-heading\">O que \u00e9 o sene e como ele age na constipa\u00e7\u00e3o cr\u00f4nica<\/h2>\n\n\n\n<p>O sene, tamb\u00e9m chamado de <strong>Senna alexandrina<\/strong> ou <em>Cassia angustifolia<\/em>, \u00e9 uma planta usada h\u00e1 muito tempo como laxante natural. Suas folhas e vagens t\u00eam subst\u00e2ncias chamadas antraquinonas, principalmente sennos\u00eddeos, que \u201cacordam\u201d a musculatura do intestino grosso e aumentam os movimentos que empurram as fezes.<\/p>\n\n\n\n<p>Na constipa\u00e7\u00e3o cr\u00f4nica, o ch\u00e1 ou extrato de <strong>sene<\/strong> costuma fazer efeito entre 6 e 12 horas, por isso muitas pessoas tomam \u00e0 noite esperando evacuar pela manh\u00e3. Por\u00e9m, o uso frequente pode fazer o intestino \u201cficar pregui\u00e7oso\u201d e depender desse est\u00edmulo qu\u00edmico, sem tratar causas como alimenta\u00e7\u00e3o pobre em fibras, pouca \u00e1gua, sedentarismo ou uso de certos rem\u00e9dios.<\/p>\n\n\n<div class=\"wp-block-image\">\n<figure class=\"aligncenter size-large is-resized\"><img decoding=\"async\" width=\"1024\" height=\"576\" src=\"https:\/\/www.correiobraziliense.com.br\/cbradar\/wp-content\/uploads\/2025\/12\/Gemini_Generated_Image_ilu00kilu00kilu0-1-1024x576.png\" alt=\"\" class=\"wp-image-152202\" style=\"width:1024px;height:auto\" srcset=\"https:\/\/www.correiobraziliense.com.br\/cbradar\/wp-content\/uploads\/2025\/12\/Gemini_Generated_Image_ilu00kilu00kilu0-1-1024x576.png 1024w, https:\/\/www.correiobraziliense.com.br\/cbradar\/wp-content\/uploads\/2025\/12\/Gemini_Generated_Image_ilu00kilu00kilu0-1-300x169.png 300w, https:\/\/www.correiobraziliense.com.br\/cbradar\/wp-content\/uploads\/2025\/12\/Gemini_Generated_Image_ilu00kilu00kilu0-1-768x432.png 768w, https:\/\/www.correiobraziliense.com.br\/cbradar\/wp-content\/uploads\/2025\/12\/Gemini_Generated_Image_ilu00kilu00kilu0-1-750x422.png 750w, https:\/\/www.correiobraziliense.com.br\/cbradar\/wp-content\/uploads\/2025\/12\/Gemini_Generated_Image_ilu00kilu00kilu0-1-1140x641.png 1140w, https:\/\/www.correiobraziliense.com.br\/cbradar\/wp-content\/uploads\/2025\/12\/Gemini_Generated_Image_ilu00kilu00kilu0-1.png 1280w\" sizes=\"(max-width: 1024px) 100vw, 1024px\" \/><figcaption class=\"wp-element-caption\">A principal propriedade curativa do sene deve-se aos seus princ\u00edpios ativos<\/figcaption><\/figure><\/div>\n\n\n<p>Leia tamb\u00e9m:&nbsp;<a href=\"https:\/\/www.correiobraziliense.com.br\/cbradar\/o-verde-digestivo-que-virou-queridinho-das-hortas-por-ser-simples-de-plantar\/\" target=\"_blank\" rel=\"noopener\">O verde digestivo que virou queridinho das hortas por ser simples de plantar<\/a><\/p>\n\n\n\n<h2 class=\"wp-block-heading\">Quais cuidados ter ao usar sene na constipa\u00e7\u00e3o cr\u00f4nica<\/h2>\n\n\n\n<p>Em quem tem intestino preso com frequ\u00eancia, o sene \u00e9 visto como um laxante estimulante para uso mais pontual, n\u00e3o como solu\u00e7\u00e3o de todos os dias. A base do cuidado costuma ser mudan\u00e7a de h\u00e1bitos, deixando o sene como apoio em momentos espec\u00edficos e, de prefer\u00eancia, com orienta\u00e7\u00e3o de um profissional de sa\u00fade.<\/p>\n\n\n\n<p>Antes de insistir no uso de <strong>sene<\/strong>, \u00e9 importante prestar aten\u00e7\u00e3o ao pr\u00f3prio corpo: dores fortes, emagrecimento sem motivo, sangue nas fezes ou mudan\u00e7a brusca do ritmo intestinal precisam ser avaliados. A automedica\u00e7\u00e3o prolongada pode esconder doen\u00e7as hormonais, neurol\u00f3gicas ou intestinais que exigem investiga\u00e7\u00e3o e tratamento adequados.<\/p>\n\n\n\n<h2 class=\"wp-block-heading\">Quem deve evitar o sene e em quais situa\u00e7\u00f5es ele pode ser arriscado<\/h2>\n\n\n\n<p>A seguran\u00e7a do sene depende muito da dose, do tempo de uso e da condi\u00e7\u00e3o de sa\u00fade de cada pessoa. Em grupos como gestantes, crian\u00e7as, idosos fr\u00e1geis ou pessoas com doen\u00e7as intestinais, o ideal \u00e9 evitar ou usar apenas com libera\u00e7\u00e3o m\u00e9dica, pois o risco de efeitos indesejados \u00e9 maior.<\/p>\n\n\n\n<p>O uso prolongado de <strong>sene<\/strong> pode levar \u00e0 perda de eletr\u00f3litos, principalmente pot\u00e1ssio, o que afeta m\u00fasculos e cora\u00e7\u00e3o. Al\u00e9m disso, ele costuma ser contraindicado em casos de dor abdominal sem causa clara, suspeita de obstru\u00e7\u00e3o intestinal, doen\u00e7a inflamat\u00f3ria intestinal ativa, insufici\u00eancia renal ou card\u00edaca, e em quem j\u00e1 usa rem\u00e9dios que tamb\u00e9m reduzem pot\u00e1ssio. Se voc\u00ea gosta de ouvir opini\u00e3o de profissionais, separamos esse v\u00eddeo do <a href=\"https:\/\/www.youtube.com\/@DrJulianoTeles\" target=\"_blank\" rel=\"noreferrer noopener\">Dr Juliano Teles<\/a> falando sobre os benef\u00edcios do sene:<\/p>\n\n\n\n<figure class=\"wp-block-embed is-type-video is-provider-youtube wp-block-embed-youtube wp-embed-aspect-16-9 wp-has-aspect-ratio\"><div class=\"wp-block-embed__wrapper\">\n<div class=\"jeg_video_container jeg_video_content\"><iframe loading=\"lazy\" title=\"CH\u00c1 DE SENE quais os benef\u00edcios e cuidados | Dr Juliano Teles\" width=\"500\" height=\"281\" src=\"https:\/\/www.youtube.com\/embed\/bYCOfDmEWk8?feature=oembed\" frameborder=\"0\" allow=\"accelerometer; autoplay; clipboard-write; encrypted-media; gyroscope; picture-in-picture; web-share\" referrerpolicy=\"strict-origin-when-cross-origin\" allowfullscreen><\/iframe><\/div>\n<\/div><\/figure>\n\n\n\n<h2 class=\"wp-block-heading\">Como o sene se compara a outras formas de tratar a constipa\u00e7\u00e3o cr\u00f4nica<\/h2>\n\n\n\n<p>Na pr\u00e1tica do dia a dia, o sene \u00e9 apenas uma das op\u00e7\u00f5es para lidar com o intestino preso e, geralmente, n\u00e3o \u00e9 a principal para uso prolongado. Profissionais costumam priorizar mudan\u00e7as de estilo de vida e laxantes considerados mais suaves, que podem ser mantidos por mais tempo com menor risco.<\/p>\n\n\n\n<p>A tabela abaixo mostra algumas diferen\u00e7as b\u00e1sicas entre o <strong>sene<\/strong> e outras estrat\u00e9gias comuns, ajudando a entender quando cada uma faz mais sentido. Assim, fica mais f\u00e1cil conversar com o m\u00e9dico ou nutricionista sobre qual combina\u00e7\u00e3o se encaixa melhor na sua rotina e nas suas necessidades.<\/p>\n\n\n\n<figure class=\"wp-block-table\"><table class=\"has-fixed-layout\"><tbody><tr><th>Recurso<\/th><th>Tipo de a\u00e7\u00e3o<\/th><th>Tempo m\u00e9dio para efeito<\/th><th>Uso t\u00edpico<\/th><th>Principais cuidados<\/th><\/tr><tr><td>Sene (ch\u00e1, comprimidos, extratos)<\/td><td>Laxante estimulante, aumenta os movimentos do intestino grosso<\/td><td>6 a 12 horas<\/td><td>Al\u00edvio ocasional da constipa\u00e7\u00e3o<\/td><td>Evitar uso cont\u00ednuo; risco de c\u00f3licas, diarreia e perda de pot\u00e1ssio<\/td><\/tr><tr><td>Laxantes formadores de bolo (psyllium, fibras sol\u00faveis)<\/td><td>Aumentam o volume das fezes, facilitando o tr\u00e2nsito<\/td><td>V\u00e1rios dias de uso regular<\/td><td>Manejo de longo prazo da constipa\u00e7\u00e3o cr\u00f4nica<\/td><td>Necessitam ingest\u00e3o adequada de \u00e1gua; podem causar gases no in\u00edcio<\/td><\/tr><tr><td>Laxantes osm\u00f3ticos (lactulose, polietilenoglicol)<\/td><td>Atraem \u00e1gua para o intestino, amolecendo as fezes<\/td><td>Algumas horas a poucos dias<\/td><td>Constipa\u00e7\u00e3o recorrente, sob acompanhamento<\/td><td>Ajuste de dose para evitar diarreia; aten\u00e7\u00e3o em doen\u00e7as renais espec\u00edficas<\/td><\/tr><tr><td>Ajustes alimentares (fibras, frutas, \u00e1gua)<\/td><td>Regulam o tr\u00e2nsito intestinal de forma natural<\/td><td>Dias a semanas<\/td><td>Base do tratamento em longo prazo<\/td><td>Requer const\u00e2ncia; aumento gradual de fibras para evitar desconforto<\/td><\/tr><tr><td>Atividade f\u00edsica regular<\/td><td>Estimula o funcionamento global do intestino<\/td><td>Sem efeito imediato; melhora progressiva<\/td><td>Preven\u00e7\u00e3o e controle da constipa\u00e7\u00e3o cr\u00f4nica<\/td><td>Adequar intensidade \u00e0 condi\u00e7\u00e3o f\u00edsica e orienta\u00e7\u00f5es m\u00e9dicas<\/td><\/tr><\/tbody><\/table><\/figure>\n\n\n\n<h2 class=\"wp-block-heading\">Como usar o sene com responsabilidade no cuidado com o intestino preso<\/h2>\n\n\n\n<p>Quando recomendado por um profissional, o sene pode entrar como coadjuvante dentro de um plano mais completo para melhorar o intestino. Antes dele, o ideal \u00e9 organizar o b\u00e1sico: mais fibras no prato, \u00e1gua ao longo do dia, movimento corporal e um hor\u00e1rio mais regular para tentar evacuar.<\/p>\n\n\n\n<p>Para facilitar esse processo, muitas pessoas usam uma pequena lista de lembretes pr\u00e1ticos no dia a dia, combinando h\u00e1bitos simples com o uso pontual de <strong>sene<\/strong> quando necess\u00e1rio. Alguns pontos \u00fateis s\u00e3o:<\/p>\n\n\n\n<ul class=\"wp-block-list\">\n<li>Aumentar fibras de forma gradual, beber \u00e1gua ao longo do dia, praticar atividade f\u00edsica leve e usar sene apenas em epis\u00f3dios pontuais, sempre observando sinais de alerta como dor intensa, sangue nas fezes ou piora da constipa\u00e7\u00e3o.<\/li>\n<\/ul>\n\n\n\n<h2 class=\"wp-block-heading\">Sobre o uso do sene e qual o pr\u00f3ximo passo para cuidar do intestino<\/h2>\n\n\n\n<p>Conviver com constipa\u00e7\u00e3o cr\u00f4nica n\u00e3o precisa ser uma rotina de sofrimento silencioso nem de depend\u00eancia de ch\u00e1 de <strong>sene<\/strong> sempre que o intestino trava. Com informa\u00e7\u00e3o clara, \u00e9 poss\u00edvel usar o sene de forma mais segura, entendendo que ele \u00e9 um apoio pontual, e n\u00e3o a \u00fanica resposta para o problema.<\/p>\n\n\n\n<p>Se voc\u00ea sente que o intestino preso est\u00e1 atrapalhando sua vida, o pr\u00f3ximo passo \u00e9 buscar ajuda individualizada, com m\u00e9dico ou nutricionista, para montar um plano completo que v\u00e1 al\u00e9m do <strong>sene<\/strong>. Converse com um profissional de confian\u00e7a, leve suas d\u00favidas e hist\u00f3rico, e comece hoje mesmo a construir uma rotina que favore\u00e7a um funcionamento intestinal mais leve e regular.<\/p>\n","protected":false},"excerpt":{"rendered":"<p>Imagine olhar para o rel\u00f3gio e perceber que j\u00e1 faz dias desde a \u00faltima vez que voc\u00ea conseguiu ir ao banheiro sem esfor\u00e7o. A constipa\u00e7\u00e3o cr\u00f4nica n\u00e3o \u00e9 s\u00f3 um inc\u00f4modo f\u00edsico: ela atrapalha a rotina, o humor e at\u00e9 momentos simples do dia. Nessa busca por al\u00edvio, o ch\u00e1 de sene costuma aparecer como [&hellip;]<\/p>\n","protected":false},"author":9,"featured_media":180361,"comment_status":"open","ping_status":"open","sticky":false,"template":"","format":"standard","meta":{"_yoast_wpseo_focuskw":"ch\u00e1 de sene","_yoast_wpseo_title":"","_yoast_wpseo_metadesc":"Esse ch\u00e1 pode aliviar a constipa\u00e7\u00e3o rapidamente, mas exige cuidado, uso pontual e aten\u00e7\u00e3o a sinais de alerta.","jnews-multi-image_gallery":[],"jnews_single_post":{"format":"standard"},"jnews_primary_category":[],"jnews_social_meta":[],"jnews_override_counter":[],"footnotes":""},"categories":[119,4404],"tags":[4237,565,12443],"class_list":["post-179890","post","type-post","status-publish","format-standard","has-post-thumbnail","hentry","category-bem-estar","category-saude","tag-constipacao","tag-saude","tag-sene"],"yoast_head":"<!-- This site is optimized with the Yoast SEO plugin v24.6 - https:\/\/yoast.com\/wordpress\/plugins\/seo\/ -->\n<title>O ch\u00e1 que muita gente usa para soltar o intestino e os cuidados que quase ningu\u00e9m comenta - Correio Braziliense - Radar<\/title>\n<meta name=\"description\" content=\"Esse ch\u00e1 pode aliviar a constipa\u00e7\u00e3o rapidamente, mas exige cuidado, uso pontual e aten\u00e7\u00e3o a sinais de alerta.\" \/>\n<meta name=\"robots\" content=\"index, follow, max-snippet:-1, max-image-preview:large, max-video-preview:-1\" \/>\n<link rel=\"canonical\" href=\"https:\/\/www.correiobraziliense.com.br\/cbradar\/o-cha-que-muita-gente-usa-para-soltar-o-intestino-e-os-cuidados-que-quase-ninguem-comenta\/\" \/>\n<meta property=\"og:locale\" content=\"pt_BR\" \/>\n<meta property=\"og:type\" content=\"article\" \/>\n<meta property=\"og:title\" content=\"O ch\u00e1 que muita gente usa para soltar o intestino e os cuidados que quase ningu\u00e9m comenta - Correio Braziliense - Radar\" \/>\n<meta property=\"og:description\" content=\"Esse ch\u00e1 pode aliviar a constipa\u00e7\u00e3o rapidamente, mas exige cuidado, uso pontual e aten\u00e7\u00e3o a sinais de alerta.\" \/>\n<meta property=\"og:url\" content=\"https:\/\/www.correiobraziliense.com.br\/cbradar\/o-cha-que-muita-gente-usa-para-soltar-o-intestino-e-os-cuidados-que-quase-ninguem-comenta\/\" \/>\n<meta property=\"og:site_name\" content=\"Correio Braziliense - Radar\" \/>\n<meta property=\"article:published_time\" content=\"2026-01-24T22:55:00+00:00\" \/>\n<meta property=\"og:image\" content=\"https:\/\/www.correiobraziliense.com.br\/cbradar\/wp-content\/uploads\/2026\/01\/Gemini_Generated_Image_neztqjneztqjnezt-1-1-1.png\" \/>\n\t<meta property=\"og:image:width\" content=\"1280\" \/>\n\t<meta property=\"og:image:height\" content=\"720\" \/>\n\t<meta property=\"og:image:type\" content=\"image\/png\" \/>\n<meta name=\"author\" content=\"Daniely Cardoso\" \/>\n<meta name=\"twitter:card\" content=\"summary_large_image\" \/>\n<meta name=\"twitter:label1\" content=\"Escrito por\" \/>\n\t<meta name=\"twitter:data1\" content=\"Daniely Cardoso\" \/>\n\t<meta name=\"twitter:label2\" content=\"Est. tempo de leitura\" \/>\n\t<meta name=\"twitter:data2\" content=\"6 minutos\" \/>\n<!-- \/ Yoast SEO plugin. -->","yoast_head_json":{"title":"O ch\u00e1 que muita gente usa para soltar o intestino e os cuidados que quase ningu\u00e9m comenta - Correio Braziliense - Radar","description":"Esse ch\u00e1 pode aliviar a constipa\u00e7\u00e3o rapidamente, mas exige cuidado, uso pontual e aten\u00e7\u00e3o a sinais de alerta.","robots":{"index":"index","follow":"follow","max-snippet":"max-snippet:-1","max-image-preview":"max-image-preview:large","max-video-preview":"max-video-preview:-1"},"canonical":"https:\/\/www.correiobraziliense.com.br\/cbradar\/o-cha-que-muita-gente-usa-para-soltar-o-intestino-e-os-cuidados-que-quase-ninguem-comenta\/","og_locale":"pt_BR","og_type":"article","og_title":"O ch\u00e1 que muita gente usa para soltar o intestino e os cuidados que quase ningu\u00e9m comenta - Correio Braziliense - Radar","og_description":"Esse ch\u00e1 pode aliviar a constipa\u00e7\u00e3o rapidamente, mas exige cuidado, uso pontual e aten\u00e7\u00e3o a sinais de alerta.","og_url":"https:\/\/www.correiobraziliense.com.br\/cbradar\/o-cha-que-muita-gente-usa-para-soltar-o-intestino-e-os-cuidados-que-quase-ninguem-comenta\/","og_site_name":"Correio Braziliense - Radar","article_published_time":"2026-01-24T22:55:00+00:00","og_image":[{"width":1280,"height":720,"url":"https:\/\/www.correiobraziliense.com.br\/cbradar\/wp-content\/uploads\/2026\/01\/Gemini_Generated_Image_neztqjneztqjnezt-1-1-1.png","type":"image\/png"}],"author":"Daniely Cardoso","twitter_card":"summary_large_image","twitter_misc":{"Escrito por":"Daniely Cardoso","Est. tempo de leitura":"6 minutos"},"schema":{"@context":"https:\/\/schema.org","@graph":[{"@type":"WebPage","@id":"https:\/\/www.correiobraziliense.com.br\/cbradar\/o-cha-que-muita-gente-usa-para-soltar-o-intestino-e-os-cuidados-que-quase-ninguem-comenta\/","url":"https:\/\/www.correiobraziliense.com.br\/cbradar\/o-cha-que-muita-gente-usa-para-soltar-o-intestino-e-os-cuidados-que-quase-ninguem-comenta\/","name":"O ch\u00e1 que muita gente usa para soltar o intestino e os cuidados que quase ningu\u00e9m comenta - Correio Braziliense - Radar","isPartOf":{"@id":"https:\/\/www.correiobraziliense.com.br\/cbradar\/#website"},"primaryImageOfPage":{"@id":"https:\/\/www.correiobraziliense.com.br\/cbradar\/o-cha-que-muita-gente-usa-para-soltar-o-intestino-e-os-cuidados-que-quase-ninguem-comenta\/#primaryimage"},"image":{"@id":"https:\/\/www.correiobraziliense.com.br\/cbradar\/o-cha-que-muita-gente-usa-para-soltar-o-intestino-e-os-cuidados-que-quase-ninguem-comenta\/#primaryimage"},"thumbnailUrl":"https:\/\/www.correiobraziliense.com.br\/cbradar\/wp-content\/uploads\/2026\/01\/Gemini_Generated_Image_neztqjneztqjnezt-1-1-1.png","datePublished":"2026-01-24T22:55:00+00:00","author":{"@id":"https:\/\/www.correiobraziliense.com.br\/cbradar\/#\/schema\/person\/7356666e12ec0ee53f348ee5db227032"},"description":"Esse ch\u00e1 pode aliviar a constipa\u00e7\u00e3o rapidamente, mas exige cuidado, uso pontual e aten\u00e7\u00e3o a sinais de alerta.","breadcrumb":{"@id":"https:\/\/www.correiobraziliense.com.br\/cbradar\/o-cha-que-muita-gente-usa-para-soltar-o-intestino-e-os-cuidados-que-quase-ninguem-comenta\/#breadcrumb"},"inLanguage":"pt-BR","potentialAction":[{"@type":"ReadAction","target":["https:\/\/www.correiobraziliense.com.br\/cbradar\/o-cha-que-muita-gente-usa-para-soltar-o-intestino-e-os-cuidados-que-quase-ninguem-comenta\/"]}]},{"@type":"ImageObject","inLanguage":"pt-BR","@id":"https:\/\/www.correiobraziliense.com.br\/cbradar\/o-cha-que-muita-gente-usa-para-soltar-o-intestino-e-os-cuidados-que-quase-ninguem-comenta\/#primaryimage","url":"https:\/\/www.correiobraziliense.com.br\/cbradar\/wp-content\/uploads\/2026\/01\/Gemini_Generated_Image_neztqjneztqjnezt-1-1-1.png","contentUrl":"https:\/\/www.correiobraziliense.com.br\/cbradar\/wp-content\/uploads\/2026\/01\/Gemini_Generated_Image_neztqjneztqjnezt-1-1-1.png","width":1280,"height":720,"caption":"A principal propriedade curativa do sene deve-se aos seus princ\u00edpios ativos"},{"@type":"BreadcrumbList","@id":"https:\/\/www.correiobraziliense.com.br\/cbradar\/o-cha-que-muita-gente-usa-para-soltar-o-intestino-e-os-cuidados-que-quase-ninguem-comenta\/#breadcrumb","itemListElement":[{"@type":"ListItem","position":1,"name":"In\u00edcio","item":"https:\/\/www.correiobraziliense.com.br\/cbradar\/"},{"@type":"ListItem","position":2,"name":"O ch\u00e1 que muita gente usa para soltar o intestino e os cuidados que quase ningu\u00e9m comenta"}]},{"@type":"WebSite","@id":"https:\/\/www.correiobraziliense.com.br\/cbradar\/#website","url":"https:\/\/www.correiobraziliense.com.br\/cbradar\/","name":"Correio Braziliense - Radar","description":"Acompanhe as \u00faltimas not\u00edcias e fique bem informado sobre tudo o que acontece no Brasil e no mundo.","potentialAction":[{"@type":"SearchAction","target":{"@type":"EntryPoint","urlTemplate":"https:\/\/www.correiobraziliense.com.br\/cbradar\/?s={search_term_string}"},"query-input":{"@type":"PropertyValueSpecification","valueRequired":true,"valueName":"search_term_string"}}],"inLanguage":"pt-BR"},{"@type":"Person","@id":"https:\/\/www.correiobraziliense.com.br\/cbradar\/#\/schema\/person\/7356666e12ec0ee53f348ee5db227032","name":"Daniely Cardoso","image":{"@type":"ImageObject","inLanguage":"pt-BR","@id":"https:\/\/www.correiobraziliense.com.br\/cbradar\/#\/schema\/person\/image\/","url":"https:\/\/secure.gravatar.com\/avatar\/4b80ddbd124d1f071b626d52d62e5dff?s=96&d=mm&r=g","contentUrl":"https:\/\/secure.gravatar.com\/avatar\/4b80ddbd124d1f071b626d52d62e5dff?s=96&d=mm&r=g","caption":"Daniely Cardoso"},"description":"Redatora nos portais CB Radar e EM Foco, formada pela Universidade Federal de Goi\u00e1s, em Goi\u00e2nia. Apaixonada por comunica\u00e7\u00e3o, arte, decora\u00e7\u00e3o e tend\u00eancias, atuo na produ\u00e7\u00e3o de conte\u00fados envolventes sobre curiosidades, moda, beleza e paisagismo, sempre com um olhar atento \u00e0s novidades do momento.","sameAs":["https:\/\/www.correiobraziliense.com.br\/cbradar"],"url":"https:\/\/www.correiobraziliense.com.br\/cbradar\/author\/danielymyth\/"}]}},"_links":{"self":[{"href":"https:\/\/www.correiobraziliense.com.br\/cbradar\/wp-json\/wp\/v2\/posts\/179890","targetHints":{"allow":["GET"]}}],"collection":[{"href":"https:\/\/www.correiobraziliense.com.br\/cbradar\/wp-json\/wp\/v2\/posts"}],"about":[{"href":"https:\/\/www.correiobraziliense.com.br\/cbradar\/wp-json\/wp\/v2\/types\/post"}],"author":[{"embeddable":true,"href":"https:\/\/www.correiobraziliense.com.br\/cbradar\/wp-json\/wp\/v2\/users\/9"}],"replies":[{"embeddable":true,"href":"https:\/\/www.correiobraziliense.com.br\/cbradar\/wp-json\/wp\/v2\/comments?post=179890"}],"version-history":[{"count":3,"href":"https:\/\/www.correiobraziliense.com.br\/cbradar\/wp-json\/wp\/v2\/posts\/179890\/revisions"}],"predecessor-version":[{"id":180360,"href":"https:\/\/www.correiobraziliense.com.br\/cbradar\/wp-json\/wp\/v2\/posts\/179890\/revisions\/180360"}],"wp:featuredmedia":[{"embeddable":true,"href":"https:\/\/www.correiobraziliense.com.br\/cbradar\/wp-json\/wp\/v2\/media\/180361"}],"wp:attachment":[{"href":"https:\/\/www.correiobraziliense.com.br\/cbradar\/wp-json\/wp\/v2\/media?parent=179890"}],"wp:term":[{"taxonomy":"category","embeddable":true,"href":"https:\/\/www.correiobraziliense.com.br\/cbradar\/wp-json\/wp\/v2\/categories?post=179890"},{"taxonomy":"post_tag","embeddable":true,"href":"https:\/\/www.correiobraziliense.com.br\/cbradar\/wp-json\/wp\/v2\/tags?post=179890"}],"curies":[{"name":"wp","href":"https:\/\/api.w.org\/{rel}","templated":true}]}}