{"id":179905,"date":"2026-01-23T21:05:00","date_gmt":"2026-01-24T00:05:00","guid":{"rendered":"https:\/\/www.correiobraziliense.com.br\/cbradar\/?p=179905"},"modified":"2026-01-23T04:20:49","modified_gmt":"2026-01-23T07:20:49","slug":"a-cidade-do-aco-no-rio-de-janeiro-conquista-visitantes-com-sua-prosperidade-e-eficiencia","status":"publish","type":"post","link":"https:\/\/www.correiobraziliense.com.br\/cbradar\/a-cidade-do-aco-no-rio-de-janeiro-conquista-visitantes-com-sua-prosperidade-e-eficiencia\/","title":{"rendered":"A &#8220;Cidade do A\u00e7o&#8221; no Rio de Janeiro conquista visitantes com sua prosperidade e efici\u00eancia"},"content":{"rendered":"\n<p><strong>Volta Redonda<\/strong>, conhecida como a &#8220;Cidade do A\u00e7o&#8221;, localiza-se estrategicamente no Vale do Para\u00edba, a 127 km do <strong>Rio de Janeiro<\/strong>. Cortada pela <strong>Rodovia Presidente Dutra<\/strong>, a cidade atua como o centro nervoso da economia regional, oferecendo infraestrutura de capital no interior do estado.<\/p>\n\n\n\n<h2 class=\"wp-block-heading\">Por que a cidade \u00e9 refer\u00eancia em qualidade de vida no estado?<\/h2>\n\n\n\n<p>O munic\u00edpio transformou a riqueza industrial gerada pela <strong>Companhia Sider\u00fargica Nacional (CSN)<\/strong> em bem-estar social e servi\u00e7os p\u00fablicos eficientes. Para comprovar essa excel\u00eancia, dados do <strong><a href=\"https:\/\/cidades.ibge.gov.br\/brasil\/rj\/volta-redonda\/panorama\" target=\"_blank\" rel=\"noreferrer noopener\">Instituto Brasileiro de Geografia e Estat\u00edstica<\/a><\/strong> aponta um<strong> IDH de 0,771<\/strong>, colocando a cidade no topo do ranking estadual, superando at\u00e9 mesmo a capital em diversos quesitos.<\/p>\n\n\n\n<p>A economia diversificou-se nas \u00faltimas d\u00e9cadas, consolidando um setor de com\u00e9rcio e servi\u00e7os robusto que atende toda a regi\u00e3o das Agulhas Negras. Morar aqui significa ter acesso a emprego qualificado e uma rede de prote\u00e7\u00e3o social que funciona, blindada em parte pela estabilidade das grandes ind\u00fastrias.<\/p>\n\n\n<div class=\"wp-block-image\">\n<figure class=\"aligncenter size-large\"><img decoding=\"async\" width=\"1024\" height=\"576\" src=\"https:\/\/www.correiobraziliense.com.br\/cbradar\/wp-content\/uploads\/2025\/12\/canva-32-1024x576.png\" alt=\"A &quot;Cidade do A\u00e7o&quot; no Rio de Janeiro conquista visitantes com sua prosperidade e efici\u00eancia\" class=\"wp-image-161335\" srcset=\"https:\/\/www.correiobraziliense.com.br\/cbradar\/wp-content\/uploads\/2025\/12\/canva-32-1024x576.png 1024w, https:\/\/www.correiobraziliense.com.br\/cbradar\/wp-content\/uploads\/2025\/12\/canva-32-300x169.png 300w, https:\/\/www.correiobraziliense.com.br\/cbradar\/wp-content\/uploads\/2025\/12\/canva-32-768x432.png 768w, https:\/\/www.correiobraziliense.com.br\/cbradar\/wp-content\/uploads\/2025\/12\/canva-32-750x422.png 750w, https:\/\/www.correiobraziliense.com.br\/cbradar\/wp-content\/uploads\/2025\/12\/canva-32-1140x641.png 1140w, https:\/\/www.correiobraziliense.com.br\/cbradar\/wp-content\/uploads\/2025\/12\/canva-32.png 1280w\" sizes=\"(max-width: 1024px) 100vw, 1024px\" \/><figcaption class=\"wp-element-caption\">Volta Redonda oferece CSN como maior empregadora, sa\u00fade\/educa\u00e7\u00e3o de qualidade, seguran\u00e7a refor\u00e7ada e custo de vida acess\u00edvel pr\u00f3ximo ao RJ. \/\/ Cr\u00e9ditos: Wikip\u00e9dia<\/figcaption><\/figure><\/div>\n\n\n<h2 class=\"wp-block-heading\">Como o bairro Vila Santa Cec\u00edlia define o urbanismo local?<\/h2>\n\n\n\n<p>O planejamento de <strong>Volta Redonda<\/strong> difere da maioria das cidades brasileiras, especialmente no bairro <strong>Vila Santa Cec\u00edlia<\/strong>. Projetado nos moldes de &#8220;cidade-jardim&#8221;, o local concentra ruas arborizadas, cal\u00e7adas largas e o principal centro comercial, criando um shopping a c\u00e9u aberto.<\/p>\n\n\n\n<p>Essa organiza\u00e7\u00e3o urbana favorece o pedestre e a conviv\u00eancia social, com pra\u00e7as bem cuidadas que servem como ponto de encontro intergeracional. A manuten\u00e7\u00e3o constante das \u00e1reas verdes ajuda a amenizar a temperatura e humaniza a paisagem marcada pelas chamin\u00e9s da sider\u00fargica.<\/p>\n\n\n\n<p><strong>Conhe\u00e7a Volta Redonda, a maior cidade do Sul Fluminense e um dos principais polos industriais do pa\u00eds<\/strong>. O v\u00eddeo \u00e9 do canal <strong>De fora em Juiz de Fora<\/strong>, que conta com mais de<strong> 130 mil inscritos<\/strong>, e explora a hist\u00f3ria da Cidade do A\u00e7o, a import\u00e2ncia da CSN, o desenvolvimento da Vila Santa Cec\u00edlia e a qualidade de vida local:<\/p>\n\n\n\n<figure class=\"wp-block-embed aligncenter is-type-video is-provider-youtube wp-block-embed-youtube wp-embed-aspect-16-9 wp-has-aspect-ratio\"><div class=\"wp-block-embed__wrapper\">\n<div class=\"jeg_video_container jeg_video_content\"><iframe loading=\"lazy\" title=\"VOLTA REDONDA RJ: Tudo sobre a maior cidade do Sul do Estado do Rio de Janeiro\" width=\"500\" height=\"281\" src=\"https:\/\/www.youtube.com\/embed\/zeqhXqfvch0?start=1&#038;feature=oembed\" frameborder=\"0\" allow=\"accelerometer; autoplay; clipboard-write; encrypted-media; gyroscope; picture-in-picture; web-share\" referrerpolicy=\"strict-origin-when-cross-origin\" allowfullscreen><\/iframe><\/div>\n<\/div><\/figure>\n\n\n\n<h2 class=\"wp-block-heading\">O Zool\u00f3gico Municipal realmente \u00e9 gratuito?<\/h2>\n\n\n\n<p>Sim, o <strong>Zool\u00f3gico Municipal de Volta Redonda<\/strong> \u00e9 um dos poucos do <strong>Brasil<\/strong> que mant\u00e9m entrada gratuita e foco em educa\u00e7\u00e3o ambiental. Situado dentro de uma \u00e1rea de mata preservada, o espa\u00e7o prioriza a reabilita\u00e7\u00e3o de animais resgatados e oferece lazer acess\u00edvel para todas as classes sociais.<\/p>\n\n\n\n<p>A cidade oferece outras op\u00e7\u00f5es de lazer que misturam esporte e natureza:<\/p>\n\n\n\n<ul class=\"wp-block-list\">\n<li><strong>Kart\u00f3dromo Internacional<\/strong>: Pista de alto n\u00edvel que sedia campeonatos e forma pilotos profissionais.<\/li>\n\n\n\n<li><strong>Parque Aqu\u00e1tico Municipal<\/strong>: Estrutura p\u00fablica com piscinas ol\u00edmpicas voltada para o lazer e treinamento da comunidade.<\/li>\n\n\n\n<li><strong>Est\u00e1dio Raulino de Oliveira<\/strong>: Arena moderna que frequentemente recebe jogos dos grandes clubes cariocas (Flamengo, Vasco, Fluminense e Botafogo).<\/li>\n\n\n\n<li><strong>Ciclovias<\/strong>: A malha ciclovi\u00e1ria plana facilita o deslocamento sustent\u00e1vel entre os bairros centrais.<\/li>\n<\/ul>\n\n\n\n<p><strong>Leia tamb\u00e9m: <a href=\"https:\/\/www.correiobraziliense.com.br\/cbradar\/essa-folha-verde-e-rica-em-fibras-vitaminas-e-minerais-e-ainda-e-facil-de-preparar-em-casa\/\" target=\"_blank\" rel=\"noreferrer noopener\">Essa folha verde \u00e9 rica em fibras, vitaminas e minerais, e ainda \u00e9 f\u00e1cil de preparar em casa.<\/a><\/strong><\/p>\n\n\n<div class=\"wp-block-image\">\n<figure class=\"aligncenter size-large\"><img decoding=\"async\" width=\"1024\" height=\"576\" src=\"https:\/\/www.correiobraziliense.com.br\/cbradar\/wp-content\/uploads\/2025\/12\/canva-33-1024x576.png\" alt=\"Uma das maiores cidades do Rio de Janeiro conquista visitantes com sua prosperidade e efici\u00eancia\" class=\"wp-image-161334\" srcset=\"https:\/\/www.correiobraziliense.com.br\/cbradar\/wp-content\/uploads\/2025\/12\/canva-33-1024x576.png 1024w, https:\/\/www.correiobraziliense.com.br\/cbradar\/wp-content\/uploads\/2025\/12\/canva-33-300x169.png 300w, https:\/\/www.correiobraziliense.com.br\/cbradar\/wp-content\/uploads\/2025\/12\/canva-33-768x432.png 768w, https:\/\/www.correiobraziliense.com.br\/cbradar\/wp-content\/uploads\/2025\/12\/canva-33-750x422.png 750w, https:\/\/www.correiobraziliense.com.br\/cbradar\/wp-content\/uploads\/2025\/12\/canva-33-1140x641.png 1140w, https:\/\/www.correiobraziliense.com.br\/cbradar\/wp-content\/uploads\/2025\/12\/canva-33.png 1280w\" sizes=\"(max-width: 1024px) 100vw, 1024px\" \/><figcaption class=\"wp-element-caption\">Volta Redonda oferece CSN como maior empregadora, sa\u00fade\/educa\u00e7\u00e3o de qualidade, seguran\u00e7a refor\u00e7ada e custo de vida acess\u00edvel pr\u00f3ximo ao RJ. \/\/ Cr\u00e9ditos: Wikip\u00e9dia<\/figcaption><\/figure><\/div>\n\n\n<h2 class=\"wp-block-heading\">O apelido &#8220;Cidade do A\u00e7o&#8221; influencia o clima?<\/h2>\n\n\n\n<p>A geografia de vale, somada \u00e0 atividade industrial e \u00e0 urbaniza\u00e7\u00e3o densa, cria uma &#8220;ilha de calor&#8221; que justifica a fama de cidade quente. Segundo o <strong>Climatempo<\/strong>, as temperaturas no ver\u00e3o s\u00e3o elevadas e o ar costuma ficar seco no inverno devido \u00e0 posi\u00e7\u00e3o no vale do Rio Para\u00edba do Sul.<\/p>\n\n\n\n<p>O planejamento da viagem ou da mudan\u00e7a deve considerar esse perfil t\u00e9rmico:<\/p>\n\n\n\n<figure class=\"wp-block-table\"><table class=\"has-fixed-layout\"><tbody><tr><th>Esta\u00e7\u00e3o\/Meses<\/th><th>Temperatura<\/th><th>O que esperar<\/th><\/tr><tr><td>Dez a Mar (Ver\u00e3o)<\/td><td>23\u00b0C a 36\u00b0C<\/td><td>Calor intenso, pancadas de chuva no fim do dia e noites abafadas.<\/td><\/tr><tr><td>Abr a Jun (Outono)<\/td><td>18\u00b0C a 28\u00b0C<\/td><td>Clima mais agrad\u00e1vel, diminui\u00e7\u00e3o das chuvas e dias claros.<\/td><\/tr><tr><td>Jul a Set (Inverno)<\/td><td>13\u00b0C a 27\u00b0C<\/td><td>Tempo seco, noites frescas e grande amplitude t\u00e9rmica di\u00e1ria.<\/td><\/tr><\/tbody><\/table><\/figure>\n\n\n\n<h2 class=\"wp-block-heading\">Volta Redonda \u00e9 o motor do desenvolvimento no Sul Fluminense<\/h2>\n\n\n\n<p>Escolher viver nesta cidade \u00e9 optar por uma infraestrutura urbana acima da m\u00e9dia nacional:<\/p>\n\n\n\n<ul class=\"wp-block-list\">\n<li>Acesso r\u00e1pido ao <strong>Rio de Janeiro<\/strong> e a <strong>S\u00e3o Paulo<\/strong> pela Rodovia Dutra.<\/li>\n\n\n\n<li>Excel\u00eancia em sa\u00fade p\u00fablica e um sistema educacional que cobre do ensino b\u00e1sico ao superior.<\/li>\n\n\n\n<li>Oferta de lazer p\u00fablico gratuito e de qualidade, exemplificado pelo Zool\u00f3gico e Parque Aqu\u00e1tico.<\/li>\n<\/ul>\n\n\n\n<p>Voc\u00ea precisa caminhar sob as \u00e1rvores da Vila Santa Cec\u00edlia num fim de tarde.<\/p>\n","protected":false},"excerpt":{"rendered":"<p>Volta Redonda, conhecida como a &#8220;Cidade do A\u00e7o&#8221;, localiza-se estrategicamente no Vale do Para\u00edba, a 127 km do Rio de Janeiro. Cortada pela Rodovia Presidente Dutra, a cidade atua como o centro nervoso da economia regional, oferecendo infraestrutura de capital no interior do estado. Por que a cidade \u00e9 refer\u00eancia em qualidade de vida no [&hellip;]<\/p>\n","protected":false},"author":8,"featured_media":161333,"comment_status":"open","ping_status":"open","sticky":false,"template":"","format":"standard","meta":{"_yoast_wpseo_focuskw":"Cidade do A\u00e7o","_yoast_wpseo_title":"","_yoast_wpseo_metadesc":"Essa cidade do Rio conhecida como Cidade do A\u00e7o se destaca pela prosperidade econ\u00f4mica e pela efici\u00eancia urbana.","jnews-multi-image_gallery":[],"jnews_single_post":{"format":"standard"},"jnews_primary_category":[],"jnews_social_meta":[],"jnews_override_counter":[],"footnotes":""},"categories":[108,111],"tags":[304,13099],"class_list":["post-179905","post","type-post","status-publish","format-standard","has-post-thumbnail","hentry","category-cidades","category-turismo","tag-rio-de-janeiro","tag-volta-redonda"],"yoast_head":"<!-- This site is optimized with the Yoast SEO plugin v24.6 - https:\/\/yoast.com\/wordpress\/plugins\/seo\/ -->\n<title>A &quot;Cidade do A\u00e7o&quot; no Rio de Janeiro conquista visitantes com sua prosperidade e efici\u00eancia - Correio Braziliense - Radar<\/title>\n<meta name=\"description\" content=\"Essa cidade do Rio conhecida como Cidade do A\u00e7o se destaca pela prosperidade econ\u00f4mica e pela efici\u00eancia urbana.\" \/>\n<meta name=\"robots\" content=\"index, follow, max-snippet:-1, max-image-preview:large, max-video-preview:-1\" \/>\n<link rel=\"canonical\" href=\"https:\/\/www.correiobraziliense.com.br\/cbradar\/a-cidade-do-aco-no-rio-de-janeiro-conquista-visitantes-com-sua-prosperidade-e-eficiencia\/\" \/>\n<meta property=\"og:locale\" content=\"pt_BR\" \/>\n<meta property=\"og:type\" content=\"article\" \/>\n<meta property=\"og:title\" content=\"A &quot;Cidade do A\u00e7o&quot; no Rio de Janeiro conquista visitantes com sua prosperidade e efici\u00eancia - Correio Braziliense - Radar\" \/>\n<meta property=\"og:description\" content=\"Essa cidade do Rio conhecida como Cidade do A\u00e7o se destaca pela prosperidade econ\u00f4mica e pela efici\u00eancia urbana.\" \/>\n<meta property=\"og:url\" content=\"https:\/\/www.correiobraziliense.com.br\/cbradar\/a-cidade-do-aco-no-rio-de-janeiro-conquista-visitantes-com-sua-prosperidade-e-eficiencia\/\" \/>\n<meta property=\"og:site_name\" content=\"Correio Braziliense - Radar\" \/>\n<meta property=\"article:published_time\" content=\"2026-01-24T00:05:00+00:00\" \/>\n<meta property=\"og:image\" content=\"https:\/\/www.correiobraziliense.com.br\/cbradar\/wp-content\/uploads\/2025\/12\/canva-34.png\" \/>\n\t<meta property=\"og:image:width\" content=\"1280\" \/>\n\t<meta property=\"og:image:height\" content=\"720\" \/>\n\t<meta property=\"og:image:type\" content=\"image\/png\" \/>\n<meta name=\"author\" content=\"Maura Pereira\" \/>\n<meta name=\"twitter:card\" content=\"summary_large_image\" \/>\n<meta name=\"twitter:label1\" content=\"Escrito por\" \/>\n\t<meta name=\"twitter:data1\" content=\"Maura Pereira\" \/>\n\t<meta name=\"twitter:label2\" content=\"Est. tempo de leitura\" \/>\n\t<meta name=\"twitter:data2\" content=\"5 minutos\" \/>\n<!-- \/ Yoast SEO plugin. -->","yoast_head_json":{"title":"A \"Cidade do A\u00e7o\" no Rio de Janeiro conquista visitantes com sua prosperidade e efici\u00eancia - Correio Braziliense - Radar","description":"Essa cidade do Rio conhecida como Cidade do A\u00e7o se destaca pela prosperidade econ\u00f4mica e pela efici\u00eancia urbana.","robots":{"index":"index","follow":"follow","max-snippet":"max-snippet:-1","max-image-preview":"max-image-preview:large","max-video-preview":"max-video-preview:-1"},"canonical":"https:\/\/www.correiobraziliense.com.br\/cbradar\/a-cidade-do-aco-no-rio-de-janeiro-conquista-visitantes-com-sua-prosperidade-e-eficiencia\/","og_locale":"pt_BR","og_type":"article","og_title":"A \"Cidade do A\u00e7o\" no Rio de Janeiro conquista visitantes com sua prosperidade e efici\u00eancia - Correio Braziliense - Radar","og_description":"Essa cidade do Rio conhecida como Cidade do A\u00e7o se destaca pela prosperidade econ\u00f4mica e pela efici\u00eancia urbana.","og_url":"https:\/\/www.correiobraziliense.com.br\/cbradar\/a-cidade-do-aco-no-rio-de-janeiro-conquista-visitantes-com-sua-prosperidade-e-eficiencia\/","og_site_name":"Correio Braziliense - Radar","article_published_time":"2026-01-24T00:05:00+00:00","og_image":[{"width":1280,"height":720,"url":"https:\/\/www.correiobraziliense.com.br\/cbradar\/wp-content\/uploads\/2025\/12\/canva-34.png","type":"image\/png"}],"author":"Maura Pereira","twitter_card":"summary_large_image","twitter_misc":{"Escrito por":"Maura Pereira","Est. tempo de leitura":"5 minutos"},"schema":{"@context":"https:\/\/schema.org","@graph":[{"@type":"WebPage","@id":"https:\/\/www.correiobraziliense.com.br\/cbradar\/a-cidade-do-aco-no-rio-de-janeiro-conquista-visitantes-com-sua-prosperidade-e-eficiencia\/","url":"https:\/\/www.correiobraziliense.com.br\/cbradar\/a-cidade-do-aco-no-rio-de-janeiro-conquista-visitantes-com-sua-prosperidade-e-eficiencia\/","name":"A \"Cidade do A\u00e7o\" no Rio de Janeiro conquista visitantes com sua prosperidade e efici\u00eancia - Correio Braziliense - Radar","isPartOf":{"@id":"https:\/\/www.correiobraziliense.com.br\/cbradar\/#website"},"primaryImageOfPage":{"@id":"https:\/\/www.correiobraziliense.com.br\/cbradar\/a-cidade-do-aco-no-rio-de-janeiro-conquista-visitantes-com-sua-prosperidade-e-eficiencia\/#primaryimage"},"image":{"@id":"https:\/\/www.correiobraziliense.com.br\/cbradar\/a-cidade-do-aco-no-rio-de-janeiro-conquista-visitantes-com-sua-prosperidade-e-eficiencia\/#primaryimage"},"thumbnailUrl":"https:\/\/www.correiobraziliense.com.br\/cbradar\/wp-content\/uploads\/2025\/12\/canva-34.png","datePublished":"2026-01-24T00:05:00+00:00","author":{"@id":"https:\/\/www.correiobraziliense.com.br\/cbradar\/#\/schema\/person\/4053c651a9bfc785afc6f4cbc9032fd3"},"description":"Essa cidade do Rio conhecida como Cidade do A\u00e7o se destaca pela prosperidade econ\u00f4mica e pela efici\u00eancia urbana.","breadcrumb":{"@id":"https:\/\/www.correiobraziliense.com.br\/cbradar\/a-cidade-do-aco-no-rio-de-janeiro-conquista-visitantes-com-sua-prosperidade-e-eficiencia\/#breadcrumb"},"inLanguage":"pt-BR","potentialAction":[{"@type":"ReadAction","target":["https:\/\/www.correiobraziliense.com.br\/cbradar\/a-cidade-do-aco-no-rio-de-janeiro-conquista-visitantes-com-sua-prosperidade-e-eficiencia\/"]}]},{"@type":"ImageObject","inLanguage":"pt-BR","@id":"https:\/\/www.correiobraziliense.com.br\/cbradar\/a-cidade-do-aco-no-rio-de-janeiro-conquista-visitantes-com-sua-prosperidade-e-eficiencia\/#primaryimage","url":"https:\/\/www.correiobraziliense.com.br\/cbradar\/wp-content\/uploads\/2025\/12\/canva-34.png","contentUrl":"https:\/\/www.correiobraziliense.com.br\/cbradar\/wp-content\/uploads\/2025\/12\/canva-34.png","width":1280,"height":720,"caption":"Em Volta Redonda, curta Vila Santa Cec\u00edlia, pra\u00e7as arborizadas e vibe industrial acolhedora com com\u00e9rcio animado e f\u00e1cil acesso. \/\/ Cr\u00e9ditos: Wikip\u00e9dia"},{"@type":"BreadcrumbList","@id":"https:\/\/www.correiobraziliense.com.br\/cbradar\/a-cidade-do-aco-no-rio-de-janeiro-conquista-visitantes-com-sua-prosperidade-e-eficiencia\/#breadcrumb","itemListElement":[{"@type":"ListItem","position":1,"name":"In\u00edcio","item":"https:\/\/www.correiobraziliense.com.br\/cbradar\/"},{"@type":"ListItem","position":2,"name":"A &#8220;Cidade do A\u00e7o&#8221; no Rio de Janeiro conquista visitantes com sua prosperidade e efici\u00eancia"}]},{"@type":"WebSite","@id":"https:\/\/www.correiobraziliense.com.br\/cbradar\/#website","url":"https:\/\/www.correiobraziliense.com.br\/cbradar\/","name":"Correio Braziliense - Radar","description":"Acompanhe as \u00faltimas not\u00edcias e fique bem informado sobre tudo o que acontece no Brasil e no mundo.","potentialAction":[{"@type":"SearchAction","target":{"@type":"EntryPoint","urlTemplate":"https:\/\/www.correiobraziliense.com.br\/cbradar\/?s={search_term_string}"},"query-input":{"@type":"PropertyValueSpecification","valueRequired":true,"valueName":"search_term_string"}}],"inLanguage":"pt-BR"},{"@type":"Person","@id":"https:\/\/www.correiobraziliense.com.br\/cbradar\/#\/schema\/person\/4053c651a9bfc785afc6f4cbc9032fd3","name":"Maura Pereira","image":{"@type":"ImageObject","inLanguage":"pt-BR","@id":"https:\/\/www.correiobraziliense.com.br\/cbradar\/#\/schema\/person\/image\/","url":"https:\/\/secure.gravatar.com\/avatar\/3effd6bdadfa447f15089c7f7144eaa6?s=96&d=mm&r=g","contentUrl":"https:\/\/secure.gravatar.com\/avatar\/3effd6bdadfa447f15089c7f7144eaa6?s=96&d=mm&r=g","caption":"Maura Pereira"},"sameAs":["https:\/\/www.correiobraziliense.com.br\/"],"url":"https:\/\/www.correiobraziliense.com.br\/cbradar\/author\/mauramyth\/"}]}},"_links":{"self":[{"href":"https:\/\/www.correiobraziliense.com.br\/cbradar\/wp-json\/wp\/v2\/posts\/179905","targetHints":{"allow":["GET"]}}],"collection":[{"href":"https:\/\/www.correiobraziliense.com.br\/cbradar\/wp-json\/wp\/v2\/posts"}],"about":[{"href":"https:\/\/www.correiobraziliense.com.br\/cbradar\/wp-json\/wp\/v2\/types\/post"}],"author":[{"embeddable":true,"href":"https:\/\/www.correiobraziliense.com.br\/cbradar\/wp-json\/wp\/v2\/users\/8"}],"replies":[{"embeddable":true,"href":"https:\/\/www.correiobraziliense.com.br\/cbradar\/wp-json\/wp\/v2\/comments?post=179905"}],"version-history":[{"count":11,"href":"https:\/\/www.correiobraziliense.com.br\/cbradar\/wp-json\/wp\/v2\/posts\/179905\/revisions"}],"predecessor-version":[{"id":179941,"href":"https:\/\/www.correiobraziliense.com.br\/cbradar\/wp-json\/wp\/v2\/posts\/179905\/revisions\/179941"}],"wp:featuredmedia":[{"embeddable":true,"href":"https:\/\/www.correiobraziliense.com.br\/cbradar\/wp-json\/wp\/v2\/media\/161333"}],"wp:attachment":[{"href":"https:\/\/www.correiobraziliense.com.br\/cbradar\/wp-json\/wp\/v2\/media?parent=179905"}],"wp:term":[{"taxonomy":"category","embeddable":true,"href":"https:\/\/www.correiobraziliense.com.br\/cbradar\/wp-json\/wp\/v2\/categories?post=179905"},{"taxonomy":"post_tag","embeddable":true,"href":"https:\/\/www.correiobraziliense.com.br\/cbradar\/wp-json\/wp\/v2\/tags?post=179905"}],"curies":[{"name":"wp","href":"https:\/\/api.w.org\/{rel}","templated":true}]}}