{"id":179908,"date":"2026-01-23T19:15:00","date_gmt":"2026-01-23T22:15:00","guid":{"rendered":"https:\/\/www.correiobraziliense.com.br\/cbradar\/?p=179908"},"modified":"2026-01-23T05:02:53","modified_gmt":"2026-01-23T08:02:53","slug":"a-segunda-maior-cidade-de-minas-gerais-esta-atraindo-novos-moradores-em-busca-de-prosperidade-para-negocios-e-tranquilidade","status":"publish","type":"post","link":"https:\/\/www.correiobraziliense.com.br\/cbradar\/a-segunda-maior-cidade-de-minas-gerais-esta-atraindo-novos-moradores-em-busca-de-prosperidade-para-negocios-e-tranquilidade\/","title":{"rendered":"A segunda maior cidade de Minas Gerais est\u00e1 atraindo novos moradores em busca de prosperidade para neg\u00f3cios e tranquilidade"},"content":{"rendered":"\n<p><strong>Uberl\u00e2ndia<\/strong> \u00e9 a metr\u00f3pole do Tri\u00e2ngulo Mineiro e o segundo maior munic\u00edpio de <strong>Minas Gerais<\/strong>, localizada a 537 km de <strong>Belo Horizonte<\/strong>. Sua posi\u00e7\u00e3o geogr\u00e1fica privilegiada transformou a cidade no principal hub de distribui\u00e7\u00e3o do <strong>Brasil<\/strong> central, conectando as regi\u00f5es Sudeste, Centro-Oeste e Norte com efici\u00eancia rodovi\u00e1ria.<\/p>\n\n\n\n<h2 class=\"wp-block-heading\">Por que a cidade \u00e9 o centro da log\u00edstica brasileira?<\/h2>\n\n\n\n<p>O setor atacadista e de transporte impulsiona a economia local, gerando renda e atraindo investimentos pesados em infraestrutura. Esse dinamismo econ\u00f4mico reflete diretamente no bem-estar da popula\u00e7\u00e3o, pois dados do<strong>\u00a0<a href=\"https:\/\/cidades.ibge.gov.br\/brasil\/mg\/uberlandia\/panorama\" target=\"_blank\" rel=\"noreferrer noopener\">Instituto Brasileiro de Geografia e Estat\u00edstica<\/a> (PNUD\/IBGE) <\/strong>apontam um<strong> IDH de 0,789<\/strong>, um dos \u00edndices mais elevados do interior do pa\u00eds.<\/p>\n\n\n\n<p>Grandes empresas de e-commerce e varejo instalaram seus centros de distribui\u00e7\u00e3o na regi\u00e3o, aproveitando a malha vi\u00e1ria e o aeroporto moderno. Essa voca\u00e7\u00e3o log\u00edstica blinda a cidade de crises localizadas e mant\u00e9m o mercado de trabalho aquecido, especialmente para profissionais de gest\u00e3o e tecnologia.<\/p>\n\n\n<div class=\"wp-block-image\">\n<figure class=\"aligncenter size-large\"><img decoding=\"async\" width=\"1024\" height=\"576\" src=\"https:\/\/www.correiobraziliense.com.br\/cbradar\/wp-content\/uploads\/2026\/01\/aaa-2026-01-23T045359.447-1024x576.png\" alt=\"A segunda maior cidade de Minas Gerais est\u00e1 atraindo novos moradores em busca de prosperidade para neg\u00f3cios e tranquilidade\" class=\"wp-image-179977\" srcset=\"https:\/\/www.correiobraziliense.com.br\/cbradar\/wp-content\/uploads\/2026\/01\/aaa-2026-01-23T045359.447-1024x576.png 1024w, https:\/\/www.correiobraziliense.com.br\/cbradar\/wp-content\/uploads\/2026\/01\/aaa-2026-01-23T045359.447-300x169.png 300w, https:\/\/www.correiobraziliense.com.br\/cbradar\/wp-content\/uploads\/2026\/01\/aaa-2026-01-23T045359.447-768x432.png 768w, https:\/\/www.correiobraziliense.com.br\/cbradar\/wp-content\/uploads\/2026\/01\/aaa-2026-01-23T045359.447-750x422.png 750w, https:\/\/www.correiobraziliense.com.br\/cbradar\/wp-content\/uploads\/2026\/01\/aaa-2026-01-23T045359.447-1140x641.png 1140w, https:\/\/www.correiobraziliense.com.br\/cbradar\/wp-content\/uploads\/2026\/01\/aaa-2026-01-23T045359.447.png 1280w\" sizes=\"(max-width: 1024px) 100vw, 1024px\" \/><figcaption class=\"wp-element-caption\">Viva Uberl\u00e2ndia, metr\u00f3pole din\u00e2mica onde parques como Sabi\u00e1, arquitetura moderna e feiras mineiras unem progresso e tradi\u00e7\u00e3o no cora\u00e7\u00e3o do Brasil. \/\/ Cr\u00e9ditos: YouTube @ThiagozRodrigues<\/figcaption><\/figure><\/div>\n\n\n<h2 class=\"wp-block-heading\">Como o bairro Granja Marileusa inova o urbanismo?<\/h2>\n\n\n\n<p><strong>Uberl\u00e2ndia<\/strong> destaca-se pelo planejamento urbano moderno, exemplificado pelo bairro planejado <strong>Granja Marileusa<\/strong>. O local funciona como um polo de tecnologia e micropol\u00edtica urbana, integrando resid\u00eancias, empresas de TI e \u00e1reas de lazer com foco em sustentabilidade e energia solar.<\/p>\n\n\n\n<p>A presen\u00e7a da sede do <strong>Grupo Algar<\/strong>, gigante das telecomunica\u00e7\u00f5es nascida na cidade, fomenta um ecossistema de startups e inova\u00e7\u00e3o. Esse ambiente atrai jovens talentos e coloca o munic\u00edpio na rota das &#8220;Smart Cities&#8221; brasileiras, oferecendo conectividade e servi\u00e7os digitais avan\u00e7ados.<\/p>\n\n\n\n<p><strong>Prepare-se para se encantar com as belezas e a hist\u00f3ria de Penedo, a charmosa cidade \u00e0s margens do Rio S\u00e3o Francisco. <\/strong>O v\u00eddeo \u00e9 do canal<strong> Cidades &amp; Cia<\/strong>, que conta com mais de <strong>75 mil inscritos<\/strong>, e apresenta o rico patrim\u00f4nio hist\u00f3rico de Alagoas, destacando igrejas centen\u00e1rias, o Convento de S\u00e3o Francisco e a import\u00e2ncia cultural da regi\u00e3o:<\/p>\n\n\n\n<figure class=\"wp-block-embed aligncenter is-type-video is-provider-youtube wp-block-embed-youtube wp-embed-aspect-16-9 wp-has-aspect-ratio\"><div class=\"wp-block-embed__wrapper\">\n<div class=\"jeg_video_container jeg_video_content\"><iframe loading=\"lazy\" title=\"UBERL\u00c2NDIA (MG). Cidade dos BILH\u00d5ES com Emprego Sobrando, Crescimento INSANO e fazendo muitos RICOS.\" width=\"500\" height=\"281\" src=\"https:\/\/www.youtube.com\/embed\/O-bNLpSHdDw?start=31&#038;feature=oembed\" frameborder=\"0\" allow=\"accelerometer; autoplay; clipboard-write; encrypted-media; gyroscope; picture-in-picture; web-share\" referrerpolicy=\"strict-origin-when-cross-origin\" allowfullscreen><\/iframe><\/div>\n<\/div><\/figure>\n\n\n\n<h2 class=\"wp-block-heading\">Qual \u00e9 a popula\u00e7\u00e3o atual da capital do Tri\u00e2ngulo?<\/h2>\n\n\n\n<p>O <strong>IBGE<\/strong> registrou 713.234 habitantes no Censo de 2022. A cidade possui uma demografia jovem e qualificada, impulsionada pela <strong>Universidade Federal de Uberl\u00e2ndia (UFU)<\/strong>, que traz milhares de estudantes de todo o pa\u00eds para seus diversos campi.<\/p>\n\n\n\n<p>A rede de sa\u00fade \u00e9 refer\u00eancia de alta complexidade, atendendo pacientes de todo o Tri\u00e2ngulo e do sul de <strong>Goi\u00e1s<\/strong>. O crescimento populacional \u00e9 acompanhado por obras de mobilidade, como viadutos e corredores de \u00f4nibus, que tentam manter o tr\u00e2nsito fluido.<\/p>\n\n\n\n<h2 class=\"wp-block-heading\">O Parque do Sabi\u00e1 \u00e9 realmente um dos maiores do pa\u00eds?<\/h2>\n\n\n\n<p>Sim, o <strong>Parque do Sabi\u00e1<\/strong> \u00e9 o pulm\u00e3o verde da cidade, com uma \u00e1rea de 1,8 milh\u00e3o de metros quadrados, superando em tamanho parques famosos de capitais. O complexo inclui zool\u00f3gico, aqu\u00e1rio, lagos e uma pista de caminhada de 5 km que \u00e9 o ponto de encontro di\u00e1rio dos moradores.<\/p>\n\n\n\n<p>Al\u00e9m deste gigante verde, a cidade oferece op\u00e7\u00f5es de lazer que misturam cultura e natureza:<\/p>\n\n\n\n<ul class=\"wp-block-list\">\n<li><strong>Mercado Municipal<\/strong>: Espa\u00e7o hist\u00f3rico revitalizado onde se encontra o melhor da gastronomia mineira, queijos e cacha\u00e7as.<\/li>\n\n\n\n<li><strong>Museu Universit\u00e1rio de Arte (MUnA)<\/strong>: Mantido pela UFU, oferece exposi\u00e7\u00f5es de arte contempor\u00e2nea e oficinas culturais.<\/li>\n\n\n\n<li><strong>Cachoeira do Sucupira<\/strong>: Queda d&#8217;\u00e1gua natural localizada a poucos quil\u00f4metros do centro, ideal para ecoturismo r\u00e1pido.<\/li>\n\n\n\n<li><strong>Center Shopping<\/strong>: Um dos centros comerciais mais antigos e completos do interior, funcionando como polo social.<\/li>\n<\/ul>\n\n\n<div class=\"wp-block-image\">\n<figure class=\"aligncenter size-large\"><img decoding=\"async\" width=\"1024\" height=\"576\" src=\"https:\/\/www.correiobraziliense.com.br\/cbradar\/wp-content\/uploads\/2026\/01\/aaa-2026-01-23T045405.638-1024x576.png\" alt=\"A segunda maior cidade de Minas Gerais est\u00e1 atraindo novos moradores em busca de prosperidade para neg\u00f3cios e tranquilidade\" class=\"wp-image-179976\" srcset=\"https:\/\/www.correiobraziliense.com.br\/cbradar\/wp-content\/uploads\/2026\/01\/aaa-2026-01-23T045405.638-1024x576.png 1024w, https:\/\/www.correiobraziliense.com.br\/cbradar\/wp-content\/uploads\/2026\/01\/aaa-2026-01-23T045405.638-300x169.png 300w, https:\/\/www.correiobraziliense.com.br\/cbradar\/wp-content\/uploads\/2026\/01\/aaa-2026-01-23T045405.638-768x432.png 768w, https:\/\/www.correiobraziliense.com.br\/cbradar\/wp-content\/uploads\/2026\/01\/aaa-2026-01-23T045405.638-750x422.png 750w, https:\/\/www.correiobraziliense.com.br\/cbradar\/wp-content\/uploads\/2026\/01\/aaa-2026-01-23T045405.638-1140x641.png 1140w, https:\/\/www.correiobraziliense.com.br\/cbradar\/wp-content\/uploads\/2026\/01\/aaa-2026-01-23T045405.638.png 1280w\" sizes=\"(max-width: 1024px) 100vw, 1024px\" \/><figcaption class=\"wp-element-caption\">Passeie no Parque do Sabi\u00e1 de Uberl\u00e2ndia, com lagos, trilhas e pistas para caminhada relaxante em meio \u00e0 natureza urbana. \/\/ Cr\u00e9ditos: YouTube @ThiagozRodrigues<\/figcaption><\/figure><\/div>\n\n\n<p><strong>Leia tamb\u00e9m: <a href=\"https:\/\/www.correiobraziliense.com.br\/cbradar\/essa-folha-verde-e-rica-em-fibras-vitaminas-e-minerais-e-ainda-e-facil-de-preparar-em-casa\/\" target=\"_blank\" rel=\"noreferrer noopener\">Essa folha verde \u00e9 rica em fibras, vitaminas e minerais, e ainda \u00e9 f\u00e1cil de preparar em casa.<\/a><\/strong><\/p>\n\n\n\n<h2 class=\"wp-block-heading\">O clima seco do Cerrado exige cuidados?<\/h2>\n\n\n\n<p>O clima \u00e9 tropical de altitude com caracter\u00edsticas fortes de savana (Cerrado), o que significa invernos extremamente secos. Segundo o <strong><a href=\"https:\/\/www.climatempo.com.br\/previsao-do-tempo\/cidade\/203\/uberlandia-mg\" target=\"_blank\" rel=\"noreferrer noopener\">Climatempo<\/a><\/strong>, a umidade relativa do ar pode atingir n\u00edveis de emerg\u00eancia entre agosto e setembro, exigindo hidrata\u00e7\u00e3o constante.<\/p>\n\n\n\n<p>As esta\u00e7\u00f5es s\u00e3o bem definidas, alternando entre o per\u00edodo chuvoso e a estiagem severa, conforme a tabela:<\/p>\n\n\n\n<figure class=\"wp-block-table\"><table class=\"has-fixed-layout\"><tbody><tr><th>Esta\u00e7\u00e3o\/Meses<\/th><th>Temperatura<\/th><th>O que esperar<\/th><\/tr><tr><td>Out a Mar (Chuvoso)<\/td><td>20\u00b0C a 30\u00b0C<\/td><td>Calor \u00famido, tempestades frequentes e vegeta\u00e7\u00e3o verde.<\/td><\/tr><tr><td>Abr a Jul (Ameno)<\/td><td>13\u00b0C a 27\u00b0C<\/td><td>Dias ensolarados, noites frescas e redu\u00e7\u00e3o das chuvas.<\/td><\/tr><tr><td>Ago e Set (Seco)<\/td><td>16\u00b0C a 33\u00b0C<\/td><td>Baix\u00edssima umidade (&#8220;clima de deserto&#8221;), poeira e calor.<\/td><\/tr><\/tbody><\/table><\/figure>\n\n\n\n<h2 class=\"wp-block-heading\">Uberl\u00e2ndia une oportunidades de metr\u00f3pole e vida ao ar livre<\/h2>\n\n\n\n<p>Escolher viver nesta pot\u00eancia mineira \u00e9 garantir acesso a uma infraestrutura de capital com custos do interior:<\/p>\n\n\n\n<ul class=\"wp-block-list\">\n<li>Mercado de trabalho din\u00e2mico nos setores de log\u00edstica, tecnologia e agroneg\u00f3cio.<\/li>\n\n\n\n<li>Educa\u00e7\u00e3o superior de excel\u00eancia com uma das melhores universidades federais do <strong>Brasil<\/strong>.<\/li>\n\n\n\n<li>Qualidade de vida garantida pelo imenso <strong>Parque do Sabi\u00e1<\/strong> e clubes recreativos tradicionais.<\/li>\n<\/ul>\n\n\n\n<p>Voc\u00ea precisa provar um p\u00e3o de queijo fresco no Mercado Municipal.<\/p>\n","protected":false},"excerpt":{"rendered":"<p>Uberl\u00e2ndia \u00e9 a metr\u00f3pole do Tri\u00e2ngulo Mineiro e o segundo maior munic\u00edpio de Minas Gerais, localizada a 537 km de Belo Horizonte. Sua posi\u00e7\u00e3o geogr\u00e1fica privilegiada transformou a cidade no principal hub de distribui\u00e7\u00e3o do Brasil central, conectando as regi\u00f5es Sudeste, Centro-Oeste e Norte com efici\u00eancia rodovi\u00e1ria. Por que a cidade \u00e9 o centro da [&hellip;]<\/p>\n","protected":false},"author":8,"featured_media":179982,"comment_status":"open","ping_status":"open","sticky":false,"template":"","format":"standard","meta":{"_yoast_wpseo_focuskw":"cidade de minas gerais","_yoast_wpseo_title":"","_yoast_wpseo_metadesc":"Essa cidade \u00e9 a segunda maior de Minas Gerais e vem atraindo novos moradores ao unir prosperidade econ\u00f4mica e tranquilidade.","jnews-multi-image_gallery":[],"jnews_single_post":{"format":"standard"},"jnews_primary_category":[],"jnews_social_meta":[],"jnews_override_counter":[],"footnotes":""},"categories":[108,111],"tags":[388,1356],"class_list":["post-179908","post","type-post","status-publish","format-standard","has-post-thumbnail","hentry","category-cidades","category-turismo","tag-minas-gerais","tag-uberlandia"],"yoast_head":"<!-- This site is optimized with the Yoast SEO plugin v24.6 - https:\/\/yoast.com\/wordpress\/plugins\/seo\/ -->\n<title>A segunda maior cidade de Minas Gerais est\u00e1 atraindo novos moradores em busca de prosperidade para neg\u00f3cios e tranquilidade - Correio Braziliense - Radar<\/title>\n<meta name=\"description\" content=\"Essa cidade \u00e9 a segunda maior de Minas Gerais e vem atraindo novos moradores ao unir prosperidade econ\u00f4mica e tranquilidade.\" \/>\n<meta name=\"robots\" content=\"index, follow, max-snippet:-1, max-image-preview:large, max-video-preview:-1\" \/>\n<link rel=\"canonical\" href=\"https:\/\/www.correiobraziliense.com.br\/cbradar\/a-segunda-maior-cidade-de-minas-gerais-esta-atraindo-novos-moradores-em-busca-de-prosperidade-para-negocios-e-tranquilidade\/\" \/>\n<meta property=\"og:locale\" content=\"pt_BR\" \/>\n<meta property=\"og:type\" content=\"article\" \/>\n<meta property=\"og:title\" content=\"A segunda maior cidade de Minas Gerais est\u00e1 atraindo novos moradores em busca de prosperidade para neg\u00f3cios e tranquilidade - Correio Braziliense - Radar\" \/>\n<meta property=\"og:description\" content=\"Essa cidade \u00e9 a segunda maior de Minas Gerais e vem atraindo novos moradores ao unir prosperidade econ\u00f4mica e tranquilidade.\" \/>\n<meta property=\"og:url\" content=\"https:\/\/www.correiobraziliense.com.br\/cbradar\/a-segunda-maior-cidade-de-minas-gerais-esta-atraindo-novos-moradores-em-busca-de-prosperidade-para-negocios-e-tranquilidade\/\" \/>\n<meta property=\"og:site_name\" content=\"Correio Braziliense - Radar\" \/>\n<meta property=\"article:published_time\" content=\"2026-01-23T22:15:00+00:00\" \/>\n<meta property=\"og:image\" content=\"https:\/\/www.correiobraziliense.com.br\/cbradar\/wp-content\/uploads\/2026\/01\/aaa-2026-01-23T050142.358.png\" \/>\n\t<meta property=\"og:image:width\" content=\"1280\" \/>\n\t<meta property=\"og:image:height\" content=\"720\" \/>\n\t<meta property=\"og:image:type\" content=\"image\/png\" \/>\n<meta name=\"author\" content=\"Maura Pereira\" \/>\n<meta name=\"twitter:card\" content=\"summary_large_image\" \/>\n<meta name=\"twitter:label1\" content=\"Escrito por\" \/>\n\t<meta name=\"twitter:data1\" content=\"Maura Pereira\" \/>\n\t<meta name=\"twitter:label2\" content=\"Est. tempo de leitura\" \/>\n\t<meta name=\"twitter:data2\" content=\"5 minutos\" \/>\n<!-- \/ Yoast SEO plugin. -->","yoast_head_json":{"title":"A segunda maior cidade de Minas Gerais est\u00e1 atraindo novos moradores em busca de prosperidade para neg\u00f3cios e tranquilidade - Correio Braziliense - Radar","description":"Essa cidade \u00e9 a segunda maior de Minas Gerais e vem atraindo novos moradores ao unir prosperidade econ\u00f4mica e tranquilidade.","robots":{"index":"index","follow":"follow","max-snippet":"max-snippet:-1","max-image-preview":"max-image-preview:large","max-video-preview":"max-video-preview:-1"},"canonical":"https:\/\/www.correiobraziliense.com.br\/cbradar\/a-segunda-maior-cidade-de-minas-gerais-esta-atraindo-novos-moradores-em-busca-de-prosperidade-para-negocios-e-tranquilidade\/","og_locale":"pt_BR","og_type":"article","og_title":"A segunda maior cidade de Minas Gerais est\u00e1 atraindo novos moradores em busca de prosperidade para neg\u00f3cios e tranquilidade - Correio Braziliense - Radar","og_description":"Essa cidade \u00e9 a segunda maior de Minas Gerais e vem atraindo novos moradores ao unir prosperidade econ\u00f4mica e tranquilidade.","og_url":"https:\/\/www.correiobraziliense.com.br\/cbradar\/a-segunda-maior-cidade-de-minas-gerais-esta-atraindo-novos-moradores-em-busca-de-prosperidade-para-negocios-e-tranquilidade\/","og_site_name":"Correio Braziliense - Radar","article_published_time":"2026-01-23T22:15:00+00:00","og_image":[{"width":1280,"height":720,"url":"https:\/\/www.correiobraziliense.com.br\/cbradar\/wp-content\/uploads\/2026\/01\/aaa-2026-01-23T050142.358.png","type":"image\/png"}],"author":"Maura Pereira","twitter_card":"summary_large_image","twitter_misc":{"Escrito por":"Maura Pereira","Est. tempo de leitura":"5 minutos"},"schema":{"@context":"https:\/\/schema.org","@graph":[{"@type":"WebPage","@id":"https:\/\/www.correiobraziliense.com.br\/cbradar\/a-segunda-maior-cidade-de-minas-gerais-esta-atraindo-novos-moradores-em-busca-de-prosperidade-para-negocios-e-tranquilidade\/","url":"https:\/\/www.correiobraziliense.com.br\/cbradar\/a-segunda-maior-cidade-de-minas-gerais-esta-atraindo-novos-moradores-em-busca-de-prosperidade-para-negocios-e-tranquilidade\/","name":"A segunda maior cidade de Minas Gerais est\u00e1 atraindo novos moradores em busca de prosperidade para neg\u00f3cios e tranquilidade - Correio Braziliense - Radar","isPartOf":{"@id":"https:\/\/www.correiobraziliense.com.br\/cbradar\/#website"},"primaryImageOfPage":{"@id":"https:\/\/www.correiobraziliense.com.br\/cbradar\/a-segunda-maior-cidade-de-minas-gerais-esta-atraindo-novos-moradores-em-busca-de-prosperidade-para-negocios-e-tranquilidade\/#primaryimage"},"image":{"@id":"https:\/\/www.correiobraziliense.com.br\/cbradar\/a-segunda-maior-cidade-de-minas-gerais-esta-atraindo-novos-moradores-em-busca-de-prosperidade-para-negocios-e-tranquilidade\/#primaryimage"},"thumbnailUrl":"https:\/\/www.correiobraziliense.com.br\/cbradar\/wp-content\/uploads\/2026\/01\/aaa-2026-01-23T050142.358.png","datePublished":"2026-01-23T22:15:00+00:00","author":{"@id":"https:\/\/www.correiobraziliense.com.br\/cbradar\/#\/schema\/person\/4053c651a9bfc785afc6f4cbc9032fd3"},"description":"Essa cidade \u00e9 a segunda maior de Minas Gerais e vem atraindo novos moradores ao unir prosperidade econ\u00f4mica e tranquilidade.","breadcrumb":{"@id":"https:\/\/www.correiobraziliense.com.br\/cbradar\/a-segunda-maior-cidade-de-minas-gerais-esta-atraindo-novos-moradores-em-busca-de-prosperidade-para-negocios-e-tranquilidade\/#breadcrumb"},"inLanguage":"pt-BR","potentialAction":[{"@type":"ReadAction","target":["https:\/\/www.correiobraziliense.com.br\/cbradar\/a-segunda-maior-cidade-de-minas-gerais-esta-atraindo-novos-moradores-em-busca-de-prosperidade-para-negocios-e-tranquilidade\/"]}]},{"@type":"ImageObject","inLanguage":"pt-BR","@id":"https:\/\/www.correiobraziliense.com.br\/cbradar\/a-segunda-maior-cidade-de-minas-gerais-esta-atraindo-novos-moradores-em-busca-de-prosperidade-para-negocios-e-tranquilidade\/#primaryimage","url":"https:\/\/www.correiobraziliense.com.br\/cbradar\/wp-content\/uploads\/2026\/01\/aaa-2026-01-23T050142.358.png","contentUrl":"https:\/\/www.correiobraziliense.com.br\/cbradar\/wp-content\/uploads\/2026\/01\/aaa-2026-01-23T050142.358.png","width":1280,"height":720,"caption":"Uberl\u00e2ndia oferece Parque do Sabi\u00e1, Pra\u00e7a Tubal Vilela, Teatro Municipal Niemeyer e Mercado Municipal para lazer cultural. \/ Imagem Ilustrativa"},{"@type":"BreadcrumbList","@id":"https:\/\/www.correiobraziliense.com.br\/cbradar\/a-segunda-maior-cidade-de-minas-gerais-esta-atraindo-novos-moradores-em-busca-de-prosperidade-para-negocios-e-tranquilidade\/#breadcrumb","itemListElement":[{"@type":"ListItem","position":1,"name":"In\u00edcio","item":"https:\/\/www.correiobraziliense.com.br\/cbradar\/"},{"@type":"ListItem","position":2,"name":"A segunda maior cidade de Minas Gerais est\u00e1 atraindo novos moradores em busca de prosperidade para neg\u00f3cios e tranquilidade"}]},{"@type":"WebSite","@id":"https:\/\/www.correiobraziliense.com.br\/cbradar\/#website","url":"https:\/\/www.correiobraziliense.com.br\/cbradar\/","name":"Correio Braziliense - Radar","description":"Acompanhe as \u00faltimas not\u00edcias e fique bem informado sobre tudo o que acontece no Brasil e no mundo.","potentialAction":[{"@type":"SearchAction","target":{"@type":"EntryPoint","urlTemplate":"https:\/\/www.correiobraziliense.com.br\/cbradar\/?s={search_term_string}"},"query-input":{"@type":"PropertyValueSpecification","valueRequired":true,"valueName":"search_term_string"}}],"inLanguage":"pt-BR"},{"@type":"Person","@id":"https:\/\/www.correiobraziliense.com.br\/cbradar\/#\/schema\/person\/4053c651a9bfc785afc6f4cbc9032fd3","name":"Maura Pereira","image":{"@type":"ImageObject","inLanguage":"pt-BR","@id":"https:\/\/www.correiobraziliense.com.br\/cbradar\/#\/schema\/person\/image\/","url":"https:\/\/secure.gravatar.com\/avatar\/3effd6bdadfa447f15089c7f7144eaa6?s=96&d=mm&r=g","contentUrl":"https:\/\/secure.gravatar.com\/avatar\/3effd6bdadfa447f15089c7f7144eaa6?s=96&d=mm&r=g","caption":"Maura Pereira"},"sameAs":["https:\/\/www.correiobraziliense.com.br\/"],"url":"https:\/\/www.correiobraziliense.com.br\/cbradar\/author\/mauramyth\/"}]}},"_links":{"self":[{"href":"https:\/\/www.correiobraziliense.com.br\/cbradar\/wp-json\/wp\/v2\/posts\/179908","targetHints":{"allow":["GET"]}}],"collection":[{"href":"https:\/\/www.correiobraziliense.com.br\/cbradar\/wp-json\/wp\/v2\/posts"}],"about":[{"href":"https:\/\/www.correiobraziliense.com.br\/cbradar\/wp-json\/wp\/v2\/types\/post"}],"author":[{"embeddable":true,"href":"https:\/\/www.correiobraziliense.com.br\/cbradar\/wp-json\/wp\/v2\/users\/8"}],"replies":[{"embeddable":true,"href":"https:\/\/www.correiobraziliense.com.br\/cbradar\/wp-json\/wp\/v2\/comments?post=179908"}],"version-history":[{"count":13,"href":"https:\/\/www.correiobraziliense.com.br\/cbradar\/wp-json\/wp\/v2\/posts\/179908\/revisions"}],"predecessor-version":[{"id":179983,"href":"https:\/\/www.correiobraziliense.com.br\/cbradar\/wp-json\/wp\/v2\/posts\/179908\/revisions\/179983"}],"wp:featuredmedia":[{"embeddable":true,"href":"https:\/\/www.correiobraziliense.com.br\/cbradar\/wp-json\/wp\/v2\/media\/179982"}],"wp:attachment":[{"href":"https:\/\/www.correiobraziliense.com.br\/cbradar\/wp-json\/wp\/v2\/media?parent=179908"}],"wp:term":[{"taxonomy":"category","embeddable":true,"href":"https:\/\/www.correiobraziliense.com.br\/cbradar\/wp-json\/wp\/v2\/categories?post=179908"},{"taxonomy":"post_tag","embeddable":true,"href":"https:\/\/www.correiobraziliense.com.br\/cbradar\/wp-json\/wp\/v2\/tags?post=179908"}],"curies":[{"name":"wp","href":"https:\/\/api.w.org\/{rel}","templated":true}]}}