{"id":179984,"date":"2026-01-24T07:55:00","date_gmt":"2026-01-24T10:55:00","guid":{"rendered":"https:\/\/www.correiobraziliense.com.br\/cbradar\/?p=179984"},"modified":"2026-01-24T18:49:08","modified_gmt":"2026-01-24T21:49:08","slug":"onde-os-portoes-do-inferno-guardam-uma-cidade-com-paredoes-gigantescos-que-chegam-a-800-metros-de-altitude-e-belezas-naturais-de-tirar-o-folego","status":"publish","type":"post","link":"https:\/\/www.correiobraziliense.com.br\/cbradar\/onde-os-portoes-do-inferno-guardam-uma-cidade-com-paredoes-gigantescos-que-chegam-a-800-metros-de-altitude-e-belezas-naturais-de-tirar-o-folego\/","title":{"rendered":"Onde um precip\u00edcio guarda uma cidade com pared\u00f5es gigantescos que chegam a 800 metros de altitude e belezas naturais de tirar o f\u00f4lego"},"content":{"rendered":"\n<p><strong>A cidade de Chapada dos Guimar\u00e3es, em Mato Grosso, situa-se a uma&nbsp;altitude m\u00e9dia de aproximadamente&nbsp;<strong>800 metros<\/strong>&nbsp;acima do n\u00edvel do mar<\/strong>, localizada a cerca de 65 km de <strong>Cuiab\u00e1<\/strong>, e guarda o <strong>Parque Nacional da Chapada dos Guimar\u00e3es<\/strong>, sendo o mais acess\u00edvel do Centro-Oeste, mas essa proximidade engana. Embora a estrada (MT-251) seja c\u00eanica, passando pelo impressionante precip\u00edcio do <strong>Port\u00e3o do Inferno<\/strong>, a log\u00edstica interna dos passeios \u00e9 segmentada e repleta de regras que frustram o turista desavisado.<\/p>\n\n\n\n<h2 class=\"wp-block-heading\">Por que n\u00e3o se pode nadar no V\u00e9u de Noiva?<\/h2>\n\n\n\n<p>A <strong>Cachoeira V\u00e9u de Noiva<\/strong> \u00e9 o \u00edcone visual do estado, com 86 metros de queda, mas o acesso ao po\u00e7o para banho est\u00e1 interditado permanentemente por risco de desabamento. O passeio resume-se a uma caminhada curta at\u00e9 um mirante para contempla\u00e7\u00e3o e fotos.<\/p>\n\n\n\n<p>Muitos viajantes chegam com roupa de banho esperando um mergulho refrescante e encontram apenas uma grade de prote\u00e7\u00e3o. Para entrar na \u00e1gua, \u00e9 preciso buscar o circuito das <strong>Cachoeirinhas<\/strong> ou a <strong>Cachoeira dos Namorados<\/strong>, que, felizmente, t\u00eam acesso livre e autoguiado dentro do parque.<\/p>\n\n\n<div class=\"wp-block-image\">\n<figure class=\"aligncenter size-large\"><img decoding=\"async\" width=\"1024\" height=\"576\" src=\"https:\/\/www.correiobraziliense.com.br\/cbradar\/wp-content\/uploads\/2025\/12\/canva-65-1024x576.png\" alt=\"Onde os &quot;Port\u00f5es do Inferno&quot; guardam uma cidade com pared\u00f5es gigantescos que chegam a 800 metros de altitude e belezas naturais de tirar o f\u00f4lego\" class=\"wp-image-161926\" srcset=\"https:\/\/www.correiobraziliense.com.br\/cbradar\/wp-content\/uploads\/2025\/12\/canva-65-1024x576.png 1024w, https:\/\/www.correiobraziliense.com.br\/cbradar\/wp-content\/uploads\/2025\/12\/canva-65-300x169.png 300w, https:\/\/www.correiobraziliense.com.br\/cbradar\/wp-content\/uploads\/2025\/12\/canva-65-768x432.png 768w, https:\/\/www.correiobraziliense.com.br\/cbradar\/wp-content\/uploads\/2025\/12\/canva-65-750x422.png 750w, https:\/\/www.correiobraziliense.com.br\/cbradar\/wp-content\/uploads\/2025\/12\/canva-65-1140x641.png 1140w, https:\/\/www.correiobraziliense.com.br\/cbradar\/wp-content\/uploads\/2025\/12\/canva-65.png 1280w\" sizes=\"(max-width: 1024px) 100vw, 1024px\" \/><figcaption class=\"wp-element-caption\">Chapada dos Guimar\u00e3es tem 3.300 km\u00b2 de parque nacional, 487 cachoeiras, 157 km de pared\u00f5es e relevo de chapadas no bioma Cerrado, MT. \/\/ Cr\u00e9ditos: Wikip\u00e9dia<\/figcaption><\/figure><\/div>\n\n\n<h2 class=\"wp-block-heading\">Quais passeios exigem a &#8220;M\u00e1fia do Bem&#8221; (Guias)?<\/h2>\n\n\n\n<p><strong>O Parque Nacional da Chapada dos Guimar\u00e3es divide suas atra\u00e7\u00f5es em dois tipos: <\/strong>as livres (como o V\u00e9u de Noiva) e as restritas. Para conhecer a <strong>Cidade de Pedra<\/strong> (forma\u00e7\u00f5es rochosas que lembram ru\u00ednas medievais na beira das fal\u00e9sias) ou o <strong>Vale do Rio Claro<\/strong>, a contrata\u00e7\u00e3o de um guia credenciado e ve\u00edculo 4&#215;4 \u00e9 obrigat\u00f3ria.<\/p>\n\n\n\n<p>Tentar fazer esses roteiros com carro de passeio comum \u00e9 garantia de atolamento nos bancos de areia ou barragem na portaria. O custo desse &#8220;pacote&#8221; (guia + transporte) deve ser previsto no or\u00e7amento, pois \u00e9 a \u00fanica forma de acessar as vistas mais dram\u00e1ticas da regi\u00e3o.<\/p>\n\n\n\n<p><strong>Explore a Chapada dos Guimar\u00e3es e descubra por que este destino no Mato Grosso \u00e9 um verdadeiro tesouro natural. <\/strong>O v\u00eddeo \u00e9 do canal <strong>Viajantes de Esta\u00e7\u00e3o em Esta\u00e7\u00e3o \u2022 S2Station<\/strong>, que conta com mais de <strong>34 mil inscritos<\/strong>, e apresenta um roteiro completo de quatro dias com 20 lugares imperd\u00edveis, desde os imponentes pared\u00f5es da Cidade de Pedra at\u00e9 o fascinante circuito de cavernas Aroe Jari e a m\u00edstica Lagoa Azul:<\/p>\n\n\n\n<figure class=\"wp-block-embed aligncenter is-type-video is-provider-youtube wp-block-embed-youtube wp-embed-aspect-16-9 wp-has-aspect-ratio\"><div class=\"wp-block-embed__wrapper\">\n<div class=\"jeg_video_container jeg_video_content\"><iframe loading=\"lazy\" title=\"CHAPADA DOS GUIMAR\u00c3ES, MT | 20 LUGARES em 4 DIAS! | 4K\" width=\"500\" height=\"281\" src=\"https:\/\/www.youtube.com\/embed\/lMERVtTcolo?feature=oembed\" frameborder=\"0\" allow=\"accelerometer; autoplay; clipboard-write; encrypted-media; gyroscope; picture-in-picture; web-share\" referrerpolicy=\"strict-origin-when-cross-origin\" allowfullscreen><\/iframe><\/div>\n<\/div><\/figure>\n\n\n\n<h2 class=\"wp-block-heading\">O misticismo e os OVNIs s\u00e3o reais?<\/h2>\n\n\n\n<p><strong>A cidade vibra com o turismo esot\u00e9rico.<\/strong> Acredita-se que a regi\u00e3o seja um ponto magn\u00e9tico forte e corredor de <strong>OVNIs<\/strong>, o que atrai comunidades alternativas e uf\u00f3logos. O com\u00e9rcio local reflete isso, com muitas lojas de cristais, duendes e artesanato hippie no centrinho hist\u00f3rico, ao redor da Igreja de Sant&#8217;Ana.<\/p>\n\n\n\n<p>Independente da cren\u00e7a, o <strong>Mirante do Centro Geod\u00e9sico<\/strong> (que marca o centro da Am\u00e9rica do Sul) oferece uma vista espetacular da plan\u00edcie pantaneira e \u00e9 o ponto favorito para &#8220;sentir a energia&#8221; ou apenas ver um p\u00f4r do sol inesquec\u00edvel.<\/p>\n\n\n<div class=\"wp-block-image\">\n<figure class=\"aligncenter size-large\"><img decoding=\"async\" width=\"1024\" height=\"576\" src=\"https:\/\/www.correiobraziliense.com.br\/cbradar\/wp-content\/uploads\/2025\/12\/canva-66-1024x576.png\" alt=\"A cidade que abriga pared\u00f5es que chegam a 800 metros de altitude e belezas naturais de tirar o f\u00f4lego\" class=\"wp-image-161925\" srcset=\"https:\/\/www.correiobraziliense.com.br\/cbradar\/wp-content\/uploads\/2025\/12\/canva-66-1024x576.png 1024w, https:\/\/www.correiobraziliense.com.br\/cbradar\/wp-content\/uploads\/2025\/12\/canva-66-300x169.png 300w, https:\/\/www.correiobraziliense.com.br\/cbradar\/wp-content\/uploads\/2025\/12\/canva-66-768x432.png 768w, https:\/\/www.correiobraziliense.com.br\/cbradar\/wp-content\/uploads\/2025\/12\/canva-66-750x422.png 750w, https:\/\/www.correiobraziliense.com.br\/cbradar\/wp-content\/uploads\/2025\/12\/canva-66-1140x641.png 1140w, https:\/\/www.correiobraziliense.com.br\/cbradar\/wp-content\/uploads\/2025\/12\/canva-66.png 1280w\" sizes=\"(max-width: 1024px) 100vw, 1024px\" \/><figcaption class=\"wp-element-caption\">Chapada dos Guimar\u00e3es fascina com pared\u00f5es imensos, trilhas m\u00e1gicas e energia m\u00edstica que renovam a alma no Centro Geod\u00e9sico do Brasil! \/\/ Cr\u00e9ditos: Wikip\u00e9dia<\/figcaption><\/figure><\/div>\n\n\n<p><strong>Leia tamb\u00e9m: <a href=\"https:\/\/www.correiobraziliense.com.br\/cbradar\/fundada-em-1737-a-cidade-mais-antiga-do-rs-tambem-e-dona-da-maior-praia-do-mundo-em-extensao\/\" target=\"_blank\" rel=\"noreferrer noopener\">Fundada em 1737, a cidade mais antiga do RS tamb\u00e9m \u00e9 dona da maior praia do mundo em extens\u00e3o.<\/a><\/strong><\/p>\n\n\n\n<h2 class=\"wp-block-heading\">Cuidado: O calor pode estragar a viagem?<\/h2>\n\n\n\n<p><strong>Sim. O clima \u00e9 tropical semi\u00famido com duas esta\u00e7\u00f5es brutais<\/strong>. Na seca, a umidade cai a n\u00edveis des\u00e9rticos e o risco de inc\u00eandios florestais \u00e9 alt\u00edssimo, podendo fechar o parque de uma hora para outra. Na chuva, as cabeceiras dos rios enchem r\u00e1pido, criando o risco de tromba d&#8217;\u00e1gua.<\/p>\n\n\n\n<p>Consulte o guia sazonal para sua seguran\u00e7a:<\/p>\n\n\n\n<div class=\"clima-container-senku\">\n    <style>\n        .clima-container-senku {\n            font-family: 'Montserrat', sans-serif, Arial;\n            margin: 25px auto;\n            max-width: 850px;\n            color: #2c3e50;\n        }\n        .clima-table {\n            width: 100%;\n            border-collapse: separate;\n            border-spacing: 0;\n            background: #ffffff;\n            border-radius: 15px;\n            overflow: hidden;\n            box-shadow: 0 12px 35px rgba(0,0,0,0.1);\n            border: 1px solid #eee;\n        }\n        .clima-table thead {\n            background: linear-gradient(135deg, #e67e22 0%, #d35400 100%);\n            color: #ffffff;\n        }\n        .clima-table th {\n            padding: 22px;\n            text-align: left;\n            text-transform: uppercase;\n            font-size: 13px;\n            letter-spacing: 1.5px;\n        }\n        .clima-table td {\n            padding: 25px 20px;\n            border-bottom: 1px solid #f4f7f6;\n            vertical-align: middle;\n        }\n        .clima-table tr:last-child td {\n            border-bottom: none;\n        }\n        .clima-table tr:hover {\n            background-color: #fffaf5;\n        }\n        .estacao-titulo {\n            display: block;\n            font-weight: 800;\n            color: #d35400;\n            font-size: 1.1em;\n            margin-bottom: 5px;\n        }\n        .temp-box {\n            display: inline-block;\n            background: #fdf2e9;\n            color: #e67e22;\n            padding: 6px 14px;\n            border-radius: 6px;\n            font-weight: 700;\n            border: 1px solid #fadbd8;\n        }\n        .desc-text {\n            font-size: 0.95em;\n            line-height: 1.6;\n            color: #5d6d7e;\n        }\n\n        \/* Mobile Logic: Cards Transform *\/\n        @media screen and (max-width: 768px) {\n            .clima-table thead { display: none; }\n            .clima-table, .clima-table tbody, .clima-table tr, .clima-table td {\n                display: block;\n                width: 100%;\n            }\n            .clima-table tr {\n                margin-bottom: 25px;\n                border: 1px solid #f0f0f0;\n                border-radius: 12px;\n                background: #fff;\n            }\n            .clima-table td {\n                text-align: right;\n                padding-left: 45%;\n                position: relative;\n                border-bottom: 1px solid #f9f9f9;\n            }\n            .clima-table td::before {\n                content: attr(data-label);\n                position: absolute;\n                left: 20px;\n                width: 40%;\n                font-weight: 700;\n                text-align: left;\n                color: #aeb6bf;\n                text-transform: uppercase;\n                font-size: 0.7em;\n            }\n            .clima-table td:last-child {\n                text-align: left;\n                padding: 20px;\n                background: #fcfcfc;\n            }\n            .clima-table td:last-child::before {\n                position: static;\n                display: block;\n                margin-bottom: 12px;\n                color: #e67e22;\n            }\n        }\n    <\/style>\n\n    <table class=\"clima-table\">\n        <thead>\n            <tr>\n                <th>Esta\u00e7\u00e3o\/Meses<\/th>\n                <th>Temperatura<\/th>\n                <th>O que esperar<\/th>\n            <\/tr>\n        <\/thead>\n        <tbody>\n            <tr style=\"border-left: 5px solid #27ae60;\">\n                <td data-label=\"Esta\u00e7\u00e3o\/Meses\">\n                    <span class=\"estacao-titulo\">Mai a Jul (Seco)<\/span>\n                    <small style=\"color:#27ae60; font-weight:bold;\">\u2728 MELHOR \u00c9POCA<\/small>\n                <\/td>\n                <td data-label=\"Temperatura\">\n                    <span class=\"temp-box\">15\u00b0C a 30\u00b0C<\/span>\n                <\/td>\n                <td data-label=\"O que esperar\" class=\"desc-text\">\n                    C\u00e9u azul infinito e \u00e1guas com visibilidade m\u00e1xima. Noites frias pedem um agasalho leve ap\u00f3s o banho de rio.\n                <\/td>\n            <\/tr>\n            <tr style=\"border-left: 5px solid #c0392b;\">\n                <td data-label=\"Esta\u00e7\u00e3o\/Meses\">\n                    <span class=\"estacao-titulo\">Ago a Set (Cr\u00edtico)<\/span>\n                    <small style=\"color:#c0392b; font-weight:bold;\">\u26a0\ufe0f ATEN\u00c7\u00c3O<\/small>\n                <\/td>\n                <td data-label=\"Temperatura\">\n                    <span class=\"temp-box\">20\u00b0C a 38\u00b0C<\/span>\n                <\/td>\n                <td data-label=\"O que esperar\" class=\"desc-text\">\n                    Calor intenso e baixa umidade. Poeira e fuma\u00e7a podem atrapalhar as fotos, e as quedas d&#8217;\u00e1gua perdem o volume.\n                <\/td>\n            <\/tr>\n            <tr style=\"border-left: 5px solid #2980b9;\">\n                <td data-label=\"Esta\u00e7\u00e3o\/Meses\">\n                    <span class=\"estacao-titulo\">Out a Mar (Chuvoso)<\/span>\n                    <small style=\"color:#2980b9; font-weight:bold;\">\u26c8\ufe0f RESSALVAS<\/small>\n                <\/td>\n                <td data-label=\"Temperatura\">\n                    <span class=\"temp-box\">22\u00b0C a 34\u00b0C<\/span>\n                <\/td>\n                <td data-label=\"O que esperar\" class=\"desc-text\">\n                    Vegeta\u00e7\u00e3o verde e rios cheios. Cuidado redobrado com o risco de trombas d&#8217;\u00e1gua; as \u00e1guas perdem o tom cristalino.\n                <\/td>\n            <\/tr>\n        <\/tbody>\n    <\/table>\n<\/div>\n\n\n\n<p><em>Baseado em m\u00e9dias climatol\u00f3gicas hist\u00f3ricas para Chapada dos Guimar\u00e3es (fonte:<strong> <a href=\"https:\/\/www.climatempo.com.br\/previsao-do-tempo\/cidade\/1553\/chapadadosguimaraes-mt\" target=\"_blank\" rel=\"noreferrer noopener\">Climatempo<\/a><\/strong>).<\/em><\/p>\n\n\n\n<h2 class=\"wp-block-heading\">Chapada dos Guimar\u00e3es \u00e9 visual \u00e9pico com regras r\u00edgidas<\/h2>\n\n\n\n<p>Visitar o topo do Mato Grosso exige aceitar que a natureza aqui \u00e9 bruta e protegida:<\/p>\n\n\n\n<ul class=\"wp-block-list\">\n<li>Contrate passeios 4&#215;4 com anteced\u00eancia para garantir vaga na Cidade de Pedra.<\/li>\n\n\n\n<li>Leve dinheiro em esp\u00e9cie para as taxas de entrada em atrativos privados como a <strong>Caverna Aroe Jari<\/strong>.<\/li>\n\n\n\n<li>N\u00e3o alimente os quatis que rondam o mirante do V\u00e9u de Noiva; eles s\u00e3o fofos, mas selvagens.<\/li>\n<\/ul>\n\n\n\n<p>Voc\u00ea precisa ver as araras vermelhas voando abaixo de voc\u00ea no pared\u00e3o da Cidade de Pedra.<\/p>\n","protected":false},"excerpt":{"rendered":"<p>A cidade de Chapada dos Guimar\u00e3es, em Mato Grosso, situa-se a uma&nbsp;altitude m\u00e9dia de aproximadamente&nbsp;800 metros&nbsp;acima do n\u00edvel do mar, localizada a cerca de 65 km de Cuiab\u00e1, e guarda o Parque Nacional da Chapada dos Guimar\u00e3es, sendo o mais acess\u00edvel do Centro-Oeste, mas essa proximidade engana. Embora a estrada (MT-251) seja c\u00eanica, passando pelo [&hellip;]<\/p>\n","protected":false},"author":8,"featured_media":180848,"comment_status":"open","ping_status":"open","sticky":false,"template":"","format":"standard","meta":{"_yoast_wpseo_focuskw":"cidade do mato grosso","_yoast_wpseo_title":"","_yoast_wpseo_metadesc":"Essa cidade brasileira surpreende ao ter como acesso o Port\u00e3o do Inferno, um dos cen\u00e1rios naturais mais impactantes do pa\u00eds.","jnews-multi-image_gallery":[],"jnews_single_post":{"format":"standard"},"jnews_primary_category":[],"jnews_social_meta":[],"jnews_override_counter":[],"footnotes":""},"categories":[108,111],"tags":[13142,4130,9555],"class_list":["post-179984","post","type-post","status-publish","format-standard","has-post-thumbnail","hentry","category-cidades","category-turismo","tag-chapada-dos-guimaraes","tag-mato-grosso","tag-parque-nacional"],"yoast_head":"<!-- This site is optimized with the Yoast SEO plugin v24.6 - https:\/\/yoast.com\/wordpress\/plugins\/seo\/ -->\n<title>Onde um precip\u00edcio guarda uma cidade com pared\u00f5es gigantescos que chegam a 800 metros de altitude e belezas naturais de tirar o f\u00f4lego - Correio Braziliense - Radar<\/title>\n<meta name=\"description\" content=\"Essa cidade brasileira surpreende ao ter como acesso o Port\u00e3o do Inferno, um dos cen\u00e1rios naturais mais impactantes do pa\u00eds.\" \/>\n<meta name=\"robots\" content=\"index, follow, max-snippet:-1, max-image-preview:large, max-video-preview:-1\" \/>\n<link rel=\"canonical\" href=\"https:\/\/www.correiobraziliense.com.br\/cbradar\/onde-os-portoes-do-inferno-guardam-uma-cidade-com-paredoes-gigantescos-que-chegam-a-800-metros-de-altitude-e-belezas-naturais-de-tirar-o-folego\/\" \/>\n<meta property=\"og:locale\" content=\"pt_BR\" \/>\n<meta property=\"og:type\" content=\"article\" \/>\n<meta property=\"og:title\" content=\"Onde um precip\u00edcio guarda uma cidade com pared\u00f5es gigantescos que chegam a 800 metros de altitude e belezas naturais de tirar o f\u00f4lego - Correio Braziliense - Radar\" \/>\n<meta property=\"og:description\" content=\"Essa cidade brasileira surpreende ao ter como acesso o Port\u00e3o do Inferno, um dos cen\u00e1rios naturais mais impactantes do pa\u00eds.\" \/>\n<meta property=\"og:url\" content=\"https:\/\/www.correiobraziliense.com.br\/cbradar\/onde-os-portoes-do-inferno-guardam-uma-cidade-com-paredoes-gigantescos-que-chegam-a-800-metros-de-altitude-e-belezas-naturais-de-tirar-o-folego\/\" \/>\n<meta property=\"og:site_name\" content=\"Correio Braziliense - Radar\" \/>\n<meta property=\"article:published_time\" content=\"2026-01-24T10:55:00+00:00\" \/>\n<meta property=\"article:modified_time\" content=\"2026-01-24T21:49:08+00:00\" \/>\n<meta property=\"og:image\" content=\"https:\/\/www.correiobraziliense.com.br\/cbradar\/wp-content\/uploads\/2026\/01\/aaa-2026-01-24T165016.151.png\" \/>\n\t<meta property=\"og:image:width\" content=\"1280\" \/>\n\t<meta property=\"og:image:height\" content=\"720\" \/>\n\t<meta property=\"og:image:type\" content=\"image\/png\" \/>\n<meta name=\"author\" content=\"Maura Pereira\" \/>\n<meta name=\"twitter:card\" content=\"summary_large_image\" \/>\n<meta name=\"twitter:label1\" content=\"Escrito por\" \/>\n\t<meta name=\"twitter:data1\" content=\"Maura Pereira\" \/>\n\t<meta name=\"twitter:label2\" content=\"Est. tempo de leitura\" \/>\n\t<meta name=\"twitter:data2\" content=\"5 minutos\" \/>\n<!-- \/ Yoast SEO plugin. -->","yoast_head_json":{"title":"Onde um precip\u00edcio guarda uma cidade com pared\u00f5es gigantescos que chegam a 800 metros de altitude e belezas naturais de tirar o f\u00f4lego - Correio Braziliense - Radar","description":"Essa cidade brasileira surpreende ao ter como acesso o Port\u00e3o do Inferno, um dos cen\u00e1rios naturais mais impactantes do pa\u00eds.","robots":{"index":"index","follow":"follow","max-snippet":"max-snippet:-1","max-image-preview":"max-image-preview:large","max-video-preview":"max-video-preview:-1"},"canonical":"https:\/\/www.correiobraziliense.com.br\/cbradar\/onde-os-portoes-do-inferno-guardam-uma-cidade-com-paredoes-gigantescos-que-chegam-a-800-metros-de-altitude-e-belezas-naturais-de-tirar-o-folego\/","og_locale":"pt_BR","og_type":"article","og_title":"Onde um precip\u00edcio guarda uma cidade com pared\u00f5es gigantescos que chegam a 800 metros de altitude e belezas naturais de tirar o f\u00f4lego - Correio Braziliense - Radar","og_description":"Essa cidade brasileira surpreende ao ter como acesso o Port\u00e3o do Inferno, um dos cen\u00e1rios naturais mais impactantes do pa\u00eds.","og_url":"https:\/\/www.correiobraziliense.com.br\/cbradar\/onde-os-portoes-do-inferno-guardam-uma-cidade-com-paredoes-gigantescos-que-chegam-a-800-metros-de-altitude-e-belezas-naturais-de-tirar-o-folego\/","og_site_name":"Correio Braziliense - Radar","article_published_time":"2026-01-24T10:55:00+00:00","article_modified_time":"2026-01-24T21:49:08+00:00","og_image":[{"width":1280,"height":720,"url":"https:\/\/www.correiobraziliense.com.br\/cbradar\/wp-content\/uploads\/2026\/01\/aaa-2026-01-24T165016.151.png","type":"image\/png"}],"author":"Maura Pereira","twitter_card":"summary_large_image","twitter_misc":{"Escrito por":"Maura Pereira","Est. tempo de leitura":"5 minutos"},"schema":{"@context":"https:\/\/schema.org","@graph":[{"@type":"WebPage","@id":"https:\/\/www.correiobraziliense.com.br\/cbradar\/onde-os-portoes-do-inferno-guardam-uma-cidade-com-paredoes-gigantescos-que-chegam-a-800-metros-de-altitude-e-belezas-naturais-de-tirar-o-folego\/","url":"https:\/\/www.correiobraziliense.com.br\/cbradar\/onde-os-portoes-do-inferno-guardam-uma-cidade-com-paredoes-gigantescos-que-chegam-a-800-metros-de-altitude-e-belezas-naturais-de-tirar-o-folego\/","name":"Onde um precip\u00edcio guarda uma cidade com pared\u00f5es gigantescos que chegam a 800 metros de altitude e belezas naturais de tirar o f\u00f4lego - Correio Braziliense - Radar","isPartOf":{"@id":"https:\/\/www.correiobraziliense.com.br\/cbradar\/#website"},"primaryImageOfPage":{"@id":"https:\/\/www.correiobraziliense.com.br\/cbradar\/onde-os-portoes-do-inferno-guardam-uma-cidade-com-paredoes-gigantescos-que-chegam-a-800-metros-de-altitude-e-belezas-naturais-de-tirar-o-folego\/#primaryimage"},"image":{"@id":"https:\/\/www.correiobraziliense.com.br\/cbradar\/onde-os-portoes-do-inferno-guardam-uma-cidade-com-paredoes-gigantescos-que-chegam-a-800-metros-de-altitude-e-belezas-naturais-de-tirar-o-folego\/#primaryimage"},"thumbnailUrl":"https:\/\/www.correiobraziliense.com.br\/cbradar\/wp-content\/uploads\/2026\/01\/aaa-2026-01-24T165016.151.png","datePublished":"2026-01-24T10:55:00+00:00","dateModified":"2026-01-24T21:49:08+00:00","author":{"@id":"https:\/\/www.correiobraziliense.com.br\/cbradar\/#\/schema\/person\/4053c651a9bfc785afc6f4cbc9032fd3"},"description":"Essa cidade brasileira surpreende ao ter como acesso o Port\u00e3o do Inferno, um dos cen\u00e1rios naturais mais impactantes do pa\u00eds.","breadcrumb":{"@id":"https:\/\/www.correiobraziliense.com.br\/cbradar\/onde-os-portoes-do-inferno-guardam-uma-cidade-com-paredoes-gigantescos-que-chegam-a-800-metros-de-altitude-e-belezas-naturais-de-tirar-o-folego\/#breadcrumb"},"inLanguage":"pt-BR","potentialAction":[{"@type":"ReadAction","target":["https:\/\/www.correiobraziliense.com.br\/cbradar\/onde-os-portoes-do-inferno-guardam-uma-cidade-com-paredoes-gigantescos-que-chegam-a-800-metros-de-altitude-e-belezas-naturais-de-tirar-o-folego\/"]}]},{"@type":"ImageObject","inLanguage":"pt-BR","@id":"https:\/\/www.correiobraziliense.com.br\/cbradar\/onde-os-portoes-do-inferno-guardam-uma-cidade-com-paredoes-gigantescos-que-chegam-a-800-metros-de-altitude-e-belezas-naturais-de-tirar-o-folego\/#primaryimage","url":"https:\/\/www.correiobraziliense.com.br\/cbradar\/wp-content\/uploads\/2026\/01\/aaa-2026-01-24T165016.151.png","contentUrl":"https:\/\/www.correiobraziliense.com.br\/cbradar\/wp-content\/uploads\/2026\/01\/aaa-2026-01-24T165016.151.png","width":1280,"height":720,"caption":"Enfrente o Precip\u00edcio Port\u00e3o do Inferno: adrenalina pura nos pared\u00f5es vertiginosos da Serra do Corvo Branco. Viva a emo\u00e7\u00e3o da Serra Catarinense!"},{"@type":"BreadcrumbList","@id":"https:\/\/www.correiobraziliense.com.br\/cbradar\/onde-os-portoes-do-inferno-guardam-uma-cidade-com-paredoes-gigantescos-que-chegam-a-800-metros-de-altitude-e-belezas-naturais-de-tirar-o-folego\/#breadcrumb","itemListElement":[{"@type":"ListItem","position":1,"name":"In\u00edcio","item":"https:\/\/www.correiobraziliense.com.br\/cbradar\/"},{"@type":"ListItem","position":2,"name":"Onde um precip\u00edcio guarda uma cidade com pared\u00f5es gigantescos que chegam a 800 metros de altitude e belezas naturais de tirar o f\u00f4lego"}]},{"@type":"WebSite","@id":"https:\/\/www.correiobraziliense.com.br\/cbradar\/#website","url":"https:\/\/www.correiobraziliense.com.br\/cbradar\/","name":"Correio Braziliense - Radar","description":"Acompanhe as \u00faltimas not\u00edcias e fique bem informado sobre tudo o que acontece no Brasil e no mundo.","potentialAction":[{"@type":"SearchAction","target":{"@type":"EntryPoint","urlTemplate":"https:\/\/www.correiobraziliense.com.br\/cbradar\/?s={search_term_string}"},"query-input":{"@type":"PropertyValueSpecification","valueRequired":true,"valueName":"search_term_string"}}],"inLanguage":"pt-BR"},{"@type":"Person","@id":"https:\/\/www.correiobraziliense.com.br\/cbradar\/#\/schema\/person\/4053c651a9bfc785afc6f4cbc9032fd3","name":"Maura Pereira","image":{"@type":"ImageObject","inLanguage":"pt-BR","@id":"https:\/\/www.correiobraziliense.com.br\/cbradar\/#\/schema\/person\/image\/","url":"https:\/\/secure.gravatar.com\/avatar\/3effd6bdadfa447f15089c7f7144eaa6?s=96&d=mm&r=g","contentUrl":"https:\/\/secure.gravatar.com\/avatar\/3effd6bdadfa447f15089c7f7144eaa6?s=96&d=mm&r=g","caption":"Maura Pereira"},"sameAs":["https:\/\/www.correiobraziliense.com.br\/"],"url":"https:\/\/www.correiobraziliense.com.br\/cbradar\/author\/mauramyth\/"}]}},"_links":{"self":[{"href":"https:\/\/www.correiobraziliense.com.br\/cbradar\/wp-json\/wp\/v2\/posts\/179984","targetHints":{"allow":["GET"]}}],"collection":[{"href":"https:\/\/www.correiobraziliense.com.br\/cbradar\/wp-json\/wp\/v2\/posts"}],"about":[{"href":"https:\/\/www.correiobraziliense.com.br\/cbradar\/wp-json\/wp\/v2\/types\/post"}],"author":[{"embeddable":true,"href":"https:\/\/www.correiobraziliense.com.br\/cbradar\/wp-json\/wp\/v2\/users\/8"}],"replies":[{"embeddable":true,"href":"https:\/\/www.correiobraziliense.com.br\/cbradar\/wp-json\/wp\/v2\/comments?post=179984"}],"version-history":[{"count":22,"href":"https:\/\/www.correiobraziliense.com.br\/cbradar\/wp-json\/wp\/v2\/posts\/179984\/revisions"}],"predecessor-version":[{"id":180851,"href":"https:\/\/www.correiobraziliense.com.br\/cbradar\/wp-json\/wp\/v2\/posts\/179984\/revisions\/180851"}],"wp:featuredmedia":[{"embeddable":true,"href":"https:\/\/www.correiobraziliense.com.br\/cbradar\/wp-json\/wp\/v2\/media\/180848"}],"wp:attachment":[{"href":"https:\/\/www.correiobraziliense.com.br\/cbradar\/wp-json\/wp\/v2\/media?parent=179984"}],"wp:term":[{"taxonomy":"category","embeddable":true,"href":"https:\/\/www.correiobraziliense.com.br\/cbradar\/wp-json\/wp\/v2\/categories?post=179984"},{"taxonomy":"post_tag","embeddable":true,"href":"https:\/\/www.correiobraziliense.com.br\/cbradar\/wp-json\/wp\/v2\/tags?post=179984"}],"curies":[{"name":"wp","href":"https:\/\/api.w.org\/{rel}","templated":true}]}}