{"id":179985,"date":"2026-01-24T08:25:00","date_gmt":"2026-01-24T11:25:00","guid":{"rendered":"https:\/\/www.correiobraziliense.com.br\/cbradar\/?p=179985"},"modified":"2026-01-24T06:10:48","modified_gmt":"2026-01-24T09:10:48","slug":"uma-cidade-de-minas-gerais-dentro-de-um-vulcao-extinto-atrai-aguas-termais-a-45-c-que-curam-desde-o-brasil-imperio-e-tem-um-cristo-redentor-inesperado","status":"publish","type":"post","link":"https:\/\/www.correiobraziliense.com.br\/cbradar\/uma-cidade-de-minas-gerais-dentro-de-um-vulcao-extinto-atrai-aguas-termais-a-45-c-que-curam-desde-o-brasil-imperio-e-tem-um-cristo-redentor-inesperado\/","title":{"rendered":"Uma cidade de Minas Gerais dentro de um vulc\u00e3o extinto atrai \u00e1guas termais a 45\u202f\u00b0C que curam desde o Brasil imp\u00e9rio e tem um Cristo Redentor inesperado"},"content":{"rendered":"\n<p><strong>Po\u00e7os de Caldas<\/strong>, situada no Sul de <strong>Minas Gerais<\/strong> a cerca de 460 km de <strong>Belo Horizonte<\/strong> e 260 km de <strong>S\u00e3o Paulo<\/strong>, \u00e9 uma est\u00e2ncia hidromineral constru\u00edda literalmente dentro da cratera de um vulc\u00e3o extinto. Esta geografia singular aben\u00e7oou a cidade com \u00e1guas sulfurosas que brotam do solo a 45\u202f\u00b0C, atraindo turismo de sa\u00fade e bem-estar desde a \u00e9poca do Imp\u00e9rio.<\/p>\n\n\n\n<h2 class=\"wp-block-heading\">Por que a cidade \u00e9 um o\u00e1sis de desenvolvimento humano?<\/h2>\n\n\n\n<p><strong>O munic\u00edpio soube converter o turismo termal e a explora\u00e7\u00e3o de bauxite numa rede de servi\u00e7os p\u00fablicos robusta.<\/strong> A prosperidade local reflete-se na seguran\u00e7a e na longevidade da popula\u00e7\u00e3o. Para comprovar esta excel\u00eancia, dados do<strong> <a href=\"https:\/\/cidades.ibge.gov.br\/brasil\/mg\/pocos-de-caldas\/panorama\" target=\"_blank\" rel=\"noreferrer noopener\">Instituto Brasileiro de Geografia e Estat\u00edstica (IBGE)<\/a> <\/strong>apontam um <strong>IDH de 0,779<\/strong>, um dos \u00edndices mais elevados do interior brasileiro.<\/p>\n\n\n\n<p>Viver ou visitar Po\u00e7os de Caldas \u00e9 desfrutar de um planejamento urbano elegante, com parques bem cuidados e um calend\u00e1rio cultural ativo. A cidade mant\u00e9m a atmosfera cosmopolita dos tempos dos cassinos, oferecendo hoje uma infraestrutura hospitalar e educativa de refer\u00eancia.<\/p>\n\n\n<div class=\"wp-block-image\">\n<figure class=\"aligncenter size-large\"><img decoding=\"async\" width=\"1024\" height=\"576\" src=\"https:\/\/www.correiobraziliense.com.br\/cbradar\/wp-content\/uploads\/2025\/07\/Edicoes-44-1024x576.png\" alt=\"Uma cidade de Minas Gerais dentro de um vulc\u00e3o extinto atrai \u00e1guas termais a 45\u202f\u00b0C que curam desde o Brasil imp\u00e9rio e tem um Cristo Redentor inesperado\" class=\"wp-image-67346\" srcset=\"https:\/\/www.correiobraziliense.com.br\/cbradar\/wp-content\/uploads\/2025\/07\/Edicoes-44-1024x576.png 1024w, https:\/\/www.correiobraziliense.com.br\/cbradar\/wp-content\/uploads\/2025\/07\/Edicoes-44-300x169.png 300w, https:\/\/www.correiobraziliense.com.br\/cbradar\/wp-content\/uploads\/2025\/07\/Edicoes-44-768x432.png 768w, https:\/\/www.correiobraziliense.com.br\/cbradar\/wp-content\/uploads\/2025\/07\/Edicoes-44-750x422.png 750w, https:\/\/www.correiobraziliense.com.br\/cbradar\/wp-content\/uploads\/2025\/07\/Edicoes-44-1140x641.png 1140w, https:\/\/www.correiobraziliense.com.br\/cbradar\/wp-content\/uploads\/2025\/07\/Edicoes-44.png 1280w\" sizes=\"(max-width: 1024px) 100vw, 1024px\" \/><figcaption class=\"wp-element-caption\">Al\u00e9m das \u00e1guas termais, destaque para o Parque das \u00c1guas, telef\u00e9ricos e eventos culturais tradicionais.\/\/ Cr\u00e9ditos: YouTube @marcelkikuchi1135<\/figcaption><\/figure><\/div>\n\n\n<h2 class=\"wp-block-heading\">Os cristais locais s\u00e3o mesmo compar\u00e1veis aos de Veneza?<\/h2>\n\n\n\n<p><strong>Sim, e n\u00e3o \u00e9 apenas marketing. <\/strong>Fam\u00edlias de mestres vidreiros italianos, como os fundadores da <strong>Cristais C\u00e1 d&#8217;Oro<\/strong> e <strong>Cristais S\u00e3o Marcos<\/strong>, trouxeram a t\u00e9cnica original da Ilha de Murano para a cidade. As f\u00e1bricas locais produzem pe\u00e7as art\u00edsticas sopradas manualmente exportadas para todo o mundo.<\/p>\n\n\n\n<p>Para o turista, a experi\u00eancia \u00e9 fascinante: \u00e9 poss\u00edvel visitar o &#8220;ch\u00e3o de f\u00e1brica&#8221; e ver os artes\u00e3os moldarem o vidro incandescente com o f\u00f4lego. As pe\u00e7as s\u00e3o consideradas joias do artesanato mineiro e s\u00e3o o <em>souvenir<\/em> mais sofisticado da regi\u00e3o.<\/p>\n\n\n\n<p><strong>Descubra o charme e os mist\u00e9rios de Po\u00e7os de Caldas, uma cidade \u00fanica constru\u00edda numa antiga caldeira vulc\u00e2nica no Sul de Minas Gerais.<\/strong> O v\u00eddeo \u00e9 do canal <strong>De fora em Juiz de Fora<\/strong>, que conta com mais de <strong>130 mil inscritos<\/strong>, e apresenta um guia completo pela est\u00e2ncia hidromineral, destacando as famosas \u00e1guas termais, o hist\u00f3rico Palace Hotel, o passeio de telef\u00e9rico at\u00e9 o Cristo Redentor e as tradi\u00e7\u00f5es dos cristais artesanais:<\/p>\n\n\n\n<figure class=\"wp-block-embed aligncenter is-type-video is-provider-youtube wp-block-embed-youtube wp-embed-aspect-16-9 wp-has-aspect-ratio\"><div class=\"wp-block-embed__wrapper\">\n<div class=\"jeg_video_container jeg_video_content\"><iframe loading=\"lazy\" title=\"PO\u00c7OS DE CALDAS MG: A cidade dentro de um vulc\u00e3o no Sul de Minas Gerais e perto de S\u00e3o Paulo \" width=\"500\" height=\"281\" src=\"https:\/\/www.youtube.com\/embed\/sq_iePiV6hU?feature=oembed\" frameborder=\"0\" allow=\"accelerometer; autoplay; clipboard-write; encrypted-media; gyroscope; picture-in-picture; web-share\" referrerpolicy=\"strict-origin-when-cross-origin\" allowfullscreen><\/iframe><\/div>\n<\/div><\/figure>\n\n\n\n<h2 class=\"wp-block-heading\">O que torna as Thermas Ant\u00f4nio Carlos imperd\u00edveis?<\/h2>\n\n\n\n<p>O edif\u00edcio das <strong>Thermas Ant\u00f4nio Carlos<\/strong> \u00e9 um monumento arquitet\u00f4nico em estilo neorromano, inaugurado em 1931. Mais do que beleza, o local oferece servi\u00e7os terap\u00eauticos reais utilizando a \u00e1gua sulfurosa, famosa pelas suas propriedades medicinais e relaxantes.<\/p>\n\n\n\n<p>Os banhos de imers\u00e3o, saunas e massagens s\u00e3o abertos ao p\u00fablico e representam a ess\u00eancia do &#8220;Santu\u00e1rio de Bem-Estar&#8221;. \u00c9 uma experi\u00eancia de spa hist\u00f3rico acess\u00edvel, onde se pode relaxar nas mesmas banheiras de m\u00e1rmore que outrora serviram a presidentes e aristocratas.<\/p>\n\n\n<div class=\"wp-block-image\">\n<figure class=\"aligncenter size-large\"><img decoding=\"async\" width=\"1024\" height=\"576\" src=\"https:\/\/www.correiobraziliense.com.br\/cbradar\/wp-content\/uploads\/2025\/07\/Edicoes-42-1024x576.png\" alt=\"Uma cidade de Minas Gerais dentro de um vulc\u00e3o extinto atrai \u00e1guas termais a 45\u202f\u00b0C que curam desde o Brasil imp\u00e9rio e tem um Cristo Redentor inesperado\" class=\"wp-image-67341\" srcset=\"https:\/\/www.correiobraziliense.com.br\/cbradar\/wp-content\/uploads\/2025\/07\/Edicoes-42-1024x576.png 1024w, https:\/\/www.correiobraziliense.com.br\/cbradar\/wp-content\/uploads\/2025\/07\/Edicoes-42-300x169.png 300w, https:\/\/www.correiobraziliense.com.br\/cbradar\/wp-content\/uploads\/2025\/07\/Edicoes-42-768x432.png 768w, https:\/\/www.correiobraziliense.com.br\/cbradar\/wp-content\/uploads\/2025\/07\/Edicoes-42-750x422.png 750w, https:\/\/www.correiobraziliense.com.br\/cbradar\/wp-content\/uploads\/2025\/07\/Edicoes-42-1140x641.png 1140w, https:\/\/www.correiobraziliense.com.br\/cbradar\/wp-content\/uploads\/2025\/07\/Edicoes-42.png 1280w\" sizes=\"(max-width: 1024px) 100vw, 1024px\" \/><figcaption class=\"wp-element-caption\">Po\u00e7os de Caldas, em MG, \u00e9 famosa por suas \u00e1guas termais e clima agrad\u00e1vel. \/\/ Cr\u00e9ditos: YouTube @marcelkikuchi1135<\/figcaption><\/figure><\/div>\n\n\n<h2 class=\"wp-block-heading\">Al\u00e9m das \u00e1guas, onde encontrar natureza e vistas panor\u00e2micas?<\/h2>\n\n\n\n<p><strong>A topografia vulc\u00e2nica cria miradouros naturais espetaculares<\/strong>. O <strong>Cristo Redentor<\/strong>, situado no topo da Serra de S\u00e3o Domingos, \u00e9 acess\u00edvel por um telef\u00e9rico que oferece uma viagem tranquila sobre a mancha urbana e a vegeta\u00e7\u00e3o nativa.<\/p>\n\n\n\n<p>Explore os pontos que conectam a cidade \u00e0 natureza:<\/p>\n\n\n\n<ul class=\"wp-block-list\">\n<li><strong>Recanto Japon\u00eas<\/strong>: Uma r\u00e9plica aut\u00eantica de um jardim nip\u00f3nico, com casa de ch\u00e1 e lago, cercado pela Mata Atl\u00e2ntica.<\/li>\n\n\n\n<li><strong>Cascata das Antas<\/strong>: Uma queda de \u00e1gua imponente onde se pode visitar as ru\u00ednas da primeira hidroel\u00e9trica da cidade.<\/li>\n\n\n\n<li><strong>Fonte dos Amores<\/strong>: Um recanto rom\u00e2ntico com uma est\u00e1tua em m\u00e1rmore esculpida pelo italiano Giulio Starace, envolta em lendas locais.<\/li>\n\n\n\n<li><strong>Pedra Bal\u00e3o<\/strong>: Curiosas forma\u00e7\u00f5es rochosas vulc\u00e2nicas onde se pode subir e apreciar a vista.<\/li>\n<\/ul>\n\n\n\n<p><strong>Leia tamb\u00e9m: <a href=\"https:\/\/www.correiobraziliense.com.br\/cbradar\/fundada-em-1737-a-cidade-mais-antiga-do-rs-tambem-e-dona-da-maior-praia-do-mundo-em-extensao\/\" target=\"_blank\" rel=\"noreferrer noopener\">Fundada em 1737, a cidade mais antiga do RS tamb\u00e9m \u00e9 dona da maior praia do mundo em extens\u00e3o.<\/a><\/strong><\/p>\n\n\n<div class=\"wp-block-image\">\n<figure class=\"aligncenter size-large\"><img decoding=\"async\" width=\"1024\" height=\"576\" src=\"https:\/\/www.correiobraziliense.com.br\/cbradar\/wp-content\/uploads\/2025\/04\/Edicoes-68-1024x576.png\" alt=\"Uma cidade brasileira constru\u00edda em um vulc\u00e3o extinto t\u00eam \u00e1guas termais curativas e qualidade de vida ideal para viver tranquilo\" class=\"wp-image-24855\" srcset=\"https:\/\/www.correiobraziliense.com.br\/cbradar\/wp-content\/uploads\/2025\/04\/Edicoes-68-1024x576.png 1024w, https:\/\/www.correiobraziliense.com.br\/cbradar\/wp-content\/uploads\/2025\/04\/Edicoes-68-300x169.png 300w, https:\/\/www.correiobraziliense.com.br\/cbradar\/wp-content\/uploads\/2025\/04\/Edicoes-68-768x432.png 768w, https:\/\/www.correiobraziliense.com.br\/cbradar\/wp-content\/uploads\/2025\/04\/Edicoes-68-750x422.png 750w, https:\/\/www.correiobraziliense.com.br\/cbradar\/wp-content\/uploads\/2025\/04\/Edicoes-68-1140x641.png 1140w, https:\/\/www.correiobraziliense.com.br\/cbradar\/wp-content\/uploads\/2025\/04\/Edicoes-68.png 1280w\" sizes=\"(max-width: 1024px) 100vw, 1024px\" \/><figcaption class=\"wp-element-caption\">Po\u00e7os de Caldas\ufeff \u00e9 uma cidade em Minas Gerais famosa por suas \u00e1guas termais e clima ameno. \/\/ Reprodu\u00e7\u00e3o: Wikip\u00e9dia<\/figcaption><\/figure><\/div>\n\n\n<h2 class=\"wp-block-heading\">O clima de montanha exige agasalhos?<\/h2>\n\n\n\n<p><strong>Sim, a altitude m\u00e9dia de 1.300 metros garante noites frescas mesmo no ver\u00e3o.<\/strong> A cidade apresenta um clima tropical de altitude, ideal para quem aprecia temperaturas amenas e lareiras.<\/p>\n\n\n\n<p>Consulte a tabela para planejar a sua mala:<\/p>\n\n\n\n<div class=\"clima-container-senku\">\n    <style>\n        .clima-container-senku {\n            font-family: 'Segoe UI', Roboto, Helvetica, Arial, sans-serif;\n            margin: 25px auto;\n            max-width: 900px;\n            color: #2d3436;\n        }\n        .clima-table {\n            width: 100%;\n            border-collapse: collapse;\n            background: #ffffff;\n            border-radius: 12px;\n            overflow: hidden;\n            box-shadow: 0 8px 24px rgba(0,0,0,0.1);\n        }\n        .clima-table thead {\n            background: linear-gradient(135deg, #ff9a9e 0%, #fecfef 100%);\n            color: #634042;\n        }\n        .clima-table th {\n            padding: 20px;\n            text-align: left;\n            text-transform: uppercase;\n            font-size: 13px;\n            letter-spacing: 1.2px;\n            font-weight: 800;\n        }\n        .clima-table td {\n            padding: 22px 20px;\n            border-bottom: 1px solid #f1f2f6;\n            line-height: 1.5;\n        }\n        .clima-table tr:last-child td {\n            border-bottom: none;\n        }\n        .periodo-highlight {\n            display: block;\n            font-weight: 700;\n            color: #d63031;\n            font-size: 1.1em;\n            margin-bottom: 4px;\n        }\n        .temp-pill {\n            display: inline-block;\n            background: #fdf2f2;\n            color: #e84393;\n            padding: 4px 12px;\n            border-radius: 20px;\n            font-weight: 600;\n            font-size: 0.95em;\n            border: 1px solid #fab1a0;\n        }\n\n        \/* Mobile Responsive *\/\n        @media screen and (max-width: 768px) {\n            .clima-table thead { display: none; }\n            .clima-table, .clima-table tbody, .clima-table tr, .clima-table td {\n                display: block;\n                width: 100%;\n            }\n            .clima-table tr {\n                margin-bottom: 15px;\n                border: 1px solid #eee;\n                border-radius: 12px;\n            }\n            .clima-table td {\n                text-align: right;\n                padding-left: 45%;\n                position: relative;\n            }\n            .clima-table td::before {\n                content: attr(data-label);\n                position: absolute;\n                left: 15px;\n                width: 40%;\n                font-weight: 800;\n                text-align: left;\n                color: #b2bec3;\n                text-transform: uppercase;\n                font-size: 0.75em;\n            }\n            .clima-table td:last-child {\n                text-align: left;\n                padding-left: 20px;\n                background: #fcfcfc;\n            }\n            .clima-table td:last-child::before {\n                position: static;\n                display: block;\n                margin-bottom: 10px;\n            }\n        }\n    <\/style>\n\n    <table class=\"clima-table\">\n        <thead>\n            <tr>\n                <th>Esta\u00e7\u00e3o\/Meses<\/th>\n                <th>Temperatura<\/th>\n                <th>O que esperar<\/th>\n            <\/tr>\n        <\/thead>\n        <tbody>\n            <tr>\n                <td data-label=\"Esta\u00e7\u00e3o\/Meses\">\n                    <span class=\"periodo-highlight\">Dez a Mar (Ver\u00e3o)<\/span>\n                    <small>Alta Temporada<\/small>\n                <\/td>\n                <td data-label=\"Temperatura\">\n                    <span class=\"temp-pill\">18\u00b0C a 28\u00b0C<\/span>\n                <\/td>\n                <td data-label=\"O que esperar\">\n                    Dias mornos e vibrantes; as chuvas de ver\u00e3o garantem cachoeiras cheias e uma vegeta\u00e7\u00e3o exuberante para fotos.\n                <\/td>\n            <\/tr>\n            <tr>\n                <td data-label=\"Esta\u00e7\u00e3o\/Meses\">\n                    <span class=\"periodo-highlight\">Abr a Jun (Outono)<\/span>\n                    <small>Meia Esta\u00e7\u00e3o<\/small>\n                <\/td>\n                <td data-label=\"Temperatura\">\n                    <span class=\"temp-pill\">12\u00b0C a 24\u00b0C<\/span>\n                <\/td>\n                <td data-label=\"O que esperar\">\n                    C\u00e9u limpo e clima seco; \u00e9 o in\u00edcio da temporada rom\u00e2ntica, perfeito para caminhadas e contempla\u00e7\u00e3o.\n                <\/td>\n            <\/tr>\n            <tr>\n                <td data-label=\"Esta\u00e7\u00e3o\/Meses\">\n                    <span class=\"periodo-highlight\">Jul a Ago (Inverno)<\/span>\n                    <small>Temporada de Caldos<\/small>\n                <\/td>\n                <td data-label=\"Temperatura\">\n                    <span class=\"temp-pill\">8\u00b0C a 22\u00b0C<\/span>\n                <\/td>\n                <td data-label=\"O que esperar\">\n                    Frio intenso \u00e0 noite, criando o cen\u00e1rio ideal para vinhos, fondues e o contraste relaxante dos banhos termais.\n                <\/td>\n            <\/tr>\n        <\/tbody>\n    <\/table>\n<\/div>\n\n\n\n<p><em>Baseado em m\u00e9dias climatol\u00f3gicas hist\u00f3ricas para Po\u00e7os de Caldas (fonte: <a href=\"https:\/\/www.climatempo.com.br\/previsao-do-tempo\/cidade\/182\/pocosdecaldas-mg\" target=\"_blank\" rel=\"noreferrer noopener\"><strong>Climatempo<\/strong><\/a>).<\/em><\/p>\n\n\n\n<h2 class=\"wp-block-heading\">Po\u00e7os de Caldas une a cura pelas \u00e1guas \u00e0 arte do vidro<\/h2>\n\n\n\n<p>Escolher este destino mineiro \u00e9 garantir uma estadia de requinte e tranquilidade:<\/p>\n\n\n\n<ul class=\"wp-block-list\">\n<li>Relaxe num banho de imers\u00e3o nas hist\u00f3ricas <strong>Thermas Ant\u00f4nio Carlos<\/strong>.<\/li>\n\n\n\n<li>Adquira uma pe\u00e7a \u00fanica de cristal de Murano diretamente das m\u00e3os do artes\u00e3o.<\/li>\n\n\n\n<li>Experimente os sabonetes artesanais de enxofre e azeite, produtos t\u00edpicos da cosmetologia local.<\/li>\n<\/ul>\n\n\n\n<p>Precisa de provar um doce de leite mineiro ap\u00f3s um passeio na Pra\u00e7a Pedro Sanches.<\/p>\n","protected":false},"excerpt":{"rendered":"<p>Po\u00e7os de Caldas, situada no Sul de Minas Gerais a cerca de 460 km de Belo Horizonte e 260 km de S\u00e3o Paulo, \u00e9 uma est\u00e2ncia hidromineral constru\u00edda literalmente dentro da cratera de um vulc\u00e3o extinto. Esta geografia singular aben\u00e7oou a cidade com \u00e1guas sulfurosas que brotam do solo a 45\u202f\u00b0C, atraindo turismo de sa\u00fade [&hellip;]<\/p>\n","protected":false},"author":8,"featured_media":180462,"comment_status":"open","ping_status":"open","sticky":false,"template":"","format":"standard","meta":{"_yoast_wpseo_focuskw":"cidade de minas gerais","_yoast_wpseo_title":"","_yoast_wpseo_metadesc":"Essa cidade de Minas Gerais surpreende ao reunir um vulc\u00e3o extinto, \u00e1guas termais hist\u00f3ricas e um Cristo Redentor inesperado.","jnews-multi-image_gallery":[],"jnews_single_post":{"format":"standard"},"jnews_primary_category":[],"jnews_social_meta":[],"jnews_override_counter":[],"footnotes":""},"categories":[108,111],"tags":[388,3466],"class_list":["post-179985","post","type-post","status-publish","format-standard","has-post-thumbnail","hentry","category-cidades","category-turismo","tag-minas-gerais","tag-pocos-de-caldas"],"yoast_head":"<!-- This site is optimized with the Yoast SEO plugin v24.6 - https:\/\/yoast.com\/wordpress\/plugins\/seo\/ -->\n<title>Uma cidade de Minas Gerais dentro de um vulc\u00e3o extinto atrai \u00e1guas termais a 45\u202f\u00b0C que curam desde o Brasil imp\u00e9rio e tem um Cristo Redentor inesperado - Correio Braziliense - Radar<\/title>\n<meta name=\"description\" content=\"Essa cidade de Minas Gerais surpreende ao reunir um vulc\u00e3o extinto, \u00e1guas termais hist\u00f3ricas e um Cristo Redentor inesperado.\" \/>\n<meta name=\"robots\" content=\"index, follow, max-snippet:-1, max-image-preview:large, max-video-preview:-1\" \/>\n<link rel=\"canonical\" href=\"https:\/\/www.correiobraziliense.com.br\/cbradar\/uma-cidade-de-minas-gerais-dentro-de-um-vulcao-extinto-atrai-aguas-termais-a-45-c-que-curam-desde-o-brasil-imperio-e-tem-um-cristo-redentor-inesperado\/\" \/>\n<meta property=\"og:locale\" content=\"pt_BR\" \/>\n<meta property=\"og:type\" content=\"article\" \/>\n<meta property=\"og:title\" content=\"Uma cidade de Minas Gerais dentro de um vulc\u00e3o extinto atrai \u00e1guas termais a 45\u202f\u00b0C que curam desde o Brasil imp\u00e9rio e tem um Cristo Redentor inesperado - Correio Braziliense - Radar\" \/>\n<meta property=\"og:description\" content=\"Essa cidade de Minas Gerais surpreende ao reunir um vulc\u00e3o extinto, \u00e1guas termais hist\u00f3ricas e um Cristo Redentor inesperado.\" \/>\n<meta property=\"og:url\" content=\"https:\/\/www.correiobraziliense.com.br\/cbradar\/uma-cidade-de-minas-gerais-dentro-de-um-vulcao-extinto-atrai-aguas-termais-a-45-c-que-curam-desde-o-brasil-imperio-e-tem-um-cristo-redentor-inesperado\/\" \/>\n<meta property=\"og:site_name\" content=\"Correio Braziliense - Radar\" \/>\n<meta property=\"article:published_time\" content=\"2026-01-24T11:25:00+00:00\" \/>\n<meta property=\"og:image\" content=\"https:\/\/www.correiobraziliense.com.br\/cbradar\/wp-content\/uploads\/2026\/01\/aaa-2026-01-24T060546.061.png\" \/>\n\t<meta property=\"og:image:width\" content=\"1280\" \/>\n\t<meta property=\"og:image:height\" content=\"720\" \/>\n\t<meta property=\"og:image:type\" content=\"image\/png\" \/>\n<meta name=\"author\" content=\"Maura Pereira\" \/>\n<meta name=\"twitter:card\" content=\"summary_large_image\" \/>\n<meta name=\"twitter:label1\" content=\"Escrito por\" \/>\n\t<meta name=\"twitter:data1\" content=\"Maura Pereira\" \/>\n\t<meta name=\"twitter:label2\" content=\"Est. tempo de leitura\" \/>\n\t<meta name=\"twitter:data2\" content=\"6 minutos\" \/>\n<!-- \/ Yoast SEO plugin. -->","yoast_head_json":{"title":"Uma cidade de Minas Gerais dentro de um vulc\u00e3o extinto atrai \u00e1guas termais a 45\u202f\u00b0C que curam desde o Brasil imp\u00e9rio e tem um Cristo Redentor inesperado - Correio Braziliense - Radar","description":"Essa cidade de Minas Gerais surpreende ao reunir um vulc\u00e3o extinto, \u00e1guas termais hist\u00f3ricas e um Cristo Redentor inesperado.","robots":{"index":"index","follow":"follow","max-snippet":"max-snippet:-1","max-image-preview":"max-image-preview:large","max-video-preview":"max-video-preview:-1"},"canonical":"https:\/\/www.correiobraziliense.com.br\/cbradar\/uma-cidade-de-minas-gerais-dentro-de-um-vulcao-extinto-atrai-aguas-termais-a-45-c-que-curam-desde-o-brasil-imperio-e-tem-um-cristo-redentor-inesperado\/","og_locale":"pt_BR","og_type":"article","og_title":"Uma cidade de Minas Gerais dentro de um vulc\u00e3o extinto atrai \u00e1guas termais a 45\u202f\u00b0C que curam desde o Brasil imp\u00e9rio e tem um Cristo Redentor inesperado - Correio Braziliense - Radar","og_description":"Essa cidade de Minas Gerais surpreende ao reunir um vulc\u00e3o extinto, \u00e1guas termais hist\u00f3ricas e um Cristo Redentor inesperado.","og_url":"https:\/\/www.correiobraziliense.com.br\/cbradar\/uma-cidade-de-minas-gerais-dentro-de-um-vulcao-extinto-atrai-aguas-termais-a-45-c-que-curam-desde-o-brasil-imperio-e-tem-um-cristo-redentor-inesperado\/","og_site_name":"Correio Braziliense - Radar","article_published_time":"2026-01-24T11:25:00+00:00","og_image":[{"width":1280,"height":720,"url":"https:\/\/www.correiobraziliense.com.br\/cbradar\/wp-content\/uploads\/2026\/01\/aaa-2026-01-24T060546.061.png","type":"image\/png"}],"author":"Maura Pereira","twitter_card":"summary_large_image","twitter_misc":{"Escrito por":"Maura Pereira","Est. tempo de leitura":"6 minutos"},"schema":{"@context":"https:\/\/schema.org","@graph":[{"@type":"WebPage","@id":"https:\/\/www.correiobraziliense.com.br\/cbradar\/uma-cidade-de-minas-gerais-dentro-de-um-vulcao-extinto-atrai-aguas-termais-a-45-c-que-curam-desde-o-brasil-imperio-e-tem-um-cristo-redentor-inesperado\/","url":"https:\/\/www.correiobraziliense.com.br\/cbradar\/uma-cidade-de-minas-gerais-dentro-de-um-vulcao-extinto-atrai-aguas-termais-a-45-c-que-curam-desde-o-brasil-imperio-e-tem-um-cristo-redentor-inesperado\/","name":"Uma cidade de Minas Gerais dentro de um vulc\u00e3o extinto atrai \u00e1guas termais a 45\u202f\u00b0C que curam desde o Brasil imp\u00e9rio e tem um Cristo Redentor inesperado - Correio Braziliense - Radar","isPartOf":{"@id":"https:\/\/www.correiobraziliense.com.br\/cbradar\/#website"},"primaryImageOfPage":{"@id":"https:\/\/www.correiobraziliense.com.br\/cbradar\/uma-cidade-de-minas-gerais-dentro-de-um-vulcao-extinto-atrai-aguas-termais-a-45-c-que-curam-desde-o-brasil-imperio-e-tem-um-cristo-redentor-inesperado\/#primaryimage"},"image":{"@id":"https:\/\/www.correiobraziliense.com.br\/cbradar\/uma-cidade-de-minas-gerais-dentro-de-um-vulcao-extinto-atrai-aguas-termais-a-45-c-que-curam-desde-o-brasil-imperio-e-tem-um-cristo-redentor-inesperado\/#primaryimage"},"thumbnailUrl":"https:\/\/www.correiobraziliense.com.br\/cbradar\/wp-content\/uploads\/2026\/01\/aaa-2026-01-24T060546.061.png","datePublished":"2026-01-24T11:25:00+00:00","author":{"@id":"https:\/\/www.correiobraziliense.com.br\/cbradar\/#\/schema\/person\/4053c651a9bfc785afc6f4cbc9032fd3"},"description":"Essa cidade de Minas Gerais surpreende ao reunir um vulc\u00e3o extinto, \u00e1guas termais hist\u00f3ricas e um Cristo Redentor inesperado.","breadcrumb":{"@id":"https:\/\/www.correiobraziliense.com.br\/cbradar\/uma-cidade-de-minas-gerais-dentro-de-um-vulcao-extinto-atrai-aguas-termais-a-45-c-que-curam-desde-o-brasil-imperio-e-tem-um-cristo-redentor-inesperado\/#breadcrumb"},"inLanguage":"pt-BR","potentialAction":[{"@type":"ReadAction","target":["https:\/\/www.correiobraziliense.com.br\/cbradar\/uma-cidade-de-minas-gerais-dentro-de-um-vulcao-extinto-atrai-aguas-termais-a-45-c-que-curam-desde-o-brasil-imperio-e-tem-um-cristo-redentor-inesperado\/"]}]},{"@type":"ImageObject","inLanguage":"pt-BR","@id":"https:\/\/www.correiobraziliense.com.br\/cbradar\/uma-cidade-de-minas-gerais-dentro-de-um-vulcao-extinto-atrai-aguas-termais-a-45-c-que-curam-desde-o-brasil-imperio-e-tem-um-cristo-redentor-inesperado\/#primaryimage","url":"https:\/\/www.correiobraziliense.com.br\/cbradar\/wp-content\/uploads\/2026\/01\/aaa-2026-01-24T060546.061.png","contentUrl":"https:\/\/www.correiobraziliense.com.br\/cbradar\/wp-content\/uploads\/2026\/01\/aaa-2026-01-24T060546.061.png","width":1280,"height":720,"caption":"Mergulhe nas termas quentes de Po\u00e7os de Caldas e renove energias no alto da serra mineira. Descubra o para\u00edso do bem-estar e natureza exuberante! \/ Imagem ilustrativa"},{"@type":"BreadcrumbList","@id":"https:\/\/www.correiobraziliense.com.br\/cbradar\/uma-cidade-de-minas-gerais-dentro-de-um-vulcao-extinto-atrai-aguas-termais-a-45-c-que-curam-desde-o-brasil-imperio-e-tem-um-cristo-redentor-inesperado\/#breadcrumb","itemListElement":[{"@type":"ListItem","position":1,"name":"In\u00edcio","item":"https:\/\/www.correiobraziliense.com.br\/cbradar\/"},{"@type":"ListItem","position":2,"name":"Uma cidade de Minas Gerais dentro de um vulc\u00e3o extinto atrai \u00e1guas termais a 45\u202f\u00b0C que curam desde o Brasil imp\u00e9rio e tem um Cristo Redentor inesperado"}]},{"@type":"WebSite","@id":"https:\/\/www.correiobraziliense.com.br\/cbradar\/#website","url":"https:\/\/www.correiobraziliense.com.br\/cbradar\/","name":"Correio Braziliense - Radar","description":"Acompanhe as \u00faltimas not\u00edcias e fique bem informado sobre tudo o que acontece no Brasil e no mundo.","potentialAction":[{"@type":"SearchAction","target":{"@type":"EntryPoint","urlTemplate":"https:\/\/www.correiobraziliense.com.br\/cbradar\/?s={search_term_string}"},"query-input":{"@type":"PropertyValueSpecification","valueRequired":true,"valueName":"search_term_string"}}],"inLanguage":"pt-BR"},{"@type":"Person","@id":"https:\/\/www.correiobraziliense.com.br\/cbradar\/#\/schema\/person\/4053c651a9bfc785afc6f4cbc9032fd3","name":"Maura Pereira","image":{"@type":"ImageObject","inLanguage":"pt-BR","@id":"https:\/\/www.correiobraziliense.com.br\/cbradar\/#\/schema\/person\/image\/","url":"https:\/\/secure.gravatar.com\/avatar\/3effd6bdadfa447f15089c7f7144eaa6?s=96&d=mm&r=g","contentUrl":"https:\/\/secure.gravatar.com\/avatar\/3effd6bdadfa447f15089c7f7144eaa6?s=96&d=mm&r=g","caption":"Maura Pereira"},"sameAs":["https:\/\/www.correiobraziliense.com.br\/"],"url":"https:\/\/www.correiobraziliense.com.br\/cbradar\/author\/mauramyth\/"}]}},"_links":{"self":[{"href":"https:\/\/www.correiobraziliense.com.br\/cbradar\/wp-json\/wp\/v2\/posts\/179985","targetHints":{"allow":["GET"]}}],"collection":[{"href":"https:\/\/www.correiobraziliense.com.br\/cbradar\/wp-json\/wp\/v2\/posts"}],"about":[{"href":"https:\/\/www.correiobraziliense.com.br\/cbradar\/wp-json\/wp\/v2\/types\/post"}],"author":[{"embeddable":true,"href":"https:\/\/www.correiobraziliense.com.br\/cbradar\/wp-json\/wp\/v2\/users\/8"}],"replies":[{"embeddable":true,"href":"https:\/\/www.correiobraziliense.com.br\/cbradar\/wp-json\/wp\/v2\/comments?post=179985"}],"version-history":[{"count":20,"href":"https:\/\/www.correiobraziliense.com.br\/cbradar\/wp-json\/wp\/v2\/posts\/179985\/revisions"}],"predecessor-version":[{"id":180465,"href":"https:\/\/www.correiobraziliense.com.br\/cbradar\/wp-json\/wp\/v2\/posts\/179985\/revisions\/180465"}],"wp:featuredmedia":[{"embeddable":true,"href":"https:\/\/www.correiobraziliense.com.br\/cbradar\/wp-json\/wp\/v2\/media\/180462"}],"wp:attachment":[{"href":"https:\/\/www.correiobraziliense.com.br\/cbradar\/wp-json\/wp\/v2\/media?parent=179985"}],"wp:term":[{"taxonomy":"category","embeddable":true,"href":"https:\/\/www.correiobraziliense.com.br\/cbradar\/wp-json\/wp\/v2\/categories?post=179985"},{"taxonomy":"post_tag","embeddable":true,"href":"https:\/\/www.correiobraziliense.com.br\/cbradar\/wp-json\/wp\/v2\/tags?post=179985"}],"curies":[{"name":"wp","href":"https:\/\/api.w.org\/{rel}","templated":true}]}}