{"id":179988,"date":"2026-01-24T12:45:00","date_gmt":"2026-01-24T15:45:00","guid":{"rendered":"https:\/\/www.correiobraziliense.com.br\/cbradar\/?p=179988"},"modified":"2026-01-24T06:46:31","modified_gmt":"2026-01-24T09:46:31","slug":"a-65-km-de-sao-paulo-essa-cidade-abriga-uma-rocha-a-1-400-metros-e-atrai-quem-busca-ar-puro-para-viver-bem","status":"publish","type":"post","link":"https:\/\/www.correiobraziliense.com.br\/cbradar\/a-65-km-de-sao-paulo-essa-cidade-abriga-uma-rocha-a-1-400-metros-e-atrai-quem-busca-ar-puro-para-viver-bem\/","title":{"rendered":"A 65 km de S\u00e3o Paulo, essa cidade abriga uma rocha a 1.400 metros e atrai quem busca ar puro para viver bem"},"content":{"rendered":"\n<p><strong>Atibaia<\/strong>, localizada a apenas 65 km de <strong>S\u00e3o Paulo<\/strong>, \u00e9 o ref\u00fagio de campo oficial dos paulistanos que buscam ar puro sem abrir m\u00e3o de infraestrutura urbana. A cidade \u00e9 uma Est\u00e2ncia Clim\u00e1tica que converte sua geografia privilegiada em qualidade de vida, sendo um polo de condom\u00ednios de alto padr\u00e3o e turismo rural.<\/p>\n\n\n\n<h2 class=\"wp-block-heading\">Por que a cidade \u00e9 refer\u00eancia em bem-estar em SP?<\/h2>\n\n\n\n<p>O munic\u00edpio equilibra o desenvolvimento econ\u00f4mico com a preserva\u00e7\u00e3o de sua extensa \u00e1rea verde, resultando em indicadores sociais de excel\u00eancia. Para comprovar este padr\u00e3o, dados do<strong> <a href=\"https:\/\/cidades.ibge.gov.br\/brasil\/sp\/atibaia\/panorama\" target=\"_blank\" rel=\"noreferrer noopener\">Instituto Brasileiro de Geografia e Estat\u00edstica (IBGE)<\/a> <\/strong>apontam um<strong> IDH de 0,765<\/strong>, \u00edndice que atrai fam\u00edlias em busca de seguran\u00e7a e longevidade longe da polui\u00e7\u00e3o da metr\u00f3pole.<\/p>\n\n\n\n<p>Viver ou visitar Atibaia \u00e9 desfrutar de uma cidade onde o lazer ao ar livre \u00e9 parte da rotina. A infraestrutura hoteleira \u00e9 uma das melhores do estado, com resorts que oferecem pens\u00e3o completa, enquanto o centro da cidade mant\u00e9m o charme tranquilo com servi\u00e7os de sa\u00fade e educa\u00e7\u00e3o de qualidade.<\/p>\n\n\n<div class=\"wp-block-image\">\n<figure class=\"aligncenter size-large\"><img decoding=\"async\" width=\"1024\" height=\"576\" src=\"https:\/\/www.correiobraziliense.com.br\/cbradar\/wp-content\/uploads\/2025\/12\/atibaia_1766545526851-1024x576.jpg\" alt=\"A 65 km de S\u00e3o Paulo, essa cidade abriga uma rocha a 1.400 metros e atrai quem busca ar puro para viver bem\" class=\"wp-image-161905\" srcset=\"https:\/\/www.correiobraziliense.com.br\/cbradar\/wp-content\/uploads\/2025\/12\/atibaia_1766545526851-1024x576.jpg 1024w, https:\/\/www.correiobraziliense.com.br\/cbradar\/wp-content\/uploads\/2025\/12\/atibaia_1766545526851-300x169.jpg 300w, https:\/\/www.correiobraziliense.com.br\/cbradar\/wp-content\/uploads\/2025\/12\/atibaia_1766545526851-768x432.jpg 768w, https:\/\/www.correiobraziliense.com.br\/cbradar\/wp-content\/uploads\/2025\/12\/atibaia_1766545526851-750x422.jpg 750w, https:\/\/www.correiobraziliense.com.br\/cbradar\/wp-content\/uploads\/2025\/12\/atibaia_1766545526851-1140x641.jpg 1140w, https:\/\/www.correiobraziliense.com.br\/cbradar\/wp-content\/uploads\/2025\/12\/atibaia_1766545526851.jpg 1280w\" sizes=\"(max-width: 1024px) 100vw, 1024px\" \/><figcaption class=\"wp-element-caption\">Atibaia oferece Parque Estadual de Itapetinga, museu hist\u00f3rico e roteiros rurais ideais para fam\u00edlias e ecoturismo. \/\/ Cr\u00e9ditos: depositphotos.com \/ Ranimiro<\/figcaption><\/figure><\/div>\n\n\n<h2 class=\"wp-block-heading\">O que acontece na Pedra Grande?<\/h2>\n\n\n\n<p>A <strong>Pedra Grande<\/strong> \u00e9 o cart\u00e3o-postal m\u00e1ximo da regi\u00e3o, uma forma\u00e7\u00e3o rochosa a 1.450 metros de altitude que serve como uma das melhores rampas de voo livre (asa-delta e paraglider) do <strong>Brasil<\/strong>. O topo oferece uma vista panor\u00e2mica incr\u00edvel de v\u00e1rias cidades vizinhas.<\/p>\n\n\n\n<p><strong>Dica de acesso:<\/strong> \u00c9 poss\u00edvel chegar ao topo de carro por uma estrada de terra \u00edngreme. Em dias de chuva, o acesso torna-se perigoso para ve\u00edculos de passeio (n\u00e3o 4&#215;4) devido \u00e0 lama. Aos fins de semana, o plat\u00f4 transforma-se em uma &#8220;praia de paulista&#8221;, ideal para piqueniques ao p\u00f4r do sol.<\/p>\n\n\n\n<p><strong>Descubra o charme de Atibaia, a famosa &#8220;Terra do Morango e das Flores&#8221; no interior de S\u00e3o Paulo. <\/strong>O v\u00eddeo \u00e9 do canal <strong>De fora em Juiz de Fora<\/strong>, que conta com mais de <strong>130 mil inscritos<\/strong>, e apresenta um guia completo pela cidade, destacando o passeio de telef\u00e9rico, o <strong>Parque Edmundo Zanoni<\/strong>, a tradicional sorveteria Al Valentim e a forte influ\u00eancia da cultura japonesa na regi\u00e3o:<\/p>\n\n\n\n<figure class=\"wp-block-embed aligncenter is-type-video is-provider-youtube wp-block-embed-youtube wp-embed-aspect-16-9 wp-has-aspect-ratio\"><div class=\"wp-block-embed__wrapper\">\n<div class=\"jeg_video_container jeg_video_content\"><iframe loading=\"lazy\" title=\"CONHE\u00c7A ATIBAIA - SP: Terra das flores e do morango em S\u00e3o Paulo - perto de Campinas\" width=\"500\" height=\"281\" src=\"https:\/\/www.youtube.com\/embed\/5U11PXOySrM?feature=oembed\" frameborder=\"0\" allow=\"accelerometer; autoplay; clipboard-write; encrypted-media; gyroscope; picture-in-picture; web-share\" referrerpolicy=\"strict-origin-when-cross-origin\" allowfullscreen><\/iframe><\/div>\n<\/div><\/figure>\n\n\n\n<h2 class=\"wp-block-heading\">Quando ocorre a famosa Festa de Flores e Morangos?<\/h2>\n\n\n\n<p>O evento oficial acontece tradicionalmente em <strong>setembro<\/strong>, no <strong>Parque Edmundo Zanoni<\/strong>. A festa celebra a col\u00f4nia japonesa, respons\u00e1vel por tornar a cidade a maior produtora de flores e morangos do pa\u00eds (respons\u00e1vel por 25% da produ\u00e7\u00e3o nacional da fruta).<\/p>\n\n\n\n<p>\u00c9 uma imers\u00e3o cultural e gastron\u00f4mica onde se prova o famoso morango no espeto com chocolate e se visita o pavilh\u00e3o de exposi\u00e7\u00f5es, decorado com esculturas florais gigantescas. Em junho, tamb\u00e9m ocorre a Festa do Morango (em parceria com a vizinha Jarinu), focada mais na fruta <em>in natura<\/em>.<\/p>\n\n\n\n<h2 class=\"wp-block-heading\">Quais atra\u00e7\u00f5es definem o roteiro urbano?<\/h2>\n\n\n\n<p>O turismo em Atibaia \u00e9 acess\u00edvel e familiar, concentrado em pontos que n\u00e3o exigem grande esfor\u00e7o f\u00edsico:<\/p>\n\n\n\n<ul class=\"wp-block-list\">\n<li><strong>Parque Edmundo Zanoni<\/strong>: Uma \u00e1rea verde vasta com lago, pedalinhos, o Museu de Hist\u00f3ria Natural e o Sal\u00e3o do Artes\u00e3o.<\/li>\n\n\n\n<li><strong>Telef\u00e9rico<\/strong>: Conecta o Lago do Major \u00e0 parte alta da cidade, oferecendo um passeio nost\u00e1lgico e uma vista a\u00e9rea do centro.<\/li>\n\n\n\n<li><strong>Santu\u00e1rio de Schoenstatt<\/strong>: Um local de peregrina\u00e7\u00e3o e sil\u00eancio absoluto, r\u00e9plica do santu\u00e1rio original alem\u00e3o, muito procurado para medita\u00e7\u00e3o.<\/li>\n<\/ul>\n\n\n<div class=\"wp-block-image\">\n<figure class=\"aligncenter size-large\"><img decoding=\"async\" width=\"1024\" height=\"576\" src=\"https:\/\/www.correiobraziliense.com.br\/cbradar\/wp-content\/uploads\/2025\/12\/canva-70-1024x576.png\" alt=\"A 65 km de S\u00e3o Paulo, essa cidade abriga uma rocha a 1.400 metros e atrai quem busca ar puro para viver bem\" class=\"wp-image-161900\" srcset=\"https:\/\/www.correiobraziliense.com.br\/cbradar\/wp-content\/uploads\/2025\/12\/canva-70-1024x576.png 1024w, https:\/\/www.correiobraziliense.com.br\/cbradar\/wp-content\/uploads\/2025\/12\/canva-70-300x169.png 300w, https:\/\/www.correiobraziliense.com.br\/cbradar\/wp-content\/uploads\/2025\/12\/canva-70-768x432.png 768w, https:\/\/www.correiobraziliense.com.br\/cbradar\/wp-content\/uploads\/2025\/12\/canva-70-750x422.png 750w, https:\/\/www.correiobraziliense.com.br\/cbradar\/wp-content\/uploads\/2025\/12\/canva-70-1140x641.png 1140w, https:\/\/www.correiobraziliense.com.br\/cbradar\/wp-content\/uploads\/2025\/12\/canva-70.png 1280w\" sizes=\"(max-width: 1024px) 100vw, 1024px\" \/><figcaption class=\"wp-element-caption\">Atibaia bomba no turismo 2025: Festa de Flores e Morangos atrai milhares \u00e0 est\u00e2ncia segura do interior de SP! \/\/ Cr\u00e9ditos: Wikip\u00e9dia<\/figcaption><\/figure><\/div>\n\n\n<p><strong>Leia tamb\u00e9m: <a href=\"https:\/\/www.correiobraziliense.com.br\/cbradar\/fundada-em-1737-a-cidade-mais-antiga-do-rs-tambem-e-dona-da-maior-praia-do-mundo-em-extensao\/\" target=\"_blank\" rel=\"noreferrer noopener\">Fundada em 1737, a cidade mais antiga do RS tamb\u00e9m \u00e9 dona da maior praia do mundo em extens\u00e3o.<\/a><\/strong><\/p>\n\n\n\n<h2 class=\"wp-block-heading\">O clima \u00e9 realmente diferenciado?<\/h2>\n\n\n\n<p><strong>Sim.<\/strong> A topografia de vales e serras cria um microclima ameno, com noites frescas mesmo no ver\u00e3o. A ventila\u00e7\u00e3o constante ajuda a dispersar poluentes, justificando a fama de &#8220;ar puro&#8221;.<\/p>\n\n\n\n<p>Planeje sua mala considerando a amplitude t\u00e9rmica:<\/p>\n\n\n\n<figure class=\"wp-block-table\"><table class=\"has-fixed-layout\"><tbody><tr><th>Esta\u00e7\u00e3o\/Meses<\/th><th>Temperatura<\/th><th>O que esperar<\/th><\/tr><tr><td>Set (Festa)<\/td><td>14\u00b0C a 26\u00b0C<\/td><td>Clima de primavera, cidade florida e fins de semana movimentados.<\/td><\/tr><tr><td>Dez a Fev (Ver\u00e3o)<\/td><td>18\u00b0C a 30\u00b0C<\/td><td>Dias quentes, pancadas de chuva no fim da tarde e hot\u00e9is cheios.<\/td><\/tr><tr><td>Jun a Ago (Inverno)<\/td><td>8\u00b0C a 23\u00b0C<\/td><td>C\u00e9u azul profundo (\u00f3timo para Pedra Grande), noites frias e festivais de inverno.<\/td><\/tr><\/tbody><\/table><\/figure>\n\n\n\n<p><em>Baseado em m\u00e9dias climatol\u00f3gicas hist\u00f3ricas para Atibaia (fonte: <strong><a href=\"https:\/\/www.climatempo.com.br\/previsao-do-tempo\/cidade\/402\/atibaia-sp\" target=\"_blank\" rel=\"noreferrer noopener\">Climatempo<\/a>)<\/strong>.<\/em><\/p>\n\n\n\n<h2 class=\"wp-block-heading\">Atibaia une adrenalina no c\u00e9u e do\u00e7ura na terra<\/h2>\n\n\n\n<p>Escolher este destino \u00e9 garantir contato com a natureza sem isolamento:<\/p>\n\n\n\n<ul class=\"wp-block-list\">\n<li>Suba a Pedra Grande para ver as asas-deltas colorindo o c\u00e9u (ou voe voc\u00ea mesmo).<\/li>\n\n\n\n<li>Visite o Parque Edmundo Zanoni em setembro para comer a sobremesa de merengue com morango fresco.<\/li>\n\n\n\n<li>Aproveite a gastronomia da Alameda Lucas Nogueira Garcez, o corredor gastron\u00f4mico da cidade.<\/li>\n<\/ul>\n\n\n\n<p>Voc\u00ea precisa assistir ao p\u00f4r do sol sentado na rocha da Pedra Grande.<\/p>\n","protected":false},"excerpt":{"rendered":"<p>Atibaia, localizada a apenas 65 km de S\u00e3o Paulo, \u00e9 o ref\u00fagio de campo oficial dos paulistanos que buscam ar puro sem abrir m\u00e3o de infraestrutura urbana. A cidade \u00e9 uma Est\u00e2ncia Clim\u00e1tica que converte sua geografia privilegiada em qualidade de vida, sendo um polo de condom\u00ednios de alto padr\u00e3o e turismo rural. Por que [&hellip;]<\/p>\n","protected":false},"author":8,"featured_media":48404,"comment_status":"open","ping_status":"open","sticky":false,"template":"","format":"standard","meta":{"_yoast_wpseo_focuskw":"cidade em s\u00e3o paulo","_yoast_wpseo_title":"","_yoast_wpseo_metadesc":"Essa cidade a 65 km de S\u00e3o Paulo se destaca pela altitude elevada, pelo ar puro e por um estilo de vida tranquilo.","jnews-multi-image_gallery":[],"jnews_single_post":{"format":"standard"},"jnews_primary_category":[],"jnews_social_meta":[],"jnews_override_counter":[],"footnotes":""},"categories":[108,111],"post_tag":[5963,247,278],"class_list":["post-179988","post","type-post","status-publish","format-standard","has-post-thumbnail","hentry","category-cidades","category-turismo","tag-atibaia","tag-qualidade-de-vida","tag-sao-paulo"],"yoast_head":"<!-- This site is optimized with the Yoast SEO plugin v24.6 - https:\/\/yoast.com\/wordpress\/plugins\/seo\/ -->\n<title>A 65 km de S\u00e3o Paulo, essa cidade abriga uma rocha a 1.400 metros e atrai quem busca ar puro para viver bem - Correio Braziliense - Radar<\/title>\n<meta name=\"description\" content=\"Essa cidade a 65 km de S\u00e3o Paulo se destaca pela altitude elevada, pelo ar puro e por um estilo de vida tranquilo.\" \/>\n<meta name=\"robots\" content=\"index, follow, max-snippet:-1, max-image-preview:large, max-video-preview:-1\" \/>\n<link rel=\"canonical\" href=\"https:\/\/www.correiobraziliense.com.br\/cbradar\/a-65-km-de-sao-paulo-essa-cidade-abriga-uma-rocha-a-1-400-metros-e-atrai-quem-busca-ar-puro-para-viver-bem\/\" \/>\n<meta property=\"og:locale\" content=\"pt_BR\" \/>\n<meta property=\"og:type\" content=\"article\" \/>\n<meta property=\"og:title\" content=\"A 65 km de S\u00e3o Paulo, essa cidade abriga uma rocha a 1.400 metros e atrai quem busca ar puro para viver bem - Correio Braziliense - Radar\" \/>\n<meta property=\"og:description\" content=\"Essa cidade a 65 km de S\u00e3o Paulo se destaca pela altitude elevada, pelo ar puro e por um estilo de vida tranquilo.\" \/>\n<meta property=\"og:url\" content=\"https:\/\/www.correiobraziliense.com.br\/cbradar\/a-65-km-de-sao-paulo-essa-cidade-abriga-uma-rocha-a-1-400-metros-e-atrai-quem-busca-ar-puro-para-viver-bem\/\" \/>\n<meta property=\"og:site_name\" content=\"Correio Braziliense - Radar\" \/>\n<meta property=\"article:published_time\" content=\"2026-01-24T15:45:00+00:00\" \/>\n<meta property=\"og:image\" content=\"https:\/\/www.correiobraziliense.com.br\/cbradar\/wp-content\/uploads\/2025\/06\/Edicoes-29.png\" \/>\n\t<meta property=\"og:image:width\" content=\"1280\" \/>\n\t<meta property=\"og:image:height\" content=\"720\" \/>\n\t<meta property=\"og:image:type\" content=\"image\/png\" \/>\n<meta name=\"author\" content=\"Maura Pereira\" \/>\n<meta name=\"twitter:card\" content=\"summary_large_image\" \/>\n<meta name=\"twitter:label1\" content=\"Escrito por\" \/>\n\t<meta name=\"twitter:data1\" content=\"Maura Pereira\" \/>\n\t<meta name=\"twitter:label2\" content=\"Est. tempo de leitura\" \/>\n\t<meta name=\"twitter:data2\" content=\"5 minutos\" \/>\n<!-- \/ Yoast SEO plugin. -->","yoast_head_json":{"title":"A 65 km de S\u00e3o Paulo, essa cidade abriga uma rocha a 1.400 metros e atrai quem busca ar puro para viver bem - Correio Braziliense - Radar","description":"Essa cidade a 65 km de S\u00e3o Paulo se destaca pela altitude elevada, pelo ar puro e por um estilo de vida tranquilo.","robots":{"index":"index","follow":"follow","max-snippet":"max-snippet:-1","max-image-preview":"max-image-preview:large","max-video-preview":"max-video-preview:-1"},"canonical":"https:\/\/www.correiobraziliense.com.br\/cbradar\/a-65-km-de-sao-paulo-essa-cidade-abriga-uma-rocha-a-1-400-metros-e-atrai-quem-busca-ar-puro-para-viver-bem\/","og_locale":"pt_BR","og_type":"article","og_title":"A 65 km de S\u00e3o Paulo, essa cidade abriga uma rocha a 1.400 metros e atrai quem busca ar puro para viver bem - Correio Braziliense - Radar","og_description":"Essa cidade a 65 km de S\u00e3o Paulo se destaca pela altitude elevada, pelo ar puro e por um estilo de vida tranquilo.","og_url":"https:\/\/www.correiobraziliense.com.br\/cbradar\/a-65-km-de-sao-paulo-essa-cidade-abriga-uma-rocha-a-1-400-metros-e-atrai-quem-busca-ar-puro-para-viver-bem\/","og_site_name":"Correio Braziliense - Radar","article_published_time":"2026-01-24T15:45:00+00:00","og_image":[{"width":1280,"height":720,"url":"https:\/\/www.correiobraziliense.com.br\/cbradar\/wp-content\/uploads\/2025\/06\/Edicoes-29.png","type":"image\/png"}],"author":"Maura Pereira","twitter_card":"summary_large_image","twitter_misc":{"Escrito por":"Maura Pereira","Est. tempo de leitura":"5 minutos"},"schema":{"@context":"https:\/\/schema.org","@graph":[{"@type":"WebPage","@id":"https:\/\/www.correiobraziliense.com.br\/cbradar\/a-65-km-de-sao-paulo-essa-cidade-abriga-uma-rocha-a-1-400-metros-e-atrai-quem-busca-ar-puro-para-viver-bem\/","url":"https:\/\/www.correiobraziliense.com.br\/cbradar\/a-65-km-de-sao-paulo-essa-cidade-abriga-uma-rocha-a-1-400-metros-e-atrai-quem-busca-ar-puro-para-viver-bem\/","name":"A 65 km de S\u00e3o Paulo, essa cidade abriga uma rocha a 1.400 metros e atrai quem busca ar puro para viver bem - Correio Braziliense - Radar","isPartOf":{"@id":"https:\/\/www.correiobraziliense.com.br\/cbradar\/#website"},"primaryImageOfPage":{"@id":"https:\/\/www.correiobraziliense.com.br\/cbradar\/a-65-km-de-sao-paulo-essa-cidade-abriga-uma-rocha-a-1-400-metros-e-atrai-quem-busca-ar-puro-para-viver-bem\/#primaryimage"},"image":{"@id":"https:\/\/www.correiobraziliense.com.br\/cbradar\/a-65-km-de-sao-paulo-essa-cidade-abriga-uma-rocha-a-1-400-metros-e-atrai-quem-busca-ar-puro-para-viver-bem\/#primaryimage"},"thumbnailUrl":"https:\/\/www.correiobraziliense.com.br\/cbradar\/wp-content\/uploads\/2025\/06\/Edicoes-29.png","datePublished":"2026-01-24T15:45:00+00:00","author":{"@id":"https:\/\/www.correiobraziliense.com.br\/cbradar\/#\/schema\/person\/4053c651a9bfc785afc6f4cbc9032fd3"},"description":"Essa cidade a 65 km de S\u00e3o Paulo se destaca pela altitude elevada, pelo ar puro e por um estilo de vida tranquilo.","breadcrumb":{"@id":"https:\/\/www.correiobraziliense.com.br\/cbradar\/a-65-km-de-sao-paulo-essa-cidade-abriga-uma-rocha-a-1-400-metros-e-atrai-quem-busca-ar-puro-para-viver-bem\/#breadcrumb"},"inLanguage":"pt-BR","potentialAction":[{"@type":"ReadAction","target":["https:\/\/www.correiobraziliense.com.br\/cbradar\/a-65-km-de-sao-paulo-essa-cidade-abriga-uma-rocha-a-1-400-metros-e-atrai-quem-busca-ar-puro-para-viver-bem\/"]}]},{"@type":"ImageObject","inLanguage":"pt-BR","@id":"https:\/\/www.correiobraziliense.com.br\/cbradar\/a-65-km-de-sao-paulo-essa-cidade-abriga-uma-rocha-a-1-400-metros-e-atrai-quem-busca-ar-puro-para-viver-bem\/#primaryimage","url":"https:\/\/www.correiobraziliense.com.br\/cbradar\/wp-content\/uploads\/2025\/06\/Edicoes-29.png","contentUrl":"https:\/\/www.correiobraziliense.com.br\/cbradar\/wp-content\/uploads\/2025\/06\/Edicoes-29.png","width":1280,"height":720,"caption":"Atibaia segue relevo serrano da Serra da Mantiqueira, com Rio Atibaia e planta\u00e7\u00f5es de morango em tra\u00e7ado colonial desde 1665. \/\/ Reprodu\u00e7\u00e3o: Wikip\u00e9dia"},{"@type":"BreadcrumbList","@id":"https:\/\/www.correiobraziliense.com.br\/cbradar\/a-65-km-de-sao-paulo-essa-cidade-abriga-uma-rocha-a-1-400-metros-e-atrai-quem-busca-ar-puro-para-viver-bem\/#breadcrumb","itemListElement":[{"@type":"ListItem","position":1,"name":"In\u00edcio","item":"https:\/\/www.correiobraziliense.com.br\/cbradar\/"},{"@type":"ListItem","position":2,"name":"A 65 km de S\u00e3o Paulo, essa cidade abriga uma rocha a 1.400 metros e atrai quem busca ar puro para viver bem"}]},{"@type":"WebSite","@id":"https:\/\/www.correiobraziliense.com.br\/cbradar\/#website","url":"https:\/\/www.correiobraziliense.com.br\/cbradar\/","name":"Correio Braziliense - Radar","description":"Acompanhe as \u00faltimas not\u00edcias e fique bem informado sobre tudo o que acontece no Brasil e no mundo.","potentialAction":[{"@type":"SearchAction","target":{"@type":"EntryPoint","urlTemplate":"https:\/\/www.correiobraziliense.com.br\/cbradar\/?s={search_term_string}"},"query-input":{"@type":"PropertyValueSpecification","valueRequired":true,"valueName":"search_term_string"}}],"inLanguage":"pt-BR"},{"@type":"Person","@id":"https:\/\/www.correiobraziliense.com.br\/cbradar\/#\/schema\/person\/4053c651a9bfc785afc6f4cbc9032fd3","name":"Maura Pereira","image":{"@type":"ImageObject","inLanguage":"pt-BR","@id":"https:\/\/www.correiobraziliense.com.br\/cbradar\/#\/schema\/person\/image\/","url":"https:\/\/secure.gravatar.com\/avatar\/3effd6bdadfa447f15089c7f7144eaa6?s=96&d=mm&r=g","contentUrl":"https:\/\/secure.gravatar.com\/avatar\/3effd6bdadfa447f15089c7f7144eaa6?s=96&d=mm&r=g","caption":"Maura Pereira"},"sameAs":["https:\/\/www.correiobraziliense.com.br\/"],"url":"https:\/\/www.correiobraziliense.com.br\/cbradar\/author\/mauramyth\/"}]}},"_links":{"self":[{"href":"https:\/\/www.correiobraziliense.com.br\/cbradar\/wp-json\/wp\/v2\/posts\/179988","targetHints":{"allow":["GET"]}}],"collection":[{"href":"https:\/\/www.correiobraziliense.com.br\/cbradar\/wp-json\/wp\/v2\/posts"}],"about":[{"href":"https:\/\/www.correiobraziliense.com.br\/cbradar\/wp-json\/wp\/v2\/types\/post"}],"author":[{"embeddable":true,"href":"https:\/\/www.correiobraziliense.com.br\/cbradar\/wp-json\/wp\/v2\/users\/8"}],"replies":[{"embeddable":true,"href":"https:\/\/www.correiobraziliense.com.br\/cbradar\/wp-json\/wp\/v2\/comments?post=179988"}],"version-history":[{"count":14,"href":"https:\/\/www.correiobraziliense.com.br\/cbradar\/wp-json\/wp\/v2\/posts\/179988\/revisions"}],"predecessor-version":[{"id":180500,"href":"https:\/\/www.correiobraziliense.com.br\/cbradar\/wp-json\/wp\/v2\/posts\/179988\/revisions\/180500"}],"wp:featuredmedia":[{"embeddable":true,"href":"https:\/\/www.correiobraziliense.com.br\/cbradar\/wp-json\/wp\/v2\/media\/48404"}],"wp:attachment":[{"href":"https:\/\/www.correiobraziliense.com.br\/cbradar\/wp-json\/wp\/v2\/media?parent=179988"}],"wp:term":[{"taxonomy":"category","embeddable":true,"href":"https:\/\/www.correiobraziliense.com.br\/cbradar\/wp-json\/wp\/v2\/categories?post=179988"},{"taxonomy":"post_tag","embeddable":true,"href":"https:\/\/www.correiobraziliense.com.br\/cbradar\/wp-json\/wp\/v2\/post_tag?post=179988"}],"curies":[{"name":"wp","href":"https:\/\/api.w.org\/{rel}","templated":true}]}}