{"id":179999,"date":"2026-01-25T06:45:00","date_gmt":"2026-01-25T09:45:00","guid":{"rendered":"https:\/\/www.correiobraziliense.com.br\/cbradar\/?p=179999"},"modified":"2026-01-24T11:58:58","modified_gmt":"2026-01-24T14:58:58","slug":"nomes-de-bebes-que-podem-desaparecer-ainda-este-ano","status":"publish","type":"post","link":"https:\/\/www.correiobraziliense.com.br\/cbradar\/nomes-de-bebes-que-podem-desaparecer-ainda-este-ano\/","title":{"rendered":"Nomes de beb\u00eas que podem desaparecer ainda este ano"},"content":{"rendered":"\n<p>Escolher um <strong>nome de beb\u00ea em 2026<\/strong> envolve muito mais do que gosto pessoal. Tend\u00eancias, refer\u00eancias culturais, influ\u00eancias midi\u00e1ticas e at\u00e9 o desejo de evitar nomes considerados \u201cdatados\u201d interferem nessa decis\u00e3o. Relat\u00f3rios recentes de plataformas especializadas em nomes infantis mostram mudan\u00e7as claras nas prefer\u00eancias das fam\u00edlias, indicando quais nomes est\u00e3o ganhando for\u00e7a e quais correm risco de desaparecer dos registros nos pr\u00f3ximos anos, especialmente em grandes centros urbanos.<\/p>\n\n\n\n<h2 class=\"wp-block-heading\">Nome de beb\u00ea em 2026 e o que est\u00e1 mudando nas listas<\/h2>\n\n\n\n<p>O termo <strong>nome de beb\u00ea em 2026<\/strong> aparece com frequ\u00eancia em pesquisas de tend\u00eancias porque as listas mais recentes j\u00e1 sugerem o que tende a ficar em alta ou em baixa. Plataformas que analisam os mil nomes mais usados em anos anteriores observam quedas bruscas em determinados estilos, como combina\u00e7\u00f5es muito longas ou dif\u00edceis de pronunciar.<\/p>\n\n\n\n<p>Essa movimenta\u00e7\u00e3o n\u00e3o significa que esses nomes v\u00e3o desaparecer completamente, mas indica uma prov\u00e1vel sa\u00edda do grupo de escolhas mais comuns. Ao mesmo tempo, cresce o interesse por nomes de sonoridade internacional, curtos e com <strong>grafia simples<\/strong>, que funcionam bem tanto no Brasil quanto em outros pa\u00edses.<\/p>\n\n\n\n<ul class=\"wp-block-list\">\n<li><strong>Nomes femininos em alta em 2026:<\/strong> Lara, Helena, Maya, \u00cdsis, Olivia, Nina, Elisa, Chloe.<\/li>\n\n\n\n<li><strong>Nomes masculinos em alta em 2026:<\/strong> Noah, Gabriel, Theo, Ravi, Gael, Liam, Ben\u00edcio, Luca.<\/li>\n\n\n\n<li><strong>Nomes considerados mais atemporais:<\/strong> Ana, Clara, J\u00falia, Maria, Pedro, Jo\u00e3o, Lucas, Henrique.<\/li>\n<\/ul>\n\n\n\n<h2 class=\"wp-block-heading\">Quais tend\u00eancias de nomes de beb\u00ea est\u00e3o perdendo for\u00e7a<\/h2>\n\n\n\n<p>Uma das tend\u00eancias em baixa para <strong>nome de beb\u00ea em 2026<\/strong> \u00e9 o uso de <strong>grafias alternativas<\/strong>. Nomes com letras a mais, trocas de vogais ou consoantes e varia\u00e7\u00f5es pouco usuais aparecem com menor frequ\u00eancia, j\u00e1 que tornam a leitura e a escrita menos intuitivas em documentos, escola e ambiente profissional.<\/p>\n\n\n\n<p>Outra tend\u00eancia em retra\u00e7\u00e3o \u00e9 a de <strong>nomes de lugares<\/strong>, inspirados em cidades, pa\u00edses ou regi\u00f5es, que por muito tempo foram vistos como modernos. Al\u00e9m disso, alguns <strong>padr\u00f5es de som<\/strong>, como nomes masculinos terminados em \u201cy\u201d com aspecto mais \u201cfofo\u201d ou diminutivo, perdem espa\u00e7o para sons considerados mais cl\u00e1ssicos, neutros e atemporais.<\/p>\n\n\n\n<ul class=\"wp-block-list\">\n<li><strong>Exemplos de grafias alternativas em queda:<\/strong> Kaahny, Jhullya, Maykkon, Khrysthyan.<\/li>\n\n\n\n<li><strong>Nomes de lugares que aparecem com menos frequ\u00eancia:<\/strong> Paris, Sydney, Havana, Cairo, Londres.<\/li>\n\n\n\n<li><strong>Nomes com final \u201cy\u201d de aspecto diminutivo em baixa:<\/strong> Jhonny, Dany, Billy, Andy.<\/li>\n<\/ul>\n\n\n\n<p>Para aprofundarmos ainda mais, trouxemos o v\u00eddeo do perfil @eusouaruthgomes:<\/p>\n\n\n\n<blockquote class=\"tiktok-embed\" cite=\"https:\/\/www.tiktok.com\/@eusouaruthgomes\/video\/7473943824046279991\" data-video-id=\"7473943824046279991\" style=\"max-width: 605px;min-width: 325px;\" > <section> <a target=\"_blank\" title=\"@eusouaruthgomes\" href=\"https:\/\/www.tiktok.com\/@eusouaruthgomes?refer=embed\">@eusouaruthgomes<\/a> Esses nomes tamb\u00e9m sumiram e eram super comuns! Consegue lembrar de mais algum? <a title=\"nomes\" target=\"_blank\" href=\"https:\/\/www.tiktok.com\/tag\/nomes?refer=embed\">#nomes<\/a> <a title=\"nomesdebebes\" target=\"_blank\" href=\"https:\/\/www.tiktok.com\/tag\/nomesdebebes?refer=embed\">#nomesdebebes<\/a> <a title=\"tik_tok\" target=\"_blank\" href=\"https:\/\/www.tiktok.com\/tag\/tik_tok?refer=embed\">#tik_tok<\/a> <a title=\"memesbr\" target=\"_blank\" href=\"https:\/\/www.tiktok.com\/tag\/memesbr?refer=embed\">#memesbr<\/a> <a target=\"_blank\" title=\"\u266c som original - Ruth Gomes\" href=\"https:\/\/www.tiktok.com\/music\/som-original-7473943859534973702?refer=embed\">\u266c som original &#8211; Ruth Gomes<\/a> <\/section> <\/blockquote> <script async src=\"https:\/\/www.tiktok.com\/embed.js\"><\/script>\n\n\n\n<h2 class=\"wp-block-heading\">Como escolher um nome de beb\u00ea em 2026 de forma consciente<\/h2>\n\n\n\n<p>Diante dessas mudan\u00e7as, muitas fam\u00edlias procuram um <strong>nome de beb\u00ea em 2026<\/strong> que seja atual, mas tamb\u00e9m tenha boa dura\u00e7\u00e3o ao longo dos anos. Uma escolha cuidadosa costuma considerar crit\u00e9rios pr\u00e1ticos, al\u00e9m da sonoridade e do significado, evitando arrependimentos futuros.<\/p>\n\n\n\n<ul class=\"wp-block-list\">\n<li><strong>Facilidade de pron\u00fancia:<\/strong> nomes simples tendem a evitar corre\u00e7\u00f5es constantes.<\/li>\n\n\n\n<li><strong>Escrita intuitiva:<\/strong> reduzir varia\u00e7\u00f5es desnecess\u00e1rias de letras diminui erros em documentos e cadastros.<\/li>\n\n\n\n<li><strong>Compatibilidade cultural:<\/strong> verificar como o nome funciona em diferentes contextos sociais e regionais.<\/li>\n\n\n\n<li><strong>Poss\u00edveis apelidos:<\/strong> pensar nas formas abreviadas que podem surgir naturalmente.<\/li>\n<\/ul>\n\n\n\n<h2 class=\"wp-block-heading\">Quais fatores influenciam a popularidade de um nome de beb\u00ea<\/h2>\n\n\n\n<p>A popularidade de um <strong>nome de beb\u00ea<\/strong> costuma ser impactada por diferentes elementos culturais e sociais. Produ\u00e7\u00f5es audiovisuais, figuras p\u00fablicas, influenciadores digitais, atletas e personagens de s\u00e9ries ou filmes frequentemente desencadeiam ondas de registros de determinados nomes.<\/p>\n\n\n\n<p>Mudan\u00e7as geracionais tamb\u00e9m interferem: pais evitam nomes muito associados \u00e0 pr\u00f3pria inf\u00e2ncia e resgatam nomes de av\u00f3s como forma de homenagem. Com a <strong>globaliza\u00e7\u00e3o<\/strong>, nomes estrangeiros de f\u00e1cil adapta\u00e7\u00e3o ao portugu\u00eas ganham espa\u00e7o, enquanto aqueles que exigem pron\u00fancias muito espec\u00edficas tendem a perder for\u00e7a por demandarem explica\u00e7\u00f5es constantes.<\/p>\n\n\n\n<figure class=\"wp-block-image size-large\"><img decoding=\"async\" width=\"1024\" height=\"576\" src=\"https:\/\/www.correiobraziliense.com.br\/cbradar\/wp-content\/uploads\/2026\/01\/\u2705-BANNER-MYTH-43-1-1024x576.png\" alt=\"Nomes de beb\u00eas que podem desaparecer ainda este ano\" class=\"wp-image-180001\" srcset=\"https:\/\/www.correiobraziliense.com.br\/cbradar\/wp-content\/uploads\/2026\/01\/\u2705-BANNER-MYTH-43-1-1024x576.png 1024w, https:\/\/www.correiobraziliense.com.br\/cbradar\/wp-content\/uploads\/2026\/01\/\u2705-BANNER-MYTH-43-1-300x169.png 300w, https:\/\/www.correiobraziliense.com.br\/cbradar\/wp-content\/uploads\/2026\/01\/\u2705-BANNER-MYTH-43-1-768x432.png 768w, https:\/\/www.correiobraziliense.com.br\/cbradar\/wp-content\/uploads\/2026\/01\/\u2705-BANNER-MYTH-43-1-750x422.png 750w, https:\/\/www.correiobraziliense.com.br\/cbradar\/wp-content\/uploads\/2026\/01\/\u2705-BANNER-MYTH-43-1-1140x641.png 1140w, https:\/\/www.correiobraziliense.com.br\/cbradar\/wp-content\/uploads\/2026\/01\/\u2705-BANNER-MYTH-43-1.png 1280w\" sizes=\"(max-width: 1024px) 100vw, 1024px\" \/><figcaption class=\"wp-element-caption\">Escolha nomes fofos como Mel ou Noel para 2026: doces, f\u00e1ceis de pronunciar e perfeitos para o dia a dia da fam\u00edlia.<\/figcaption><\/figure>\n\n\n\n<h2 class=\"wp-block-heading\">Passo a passo para definir o nome de beb\u00ea ideal em 2026<\/h2>\n\n\n\n<p>Para quem est\u00e1 em d\u00favida e quer filtrar um bom <strong>nome de beb\u00ea em 2026<\/strong>, um processo organizado pode facilitar a decis\u00e3o. Seguir etapas claras ajuda a equilibrar originalidade, praticidade e conex\u00e3o afetiva com a hist\u00f3ria da fam\u00edlia.<\/p>\n\n\n\n<ol class=\"wp-block-list\">\n<li>Listar todos os nomes que agradam \u00e0 fam\u00edlia, sem censura inicial.<\/li>\n\n\n\n<li>Verificar como cada nome soa com o sobrenome, em diferentes combina\u00e7\u00f5es.<\/li>\n\n\n\n<li>Eliminar grafias muito complexas ou que possam gerar confus\u00e3o frequente.<\/li>\n\n\n\n<li>Pesquisar o significado e a origem dos nomes selecionados.<\/li>\n\n\n\n<li>Observar se algum nome est\u00e1 em forte alta ou em queda acentuada, conforme o objetivo de ser mais comum ou mais raro.<\/li>\n\n\n\n<li>Checar apelidos prov\u00e1veis e se eles agradam tanto quanto o nome completo.<\/li>\n\n\n\n<li>Dar um tempo e reler a lista alguns dias depois, para ver quais nomes continuam se destacando.<\/li>\n<\/ol>\n\n\n\n<p>No fim, acompanhar as <strong>tend\u00eancias de nome de beb\u00ea em 2026<\/strong> pode ajudar, mas n\u00e3o determina a escolha. Esses dados funcionam como ferramenta de refer\u00eancia, permitindo que cada fam\u00edlia alinhe estilo, praticidade, significado e hist\u00f3ria pessoal ao decidir como a crian\u00e7a ser\u00e1 chamada ao longo da vida.<\/p>\n","protected":false},"excerpt":{"rendered":"<p>Descubra os nomes de beb\u00eas que v\u00e3o desaparecer em 2026 e evite escolhas ultrapassadas; tend\u00eancias de nomes de beb\u00eas 2026 reveladas.<\/p>\n","protected":false},"author":3,"featured_media":180699,"comment_status":"open","ping_status":"open","sticky":false,"template":"","format":"standard","meta":{"_yoast_wpseo_focuskw":"nomes beb\u00eas podem desaparecer","_yoast_wpseo_title":"%%title%%","_yoast_wpseo_metadesc":"Descubra os nomes de beb\u00eas que v\u00e3o desaparecer em 2026 e evite escolhas ultrapassadas; tend\u00eancias de nomes de beb\u00eas 2026 reveladas.","jnews-multi-image_gallery":[],"jnews_single_post":{"format":"standard"},"jnews_primary_category":[],"jnews_social_meta":[],"jnews_override_counter":[],"footnotes":""},"categories":[112],"tags":[5901,144,5202,11783],"class_list":["post-179999","post","type-post","status-publish","format-standard","has-post-thumbnail","hentry","category-curiosidades","tag-bebes","tag-curiosidades","tag-nomes","tag-nomes-de-bebes"],"yoast_head":"<!-- This site is optimized with the Yoast SEO plugin v24.6 - https:\/\/yoast.com\/wordpress\/plugins\/seo\/ -->\n<title>Nomes de beb\u00eas que podem desaparecer ainda este ano<\/title>\n<meta name=\"description\" content=\"Descubra os nomes de beb\u00eas que v\u00e3o desaparecer em 2026 e evite escolhas ultrapassadas; tend\u00eancias de nomes de beb\u00eas 2026 reveladas.\" \/>\n<meta name=\"robots\" content=\"index, follow, max-snippet:-1, max-image-preview:large, max-video-preview:-1\" \/>\n<link rel=\"canonical\" href=\"https:\/\/www.correiobraziliense.com.br\/cbradar\/nomes-de-bebes-que-podem-desaparecer-ainda-este-ano\/\" \/>\n<meta property=\"og:locale\" content=\"pt_BR\" \/>\n<meta property=\"og:type\" content=\"article\" \/>\n<meta property=\"og:title\" content=\"Nomes de beb\u00eas que podem desaparecer ainda este ano\" \/>\n<meta property=\"og:description\" content=\"Descubra os nomes de beb\u00eas que v\u00e3o desaparecer em 2026 e evite escolhas ultrapassadas; tend\u00eancias de nomes de beb\u00eas 2026 reveladas.\" \/>\n<meta property=\"og:url\" content=\"https:\/\/www.correiobraziliense.com.br\/cbradar\/nomes-de-bebes-que-podem-desaparecer-ainda-este-ano\/\" \/>\n<meta property=\"og:site_name\" content=\"Correio Braziliense - Radar\" \/>\n<meta property=\"article:published_time\" content=\"2026-01-25T09:45:00+00:00\" \/>\n<meta property=\"og:image\" content=\"https:\/\/www.correiobraziliense.com.br\/cbradar\/wp-content\/uploads\/2026\/01\/bebes-_1769266717082.jpg\" \/>\n\t<meta property=\"og:image:width\" content=\"1280\" \/>\n\t<meta property=\"og:image:height\" content=\"720\" \/>\n\t<meta property=\"og:image:type\" content=\"image\/jpeg\" \/>\n<meta name=\"author\" content=\"Larissa Carvalho\" \/>\n<meta name=\"twitter:card\" content=\"summary_large_image\" \/>\n<meta name=\"twitter:label1\" content=\"Escrito por\" \/>\n\t<meta name=\"twitter:data1\" content=\"Larissa Carvalho\" \/>\n\t<meta name=\"twitter:label2\" content=\"Est. tempo de leitura\" \/>\n\t<meta name=\"twitter:data2\" content=\"5 minutos\" \/>\n<!-- \/ Yoast SEO plugin. -->","yoast_head_json":{"title":"Nomes de beb\u00eas que podem desaparecer ainda este ano","description":"Descubra os nomes de beb\u00eas que v\u00e3o desaparecer em 2026 e evite escolhas ultrapassadas; tend\u00eancias de nomes de beb\u00eas 2026 reveladas.","robots":{"index":"index","follow":"follow","max-snippet":"max-snippet:-1","max-image-preview":"max-image-preview:large","max-video-preview":"max-video-preview:-1"},"canonical":"https:\/\/www.correiobraziliense.com.br\/cbradar\/nomes-de-bebes-que-podem-desaparecer-ainda-este-ano\/","og_locale":"pt_BR","og_type":"article","og_title":"Nomes de beb\u00eas que podem desaparecer ainda este ano","og_description":"Descubra os nomes de beb\u00eas que v\u00e3o desaparecer em 2026 e evite escolhas ultrapassadas; tend\u00eancias de nomes de beb\u00eas 2026 reveladas.","og_url":"https:\/\/www.correiobraziliense.com.br\/cbradar\/nomes-de-bebes-que-podem-desaparecer-ainda-este-ano\/","og_site_name":"Correio Braziliense - Radar","article_published_time":"2026-01-25T09:45:00+00:00","og_image":[{"width":1280,"height":720,"url":"https:\/\/www.correiobraziliense.com.br\/cbradar\/wp-content\/uploads\/2026\/01\/bebes-_1769266717082.jpg","type":"image\/jpeg"}],"author":"Larissa Carvalho","twitter_card":"summary_large_image","twitter_misc":{"Escrito por":"Larissa Carvalho","Est. tempo de leitura":"5 minutos"},"schema":{"@context":"https:\/\/schema.org","@graph":[{"@type":"WebPage","@id":"https:\/\/www.correiobraziliense.com.br\/cbradar\/nomes-de-bebes-que-podem-desaparecer-ainda-este-ano\/","url":"https:\/\/www.correiobraziliense.com.br\/cbradar\/nomes-de-bebes-que-podem-desaparecer-ainda-este-ano\/","name":"Nomes de beb\u00eas que podem desaparecer ainda este ano","isPartOf":{"@id":"https:\/\/www.correiobraziliense.com.br\/cbradar\/#website"},"primaryImageOfPage":{"@id":"https:\/\/www.correiobraziliense.com.br\/cbradar\/nomes-de-bebes-que-podem-desaparecer-ainda-este-ano\/#primaryimage"},"image":{"@id":"https:\/\/www.correiobraziliense.com.br\/cbradar\/nomes-de-bebes-que-podem-desaparecer-ainda-este-ano\/#primaryimage"},"thumbnailUrl":"https:\/\/www.correiobraziliense.com.br\/cbradar\/wp-content\/uploads\/2026\/01\/bebes-_1769266717082.jpg","datePublished":"2026-01-25T09:45:00+00:00","author":{"@id":"https:\/\/www.correiobraziliense.com.br\/cbradar\/#\/schema\/person\/58422787644df994b53a19d3e56c1513"},"description":"Descubra os nomes de beb\u00eas que v\u00e3o desaparecer em 2026 e evite escolhas ultrapassadas; tend\u00eancias de nomes de beb\u00eas 2026 reveladas.","breadcrumb":{"@id":"https:\/\/www.correiobraziliense.com.br\/cbradar\/nomes-de-bebes-que-podem-desaparecer-ainda-este-ano\/#breadcrumb"},"inLanguage":"pt-BR","potentialAction":[{"@type":"ReadAction","target":["https:\/\/www.correiobraziliense.com.br\/cbradar\/nomes-de-bebes-que-podem-desaparecer-ainda-este-ano\/"]}]},{"@type":"ImageObject","inLanguage":"pt-BR","@id":"https:\/\/www.correiobraziliense.com.br\/cbradar\/nomes-de-bebes-que-podem-desaparecer-ainda-este-ano\/#primaryimage","url":"https:\/\/www.correiobraziliense.com.br\/cbradar\/wp-content\/uploads\/2026\/01\/bebes-_1769266717082.jpg","contentUrl":"https:\/\/www.correiobraziliense.com.br\/cbradar\/wp-content\/uploads\/2026\/01\/bebes-_1769266717082.jpg","width":1280,"height":720,"caption":"Nomes raros para meninas que valorizam exclusividade, beleza e significado especial - Cr\u00e9ditos: depositphotos.com \/ pitrs10"},{"@type":"BreadcrumbList","@id":"https:\/\/www.correiobraziliense.com.br\/cbradar\/nomes-de-bebes-que-podem-desaparecer-ainda-este-ano\/#breadcrumb","itemListElement":[{"@type":"ListItem","position":1,"name":"In\u00edcio","item":"https:\/\/www.correiobraziliense.com.br\/cbradar\/"},{"@type":"ListItem","position":2,"name":"Nomes de beb\u00eas que podem desaparecer ainda este ano"}]},{"@type":"WebSite","@id":"https:\/\/www.correiobraziliense.com.br\/cbradar\/#website","url":"https:\/\/www.correiobraziliense.com.br\/cbradar\/","name":"Correio Braziliense - Radar","description":"Acompanhe as \u00faltimas not\u00edcias e fique bem informado sobre tudo o que acontece no Brasil e no mundo.","potentialAction":[{"@type":"SearchAction","target":{"@type":"EntryPoint","urlTemplate":"https:\/\/www.correiobraziliense.com.br\/cbradar\/?s={search_term_string}"},"query-input":{"@type":"PropertyValueSpecification","valueRequired":true,"valueName":"search_term_string"}}],"inLanguage":"pt-BR"},{"@type":"Person","@id":"https:\/\/www.correiobraziliense.com.br\/cbradar\/#\/schema\/person\/58422787644df994b53a19d3e56c1513","name":"Larissa Carvalho","image":{"@type":"ImageObject","inLanguage":"pt-BR","@id":"https:\/\/www.correiobraziliense.com.br\/cbradar\/#\/schema\/person\/image\/","url":"https:\/\/secure.gravatar.com\/avatar\/fe4f91a0de32b52a838d0d612abdc1aa?s=96&d=mm&r=g","contentUrl":"https:\/\/secure.gravatar.com\/avatar\/fe4f91a0de32b52a838d0d612abdc1aa?s=96&d=mm&r=g","caption":"Larissa Carvalho"},"url":"https:\/\/www.correiobraziliense.com.br\/cbradar\/author\/larissamyth\/"}]}},"_links":{"self":[{"href":"https:\/\/www.correiobraziliense.com.br\/cbradar\/wp-json\/wp\/v2\/posts\/179999","targetHints":{"allow":["GET"]}}],"collection":[{"href":"https:\/\/www.correiobraziliense.com.br\/cbradar\/wp-json\/wp\/v2\/posts"}],"about":[{"href":"https:\/\/www.correiobraziliense.com.br\/cbradar\/wp-json\/wp\/v2\/types\/post"}],"author":[{"embeddable":true,"href":"https:\/\/www.correiobraziliense.com.br\/cbradar\/wp-json\/wp\/v2\/users\/3"}],"replies":[{"embeddable":true,"href":"https:\/\/www.correiobraziliense.com.br\/cbradar\/wp-json\/wp\/v2\/comments?post=179999"}],"version-history":[{"count":2,"href":"https:\/\/www.correiobraziliense.com.br\/cbradar\/wp-json\/wp\/v2\/posts\/179999\/revisions"}],"predecessor-version":[{"id":180002,"href":"https:\/\/www.correiobraziliense.com.br\/cbradar\/wp-json\/wp\/v2\/posts\/179999\/revisions\/180002"}],"wp:featuredmedia":[{"embeddable":true,"href":"https:\/\/www.correiobraziliense.com.br\/cbradar\/wp-json\/wp\/v2\/media\/180699"}],"wp:attachment":[{"href":"https:\/\/www.correiobraziliense.com.br\/cbradar\/wp-json\/wp\/v2\/media?parent=179999"}],"wp:term":[{"taxonomy":"category","embeddable":true,"href":"https:\/\/www.correiobraziliense.com.br\/cbradar\/wp-json\/wp\/v2\/categories?post=179999"},{"taxonomy":"post_tag","embeddable":true,"href":"https:\/\/www.correiobraziliense.com.br\/cbradar\/wp-json\/wp\/v2\/tags?post=179999"}],"curies":[{"name":"wp","href":"https:\/\/api.w.org\/{rel}","templated":true}]}}