{"id":180040,"date":"2026-01-25T08:45:00","date_gmt":"2026-01-25T11:45:00","guid":{"rendered":"https:\/\/www.correiobraziliense.com.br\/cbradar\/?p=180040"},"modified":"2026-01-24T12:38:30","modified_gmt":"2026-01-24T15:38:30","slug":"contem-e-contem-estao-certos-na-lingua-portuguesa-e-essa-e-a-regra-de-uso","status":"publish","type":"post","link":"https:\/\/www.correiobraziliense.com.br\/cbradar\/contem-e-contem-estao-certos-na-lingua-portuguesa-e-essa-e-a-regra-de-uso\/","title":{"rendered":"&#8220;Cont\u00e9m\u201d e \u201ccont\u00eam\u201d est\u00e3o certos na l\u00edngua portuguesa, e essa \u00e9 a regra de uso"},"content":{"rendered":"\n<p>O uso correto de <strong>cont\u00e9m<\/strong> e <strong>cont\u00eam<\/strong> costuma gerar d\u00favidas, principalmente em textos formais, provas e concursos. A regra, por\u00e9m, \u00e9 simples: trata-se apenas de <strong>concord\u00e2ncia verbal<\/strong> e de distin\u00e7\u00e3o entre singular e plural, assim como ocorre com outros verbos da l\u00edngua portuguesa, como <strong>tem\/t\u00eam<\/strong> e <strong>vem\/v\u00eam<\/strong>. Entender essa diferen\u00e7a ajuda a evitar erros em situa\u00e7\u00f5es em que a <strong>norma padr\u00e3o<\/strong> \u00e9 exigida e melhora a clareza da comunica\u00e7\u00e3o escrita.<\/p>\n\n\n\n<h2 class=\"wp-block-heading\">Qual \u00e9 a diferen\u00e7a entre \u201ccont\u00e9m\u201d e \u201ccont\u00eam\u201d na gram\u00e1tica?<\/h2>\n\n\n\n<p>A diferen\u00e7a entre \u201ccont\u00e9m\u201d e \u201ccont\u00eam\u201d est\u00e1 na conjuga\u00e7\u00e3o do verbo conter no presente do indicativo. \u201cCont\u00e9m\u201d \u00e9 usado quando o sujeito est\u00e1 no singular, indicando que algo possui ou inclui outra coisa.<\/p>\n\n\n\n<p>J\u00e1 \u201ccont\u00eam\u201d \u00e9 usado quando o sujeito est\u00e1 no plural, indicando que mais de um elemento possui ou inclui algo. A distin\u00e7\u00e3o \u00e9 feita pelo acento circunflexo, que marca a forma plural do verbo.<\/p>\n\n\n\n<p>Para aprofundarmos no tema, trouxemos o v\u00eddeo da professora Jacqueline Amaral, publicado em seu perfil @profjacquelineamaral, em que ela aborda o mesmo caso para mant\u00e9m e mant\u00eam:<\/p>\n\n\n\n<blockquote class=\"tiktok-embed\" cite=\"https:\/\/www.tiktok.com\/@profjacquelineamaral\/video\/7088300601196481798\" data-video-id=\"7088300601196481798\" style=\"max-width: 605px;min-width: 325px;\" > <section> <a target=\"_blank\" title=\"@profjacquelineamaral\" href=\"https:\/\/www.tiktok.com\/@profjacquelineamaral?refer=embed\">@profjacquelineamaral<\/a> <a title=\"dicadodia\" target=\"_blank\" href=\"https:\/\/www.tiktok.com\/tag\/dicadodia?refer=embed\">#dicadodia<\/a> <a title=\"dicadeportugu\u00eas\" target=\"_blank\" href=\"https:\/\/www.tiktok.com\/tag\/dicadeportugu%C3%AAs?refer=embed\">#dicadeportugu\u00eas<\/a> <a title=\"linguaportuguesa\" target=\"_blank\" href=\"https:\/\/www.tiktok.com\/tag\/linguaportuguesa?refer=embed\">#linguaportuguesa<\/a> <a title=\"portuguesparaconcursos\" target=\"_blank\" href=\"https:\/\/www.tiktok.com\/tag\/portuguesparaconcursos?refer=embed\">#portuguesparaconcursos<\/a> <a title=\"concurseiro\" target=\"_blank\" href=\"https:\/\/www.tiktok.com\/tag\/concurseiro?refer=embed\">#concurseiro<\/a> <a title=\"tiktok\" target=\"_blank\" href=\"https:\/\/www.tiktok.com\/tag\/tiktok?refer=embed\">#tiktok<\/a> <a target=\"_blank\" title=\"\u266c som original - profjacquelineamaral\" href=\"https:\/\/www.tiktok.com\/music\/som-original-7088300586440887045?refer=embed\">\u266c som original &#8211; profjacquelineamaral<\/a> <\/section> <\/blockquote> <script async src=\"https:\/\/www.tiktok.com\/embed.js\"><\/script>\n\n\n\n<h2 class=\"wp-block-heading\">Como usar \u201ccont\u00e9m\u201d e \u201ccont\u00eam\u201d corretamente na escrita do dia a dia?<\/h2>\n\n\n\n<p>Na escrita cotidiana, em relat\u00f3rios, trabalhos acad\u00eamicos ou mensagens profissionais, \u00e9 comum aparecerem estruturas que exigem aten\u00e7\u00e3o \u00e0 concord\u00e2ncia. Para empregar <strong>cont\u00e9m<\/strong> corretamente, \u00e9 necess\u00e1rio verificar se o sujeito \u00e9 singular. Exemplos como \u201c<strong>O livro cont\u00e9m muitas frases<\/strong>\u201d e \u201c<strong>Este relat\u00f3rio cont\u00e9m dados atualizados<\/strong>\u201d ilustram o uso adequado, pois \u201clivro\u201d e \u201crelat\u00f3rio\u201d s\u00e3o sujeitos no singular.<\/p>\n\n\n\n<p>J\u00e1 o uso de <strong>cont\u00eam<\/strong> surge quando o sujeito est\u00e1 no plural. Frases como \u201c<strong>Os livros cont\u00eam muitas ilustra\u00e7\u00f5es<\/strong>\u201d ou \u201c<strong>As embalagens cont\u00eam informa\u00e7\u00f5es sobre ingredientes<\/strong>\u201d mostram essa situa\u00e7\u00e3o. Nesse caso, \u201clivros\u201d e \u201cembalagens\u201d exigem que o verbo acompanhe o plural, recebendo o acento circunflexo. A mudan\u00e7a de acento marca a passagem do singular para o plural, preservando a regularidade da <strong>flex\u00e3o verbal<\/strong>.<\/p>\n\n\n\n<ul class=\"wp-block-list\">\n<li><strong>Cont\u00e9m<\/strong>: sujeito no singular \u2013 \u201cO contrato cont\u00e9m tr\u00eas cl\u00e1usulas principais.\u201d<\/li>\n\n\n\n<li><strong>Cont\u00eam<\/strong>: sujeito no plural \u2013 \u201cOs contratos cont\u00eam cl\u00e1usulas espec\u00edficas para cada caso.\u201d<\/li>\n<\/ul>\n\n\n\n<h2 class=\"wp-block-heading\">Quais s\u00e3o as semelhan\u00e7as entre \u201ccont\u00e9m\/cont\u00eam\u201d e \u201ctem\/t\u00eam\u201d na pr\u00e1tica?<\/h2>\n\n\n\n<p>A rela\u00e7\u00e3o entre <strong>cont\u00e9m<\/strong> e <strong>cont\u00eam<\/strong> fica mais clara quando comparada a outros verbos irregulares bastante usados. O par <strong>tem\/t\u00eam<\/strong> segue exatamente a mesma l\u00f3gica: \u201c<strong>ele tem<\/strong>\u201d no singular e \u201c<strong>eles t\u00eam<\/strong>\u201d no plural. O mesmo ocorre com <strong>vem\/v\u00eam<\/strong>: \u201c<strong>ela vem<\/strong>\u201d e \u201c<strong>elas v\u00eam<\/strong>\u201d. Em todos esses casos, o acento circunflexo aparece para marcar o plural na terceira pessoa.<\/p>\n\n\n\n<p>Essa analogia ajuda na memoriza\u00e7\u00e3o: se \u201c<strong>ele tem<\/strong>\u201d passa para \u201c<strong>eles t\u00eam<\/strong>\u201d com circunflexo, ent\u00e3o \u201c<strong>ele cont\u00e9m<\/strong>\u201d passa para \u201c<strong>eles cont\u00eam<\/strong>\u201d, tamb\u00e9m com circunflexo. A grafia acompanha a pron\u00fancia, que fica um pouco mais alongada na forma plural. Esse padr\u00e3o permanece v\u00e1lido em 2025, sem altera\u00e7\u00f5es trazidas pelo <strong>novo acordo ortogr\u00e1fico<\/strong> para essas formas verbais.<\/p>\n\n\n\n<ol class=\"wp-block-list\">\n<li>Identificar o <strong>sujeito da frase<\/strong>.<\/li>\n\n\n\n<li>Verificar se o sujeito est\u00e1 no <strong>singular<\/strong> ou no <strong>plural<\/strong>.<\/li>\n\n\n\n<li>Aplicar <strong>cont\u00e9m<\/strong> para sujeito singular.<\/li>\n\n\n\n<li>Aplicar <strong>cont\u00eam<\/strong> para sujeito plural.<\/li>\n<\/ol>\n\n\n\n<figure class=\"wp-block-image size-large\"><img decoding=\"async\" width=\"1024\" height=\"572\" src=\"https:\/\/www.correiobraziliense.com.br\/cbradar\/wp-content\/uploads\/2026\/01\/Contem-Contem-Uso-Correto-1024x572.png\" alt=\"&quot;Cont\u00e9m\u201d e \u201ccont\u00eam\u201d est\u00e3o certos na l\u00edngua portuguesa, e essa \u00e9 a regra de uso\" class=\"wp-image-180042\" srcset=\"https:\/\/www.correiobraziliense.com.br\/cbradar\/wp-content\/uploads\/2026\/01\/Contem-Contem-Uso-Correto-1024x572.png 1024w, https:\/\/www.correiobraziliense.com.br\/cbradar\/wp-content\/uploads\/2026\/01\/Contem-Contem-Uso-Correto-300x167.png 300w, https:\/\/www.correiobraziliense.com.br\/cbradar\/wp-content\/uploads\/2026\/01\/Contem-Contem-Uso-Correto-768x429.png 768w, https:\/\/www.correiobraziliense.com.br\/cbradar\/wp-content\/uploads\/2026\/01\/Contem-Contem-Uso-Correto-750x419.png 750w, https:\/\/www.correiobraziliense.com.br\/cbradar\/wp-content\/uploads\/2026\/01\/Contem-Contem-Uso-Correto-1140x636.png 1140w, https:\/\/www.correiobraziliense.com.br\/cbradar\/wp-content\/uploads\/2026\/01\/Contem-Contem-Uso-Correto.png 1376w\" sizes=\"(max-width: 1024px) 100vw, 1024px\" \/><figcaption class=\"wp-element-caption\"> &#8220;Cont\u00e9m&#8221; \u00e9 singular (uma caixa cont\u00e9m frutas), &#8220;cont\u00eam&#8221; \u00e9 plural (as caixas cont\u00eam produtos), regra de concord\u00e2ncia verbal essencial em textos formais.<\/figcaption><\/figure>\n\n\n\n<h2 class=\"wp-block-heading\">Quais s\u00e3o exemplos pr\u00e1ticos de \u201ccont\u00e9m\u201d e \u201ccont\u00eam\u201d em diferentes contextos?<\/h2>\n\n\n\n<p>Em textos informativos, acad\u00eamicos ou jornal\u00edsticos, o verbo <strong>conter<\/strong> aparece com frequ\u00eancia para indicar composi\u00e7\u00e3o, presen\u00e7a de elementos ou caracter\u00edsticas. Em um r\u00f3tulo, por exemplo, pode-se ler: \u201c<strong>Este produto cont\u00e9m gl\u00faten<\/strong>\u201d ou \u201c<strong>Esta bebida cont\u00e9m cafe\u00edna<\/strong>\u201d. Nesses casos, o foco est\u00e1 em um \u00fanico produto ou bebida, o que exige a forma singular.<\/p>\n\n\n\n<p>Em descri\u00e7\u00f5es mais amplas, que envolvem diversos itens, prevalece o plural. Em manuais t\u00e9cnicos ou relat\u00f3rios, \u00e9 comum encontrar constru\u00e7\u00f5es como: \u201c<strong>Os anexos cont\u00eam tabelas detalhadas<\/strong>\u201d ou \u201c<strong>Os cap\u00edtulos cont\u00eam refer\u00eancias cruzadas<\/strong>\u201d. Em cada exemplo, o sujeito no plural (\u201canexos\u201d, \u201ccap\u00edtulos\u201d) determina o uso de <strong>cont\u00eam<\/strong>. O mesmo racioc\u00ednio vale para contextos escolares: \u201c<strong>A prova cont\u00e9m dez quest\u00f5es<\/strong>\u201d e \u201c<strong>As provas cont\u00eam quest\u00f5es dissertativas e objetivas<\/strong>\u201d.<\/p>\n\n\n\n<p>Esses exemplos mostram que a diferen\u00e7a entre <strong>cont\u00e9m<\/strong> e <strong>cont\u00eam<\/strong> est\u00e1 diretamente ligada \u00e0 <strong>concord\u00e2ncia verbal<\/strong>. Ao observar o sujeito e lembrar da semelhan\u00e7a com <strong>tem\/t\u00eam<\/strong>, torna-se mais simples escolher a forma adequada e manter a escrita alinhada \u00e0 <strong>norma padr\u00e3o da l\u00edngua portuguesa<\/strong>.<\/p>\n","protected":false},"excerpt":{"rendered":"<p>Cont\u00e9m e cont\u00eam: aprenda a regra de uso, diferen\u00e7as, exemplos e como evitar erros comuns de concord\u00e2ncia em textos formais.<\/p>\n","protected":false},"author":3,"featured_media":180771,"comment_status":"open","ping_status":"open","sticky":false,"template":"","format":"standard","meta":{"_yoast_wpseo_focuskw":"cont\u00e9m e cont\u00eam","_yoast_wpseo_title":"%%title%%","_yoast_wpseo_metadesc":"Cont\u00e9m e cont\u00eam: aprenda a regra de uso, diferen\u00e7as, exemplos e como evitar erros comuns de concord\u00e2ncia em textos formais.","jnews-multi-image_gallery":[],"jnews_single_post":{"format":"standard"},"jnews_primary_category":[],"jnews_social_meta":[],"jnews_override_counter":[],"footnotes":""},"categories":[112],"tags":[144,10902,11064,6081],"class_list":["post-180040","post","type-post","status-publish","format-standard","has-post-thumbnail","hentry","category-curiosidades","tag-curiosidades","tag-lingua-portuguesa","tag-linguas","tag-portugues"],"yoast_head":"<!-- This site is optimized with the Yoast SEO plugin v24.6 - https:\/\/yoast.com\/wordpress\/plugins\/seo\/ -->\n<title>&quot;Cont\u00e9m\u201d e \u201ccont\u00eam\u201d est\u00e3o certos na l\u00edngua portuguesa, e essa \u00e9 a regra de uso<\/title>\n<meta name=\"description\" content=\"Cont\u00e9m e cont\u00eam: aprenda a regra de uso, diferen\u00e7as, exemplos e como evitar erros comuns de concord\u00e2ncia em textos formais.\" \/>\n<meta name=\"robots\" content=\"index, follow, max-snippet:-1, max-image-preview:large, max-video-preview:-1\" \/>\n<link rel=\"canonical\" href=\"https:\/\/www.correiobraziliense.com.br\/cbradar\/contem-e-contem-estao-certos-na-lingua-portuguesa-e-essa-e-a-regra-de-uso\/\" \/>\n<meta property=\"og:locale\" content=\"pt_BR\" \/>\n<meta property=\"og:type\" content=\"article\" \/>\n<meta property=\"og:title\" content=\"&quot;Cont\u00e9m\u201d e \u201ccont\u00eam\u201d est\u00e3o certos na l\u00edngua portuguesa, e essa \u00e9 a regra de uso\" \/>\n<meta property=\"og:description\" content=\"Cont\u00e9m e cont\u00eam: aprenda a regra de uso, diferen\u00e7as, exemplos e como evitar erros comuns de concord\u00e2ncia em textos formais.\" \/>\n<meta property=\"og:url\" content=\"https:\/\/www.correiobraziliense.com.br\/cbradar\/contem-e-contem-estao-certos-na-lingua-portuguesa-e-essa-e-a-regra-de-uso\/\" \/>\n<meta property=\"og:site_name\" content=\"Correio Braziliense - Radar\" \/>\n<meta property=\"article:published_time\" content=\"2026-01-25T11:45:00+00:00\" \/>\n<meta property=\"og:image\" content=\"https:\/\/www.correiobraziliense.com.br\/cbradar\/wp-content\/uploads\/2026\/01\/Gemini_Generated_Image_l5lkldl5lkldl5lk-1-1-1.png\" \/>\n\t<meta property=\"og:image:width\" content=\"1280\" \/>\n\t<meta property=\"og:image:height\" content=\"720\" \/>\n\t<meta property=\"og:image:type\" content=\"image\/png\" \/>\n<meta name=\"author\" content=\"Larissa Carvalho\" \/>\n<meta name=\"twitter:card\" content=\"summary_large_image\" \/>\n<meta name=\"twitter:label1\" content=\"Escrito por\" \/>\n\t<meta name=\"twitter:data1\" content=\"Larissa Carvalho\" \/>\n\t<meta name=\"twitter:label2\" content=\"Est. tempo de leitura\" \/>\n\t<meta name=\"twitter:data2\" content=\"5 minutos\" \/>\n<!-- \/ Yoast SEO plugin. -->","yoast_head_json":{"title":"\"Cont\u00e9m\u201d e \u201ccont\u00eam\u201d est\u00e3o certos na l\u00edngua portuguesa, e essa \u00e9 a regra de uso","description":"Cont\u00e9m e cont\u00eam: aprenda a regra de uso, diferen\u00e7as, exemplos e como evitar erros comuns de concord\u00e2ncia em textos formais.","robots":{"index":"index","follow":"follow","max-snippet":"max-snippet:-1","max-image-preview":"max-image-preview:large","max-video-preview":"max-video-preview:-1"},"canonical":"https:\/\/www.correiobraziliense.com.br\/cbradar\/contem-e-contem-estao-certos-na-lingua-portuguesa-e-essa-e-a-regra-de-uso\/","og_locale":"pt_BR","og_type":"article","og_title":"\"Cont\u00e9m\u201d e \u201ccont\u00eam\u201d est\u00e3o certos na l\u00edngua portuguesa, e essa \u00e9 a regra de uso","og_description":"Cont\u00e9m e cont\u00eam: aprenda a regra de uso, diferen\u00e7as, exemplos e como evitar erros comuns de concord\u00e2ncia em textos formais.","og_url":"https:\/\/www.correiobraziliense.com.br\/cbradar\/contem-e-contem-estao-certos-na-lingua-portuguesa-e-essa-e-a-regra-de-uso\/","og_site_name":"Correio Braziliense - Radar","article_published_time":"2026-01-25T11:45:00+00:00","og_image":[{"width":1280,"height":720,"url":"https:\/\/www.correiobraziliense.com.br\/cbradar\/wp-content\/uploads\/2026\/01\/Gemini_Generated_Image_l5lkldl5lkldl5lk-1-1-1.png","type":"image\/png"}],"author":"Larissa Carvalho","twitter_card":"summary_large_image","twitter_misc":{"Escrito por":"Larissa Carvalho","Est. tempo de leitura":"5 minutos"},"schema":{"@context":"https:\/\/schema.org","@graph":[{"@type":"WebPage","@id":"https:\/\/www.correiobraziliense.com.br\/cbradar\/contem-e-contem-estao-certos-na-lingua-portuguesa-e-essa-e-a-regra-de-uso\/","url":"https:\/\/www.correiobraziliense.com.br\/cbradar\/contem-e-contem-estao-certos-na-lingua-portuguesa-e-essa-e-a-regra-de-uso\/","name":"\"Cont\u00e9m\u201d e \u201ccont\u00eam\u201d est\u00e3o certos na l\u00edngua portuguesa, e essa \u00e9 a regra de uso","isPartOf":{"@id":"https:\/\/www.correiobraziliense.com.br\/cbradar\/#website"},"primaryImageOfPage":{"@id":"https:\/\/www.correiobraziliense.com.br\/cbradar\/contem-e-contem-estao-certos-na-lingua-portuguesa-e-essa-e-a-regra-de-uso\/#primaryimage"},"image":{"@id":"https:\/\/www.correiobraziliense.com.br\/cbradar\/contem-e-contem-estao-certos-na-lingua-portuguesa-e-essa-e-a-regra-de-uso\/#primaryimage"},"thumbnailUrl":"https:\/\/www.correiobraziliense.com.br\/cbradar\/wp-content\/uploads\/2026\/01\/Gemini_Generated_Image_l5lkldl5lkldl5lk-1-1-1.png","datePublished":"2026-01-25T11:45:00+00:00","author":{"@id":"https:\/\/www.correiobraziliense.com.br\/cbradar\/#\/schema\/person\/58422787644df994b53a19d3e56c1513"},"description":"Cont\u00e9m e cont\u00eam: aprenda a regra de uso, diferen\u00e7as, exemplos e como evitar erros comuns de concord\u00e2ncia em textos formais.","breadcrumb":{"@id":"https:\/\/www.correiobraziliense.com.br\/cbradar\/contem-e-contem-estao-certos-na-lingua-portuguesa-e-essa-e-a-regra-de-uso\/#breadcrumb"},"inLanguage":"pt-BR","potentialAction":[{"@type":"ReadAction","target":["https:\/\/www.correiobraziliense.com.br\/cbradar\/contem-e-contem-estao-certos-na-lingua-portuguesa-e-essa-e-a-regra-de-uso\/"]}]},{"@type":"ImageObject","inLanguage":"pt-BR","@id":"https:\/\/www.correiobraziliense.com.br\/cbradar\/contem-e-contem-estao-certos-na-lingua-portuguesa-e-essa-e-a-regra-de-uso\/#primaryimage","url":"https:\/\/www.correiobraziliense.com.br\/cbradar\/wp-content\/uploads\/2026\/01\/Gemini_Generated_Image_l5lkldl5lkldl5lk-1-1-1.png","contentUrl":"https:\/\/www.correiobraziliense.com.br\/cbradar\/wp-content\/uploads\/2026\/01\/Gemini_Generated_Image_l5lkldl5lkldl5lk-1-1-1.png","width":1280,"height":720,"caption":"\"Cont\u00e9m\" \u00e9 singular (uma caixa cont\u00e9m frutas), \"cont\u00eam\" \u00e9 plural (as caixas cont\u00eam produtos), regra de concord\u00e2ncia verbal essencial em textos formais."},{"@type":"BreadcrumbList","@id":"https:\/\/www.correiobraziliense.com.br\/cbradar\/contem-e-contem-estao-certos-na-lingua-portuguesa-e-essa-e-a-regra-de-uso\/#breadcrumb","itemListElement":[{"@type":"ListItem","position":1,"name":"In\u00edcio","item":"https:\/\/www.correiobraziliense.com.br\/cbradar\/"},{"@type":"ListItem","position":2,"name":"&#8220;Cont\u00e9m\u201d e \u201ccont\u00eam\u201d est\u00e3o certos na l\u00edngua portuguesa, e essa \u00e9 a regra de uso"}]},{"@type":"WebSite","@id":"https:\/\/www.correiobraziliense.com.br\/cbradar\/#website","url":"https:\/\/www.correiobraziliense.com.br\/cbradar\/","name":"Correio Braziliense - Radar","description":"Acompanhe as \u00faltimas not\u00edcias e fique bem informado sobre tudo o que acontece no Brasil e no mundo.","potentialAction":[{"@type":"SearchAction","target":{"@type":"EntryPoint","urlTemplate":"https:\/\/www.correiobraziliense.com.br\/cbradar\/?s={search_term_string}"},"query-input":{"@type":"PropertyValueSpecification","valueRequired":true,"valueName":"search_term_string"}}],"inLanguage":"pt-BR"},{"@type":"Person","@id":"https:\/\/www.correiobraziliense.com.br\/cbradar\/#\/schema\/person\/58422787644df994b53a19d3e56c1513","name":"Larissa Carvalho","image":{"@type":"ImageObject","inLanguage":"pt-BR","@id":"https:\/\/www.correiobraziliense.com.br\/cbradar\/#\/schema\/person\/image\/","url":"https:\/\/secure.gravatar.com\/avatar\/fe4f91a0de32b52a838d0d612abdc1aa?s=96&d=mm&r=g","contentUrl":"https:\/\/secure.gravatar.com\/avatar\/fe4f91a0de32b52a838d0d612abdc1aa?s=96&d=mm&r=g","caption":"Larissa Carvalho"},"url":"https:\/\/www.correiobraziliense.com.br\/cbradar\/author\/larissamyth\/"}]}},"_links":{"self":[{"href":"https:\/\/www.correiobraziliense.com.br\/cbradar\/wp-json\/wp\/v2\/posts\/180040","targetHints":{"allow":["GET"]}}],"collection":[{"href":"https:\/\/www.correiobraziliense.com.br\/cbradar\/wp-json\/wp\/v2\/posts"}],"about":[{"href":"https:\/\/www.correiobraziliense.com.br\/cbradar\/wp-json\/wp\/v2\/types\/post"}],"author":[{"embeddable":true,"href":"https:\/\/www.correiobraziliense.com.br\/cbradar\/wp-json\/wp\/v2\/users\/3"}],"replies":[{"embeddable":true,"href":"https:\/\/www.correiobraziliense.com.br\/cbradar\/wp-json\/wp\/v2\/comments?post=180040"}],"version-history":[{"count":3,"href":"https:\/\/www.correiobraziliense.com.br\/cbradar\/wp-json\/wp\/v2\/posts\/180040\/revisions"}],"predecessor-version":[{"id":180675,"href":"https:\/\/www.correiobraziliense.com.br\/cbradar\/wp-json\/wp\/v2\/posts\/180040\/revisions\/180675"}],"wp:featuredmedia":[{"embeddable":true,"href":"https:\/\/www.correiobraziliense.com.br\/cbradar\/wp-json\/wp\/v2\/media\/180771"}],"wp:attachment":[{"href":"https:\/\/www.correiobraziliense.com.br\/cbradar\/wp-json\/wp\/v2\/media?parent=180040"}],"wp:term":[{"taxonomy":"category","embeddable":true,"href":"https:\/\/www.correiobraziliense.com.br\/cbradar\/wp-json\/wp\/v2\/categories?post=180040"},{"taxonomy":"post_tag","embeddable":true,"href":"https:\/\/www.correiobraziliense.com.br\/cbradar\/wp-json\/wp\/v2\/tags?post=180040"}],"curies":[{"name":"wp","href":"https:\/\/api.w.org\/{rel}","templated":true}]}}