{"id":180052,"date":"2026-01-25T20:35:00","date_gmt":"2026-01-25T23:35:00","guid":{"rendered":"https:\/\/www.correiobraziliense.com.br\/cbradar\/?p=180052"},"modified":"2026-01-24T12:35:36","modified_gmt":"2026-01-24T15:35:36","slug":"o-erro-comum-que-muitos-ainda-cometem-no-dia-a-a-dia-ao-usar-esse-e-este","status":"publish","type":"post","link":"https:\/\/www.correiobraziliense.com.br\/cbradar\/o-erro-comum-que-muitos-ainda-cometem-no-dia-a-a-dia-ao-usar-esse-e-este\/","title":{"rendered":"O erro comum que muitos ainda cometem no dia a dia ao usar \u201cEsse\u201d e \u201ceste\u201d"},"content":{"rendered":"\n<p>O uso correto de <strong>esse<\/strong> e <strong>este<\/strong> ainda causa d\u00favidas em muitas pessoas no dia a dia, principalmente em textos formais, mensagens profissionais e reda\u00e7\u00f5es escolares. A diferen\u00e7a entre essas duas formas de <strong>pronome demonstrativo<\/strong> nem sempre \u00e9 percebida de imediato, mas segue regras simples ligadas \u00e0 ideia de <strong>dist\u00e2ncia<\/strong>, ao <strong>momento do discurso<\/strong> e \u00e0 <strong>posi\u00e7\u00e3o das informa\u00e7\u00f5es no texto<\/strong>, o que torna necess\u00e1rio compreender bem cada caso de aplica\u00e7\u00e3o.<\/p>\n\n\n\n<h2 class=\"wp-block-heading\">Qual \u00e9 a palavra neste tema e por que \u201cesse\u201d e \u201ceste\u201d geram confus\u00e3o<\/h2>\n\n\n\n<p>A palavra central desse tema \u00e9 pronome demonstrativo, classe gramatical usada para indicar posi\u00e7\u00e3o, tempo ou refer\u00eancia no discurso. \u201cEste\u201d e \u201cesse\u201d pertencem a esse grupo e servem para apontar algo em rela\u00e7\u00e3o a quem fala. O uso correto depende do contexto da frase. Essa distin\u00e7\u00e3o nem sempre \u00e9 intuitiva.<\/p>\n\n\n\n<p>A confus\u00e3o ocorre porque, na fala cotidiana, essa diferen\u00e7a costuma ser ignorada. Em regra, \u201ceste\u201d se refere ao que est\u00e1 pr\u00f3ximo de quem fala ou ao que ainda ser\u00e1 mencionado. J\u00e1 \u201cesse\u201d aponta para algo pr\u00f3ximo de quem ouve ou que j\u00e1 foi citado. Como essa l\u00f3gica \u00e9 pouco refor\u00e7ada no uso di\u00e1rio, os dois acabam sendo trocados com frequ\u00eancia.<\/p>\n\n\n\n<p>Para aprofundarmos no tema, trouxemos o v\u00eddeo da especialista Flavia Lucas, especialista em orat\u00f3ria e comunica\u00e7\u00e3o, publicado em seu perfil do TikTok que j\u00e1 passa dos 550 mil seguidores:<\/p>\n\n\n\n<blockquote class=\"tiktok-embed\" cite=\"https:\/\/www.tiktok.com\/@flaviaplucas\/video\/7309272428985715973\" data-video-id=\"7309272428985715973\" style=\"max-width: 605px;min-width: 325px;\" > <section> <a target=\"_blank\" title=\"@flaviaplucas\" href=\"https:\/\/www.tiktok.com\/@flaviaplucas?refer=embed\">@flaviaplucas<\/a> <p><\/p> <a target=\"_blank\" title=\"\u266c som original - Fl\u00e1via Lucas\" href=\"https:\/\/www.tiktok.com\/music\/som-original-7309272447886347014?refer=embed\">\u266c som original &#8211; Fl\u00e1via Lucas<\/a> <\/section> <\/blockquote> <script async src=\"https:\/\/www.tiktok.com\/embed.js\"><\/script>\n\n\n\n<h2 class=\"wp-block-heading\">Quando usar \u201cesse\u201d na l\u00edngua portuguesa de forma adequada<\/h2>\n\n\n\n<p>O pronome <strong>\u201cesse\u201d<\/strong> e suas varia\u00e7\u00f5es costumam ser empregados para <strong>retomar algo j\u00e1 mencionado<\/strong> ou para indicar algo que est\u00e1 mais pr\u00f3ximo da pessoa que ouve ou l\u00ea. Tamb\u00e9m aparecem com frequ\u00eancia em coment\u00e1rios sobre <strong>fatos passados<\/strong> em rela\u00e7\u00e3o ao momento da fala, sendo muito recorrentes em <strong>textos argumentativos<\/strong> e explicativos.<\/p>\n\n\n\n<ul class=\"wp-block-list\">\n<li>Retomada de algo j\u00e1 citado: \u201cO problema foi apresentado. <strong>Esse<\/strong> ponto precisa ser analisado.\u201d<\/li>\n\n\n\n<li>Refer\u00eancia ao que est\u00e1 com o interlocutor: \u201c<strong>Esse<\/strong> documento que est\u00e1 na sua mesa j\u00e1 foi assinado.\u201d<\/li>\n\n\n\n<li>Fatos passados: \u201cEm 2020 houve uma mudan\u00e7a importante; <strong>nesse<\/strong> ano, muitas regras foram revistas.\u201d<\/li>\n<\/ul>\n\n\n\n<h2 class=\"wp-block-heading\">Como usar \u201ceste\u201d de forma correta no dia a dia<\/h2>\n\n\n\n<p>O pronome <strong>\u201ceste\u201d<\/strong> e suas varia\u00e7\u00f5es costumam indicar algo que est\u00e1 mais <strong>perto de quem fala ou escreve<\/strong>, tanto no espa\u00e7o quanto no tempo ou no pr\u00f3prio texto. A ideia \u00e9 de <strong>proximidade imediata<\/strong>, aquilo que est\u00e1 \u201caqui\u201d, seja literalmente ou de forma figurada, principalmente ao introduzir um <strong>assunto novo<\/strong>.<\/p>\n\n\n\n<p>Entre as formas mais comuns est\u00e3o: <strong>este, esta, estes, estas, deste, desta, destes, destas, neste, nesta, nestes, nestas, isto, disto, nisto<\/strong>. Em textos escritos, \u201ceste\u201d aparece bastante para <strong>apresentar um tema<\/strong> que ser\u00e1 desenvolvido logo em seguida ou para indicar o que est\u00e1 sendo apontado naquele exato momento na reda\u00e7\u00e3o, em e-mails e em relat\u00f3rios.<\/p>\n\n\n\n<h2 class=\"wp-block-heading\">Como aplicar \u201cesse\u201d e \u201ceste\u201d na pr\u00e1tica em textos escritos<\/h2>\n\n\n\n<p>Em produ\u00e7\u00f5es escritas, o uso de <strong>\u201cesse\u201d e \u201ceste\u201d<\/strong> tamb\u00e9m se relaciona \u00e0 <strong>posi\u00e7\u00e3o das informa\u00e7\u00f5es<\/strong> no par\u00e1grafo ou no texto como um todo. Uma orienta\u00e7\u00e3o bastante adotada na gram\u00e1tica \u00e9 a seguinte: <strong>\u201ceste\u201d aponta para o que ainda ser\u00e1 dito<\/strong>, enquanto <strong>\u201cesse\u201d retoma o que j\u00e1 foi mencionado<\/strong>, o que melhora a coes\u00e3o textual.<\/p>\n\n\n\n<ol class=\"wp-block-list\">\n<li><strong>Para anunciar um assunto:<\/strong> \u201c<em>Este<\/em> ponto ser\u00e1 detalhado a seguir.\u201d<\/li>\n\n\n\n<li><strong>Para retomar algo j\u00e1 dito:<\/strong> \u201cO ponto foi apresentado anteriormente; <em>esse<\/em> aspecto precisa de revis\u00e3o.\u201d<\/li>\n\n\n\n<li><strong>Para evitar repeti\u00e7\u00e3o:<\/strong> \u201cFoi feita uma proposta. <em>Essa<\/em> ideia agradou ao grupo.\u201d<\/li>\n<\/ol>\n\n\n\n<figure class=\"wp-block-image size-large\"><img decoding=\"async\" width=\"1024\" height=\"572\" src=\"https:\/\/www.correiobraziliense.com.br\/cbradar\/wp-content\/uploads\/2026\/01\/Esse-vs-Este-Uso-Correto-1024x572.png\" alt=\"O erro comum que muitos ainda cometem no dia a a dia ao usar \u201cEsse\u201d e \u201ceste\u201d\" class=\"wp-image-180054\" srcset=\"https:\/\/www.correiobraziliense.com.br\/cbradar\/wp-content\/uploads\/2026\/01\/Esse-vs-Este-Uso-Correto-1024x572.png 1024w, https:\/\/www.correiobraziliense.com.br\/cbradar\/wp-content\/uploads\/2026\/01\/Esse-vs-Este-Uso-Correto-300x167.png 300w, https:\/\/www.correiobraziliense.com.br\/cbradar\/wp-content\/uploads\/2026\/01\/Esse-vs-Este-Uso-Correto-768x429.png 768w, https:\/\/www.correiobraziliense.com.br\/cbradar\/wp-content\/uploads\/2026\/01\/Esse-vs-Este-Uso-Correto-750x419.png 750w, https:\/\/www.correiobraziliense.com.br\/cbradar\/wp-content\/uploads\/2026\/01\/Esse-vs-Este-Uso-Correto-1140x636.png 1140w, https:\/\/www.correiobraziliense.com.br\/cbradar\/wp-content\/uploads\/2026\/01\/Esse-vs-Este-Uso-Correto.png 1376w\" sizes=\"(max-width: 1024px) 100vw, 1024px\" \/><figcaption class=\"wp-element-caption\"> &#8220;Este&#8221; indica proximidade no tempo\/espa\u00e7o (o livro que leio agora); &#8220;esse&#8221; aponta dist\u00e2ncia (o livro que voc\u00ea leu ontem). Regra essencial em textos formais.<\/figcaption><\/figure>\n\n\n\n<h2 class=\"wp-block-heading\">Quais s\u00e3o os erros mais comuns ao usar \u201cesse\u201d e \u201ceste\u201d nos textos<\/h2>\n\n\n\n<p>No cotidiano, alguns deslizes aparecem com mais frequ\u00eancia no uso de <strong>pronomes demonstrativos<\/strong>. Um deles \u00e9 usar apenas uma das formas, geralmente <strong>\u201cesse\u201d<\/strong>, em todas as situa\u00e7\u00f5es, o que apaga a diferen\u00e7a de sentido entre <strong>proximidade<\/strong> e <strong>dist\u00e2ncia<\/strong>. Outro equ\u00edvoco comum \u00e9 misturar as formas em um mesmo par\u00e1grafo sem crit\u00e9rio, o que pode confundir a interpreta\u00e7\u00e3o do leitor.<\/p>\n\n\n\n<p>Para diminuir essas falhas, muitas pessoas adotam cuidados pr\u00e1ticos, como <strong>revisar o texto<\/strong> com aten\u00e7\u00e3o aos pronomes demonstrativos e se perguntar se o termo aponta para algo que j\u00e1 foi dito ou para algo que ainda ser\u00e1 mencionado. Esse tipo de verifica\u00e7\u00e3o contribui para uma escrita mais <strong>precisa<\/strong> e alinhada \u00e0 <strong>norma-padr\u00e3o<\/strong>, especialmente em contextos formais, acad\u00eamicos e profissionais.<\/p>\n","protected":false},"excerpt":{"rendered":"<p>Descubra o erro comum ao usar \u201cesse\u201d e \u201ceste\u201d no dia a dia e aprenda, com exemplos simples, quando empregar cada pronome corretamente.<\/p>\n","protected":false},"author":3,"featured_media":180768,"comment_status":"open","ping_status":"open","sticky":false,"template":"","format":"standard","meta":{"_yoast_wpseo_focuskw":"\u201cesse\u201d e \u201ceste\"","_yoast_wpseo_title":"%%title%%","_yoast_wpseo_metadesc":"Descubra o erro comum ao usar \u201cesse\u201d e \u201ceste\u201d no dia a dia e aprenda, com exemplos simples, quando empregar cada pronome corretamente.","jnews-multi-image_gallery":[],"jnews_single_post":{"format":"standard"},"jnews_primary_category":[],"jnews_social_meta":[],"jnews_override_counter":[],"footnotes":""},"categories":[112],"tags":[144,10902,11064,6081],"class_list":["post-180052","post","type-post","status-publish","format-standard","has-post-thumbnail","hentry","category-curiosidades","tag-curiosidades","tag-lingua-portuguesa","tag-linguas","tag-portugues"],"yoast_head":"<!-- This site is optimized with the Yoast SEO plugin v24.6 - https:\/\/yoast.com\/wordpress\/plugins\/seo\/ -->\n<title>O erro comum que muitos ainda cometem no dia a dia ao usar \u201cEsse\u201d e \u201ceste\u201d<\/title>\n<meta name=\"description\" content=\"Descubra o erro comum ao usar \u201cesse\u201d e \u201ceste\u201d no dia a dia e aprenda, com exemplos simples, quando empregar cada pronome corretamente.\" \/>\n<meta name=\"robots\" content=\"index, follow, max-snippet:-1, max-image-preview:large, max-video-preview:-1\" \/>\n<link rel=\"canonical\" href=\"https:\/\/www.correiobraziliense.com.br\/cbradar\/o-erro-comum-que-muitos-ainda-cometem-no-dia-a-a-dia-ao-usar-esse-e-este\/\" \/>\n<meta property=\"og:locale\" content=\"pt_BR\" \/>\n<meta property=\"og:type\" content=\"article\" \/>\n<meta property=\"og:title\" content=\"O erro comum que muitos ainda cometem no dia a dia ao usar \u201cEsse\u201d e \u201ceste\u201d\" \/>\n<meta property=\"og:description\" content=\"Descubra o erro comum ao usar \u201cesse\u201d e \u201ceste\u201d no dia a dia e aprenda, com exemplos simples, quando empregar cada pronome corretamente.\" \/>\n<meta property=\"og:url\" content=\"https:\/\/www.correiobraziliense.com.br\/cbradar\/o-erro-comum-que-muitos-ainda-cometem-no-dia-a-a-dia-ao-usar-esse-e-este\/\" \/>\n<meta property=\"og:site_name\" content=\"Correio Braziliense - Radar\" \/>\n<meta property=\"article:published_time\" content=\"2026-01-25T23:35:00+00:00\" \/>\n<meta property=\"og:image\" content=\"https:\/\/www.correiobraziliense.com.br\/cbradar\/wp-content\/uploads\/2026\/01\/Gemini_Generated_Image_jd1wxpjd1wxpjd1w-1-1.png\" \/>\n\t<meta property=\"og:image:width\" content=\"1280\" \/>\n\t<meta property=\"og:image:height\" content=\"729\" \/>\n\t<meta property=\"og:image:type\" content=\"image\/png\" \/>\n<meta name=\"author\" content=\"Larissa Carvalho\" \/>\n<meta name=\"twitter:card\" content=\"summary_large_image\" \/>\n<meta name=\"twitter:label1\" content=\"Escrito por\" \/>\n\t<meta name=\"twitter:data1\" content=\"Larissa Carvalho\" \/>\n\t<meta name=\"twitter:label2\" content=\"Est. tempo de leitura\" \/>\n\t<meta name=\"twitter:data2\" content=\"5 minutos\" \/>\n<!-- \/ Yoast SEO plugin. -->","yoast_head_json":{"title":"O erro comum que muitos ainda cometem no dia a dia ao usar \u201cEsse\u201d e \u201ceste\u201d","description":"Descubra o erro comum ao usar \u201cesse\u201d e \u201ceste\u201d no dia a dia e aprenda, com exemplos simples, quando empregar cada pronome corretamente.","robots":{"index":"index","follow":"follow","max-snippet":"max-snippet:-1","max-image-preview":"max-image-preview:large","max-video-preview":"max-video-preview:-1"},"canonical":"https:\/\/www.correiobraziliense.com.br\/cbradar\/o-erro-comum-que-muitos-ainda-cometem-no-dia-a-a-dia-ao-usar-esse-e-este\/","og_locale":"pt_BR","og_type":"article","og_title":"O erro comum que muitos ainda cometem no dia a dia ao usar \u201cEsse\u201d e \u201ceste\u201d","og_description":"Descubra o erro comum ao usar \u201cesse\u201d e \u201ceste\u201d no dia a dia e aprenda, com exemplos simples, quando empregar cada pronome corretamente.","og_url":"https:\/\/www.correiobraziliense.com.br\/cbradar\/o-erro-comum-que-muitos-ainda-cometem-no-dia-a-a-dia-ao-usar-esse-e-este\/","og_site_name":"Correio Braziliense - Radar","article_published_time":"2026-01-25T23:35:00+00:00","og_image":[{"width":1280,"height":729,"url":"https:\/\/www.correiobraziliense.com.br\/cbradar\/wp-content\/uploads\/2026\/01\/Gemini_Generated_Image_jd1wxpjd1wxpjd1w-1-1.png","type":"image\/png"}],"author":"Larissa Carvalho","twitter_card":"summary_large_image","twitter_misc":{"Escrito por":"Larissa Carvalho","Est. tempo de leitura":"5 minutos"},"schema":{"@context":"https:\/\/schema.org","@graph":[{"@type":"WebPage","@id":"https:\/\/www.correiobraziliense.com.br\/cbradar\/o-erro-comum-que-muitos-ainda-cometem-no-dia-a-a-dia-ao-usar-esse-e-este\/","url":"https:\/\/www.correiobraziliense.com.br\/cbradar\/o-erro-comum-que-muitos-ainda-cometem-no-dia-a-a-dia-ao-usar-esse-e-este\/","name":"O erro comum que muitos ainda cometem no dia a dia ao usar \u201cEsse\u201d e \u201ceste\u201d","isPartOf":{"@id":"https:\/\/www.correiobraziliense.com.br\/cbradar\/#website"},"primaryImageOfPage":{"@id":"https:\/\/www.correiobraziliense.com.br\/cbradar\/o-erro-comum-que-muitos-ainda-cometem-no-dia-a-a-dia-ao-usar-esse-e-este\/#primaryimage"},"image":{"@id":"https:\/\/www.correiobraziliense.com.br\/cbradar\/o-erro-comum-que-muitos-ainda-cometem-no-dia-a-a-dia-ao-usar-esse-e-este\/#primaryimage"},"thumbnailUrl":"https:\/\/www.correiobraziliense.com.br\/cbradar\/wp-content\/uploads\/2026\/01\/Gemini_Generated_Image_jd1wxpjd1wxpjd1w-1-1.png","datePublished":"2026-01-25T23:35:00+00:00","author":{"@id":"https:\/\/www.correiobraziliense.com.br\/cbradar\/#\/schema\/person\/58422787644df994b53a19d3e56c1513"},"description":"Descubra o erro comum ao usar \u201cesse\u201d e \u201ceste\u201d no dia a dia e aprenda, com exemplos simples, quando empregar cada pronome corretamente.","breadcrumb":{"@id":"https:\/\/www.correiobraziliense.com.br\/cbradar\/o-erro-comum-que-muitos-ainda-cometem-no-dia-a-a-dia-ao-usar-esse-e-este\/#breadcrumb"},"inLanguage":"pt-BR","potentialAction":[{"@type":"ReadAction","target":["https:\/\/www.correiobraziliense.com.br\/cbradar\/o-erro-comum-que-muitos-ainda-cometem-no-dia-a-a-dia-ao-usar-esse-e-este\/"]}]},{"@type":"ImageObject","inLanguage":"pt-BR","@id":"https:\/\/www.correiobraziliense.com.br\/cbradar\/o-erro-comum-que-muitos-ainda-cometem-no-dia-a-a-dia-ao-usar-esse-e-este\/#primaryimage","url":"https:\/\/www.correiobraziliense.com.br\/cbradar\/wp-content\/uploads\/2026\/01\/Gemini_Generated_Image_jd1wxpjd1wxpjd1w-1-1.png","contentUrl":"https:\/\/www.correiobraziliense.com.br\/cbradar\/wp-content\/uploads\/2026\/01\/Gemini_Generated_Image_jd1wxpjd1wxpjd1w-1-1.png","width":1280,"height":729,"caption":"\"Este\" indica proximidade no tempo\/espa\u00e7o (o livro que leio agora); \"esse\" aponta dist\u00e2ncia (o livro que voc\u00ea leu ontem). Regra essencial em textos formais."},{"@type":"BreadcrumbList","@id":"https:\/\/www.correiobraziliense.com.br\/cbradar\/o-erro-comum-que-muitos-ainda-cometem-no-dia-a-a-dia-ao-usar-esse-e-este\/#breadcrumb","itemListElement":[{"@type":"ListItem","position":1,"name":"In\u00edcio","item":"https:\/\/www.correiobraziliense.com.br\/cbradar\/"},{"@type":"ListItem","position":2,"name":"O erro comum que muitos ainda cometem no dia a dia ao usar \u201cEsse\u201d e \u201ceste\u201d"}]},{"@type":"WebSite","@id":"https:\/\/www.correiobraziliense.com.br\/cbradar\/#website","url":"https:\/\/www.correiobraziliense.com.br\/cbradar\/","name":"Correio Braziliense - Radar","description":"Acompanhe as \u00faltimas not\u00edcias e fique bem informado sobre tudo o que acontece no Brasil e no mundo.","potentialAction":[{"@type":"SearchAction","target":{"@type":"EntryPoint","urlTemplate":"https:\/\/www.correiobraziliense.com.br\/cbradar\/?s={search_term_string}"},"query-input":{"@type":"PropertyValueSpecification","valueRequired":true,"valueName":"search_term_string"}}],"inLanguage":"pt-BR"},{"@type":"Person","@id":"https:\/\/www.correiobraziliense.com.br\/cbradar\/#\/schema\/person\/58422787644df994b53a19d3e56c1513","name":"Larissa Carvalho","image":{"@type":"ImageObject","inLanguage":"pt-BR","@id":"https:\/\/www.correiobraziliense.com.br\/cbradar\/#\/schema\/person\/image\/","url":"https:\/\/secure.gravatar.com\/avatar\/fe4f91a0de32b52a838d0d612abdc1aa?s=96&d=mm&r=g","contentUrl":"https:\/\/secure.gravatar.com\/avatar\/fe4f91a0de32b52a838d0d612abdc1aa?s=96&d=mm&r=g","caption":"Larissa Carvalho"},"url":"https:\/\/www.correiobraziliense.com.br\/cbradar\/author\/larissamyth\/"}]}},"_links":{"self":[{"href":"https:\/\/www.correiobraziliense.com.br\/cbradar\/wp-json\/wp\/v2\/posts\/180052","targetHints":{"allow":["GET"]}}],"collection":[{"href":"https:\/\/www.correiobraziliense.com.br\/cbradar\/wp-json\/wp\/v2\/posts"}],"about":[{"href":"https:\/\/www.correiobraziliense.com.br\/cbradar\/wp-json\/wp\/v2\/types\/post"}],"author":[{"embeddable":true,"href":"https:\/\/www.correiobraziliense.com.br\/cbradar\/wp-json\/wp\/v2\/users\/3"}],"replies":[{"embeddable":true,"href":"https:\/\/www.correiobraziliense.com.br\/cbradar\/wp-json\/wp\/v2\/comments?post=180052"}],"version-history":[{"count":3,"href":"https:\/\/www.correiobraziliense.com.br\/cbradar\/wp-json\/wp\/v2\/posts\/180052\/revisions"}],"predecessor-version":[{"id":180696,"href":"https:\/\/www.correiobraziliense.com.br\/cbradar\/wp-json\/wp\/v2\/posts\/180052\/revisions\/180696"}],"wp:featuredmedia":[{"embeddable":true,"href":"https:\/\/www.correiobraziliense.com.br\/cbradar\/wp-json\/wp\/v2\/media\/180768"}],"wp:attachment":[{"href":"https:\/\/www.correiobraziliense.com.br\/cbradar\/wp-json\/wp\/v2\/media?parent=180052"}],"wp:term":[{"taxonomy":"category","embeddable":true,"href":"https:\/\/www.correiobraziliense.com.br\/cbradar\/wp-json\/wp\/v2\/categories?post=180052"},{"taxonomy":"post_tag","embeddable":true,"href":"https:\/\/www.correiobraziliense.com.br\/cbradar\/wp-json\/wp\/v2\/tags?post=180052"}],"curies":[{"name":"wp","href":"https:\/\/api.w.org\/{rel}","templated":true}]}}