{"id":180106,"date":"2026-01-24T09:25:29","date_gmt":"2026-01-24T12:25:29","guid":{"rendered":"https:\/\/www.correiobraziliense.com.br\/cbradar\/?p=180106"},"modified":"2026-01-23T18:28:18","modified_gmt":"2026-01-23T21:28:18","slug":"a-fruta-gigante-que-da-energia-rende-receitas-deliciosas-e-ainda-cresce-facil-no-quintal","status":"publish","type":"post","link":"https:\/\/www.correiobraziliense.com.br\/cbradar\/a-fruta-gigante-que-da-energia-rende-receitas-deliciosas-e-ainda-cresce-facil-no-quintal\/","title":{"rendered":"A fruta gigante que d\u00e1 energia, rende receitas deliciosas e ainda cresce f\u00e1cil no quintal"},"content":{"rendered":"\n<p>Imagine abrir o quintal e se deparar com uma jaqueira carregada, oferecendo frutos doces, perfumados e cheios de energia para a fam\u00edlia inteira, rendendo desde um lanche r\u00e1pido na correria do dia at\u00e9 receitas especiais de fim de semana, tudo isso com uma \u00e1rvore que, com <strong>cuidados<\/strong> simples, pode produzir por muitos e muitos anos.<\/p>\n\n\n\n<h2 class=\"wp-block-heading\">Quais s\u00e3o os benef\u00edcios energ\u00e9ticos e o valor nutricional da jaca<\/h2>\n\n\n\n<p>A jaca \u00e9 um alimento <strong>energ\u00e9tico<\/strong> principalmente pela boa quantidade de carboidratos, que o corpo usa como combust\u00edvel para as atividades di\u00e1rias. Em por\u00e7\u00f5es moderadas, pode entrar no lugar de outros lanches, especialmente antes de atividades f\u00edsicas leves ou moderadas, por ser uma fruta pr\u00e1tica e f\u00e1cil de consumir.<\/p>\n\n\n\n<p>Al\u00e9m do aporte de energia, a jaca oferece fibras que ajudam no funcionamento intestinal e na sensa\u00e7\u00e3o de saciedade. Tamb\u00e9m cont\u00e9m vitaminas do <strong>complexo B<\/strong> e minerais como o <strong>pot\u00e1ssio<\/strong>, que colaboram com o metabolismo, os m\u00fasculos e o equil\u00edbrio de l\u00edquidos, contribuindo para uma rotina mais equilibrada.<\/p>\n\n\n<div class=\"wp-block-image\">\n<figure class=\"aligncenter size-large\"><img decoding=\"async\" width=\"1024\" height=\"576\" src=\"https:\/\/www.correiobraziliense.com.br\/cbradar\/wp-content\/uploads\/2025\/04\/Jaca-fruta_1744736644600-1024x576.jpg\" alt=\"\" class=\"wp-image-24000\" srcset=\"https:\/\/www.correiobraziliense.com.br\/cbradar\/wp-content\/uploads\/2025\/04\/Jaca-fruta_1744736644600-1024x576.jpg 1024w, https:\/\/www.correiobraziliense.com.br\/cbradar\/wp-content\/uploads\/2025\/04\/Jaca-fruta_1744736644600-300x169.jpg 300w, https:\/\/www.correiobraziliense.com.br\/cbradar\/wp-content\/uploads\/2025\/04\/Jaca-fruta_1744736644600-768x432.jpg 768w, https:\/\/www.correiobraziliense.com.br\/cbradar\/wp-content\/uploads\/2025\/04\/Jaca-fruta_1744736644600-750x422.jpg 750w, https:\/\/www.correiobraziliense.com.br\/cbradar\/wp-content\/uploads\/2025\/04\/Jaca-fruta_1744736644600-1140x642.jpg 1140w, https:\/\/www.correiobraziliense.com.br\/cbradar\/wp-content\/uploads\/2025\/04\/Jaca-fruta_1744736644600.jpg 1279w\" sizes=\"(max-width: 1024px) 100vw, 1024px\" \/><figcaption class=\"wp-element-caption\">A jaca \u00e9 um alimento energ\u00e9tico principalmente pela boa quantidade de carboidratos &#8211; Cr\u00e9ditos: depositphotos.com \/ suriyawut<\/figcaption><\/figure><\/div>\n\n\n<p>Leia tamb\u00e9m:&nbsp;<a href=\"https:\/\/www.correiobraziliense.com.br\/cbradar\/a-delicia-tropical-que-entrega-antioxidantes-e-ainda-e-simples-de-plantar\/\" target=\"_blank\" rel=\"noopener\">A del\u00edcia tropical que entrega antioxidantes e ainda \u00e9 simples de plantar<\/a><\/p>\n\n\n\n<h2 class=\"wp-block-heading\">Como a jaca pode trazer benef\u00edcios pr\u00e1ticos no dia a dia<\/h2>\n\n\n\n<p>No cotidiano, a jaca pode ser usada de v\u00e1rias formas, desde o fruto fresco at\u00e9 prepara\u00e7\u00f5es doces e salgadas, como bolos, compotas, refogados e at\u00e9 recheios. Por ter alto teor de carboidratos, costuma ser usada em lanches intermedi\u00e1rios ou receitas mais cal\u00f3ricas, ajudando a manter a <strong>energia<\/strong> em dias corridos.<\/p>\n\n\n\n<p>Em muitas \u00e1reas rurais, a jaca serve como alternativa de alimento em \u00e9pocas com menos oferta de outros produtos, refor\u00e7ando seu papel na seguran\u00e7a alimentar das fam\u00edlias. Para quem segue planos alimentares espec\u00edficos ou tem restri\u00e7\u00f5es, \u00e9 interessante contar com a orienta\u00e7\u00e3o de um <strong>nutricionista<\/strong> para definir por\u00e7\u00f5es e combina\u00e7\u00f5es.<\/p>\n\n\n\n<h2 class=\"wp-block-heading\">Quais s\u00e3o as principais vantagens da jaca e como aproveitar melhor esse fruto<\/h2>\n\n\n\n<p>Para tirar o m\u00e1ximo proveito da jaca, vale conhecer seus pontos fortes e entender como usar tudo o que o fruto oferece, dos gomos \u00e0s sementes. Assim, fica mais f\u00e1cil variar as prepara\u00e7\u00f5es e evitar desperd\u00edcio, usando a fruta inteira de forma criativa e saborosa no dia a dia.<\/p>\n\n\n\n<ul class=\"wp-block-list\">\n<li><strong>Fonte de energia r\u00e1pida:<\/strong> indicada para momentos em que se busca reposi\u00e7\u00e3o cal\u00f3rica em pouco tempo.<\/li>\n\n\n\n<li><strong>Apoio ao tr\u00e2nsito intestinal:<\/strong> a presen\u00e7a de fibras auxilia na regularidade do intestino.<\/li>\n\n\n\n<li><strong>Versatilidade culin\u00e1ria:<\/strong> pode ser usada em pratos doces, salgados, refogados, compotas e at\u00e9 substitutos c\u00e1rneos em prepara\u00e7\u00f5es vegetais.<\/li>\n\n\n\n<li><strong>Aproveitamento integral:<\/strong> al\u00e9m dos gomos, sementes podem ser cozidas ou assadas, ampliando o uso do alimento.<\/li>\n<\/ul>\n\n\n\n<p>Se voc\u00ea gosta de cultivo, separamos esse v\u00eddeo do canal <a href=\"https:\/\/www.youtube.com\/@Praviverbem\" target=\"_blank\" rel=\"noreferrer noopener\">Pra viver bem<\/a> ensinando a plantar jaca pelo caro\u00e7o:<\/p>\n\n\n\n<figure class=\"wp-block-embed is-type-video is-provider-youtube wp-block-embed-youtube wp-embed-aspect-16-9 wp-has-aspect-ratio\"><div class=\"wp-block-embed__wrapper\">\n<div class=\"jeg_video_container jeg_video_content\"><iframe loading=\"lazy\" title=\"Plantando jaca pelo caro\u00e7o\" width=\"500\" height=\"281\" src=\"https:\/\/www.youtube.com\/embed\/HsHoXfY0PxA?feature=oembed\" frameborder=\"0\" allow=\"accelerometer; autoplay; clipboard-write; encrypted-media; gyroscope; picture-in-picture; web-share\" referrerpolicy=\"strict-origin-when-cross-origin\" allowfullscreen><\/iframe><\/div>\n<\/div><\/figure>\n\n\n\n<h2 class=\"wp-block-heading\">Qual \u00e9 o clima ideal para cultivar jaca com sa\u00fade e boa produ\u00e7\u00e3o<\/h2>\n\n\n\n<p>A jaqueira \u00e9 uma \u00e1rvore tipicamente tropical, que se desenvolve melhor em locais de clima quente e \u00famido, com temperaturas m\u00e9dias entre 22 \u00b0C e 32 \u00b0C. Em regi\u00f5es de clima subtropical, \u00e9 poss\u00edvel o cultivo, desde que o frio intenso seja raro e as geadas, se ocorrerem, sejam leves e de curta dura\u00e7\u00e3o.<\/p>\n\n\n\n<p>A planta gosta de boa disponibilidade de \u00e1gua ao longo do ano, com chuvas bem distribu\u00eddas, e solo bem drenado e f\u00e9rtil. Em locais com esta\u00e7\u00e3o seca prolongada, vale planejar irriga\u00e7\u00e3o complementar nos primeiros anos e escolher \u00e1reas mais abrigadas de ventos muito fortes, para proteger a <strong>jaqueira<\/strong> jovem.<\/p>\n\n\n\n<figure class=\"wp-block-table is-style-stripes\"><table class=\"has-vivid-red-color has-text-color has-link-color has-fixed-layout\"><tbody><tr><th>Fator<\/th><th>Faixa recomendada para jaca<\/th><\/tr><tr><td>Temperatura m\u00e9dia<\/td><td>22 \u00b0C a 32 \u00b0C<\/td><\/tr><tr><td>Pluviosidade anual<\/td><td>1.200 a 2.000 mm bem distribu\u00eddos<\/td><\/tr><tr><td>Altitude ideal<\/td><td>At\u00e9 cerca de 800 m<\/td><\/tr><tr><td>Exposi\u00e7\u00e3o solar<\/td><td>Pleno sol (m\u00ednimo 6 h di\u00e1rias)<\/td><\/tr><tr><td>Tipo de solo<\/td><td>Profundo, drenado, textura m\u00e9dia, rico em mat\u00e9ria org\u00e2nica<\/td><\/tr><\/tbody><\/table><\/figure>\n\n\n\n<h2 class=\"wp-block-heading\">Como plantar jaca passo a passo de forma simples<\/h2>\n\n\n\n<p>O plantio da jaca pode ser feito por sementes ou por mudas j\u00e1 formadas, dependendo do tempo e dos recursos que voc\u00ea tem. Mudas costumam dar plantas mais padronizadas e aceleram o in\u00edcio da frutifica\u00e7\u00e3o, enquanto as sementes s\u00e3o uma op\u00e7\u00e3o mais econ\u00f4mica e acess\u00edvel, ideal para quem gosta de acompanhar todo o ciclo.<\/p>\n\n\n\n<p>As sementes devem vir de frutos sadios e bem desenvolvidos, de \u00e1rvores produtivas e sem sinais de doen\u00e7as, e precisam ser plantadas logo ap\u00f3s retiradas, pois perdem a for\u00e7a rapidamente. Mantenha o solo levemente \u00famido e protegido do sol muito forte nos primeiros dias, ajudando a <strong>pl\u00e2ntula<\/strong> a se estabelecer com mais seguran\u00e7a.<\/p>\n\n\n\n<ol class=\"wp-block-list\">\n<li><strong>Escolha do local:<\/strong> optar por \u00e1rea com sol pleno, espa\u00e7o para desenvolvimento da copa e solo bem drenado.<\/li>\n\n\n\n<li><strong>Preparo do solo:<\/strong> fazer cova profunda, incorporar mat\u00e9ria org\u00e2nica bem curtida e, se necess\u00e1rio, realizar an\u00e1lise de solo para corre\u00e7\u00f5es.<\/li>\n\n\n\n<li><strong>Plantio da muda ou semente:<\/strong> posicionar a muda na mesma altura em que estava no recipiente ou enterrar as sementes a poucos cent\u00edmetros de profundidade.<\/li>\n\n\n\n<li><strong>Irriga\u00e7\u00e3o inicial:<\/strong> manter o solo \u00famido, mas sem encharcar, principalmente nos primeiros meses.<\/li>\n\n\n\n<li><strong>Tratos culturais:<\/strong> capinas ao redor do tronco, aduba\u00e7\u00f5es peri\u00f3dicas e monitoramento de pragas e doen\u00e7as.<\/li>\n<\/ol>\n\n\n\n<p>Com o crescimento, a jaqueira pode receber podas de forma\u00e7\u00e3o e limpeza, retirando galhos secos ou mal posicionados. Em quintais menores, esse cuidado ajuda a controlar o tamanho da copa, facilita a colheita e melhora a ventila\u00e7\u00e3o, garantindo frutos de melhor <strong>qualidade<\/strong> e colheitas mais seguras.<\/p>\n\n\n\n<p>Em boas condi\u00e7\u00f5es, muitas plantas come\u00e7am a produzir entre o quarto e o sexto ano ap\u00f3s o plantio, variando conforme a regi\u00e3o e o manejo adotado. Com aten\u00e7\u00e3o simples e constante, a jaqueira pode permanecer produtiva por muitos anos, oferecendo uma fonte de alimento saborosa, abundante e cheia de <strong>energia<\/strong>.<\/p>\n","protected":false},"excerpt":{"rendered":"<p>Imagine abrir o quintal e se deparar com uma jaqueira carregada, oferecendo frutos doces, perfumados e cheios de energia para a fam\u00edlia inteira, rendendo desde um lanche r\u00e1pido na correria do dia at\u00e9 receitas especiais de fim de semana, tudo isso com uma \u00e1rvore que, com cuidados simples, pode produzir por muitos e muitos anos. [&hellip;]<\/p>\n","protected":false},"author":9,"featured_media":180344,"comment_status":"open","ping_status":"open","sticky":false,"template":"","format":"standard","meta":{"_yoast_wpseo_focuskw":"plantar jaca","_yoast_wpseo_title":"","_yoast_wpseo_metadesc":"Fruto doce, energ\u00e9tico e vers\u00e1til que rende muitas receitas e cresce bem em clima quente com manejo simples.","jnews-multi-image_gallery":[],"jnews_single_post":{"format":"standard"},"jnews_primary_category":[],"jnews_social_meta":[],"jnews_override_counter":[],"footnotes":""},"categories":[119,4404],"tags":[14344,2269,3174,3382],"class_list":["post-180106","post","type-post","status-publish","format-standard","has-post-thumbnail","hentry","category-bem-estar","category-saude","tag-cultivo-de-jaca","tag-jaca","tag-plantar-em-casa","tag-plantar-jaca"],"yoast_head":"<!-- This site is optimized with the Yoast SEO plugin v24.6 - https:\/\/yoast.com\/wordpress\/plugins\/seo\/ -->\n<title>A fruta gigante que d\u00e1 energia, rende receitas deliciosas e ainda cresce f\u00e1cil no quintal - Correio Braziliense - Radar<\/title>\n<meta name=\"description\" content=\"Fruto doce, energ\u00e9tico e vers\u00e1til que rende muitas receitas e cresce bem em clima quente com manejo simples.\" \/>\n<meta name=\"robots\" content=\"index, follow, max-snippet:-1, max-image-preview:large, max-video-preview:-1\" \/>\n<link rel=\"canonical\" href=\"https:\/\/www.correiobraziliense.com.br\/cbradar\/a-fruta-gigante-que-da-energia-rende-receitas-deliciosas-e-ainda-cresce-facil-no-quintal\/\" \/>\n<meta property=\"og:locale\" content=\"pt_BR\" \/>\n<meta property=\"og:type\" content=\"article\" \/>\n<meta property=\"og:title\" content=\"A fruta gigante que d\u00e1 energia, rende receitas deliciosas e ainda cresce f\u00e1cil no quintal - Correio Braziliense - Radar\" \/>\n<meta property=\"og:description\" content=\"Fruto doce, energ\u00e9tico e vers\u00e1til que rende muitas receitas e cresce bem em clima quente com manejo simples.\" \/>\n<meta property=\"og:url\" content=\"https:\/\/www.correiobraziliense.com.br\/cbradar\/a-fruta-gigante-que-da-energia-rende-receitas-deliciosas-e-ainda-cresce-facil-no-quintal\/\" \/>\n<meta property=\"og:site_name\" content=\"Correio Braziliense - Radar\" \/>\n<meta property=\"article:published_time\" content=\"2026-01-24T12:25:29+00:00\" \/>\n<meta property=\"og:image\" content=\"https:\/\/www.correiobraziliense.com.br\/cbradar\/wp-content\/uploads\/2026\/01\/Gemini_Generated_Image_7wobmv7wobmv7wob-1-1-1-1.png\" \/>\n\t<meta property=\"og:image:width\" content=\"1280\" \/>\n\t<meta property=\"og:image:height\" content=\"720\" \/>\n\t<meta property=\"og:image:type\" content=\"image\/png\" \/>\n<meta name=\"author\" content=\"Daniely Cardoso\" \/>\n<meta name=\"twitter:card\" content=\"summary_large_image\" \/>\n<meta name=\"twitter:label1\" content=\"Escrito por\" \/>\n\t<meta name=\"twitter:data1\" content=\"Daniely Cardoso\" \/>\n\t<meta name=\"twitter:label2\" content=\"Est. tempo de leitura\" \/>\n\t<meta name=\"twitter:data2\" content=\"6 minutos\" \/>\n<!-- \/ Yoast SEO plugin. -->","yoast_head_json":{"title":"A fruta gigante que d\u00e1 energia, rende receitas deliciosas e ainda cresce f\u00e1cil no quintal - Correio Braziliense - Radar","description":"Fruto doce, energ\u00e9tico e vers\u00e1til que rende muitas receitas e cresce bem em clima quente com manejo simples.","robots":{"index":"index","follow":"follow","max-snippet":"max-snippet:-1","max-image-preview":"max-image-preview:large","max-video-preview":"max-video-preview:-1"},"canonical":"https:\/\/www.correiobraziliense.com.br\/cbradar\/a-fruta-gigante-que-da-energia-rende-receitas-deliciosas-e-ainda-cresce-facil-no-quintal\/","og_locale":"pt_BR","og_type":"article","og_title":"A fruta gigante que d\u00e1 energia, rende receitas deliciosas e ainda cresce f\u00e1cil no quintal - Correio Braziliense - Radar","og_description":"Fruto doce, energ\u00e9tico e vers\u00e1til que rende muitas receitas e cresce bem em clima quente com manejo simples.","og_url":"https:\/\/www.correiobraziliense.com.br\/cbradar\/a-fruta-gigante-que-da-energia-rende-receitas-deliciosas-e-ainda-cresce-facil-no-quintal\/","og_site_name":"Correio Braziliense - Radar","article_published_time":"2026-01-24T12:25:29+00:00","og_image":[{"width":1280,"height":720,"url":"https:\/\/www.correiobraziliense.com.br\/cbradar\/wp-content\/uploads\/2026\/01\/Gemini_Generated_Image_7wobmv7wobmv7wob-1-1-1-1.png","type":"image\/png"}],"author":"Daniely Cardoso","twitter_card":"summary_large_image","twitter_misc":{"Escrito por":"Daniely Cardoso","Est. tempo de leitura":"6 minutos"},"schema":{"@context":"https:\/\/schema.org","@graph":[{"@type":"WebPage","@id":"https:\/\/www.correiobraziliense.com.br\/cbradar\/a-fruta-gigante-que-da-energia-rende-receitas-deliciosas-e-ainda-cresce-facil-no-quintal\/","url":"https:\/\/www.correiobraziliense.com.br\/cbradar\/a-fruta-gigante-que-da-energia-rende-receitas-deliciosas-e-ainda-cresce-facil-no-quintal\/","name":"A fruta gigante que d\u00e1 energia, rende receitas deliciosas e ainda cresce f\u00e1cil no quintal - Correio Braziliense - Radar","isPartOf":{"@id":"https:\/\/www.correiobraziliense.com.br\/cbradar\/#website"},"primaryImageOfPage":{"@id":"https:\/\/www.correiobraziliense.com.br\/cbradar\/a-fruta-gigante-que-da-energia-rende-receitas-deliciosas-e-ainda-cresce-facil-no-quintal\/#primaryimage"},"image":{"@id":"https:\/\/www.correiobraziliense.com.br\/cbradar\/a-fruta-gigante-que-da-energia-rende-receitas-deliciosas-e-ainda-cresce-facil-no-quintal\/#primaryimage"},"thumbnailUrl":"https:\/\/www.correiobraziliense.com.br\/cbradar\/wp-content\/uploads\/2026\/01\/Gemini_Generated_Image_7wobmv7wobmv7wob-1-1-1-1.png","datePublished":"2026-01-24T12:25:29+00:00","author":{"@id":"https:\/\/www.correiobraziliense.com.br\/cbradar\/#\/schema\/person\/7356666e12ec0ee53f348ee5db227032"},"description":"Fruto doce, energ\u00e9tico e vers\u00e1til que rende muitas receitas e cresce bem em clima quente com manejo simples.","breadcrumb":{"@id":"https:\/\/www.correiobraziliense.com.br\/cbradar\/a-fruta-gigante-que-da-energia-rende-receitas-deliciosas-e-ainda-cresce-facil-no-quintal\/#breadcrumb"},"inLanguage":"pt-BR","potentialAction":[{"@type":"ReadAction","target":["https:\/\/www.correiobraziliense.com.br\/cbradar\/a-fruta-gigante-que-da-energia-rende-receitas-deliciosas-e-ainda-cresce-facil-no-quintal\/"]}]},{"@type":"ImageObject","inLanguage":"pt-BR","@id":"https:\/\/www.correiobraziliense.com.br\/cbradar\/a-fruta-gigante-que-da-energia-rende-receitas-deliciosas-e-ainda-cresce-facil-no-quintal\/#primaryimage","url":"https:\/\/www.correiobraziliense.com.br\/cbradar\/wp-content\/uploads\/2026\/01\/Gemini_Generated_Image_7wobmv7wobmv7wob-1-1-1-1.png","contentUrl":"https:\/\/www.correiobraziliense.com.br\/cbradar\/wp-content\/uploads\/2026\/01\/Gemini_Generated_Image_7wobmv7wobmv7wob-1-1-1-1.png","width":1280,"height":720,"caption":"A jaca \u00e9 um alimento energ\u00e9tico principalmente pela boa quantidade de carboidratos"},{"@type":"BreadcrumbList","@id":"https:\/\/www.correiobraziliense.com.br\/cbradar\/a-fruta-gigante-que-da-energia-rende-receitas-deliciosas-e-ainda-cresce-facil-no-quintal\/#breadcrumb","itemListElement":[{"@type":"ListItem","position":1,"name":"In\u00edcio","item":"https:\/\/www.correiobraziliense.com.br\/cbradar\/"},{"@type":"ListItem","position":2,"name":"A fruta gigante que d\u00e1 energia, rende receitas deliciosas e ainda cresce f\u00e1cil no quintal"}]},{"@type":"WebSite","@id":"https:\/\/www.correiobraziliense.com.br\/cbradar\/#website","url":"https:\/\/www.correiobraziliense.com.br\/cbradar\/","name":"Correio Braziliense - Radar","description":"Acompanhe as \u00faltimas not\u00edcias e fique bem informado sobre tudo o que acontece no Brasil e no mundo.","potentialAction":[{"@type":"SearchAction","target":{"@type":"EntryPoint","urlTemplate":"https:\/\/www.correiobraziliense.com.br\/cbradar\/?s={search_term_string}"},"query-input":{"@type":"PropertyValueSpecification","valueRequired":true,"valueName":"search_term_string"}}],"inLanguage":"pt-BR"},{"@type":"Person","@id":"https:\/\/www.correiobraziliense.com.br\/cbradar\/#\/schema\/person\/7356666e12ec0ee53f348ee5db227032","name":"Daniely Cardoso","image":{"@type":"ImageObject","inLanguage":"pt-BR","@id":"https:\/\/www.correiobraziliense.com.br\/cbradar\/#\/schema\/person\/image\/","url":"https:\/\/secure.gravatar.com\/avatar\/4b80ddbd124d1f071b626d52d62e5dff?s=96&d=mm&r=g","contentUrl":"https:\/\/secure.gravatar.com\/avatar\/4b80ddbd124d1f071b626d52d62e5dff?s=96&d=mm&r=g","caption":"Daniely Cardoso"},"description":"Redatora nos portais CB Radar e EM Foco, formada pela Universidade Federal de Goi\u00e1s, em Goi\u00e2nia. Apaixonada por comunica\u00e7\u00e3o, arte, decora\u00e7\u00e3o e tend\u00eancias, atuo na produ\u00e7\u00e3o de conte\u00fados envolventes sobre curiosidades, moda, beleza e paisagismo, sempre com um olhar atento \u00e0s novidades do momento.","sameAs":["https:\/\/www.correiobraziliense.com.br\/cbradar"],"url":"https:\/\/www.correiobraziliense.com.br\/cbradar\/author\/danielymyth\/"}]}},"_links":{"self":[{"href":"https:\/\/www.correiobraziliense.com.br\/cbradar\/wp-json\/wp\/v2\/posts\/180106","targetHints":{"allow":["GET"]}}],"collection":[{"href":"https:\/\/www.correiobraziliense.com.br\/cbradar\/wp-json\/wp\/v2\/posts"}],"about":[{"href":"https:\/\/www.correiobraziliense.com.br\/cbradar\/wp-json\/wp\/v2\/types\/post"}],"author":[{"embeddable":true,"href":"https:\/\/www.correiobraziliense.com.br\/cbradar\/wp-json\/wp\/v2\/users\/9"}],"replies":[{"embeddable":true,"href":"https:\/\/www.correiobraziliense.com.br\/cbradar\/wp-json\/wp\/v2\/comments?post=180106"}],"version-history":[{"count":2,"href":"https:\/\/www.correiobraziliense.com.br\/cbradar\/wp-json\/wp\/v2\/posts\/180106\/revisions"}],"predecessor-version":[{"id":180152,"href":"https:\/\/www.correiobraziliense.com.br\/cbradar\/wp-json\/wp\/v2\/posts\/180106\/revisions\/180152"}],"wp:featuredmedia":[{"embeddable":true,"href":"https:\/\/www.correiobraziliense.com.br\/cbradar\/wp-json\/wp\/v2\/media\/180344"}],"wp:attachment":[{"href":"https:\/\/www.correiobraziliense.com.br\/cbradar\/wp-json\/wp\/v2\/media?parent=180106"}],"wp:term":[{"taxonomy":"category","embeddable":true,"href":"https:\/\/www.correiobraziliense.com.br\/cbradar\/wp-json\/wp\/v2\/categories?post=180106"},{"taxonomy":"post_tag","embeddable":true,"href":"https:\/\/www.correiobraziliense.com.br\/cbradar\/wp-json\/wp\/v2\/tags?post=180106"}],"curies":[{"name":"wp","href":"https:\/\/api.w.org\/{rel}","templated":true}]}}