{"id":180107,"date":"2026-01-24T10:05:36","date_gmt":"2026-01-24T13:05:36","guid":{"rendered":"https:\/\/www.correiobraziliense.com.br\/cbradar\/?p=180107"},"modified":"2026-01-23T18:29:37","modified_gmt":"2026-01-23T21:29:37","slug":"a-arvore-tropical-que-da-frutos-saborosos-e-ainda-perfuma-o-quintal-com-folhas-especiais","status":"publish","type":"post","link":"https:\/\/www.correiobraziliense.com.br\/cbradar\/a-arvore-tropical-que-da-frutos-saborosos-e-ainda-perfuma-o-quintal-com-folhas-especiais\/","title":{"rendered":"A \u00e1rvore tropical que d\u00e1 frutos saborosos e ainda perfuma o quintal com folhas especiais"},"content":{"rendered":"\n<p>Imagine ter no quintal uma \u00e1rvore que embeleza a casa, oferece frutos fresquinhos e ainda rende um ch\u00e1 relaxante no fim do dia. A <b>graviola<\/b> vem ganhando espa\u00e7o justamente por unir sabor marcante, poss\u00edvel efeito calmante e a\u00e7\u00e3o antioxidante. A fruta \u00e9 consumida in natura, em sucos, sorvetes e doces, enquanto folhas e sementes despertam curiosidade em pesquisas sobre compostos bioativos. Em paralelo ao interesse nutricional, cresce tamb\u00e9m a busca por informa\u00e7\u00f5es simples e pr\u00e1ticas sobre como plantar graviola, sobretudo em regi\u00f5es de clima quente do <b>Brasil<\/b>.<\/p>\n\n\n\n<h2 class=\"wp-block-heading\">Como a graviola pode ajudar em uma alimenta\u00e7\u00e3o mais equilibrada<\/h2>\n\n\n\n<p>Na rotina alimentar, a fruta madura \u00e9 valorizada pela polpa branca, arom\u00e1tica e rica em fibras, al\u00e9m da presen\u00e7a de vitamina C, nutriente associado \u00e0 fun\u00e7\u00e3o antioxidante. Consumir regularmente frutas variadas, incluindo a <b>graviola<\/b>, ajuda a compor uma dieta mais colorida, nutritiva e prazerosa, contribuindo para a ingest\u00e3o de fibras, vitaminas e minerais.<\/p>\n\n\n\n<p>Al\u00e9m do consumo in natura, muitas fam\u00edlias utilizam a polpa de <strong>graviola<\/strong> em vitaminas, mousses e sorvetes caseiros, aproveitando o sabor marcante da fruta. Essa versatilidade torna mais f\u00e1cil incluir o alimento no dia a dia, agradando tanto crian\u00e7as quanto adultos que buscam op\u00e7\u00f5es diferentes de sobremesas e lanches.<\/p>\n\n\n<div class=\"wp-block-image\">\n<figure class=\"aligncenter size-large\"><img decoding=\"async\" width=\"1024\" height=\"576\" src=\"https:\/\/www.correiobraziliense.com.br\/cbradar\/wp-content\/uploads\/2026\/01\/graviola-_1768965149717-1024x576.jpg\" alt=\"\" class=\"wp-image-178908\" srcset=\"https:\/\/www.correiobraziliense.com.br\/cbradar\/wp-content\/uploads\/2026\/01\/graviola-_1768965149717-1024x576.jpg 1024w, https:\/\/www.correiobraziliense.com.br\/cbradar\/wp-content\/uploads\/2026\/01\/graviola-_1768965149717-300x169.jpg 300w, https:\/\/www.correiobraziliense.com.br\/cbradar\/wp-content\/uploads\/2026\/01\/graviola-_1768965149717-768x432.jpg 768w, https:\/\/www.correiobraziliense.com.br\/cbradar\/wp-content\/uploads\/2026\/01\/graviola-_1768965149717-750x422.jpg 750w, https:\/\/www.correiobraziliense.com.br\/cbradar\/wp-content\/uploads\/2026\/01\/graviola-_1768965149717-1140x641.jpg 1140w, https:\/\/www.correiobraziliense.com.br\/cbradar\/wp-content\/uploads\/2026\/01\/graviola-_1768965149717.jpg 1280w\" sizes=\"(max-width: 1024px) 100vw, 1024px\" \/><figcaption class=\"wp-element-caption\">Esses elementos v\u00eam sendo estudados por poss\u00edveis efeitos sobre o sistema nervoso &#8211; Cr\u00e9ditos: depositphotos.com \/ hito211003@gmail.com<\/figcaption><\/figure><\/div>\n\n\n<p>Leia tamb\u00e9m:&nbsp;<a href=\"https:\/\/www.correiobraziliense.com.br\/cbradar\/a-delicia-tropical-que-entrega-antioxidantes-e-ainda-e-simples-de-plantar\/\" target=\"_blank\" rel=\"noopener\">A del\u00edcia tropical que entrega antioxidantes e ainda \u00e9 simples de plantar<\/a><\/p>\n\n\n\n<h2 class=\"wp-block-heading\">Como plantar graviola passo a passo em casa ou na pequena propriedade<\/h2>\n\n\n\n<p>Para estabelecer um p\u00e9 de <b>graviola<\/b> saud\u00e1vel, o produtor costuma come\u00e7ar pela escolha entre sementes ou mudas j\u00e1 formadas. As mudas enxertadas tendem a oferecer maior previsibilidade em rela\u00e7\u00e3o \u00e0 qualidade do fruto e ao tempo de produ\u00e7\u00e3o, enquanto o plantio por sementes \u00e9 mais acess\u00edvel e permite aproveitar frutos da pr\u00f3pria regi\u00e3o.<\/p>\n\n\n\n<p>Um roteiro b\u00e1sico de plantio geralmente envolve poucas etapas simples, que qualquer pessoa pode seguir com um pouco de aten\u00e7\u00e3o e cuidado:<\/p>\n\n\n\n<ol class=\"wp-block-list\">\n<li><strong>Sele\u00e7\u00e3o da \u00e1rea:<\/strong> terreno bem drenado, sem encharcamento frequente.<\/li>\n\n\n\n<li><strong>Preparo do solo:<\/strong> capina da \u00e1rea, corre\u00e7\u00e3o de acidez (quando necess\u00e1rio) e incorpora\u00e7\u00e3o de mat\u00e9ria org\u00e2nica, como esterco curtido ou composto.<\/li>\n\n\n\n<li><strong>Abertura das covas:<\/strong> normalmente covas de 40 cm x 40 cm x 40 cm, preenchidas com terra f\u00e9rtil misturada a adubo org\u00e2nico.<\/li>\n\n\n\n<li><strong>Plantio da muda ou semente:<\/strong> posicionamento da muda no centro da cova, mantendo o colo da planta ao n\u00edvel do solo, seguido de leve compacta\u00e7\u00e3o da terra ao redor.<\/li>\n\n\n\n<li><strong>Irriga\u00e7\u00e3o inicial:<\/strong> regas frequentes nos primeiros meses, sem excesso, para favorecer o enraizamento.<\/li>\n<\/ol>\n\n\n\n<h2 class=\"wp-block-heading\">Qual \u00e9 o melhor clima para cultivar graviola com seguran\u00e7a<\/h2>\n\n\n\n<p>A <strong>graviola<\/strong> \u00e9 considerada uma esp\u00e9cie tipicamente tropical, que gosta de regi\u00f5es quentes e \u00famidas. Em geral, a planta se desenvolve melhor em \u00e1reas com temperatura m\u00e9dia entre 25\u00b0C e 30\u00b0C, com baixa ocorr\u00eancia de geadas, pois o frio intenso pode prejudicar o crescimento e reduzir a produ\u00e7\u00e3o de frutos.<\/p>\n\n\n\n<p>A distribui\u00e7\u00e3o de chuvas tamb\u00e9m conta bastante para o sucesso do cultivo. A cultura responde bem a \u00edndices pluviom\u00e9tricos moderados a altos, desde que o solo tenha boa drenagem. Em locais com esta\u00e7\u00e3o seca marcada, a irriga\u00e7\u00e3o suplementar se torna determinante, e o uso de quebra-ventos naturais ou artificiais ajuda a evitar a queda de flores e frutos em dias de vento forte. Se voc\u00ea gosta de cultivo, separamos esse v\u00eddeo da<a href=\"https:\/\/www.youtube.com\/@Nilzamelili\" target=\"_blank\" rel=\"noreferrer noopener\">  Nilza Melili<\/a> ensinando como germinar a semente da graviola:<\/p>\n\n\n\n<figure class=\"wp-block-embed is-type-video is-provider-youtube wp-block-embed-youtube wp-embed-aspect-16-9 wp-has-aspect-ratio\"><div class=\"wp-block-embed__wrapper\">\n<div class=\"jeg_video_container jeg_video_content\"><iframe loading=\"lazy\" title=\"Como germinar semente de Graviola\" width=\"500\" height=\"281\" src=\"https:\/\/www.youtube.com\/embed\/USEHVO6Rs5Q?feature=oembed\" frameborder=\"0\" allow=\"accelerometer; autoplay; clipboard-write; encrypted-media; gyroscope; picture-in-picture; web-share\" referrerpolicy=\"strict-origin-when-cross-origin\" allowfullscreen><\/iframe><\/div>\n<\/div><\/figure>\n\n\n\n<h2 class=\"wp-block-heading\">Quais cuidados s\u00e3o importantes para manter o pomar de graviola saud\u00e1vel<\/h2>\n\n\n\n<p>Depois de estabelecido o pomar, o sucesso do cultivo da <b>graviola<\/b> depende de uma rotina simples de cuidados, como aduba\u00e7\u00e3o peri\u00f3dica, irriga\u00e7\u00e3o na medida certa e observa\u00e7\u00e3o constante das plantas. Em muitas pequenas propriedades, essas pr\u00e1ticas se tornam parte do dia a dia da fam\u00edlia, aproximando adultos e crian\u00e7as do cultivo dos pr\u00f3prios alimentos.<\/p>\n\n\n\n<p>A aduba\u00e7\u00e3o de manuten\u00e7\u00e3o costuma ser feita com combina\u00e7\u00e3o de adubos org\u00e2nicos e minerais, sempre que poss\u00edvel orientada por an\u00e1lise de solo. Manter o entorno das plantas limpo, realizar podas leves para arejar a copa e colher os frutos quando come\u00e7am a amolecer levemente s\u00e3o atitudes que favorecem tanto a qualidade quanto a quantidade da colheita.<\/p>\n\n\n\n<h2 class=\"wp-block-heading\">Quais s\u00e3o as condi\u00e7\u00f5es ideais para o cultivo de graviola<\/h2>\n\n\n\n<p>Para facilitar o planejamento de quem est\u00e1 come\u00e7ando, \u00e9 \u00fatil ter um resumo das condi\u00e7\u00f5es mais recomendadas para plantar <strong>graviola<\/strong>. Esses par\u00e2metros ajudam a entender se o terreno, o clima da regi\u00e3o e o espa\u00e7o dispon\u00edvel s\u00e3o adequados para iniciar o cultivo com mais seguran\u00e7a.<\/p>\n\n\n\n<div style=\"font-family: 'Segoe UI', Tahoma, Geneva, Verdana, sans-serif; max-width: 1000px; margin: 20px auto; border: 2px solid #722f37; border-radius: 30px; overflow: hidden; background-color: #ffffff; box-shadow: 0 4px 15px rgba(114, 47, 55, 0.1);\">\n    <table style=\"width: 100%; border-collapse: collapse; text-align: left; font-size: 14px;\">\n        <thead>\n            <tr style=\"background-color: #722f37;\">\n                <th style=\"padding: 15px; color: #ffffff; border-bottom: 2px solid #f9d8e6; width: 30%;\">Fator de Cultivo<\/th>\n                <th style=\"padding: 15px; color: #ffffff; border-bottom: 2px solid #f9d8e6; width: 70%;\">Requisito T\u00e9cnico Recomendado<\/th>\n            <\/tr>\n        <\/thead>\n        <tbody>\n            <tr>\n                <td style=\"padding: 12px 15px; border-bottom: 1px solid #ffe3ee; color: #4a4a4a; font-weight: bold;\">Temperatura ideal<\/td>\n                <td style=\"padding: 12px 15px; border-bottom: 1px solid #ffe3ee; color: #4a4a4a;\">Entre 25\u00b0C e 30\u00b0C, evitando geadas<\/td>\n            <\/tr>\n            <tr style=\"background-color: #fffafa;\">\n                <td style=\"padding: 12px 15px; border-bottom: 1px solid #ffe3ee; color: #4a4a4a; font-weight: bold;\">Clima<\/td>\n                <td style=\"padding: 12px 15px; border-bottom: 1px solid #ffe3ee; color: #4a4a4a;\">Tropical ou subtropical quente, com boa luminosidade<\/td>\n            <\/tr>\n            <tr>\n                <td style=\"padding: 12px 15px; border-bottom: 1px solid #ffe3ee; color: #4a4a4a; font-weight: bold;\">Chuvas anuais<\/td>\n                <td style=\"padding: 12px 15px; border-bottom: 1px solid #ffe3ee; color: #4a4a4a;\">Moderadas a altas, com irriga\u00e7\u00e3o em per\u00edodos secos<\/td>\n            <\/tr>\n            <tr style=\"background-color: #fffafa;\">\n                <td style=\"padding: 12px 15px; border-bottom: 1px solid #ffe3ee; color: #4a4a4a; font-weight: bold;\">Solo<\/td>\n                <td style=\"padding: 12px 15px; border-bottom: 1px solid #ffe3ee; color: #4a4a4a;\">Profundo, bem drenado, rico em mat\u00e9ria org\u00e2nica<\/td>\n            <\/tr>\n            <tr>\n                <td style=\"padding: 12px 15px; border-bottom: 1px solid #ffe3ee; color: #4a4a4a; font-weight: bold;\">pH do solo<\/td>\n                <td style=\"padding: 12px 15px; border-bottom: 1px solid #ffe3ee; color: #4a4a4a;\">Levemente \u00e1cido a neutro, em torno de 5,5 a 6,5<\/td>\n            <\/tr>\n            <tr style=\"background-color: #fffafa;\">\n                <td style=\"padding: 12px 15px; border-bottom: 1px solid #ffe3ee; color: #4a4a4a; font-weight: bold;\">Espa\u00e7amento m\u00e9dio<\/td>\n                <td style=\"padding: 12px 15px; border-bottom: 1px solid #ffe3ee; color: #4a4a4a;\">Cerca de 4 m x 4 m ou 5 m x 5 m, conforme o sistema de produ\u00e7\u00e3o<\/td>\n            <\/tr>\n            <tr>\n                <td style=\"padding: 12px 15px; color: #4a4a4a; font-weight: bold;\">In\u00edcio da frutifica\u00e7\u00e3o<\/td>\n                <td style=\"padding: 12px 15px; color: #4a4a4a;\">Geralmente entre o 3\u00ba e o 4\u00ba ano, dependendo do manejo e da origem da muda<\/td>\n            <\/tr>\n        <\/tbody>\n    <\/table>\n<\/div>\n\n\n\n<h2 class=\"wp-block-heading\">Pr\u00f3ximos passos para come\u00e7ar seu cultivo de graviola<\/h2>\n\n\n\n<p>Com informa\u00e7\u00e3o adequada e algum acompanhamento t\u00e9cnico, a <b>graviola<\/b> pode se tornar uma excelente aliada tanto para consumo pr\u00f3prio quanto para produ\u00e7\u00e3o comercial em pequena escala. Ao unir sabor marcante, poss\u00edvel efeito calmante e a\u00e7\u00e3o antioxidante, o cultivo dessa \u00e1rvore se adapta bem \u00e0s condi\u00e7\u00f5es tropicais brasileiras e valoriza ainda mais o espa\u00e7o do seu quintal.<\/p>\n\n\n\n<p>Se voc\u00ea se interessou em plantar <strong>graviola<\/strong>, o pr\u00f3ximo passo \u00e9 observar o clima da sua regi\u00e3o, avaliar o solo dispon\u00edvel e buscar mudas de qualidade. Sempre que poss\u00edvel, converse com um engenheiro agr\u00f4nomo ou t\u00e9cnico agr\u00edcola local, tire suas d\u00favidas e comece com poucas plantas, testando o manejo na pr\u00e1tica. Assim, cada nova safra ser\u00e1 uma oportunidade de aprender mais e colher frutos ainda melhores.<\/p>\n","protected":false},"excerpt":{"rendered":"<p>Imagine ter no quintal uma \u00e1rvore que embeleza a casa, oferece frutos fresquinhos e ainda rende um ch\u00e1 relaxante no fim do dia. A graviola vem ganhando espa\u00e7o justamente por unir sabor marcante, poss\u00edvel efeito calmante e a\u00e7\u00e3o antioxidante. A fruta \u00e9 consumida in natura, em sucos, sorvetes e doces, enquanto folhas e sementes despertam [&hellip;]<\/p>\n","protected":false},"author":9,"featured_media":180346,"comment_status":"open","ping_status":"open","sticky":false,"template":"","format":"standard","meta":{"_yoast_wpseo_focuskw":"graviola","_yoast_wpseo_title":"","_yoast_wpseo_metadesc":"Fruta saborosa, folhas arom\u00e1ticas e cultivo simples tornam essa \u00e1rvore ideal para clima quente e quintais produtivos.","jnews-multi-image_gallery":[],"jnews_single_post":{"format":"standard"},"jnews_primary_category":[],"jnews_social_meta":[],"jnews_override_counter":[],"footnotes":""},"categories":[119,136],"tags":[2862,1613,13313],"class_list":["post-180107","post","type-post","status-publish","format-standard","has-post-thumbnail","hentry","category-bem-estar","category-jardinagem","tag-cultivo-de-graviola","tag-graviola","tag-plantar-graviola"],"yoast_head":"<!-- This site is optimized with the Yoast SEO plugin v24.6 - https:\/\/yoast.com\/wordpress\/plugins\/seo\/ -->\n<title>A \u00e1rvore tropical que d\u00e1 frutos saborosos e ainda perfuma o quintal com folhas especiais - Correio Braziliense - Radar<\/title>\n<meta name=\"description\" content=\"Fruta saborosa, folhas arom\u00e1ticas e cultivo simples tornam essa \u00e1rvore ideal para clima quente e quintais produtivos.\" \/>\n<meta name=\"robots\" content=\"index, follow, max-snippet:-1, max-image-preview:large, max-video-preview:-1\" \/>\n<link rel=\"canonical\" href=\"https:\/\/www.correiobraziliense.com.br\/cbradar\/a-arvore-tropical-que-da-frutos-saborosos-e-ainda-perfuma-o-quintal-com-folhas-especiais\/\" \/>\n<meta property=\"og:locale\" content=\"pt_BR\" \/>\n<meta property=\"og:type\" content=\"article\" \/>\n<meta property=\"og:title\" content=\"A \u00e1rvore tropical que d\u00e1 frutos saborosos e ainda perfuma o quintal com folhas especiais - Correio Braziliense - Radar\" \/>\n<meta property=\"og:description\" content=\"Fruta saborosa, folhas arom\u00e1ticas e cultivo simples tornam essa \u00e1rvore ideal para clima quente e quintais produtivos.\" \/>\n<meta property=\"og:url\" content=\"https:\/\/www.correiobraziliense.com.br\/cbradar\/a-arvore-tropical-que-da-frutos-saborosos-e-ainda-perfuma-o-quintal-com-folhas-especiais\/\" \/>\n<meta property=\"og:site_name\" content=\"Correio Braziliense - Radar\" \/>\n<meta property=\"article:published_time\" content=\"2026-01-24T13:05:36+00:00\" \/>\n<meta property=\"og:image\" content=\"https:\/\/www.correiobraziliense.com.br\/cbradar\/wp-content\/uploads\/2026\/01\/Gemini_Generated_Image_whaxrfwhaxrfwhax-1-1-1.png\" \/>\n\t<meta property=\"og:image:width\" content=\"1280\" \/>\n\t<meta property=\"og:image:height\" content=\"720\" \/>\n\t<meta property=\"og:image:type\" content=\"image\/png\" \/>\n<meta name=\"author\" content=\"Daniely Cardoso\" \/>\n<meta name=\"twitter:card\" content=\"summary_large_image\" \/>\n<meta name=\"twitter:label1\" content=\"Escrito por\" \/>\n\t<meta name=\"twitter:data1\" content=\"Daniely Cardoso\" \/>\n\t<meta name=\"twitter:label2\" content=\"Est. tempo de leitura\" \/>\n\t<meta name=\"twitter:data2\" content=\"6 minutos\" \/>\n<!-- \/ Yoast SEO plugin. -->","yoast_head_json":{"title":"A \u00e1rvore tropical que d\u00e1 frutos saborosos e ainda perfuma o quintal com folhas especiais - Correio Braziliense - Radar","description":"Fruta saborosa, folhas arom\u00e1ticas e cultivo simples tornam essa \u00e1rvore ideal para clima quente e quintais produtivos.","robots":{"index":"index","follow":"follow","max-snippet":"max-snippet:-1","max-image-preview":"max-image-preview:large","max-video-preview":"max-video-preview:-1"},"canonical":"https:\/\/www.correiobraziliense.com.br\/cbradar\/a-arvore-tropical-que-da-frutos-saborosos-e-ainda-perfuma-o-quintal-com-folhas-especiais\/","og_locale":"pt_BR","og_type":"article","og_title":"A \u00e1rvore tropical que d\u00e1 frutos saborosos e ainda perfuma o quintal com folhas especiais - Correio Braziliense - Radar","og_description":"Fruta saborosa, folhas arom\u00e1ticas e cultivo simples tornam essa \u00e1rvore ideal para clima quente e quintais produtivos.","og_url":"https:\/\/www.correiobraziliense.com.br\/cbradar\/a-arvore-tropical-que-da-frutos-saborosos-e-ainda-perfuma-o-quintal-com-folhas-especiais\/","og_site_name":"Correio Braziliense - Radar","article_published_time":"2026-01-24T13:05:36+00:00","og_image":[{"width":1280,"height":720,"url":"https:\/\/www.correiobraziliense.com.br\/cbradar\/wp-content\/uploads\/2026\/01\/Gemini_Generated_Image_whaxrfwhaxrfwhax-1-1-1.png","type":"image\/png"}],"author":"Daniely Cardoso","twitter_card":"summary_large_image","twitter_misc":{"Escrito por":"Daniely Cardoso","Est. tempo de leitura":"6 minutos"},"schema":{"@context":"https:\/\/schema.org","@graph":[{"@type":"WebPage","@id":"https:\/\/www.correiobraziliense.com.br\/cbradar\/a-arvore-tropical-que-da-frutos-saborosos-e-ainda-perfuma-o-quintal-com-folhas-especiais\/","url":"https:\/\/www.correiobraziliense.com.br\/cbradar\/a-arvore-tropical-que-da-frutos-saborosos-e-ainda-perfuma-o-quintal-com-folhas-especiais\/","name":"A \u00e1rvore tropical que d\u00e1 frutos saborosos e ainda perfuma o quintal com folhas especiais - Correio Braziliense - Radar","isPartOf":{"@id":"https:\/\/www.correiobraziliense.com.br\/cbradar\/#website"},"primaryImageOfPage":{"@id":"https:\/\/www.correiobraziliense.com.br\/cbradar\/a-arvore-tropical-que-da-frutos-saborosos-e-ainda-perfuma-o-quintal-com-folhas-especiais\/#primaryimage"},"image":{"@id":"https:\/\/www.correiobraziliense.com.br\/cbradar\/a-arvore-tropical-que-da-frutos-saborosos-e-ainda-perfuma-o-quintal-com-folhas-especiais\/#primaryimage"},"thumbnailUrl":"https:\/\/www.correiobraziliense.com.br\/cbradar\/wp-content\/uploads\/2026\/01\/Gemini_Generated_Image_whaxrfwhaxrfwhax-1-1-1.png","datePublished":"2026-01-24T13:05:36+00:00","author":{"@id":"https:\/\/www.correiobraziliense.com.br\/cbradar\/#\/schema\/person\/7356666e12ec0ee53f348ee5db227032"},"description":"Fruta saborosa, folhas arom\u00e1ticas e cultivo simples tornam essa \u00e1rvore ideal para clima quente e quintais produtivos.","breadcrumb":{"@id":"https:\/\/www.correiobraziliense.com.br\/cbradar\/a-arvore-tropical-que-da-frutos-saborosos-e-ainda-perfuma-o-quintal-com-folhas-especiais\/#breadcrumb"},"inLanguage":"pt-BR","potentialAction":[{"@type":"ReadAction","target":["https:\/\/www.correiobraziliense.com.br\/cbradar\/a-arvore-tropical-que-da-frutos-saborosos-e-ainda-perfuma-o-quintal-com-folhas-especiais\/"]}]},{"@type":"ImageObject","inLanguage":"pt-BR","@id":"https:\/\/www.correiobraziliense.com.br\/cbradar\/a-arvore-tropical-que-da-frutos-saborosos-e-ainda-perfuma-o-quintal-com-folhas-especiais\/#primaryimage","url":"https:\/\/www.correiobraziliense.com.br\/cbradar\/wp-content\/uploads\/2026\/01\/Gemini_Generated_Image_whaxrfwhaxrfwhax-1-1-1.png","contentUrl":"https:\/\/www.correiobraziliense.com.br\/cbradar\/wp-content\/uploads\/2026\/01\/Gemini_Generated_Image_whaxrfwhaxrfwhax-1-1-1.png","width":1280,"height":720,"caption":"Esses elementos v\u00eam sendo estudados por poss\u00edveis efeitos sobre o sistema nervoso"},{"@type":"BreadcrumbList","@id":"https:\/\/www.correiobraziliense.com.br\/cbradar\/a-arvore-tropical-que-da-frutos-saborosos-e-ainda-perfuma-o-quintal-com-folhas-especiais\/#breadcrumb","itemListElement":[{"@type":"ListItem","position":1,"name":"In\u00edcio","item":"https:\/\/www.correiobraziliense.com.br\/cbradar\/"},{"@type":"ListItem","position":2,"name":"A \u00e1rvore tropical que d\u00e1 frutos saborosos e ainda perfuma o quintal com folhas especiais"}]},{"@type":"WebSite","@id":"https:\/\/www.correiobraziliense.com.br\/cbradar\/#website","url":"https:\/\/www.correiobraziliense.com.br\/cbradar\/","name":"Correio Braziliense - Radar","description":"Acompanhe as \u00faltimas not\u00edcias e fique bem informado sobre tudo o que acontece no Brasil e no mundo.","potentialAction":[{"@type":"SearchAction","target":{"@type":"EntryPoint","urlTemplate":"https:\/\/www.correiobraziliense.com.br\/cbradar\/?s={search_term_string}"},"query-input":{"@type":"PropertyValueSpecification","valueRequired":true,"valueName":"search_term_string"}}],"inLanguage":"pt-BR"},{"@type":"Person","@id":"https:\/\/www.correiobraziliense.com.br\/cbradar\/#\/schema\/person\/7356666e12ec0ee53f348ee5db227032","name":"Daniely Cardoso","image":{"@type":"ImageObject","inLanguage":"pt-BR","@id":"https:\/\/www.correiobraziliense.com.br\/cbradar\/#\/schema\/person\/image\/","url":"https:\/\/secure.gravatar.com\/avatar\/4b80ddbd124d1f071b626d52d62e5dff?s=96&d=mm&r=g","contentUrl":"https:\/\/secure.gravatar.com\/avatar\/4b80ddbd124d1f071b626d52d62e5dff?s=96&d=mm&r=g","caption":"Daniely Cardoso"},"description":"Redatora nos portais CB Radar e EM Foco, formada pela Universidade Federal de Goi\u00e1s, em Goi\u00e2nia. Apaixonada por comunica\u00e7\u00e3o, arte, decora\u00e7\u00e3o e tend\u00eancias, atuo na produ\u00e7\u00e3o de conte\u00fados envolventes sobre curiosidades, moda, beleza e paisagismo, sempre com um olhar atento \u00e0s novidades do momento.","sameAs":["https:\/\/www.correiobraziliense.com.br\/cbradar"],"url":"https:\/\/www.correiobraziliense.com.br\/cbradar\/author\/danielymyth\/"}]}},"_links":{"self":[{"href":"https:\/\/www.correiobraziliense.com.br\/cbradar\/wp-json\/wp\/v2\/posts\/180107","targetHints":{"allow":["GET"]}}],"collection":[{"href":"https:\/\/www.correiobraziliense.com.br\/cbradar\/wp-json\/wp\/v2\/posts"}],"about":[{"href":"https:\/\/www.correiobraziliense.com.br\/cbradar\/wp-json\/wp\/v2\/types\/post"}],"author":[{"embeddable":true,"href":"https:\/\/www.correiobraziliense.com.br\/cbradar\/wp-json\/wp\/v2\/users\/9"}],"replies":[{"embeddable":true,"href":"https:\/\/www.correiobraziliense.com.br\/cbradar\/wp-json\/wp\/v2\/comments?post=180107"}],"version-history":[{"count":3,"href":"https:\/\/www.correiobraziliense.com.br\/cbradar\/wp-json\/wp\/v2\/posts\/180107\/revisions"}],"predecessor-version":[{"id":180154,"href":"https:\/\/www.correiobraziliense.com.br\/cbradar\/wp-json\/wp\/v2\/posts\/180107\/revisions\/180154"}],"wp:featuredmedia":[{"embeddable":true,"href":"https:\/\/www.correiobraziliense.com.br\/cbradar\/wp-json\/wp\/v2\/media\/180346"}],"wp:attachment":[{"href":"https:\/\/www.correiobraziliense.com.br\/cbradar\/wp-json\/wp\/v2\/media?parent=180107"}],"wp:term":[{"taxonomy":"category","embeddable":true,"href":"https:\/\/www.correiobraziliense.com.br\/cbradar\/wp-json\/wp\/v2\/categories?post=180107"},{"taxonomy":"post_tag","embeddable":true,"href":"https:\/\/www.correiobraziliense.com.br\/cbradar\/wp-json\/wp\/v2\/tags?post=180107"}],"curies":[{"name":"wp","href":"https:\/\/api.w.org\/{rel}","templated":true}]}}