{"id":180108,"date":"2026-01-24T12:55:43","date_gmt":"2026-01-24T15:55:43","guid":{"rendered":"https:\/\/www.correiobraziliense.com.br\/cbradar\/?p=180108"},"modified":"2026-01-23T18:34:01","modified_gmt":"2026-01-23T21:34:01","slug":"a-fruta-leve-que-melhora-a-digestao-e-da-colheitas-abundantes-ate-em-espacos-pequenos","status":"publish","type":"post","link":"https:\/\/www.correiobraziliense.com.br\/cbradar\/a-fruta-leve-que-melhora-a-digestao-e-da-colheitas-abundantes-ate-em-espacos-pequenos\/","title":{"rendered":"A fruta leve que melhora a digest\u00e3o e d\u00e1 colheitas abundantes at\u00e9 em espa\u00e7os pequenos"},"content":{"rendered":"\n<p>Imagine colher um <strong>figo maduro<\/strong> diretamente do quintal e, al\u00e9m do sabor adocicado, ainda sentir que ele faz bem para o seu corpo. O figo \u00e9 um fruto conhecido pelo sabor marcante na <b>dieta mediterr\u00e2nea<\/b> e pelos efeitos positivos sobre o intestino, al\u00e9m da relativa facilidade de cultivo em quintais e pequenos s\u00edtios. Em 2025, o interesse por alimentos que ajudam na digest\u00e3o e por hortas dom\u00e9sticas cresceu, e a figueira passou a ser vista como uma alternativa vi\u00e1vel para quem deseja unir alimenta\u00e7\u00e3o equilibrada e produ\u00e7\u00e3o pr\u00f3pria de frutas.<\/p>\n\n\n\n<h2 class=\"wp-block-heading\">Quais s\u00e3o os principais benef\u00edcios digestivos e nutricionais do figo<\/h2>\n\n\n\n<p>O figo \u00e9 frequentemente associado ao bom funcionamento do <strong>intestino<\/strong> por causa de sua composi\u00e7\u00e3o. A fruta concentra fibras sol\u00faveis e insol\u00faveis, que ajudam a dar volume ao bolo fecal e favorecem o tr\u00e2nsito intestinal, principalmente quando consumida com casca, de forma simples no dia a dia.<\/p>\n\n\n\n<p>Outro ponto relevante \u00e9 a presen\u00e7a de compostos como frutose, pequenas quantidades de \u00e1cidos org\u00e2nicos e minerais, entre eles pot\u00e1ssio e c\u00e1lcio. Esses elementos ajudam a manter o equil\u00edbrio h\u00eddrico e eletrol\u00edtico, influenciando indiretamente o funcionamento do trato digestivo e a sensa\u00e7\u00e3o de <b>bem-estar<\/b>, especialmente quando o figo entra na rotina alimentar.<\/p>\n\n\n<div class=\"wp-block-image\">\n<figure class=\"aligncenter size-large\"><img decoding=\"async\" width=\"1024\" height=\"576\" src=\"https:\/\/www.correiobraziliense.com.br\/cbradar\/wp-content\/uploads\/2025\/12\/Ficus-carica_1765277926400-1024x576.jpg\" alt=\"\" class=\"wp-image-153218\" srcset=\"https:\/\/www.correiobraziliense.com.br\/cbradar\/wp-content\/uploads\/2025\/12\/Ficus-carica_1765277926400-1024x576.jpg 1024w, https:\/\/www.correiobraziliense.com.br\/cbradar\/wp-content\/uploads\/2025\/12\/Ficus-carica_1765277926400-300x169.jpg 300w, https:\/\/www.correiobraziliense.com.br\/cbradar\/wp-content\/uploads\/2025\/12\/Ficus-carica_1765277926400-768x432.jpg 768w, https:\/\/www.correiobraziliense.com.br\/cbradar\/wp-content\/uploads\/2025\/12\/Ficus-carica_1765277926400-750x422.jpg 750w, https:\/\/www.correiobraziliense.com.br\/cbradar\/wp-content\/uploads\/2025\/12\/Ficus-carica_1765277926400-1140x641.jpg 1140w, https:\/\/www.correiobraziliense.com.br\/cbradar\/wp-content\/uploads\/2025\/12\/Ficus-carica_1765277926400.jpg 1280w\" sizes=\"(max-width: 1024px) 100vw, 1024px\" \/><figcaption class=\"wp-element-caption\">O figo \u00e9 not\u00f3rio por sua propriedade laxativa, sendo um dos rem\u00e9dios naturais mais antigos e eficazes para combater a constipa\u00e7\u00e3o &#8211; Cr\u00e9ditos: depositphotos.com \/ OlgaIlinich<\/figcaption><\/figure><\/div>\n\n\n<p>Leia tamb\u00e9m:&nbsp;<a href=\"https:\/\/www.correiobraziliense.com.br\/cbradar\/a-delicia-tropical-que-entrega-antioxidantes-e-ainda-e-simples-de-plantar\/\" target=\"_blank\" rel=\"noopener\">A del\u00edcia tropical que entrega antioxidantes e ainda \u00e9 simples de plantar<\/a><\/p>\n\n\n\n<h2 class=\"wp-block-heading\">Como o figo pode ajudar na rotina intestinal do dia a dia<\/h2>\n\n\n\n<p>Entre os efeitos mais citados do figo para o sistema digest\u00f3rio est\u00e3o situa\u00e7\u00f5es muito comuns, como desconforto abdominal e constipa\u00e7\u00e3o leve. Quando inclu\u00eddo em lanches, caf\u00e9 da manh\u00e3 ou como sobremesa, o figo pode contribuir para que o intestino funcione de forma mais suave e regular, sem medidas radicais e com um toque mais natural na <strong>alimenta\u00e7\u00e3o<\/strong>.<\/p>\n\n\n\n<p>A seguir, veja alguns pontos que costumam ser percebidos por quem passa a consumir figo com mais frequ\u00eancia, sempre aliado \u00e0 ingest\u00e3o adequada de \u00e1gua e a uma rotina alimentar minimamente organizada:<\/p>\n\n\n\n<ul class=\"wp-block-list\">\n<li>Aux\u00edlio no <strong>al\u00edvio<\/strong> de epis\u00f3dios de constipa\u00e7\u00e3o, quando aliado \u00e0 ingest\u00e3o adequada de \u00e1gua;<\/li>\n\n\n\n<li>Contribui\u00e7\u00e3o para maior sensa\u00e7\u00e3o de saciedade, o que pode reduzir o consumo excessivo em outras refei\u00e7\u00f5es;<\/li>\n\n\n\n<li>Participa\u00e7\u00e3o na manuten\u00e7\u00e3o da microbiota intestinal, gra\u00e7as \u00e0s fibras ferment\u00e1veis;<\/li>\n\n\n\n<li>Apoio ao controle da resposta glic\u00eamica, quando inserido em refei\u00e7\u00f5es equilibradas.<\/li>\n<\/ul>\n\n\n\n<h2 class=\"wp-block-heading\">Como plantar figo em casa com cuidados simples e acess\u00edveis<\/h2>\n\n\n\n<p>O cultivo do figo pode ocorrer por mudas obtidas em viveiros, por estacas de galhos adultos ou at\u00e9 por plantas j\u00e1 formadas, vendidas em vasos. Para quem deseja iniciar um pequeno pomar, a escolha de uma <strong>muda saud\u00e1vel<\/strong> \u00e9 um passo importante, observando tronco firme, aus\u00eancia de pragas aparentes e ra\u00edzes bem distribu\u00eddas, garantindo um come\u00e7o mais seguro. Se voc\u00ea gosta de cultivo, separamos esse v\u00eddeo do canal <a href=\"https:\/\/www.youtube.com\/@SpagnholPlantas1\" target=\"_blank\" rel=\"noreferrer noopener\">Spagnhol Plantas<\/a> ensinando a plantar figo em casa:<\/p>\n\n\n\n<figure class=\"wp-block-embed is-type-video is-provider-youtube wp-block-embed-youtube wp-embed-aspect-16-9 wp-has-aspect-ratio\"><div class=\"wp-block-embed__wrapper\">\n<div class=\"jeg_video_container jeg_video_content\"><iframe loading=\"lazy\" title=\"Como cultivar FIGO em VASO | Esse m\u00e9todo faz a figueira EXPLODIR DE FRUTOS.\" width=\"500\" height=\"281\" src=\"https:\/\/www.youtube.com\/embed\/zV8fXy9vwyM?start=147&#038;feature=oembed\" frameborder=\"0\" allow=\"accelerometer; autoplay; clipboard-write; encrypted-media; gyroscope; picture-in-picture; web-share\" referrerpolicy=\"strict-origin-when-cross-origin\" allowfullscreen><\/iframe><\/div>\n<\/div><\/figure>\n\n\n\n<p>Ao plantar figo no jardim ou no quintal, \u00e9 comum seguir algumas etapas simples que qualquer pessoa consegue executar. Com um pouco de aten\u00e7\u00e3o ao preparo da terra, \u00e0 rega inicial e ao local escolhido, a figueira tende a se adaptar bem e, em pouco tempo, oferecer frutos doces que podem entrar na rotina de <b>alimenta\u00e7\u00e3o<\/b> da fam\u00edlia.<\/p>\n\n\n\n<ol class=\"wp-block-list\">\n<li>Abrir um ber\u00e7o de plantio com profundidade e largura superiores ao torr\u00e3o da muda;<\/li>\n\n\n\n<li>Misturar \u00e0 terra original mat\u00e9ria org\u00e2nica bem curtida, como esterco ou composto;<\/li>\n\n\n\n<li>Posicionar a muda na cova, mantendo o colo da planta na altura do solo;<\/li>\n\n\n\n<li>Completar o preenchimento com a mistura de terra e adubo, compactando levemente;<\/li>\n\n\n\n<li>Realizar uma rega abundante logo ap\u00f3s o plantio.<\/li>\n<\/ol>\n\n\n\n<h2 class=\"wp-block-heading\">Como escolher solo irriga\u00e7\u00e3o e manejo para manter a figueira saud\u00e1vel<\/h2>\n\n\n\n<p>O solo para figueira precisa ser bem drenado, com textura que permita a passagem de \u00e1gua sem formar po\u00e7as. Terrenos muito argilosos podem ser corrigidos com areia e mat\u00e9ria org\u00e2nica, enquanto solos arenosos costumam exigir maior aduba\u00e7\u00e3o e irriga\u00e7\u00e3o para manter a umidade, buscando um pH levemente \u00e1cido a neutro que favore\u00e7a as <strong>ra\u00edzes<\/strong>.<\/p>\n\n\n\n<p>A irriga\u00e7\u00e3o deve ser regular, mas sem exageros, principalmente em vasos ou canteiros pequenos. Em fases iniciais de desenvolvimento, a planta aprecia umidade constante no solo, enquanto na matura\u00e7\u00e3o dos frutos a tend\u00eancia \u00e9 reduzir a frequ\u00eancia das regas para evitar excesso de \u00e1gua. Podas anuais ou peri\u00f3dicas ajudam a renovar a copa, controlar o tamanho da \u00e1rvore e estimular novos ramos frut\u00edferos na <b>figueira<\/b>.<\/p>\n\n\n\n<p>A seguir, um resumo em tabela com informa\u00e7\u00f5es pr\u00e1ticas para quem pretende plantar figo:<\/p>\n\n\n\n<div style=\"font-family: 'Segoe UI', Tahoma, Geneva, Verdana, sans-serif; max-width: 1000px; margin: 20px auto; border: 2px solid #722f37; border-radius: 30px; overflow: hidden; background-color: #ffffff; box-shadow: 0 4px 15px rgba(114, 47, 55, 0.1);\">\n    <table style=\"width: 100%; border-collapse: collapse; text-align: left; font-size: 14px;\">\n        <thead>\n            <tr style=\"background-color: #722f37;\">\n                <th style=\"padding: 15px; color: #ffffff; border-bottom: 2px solid #f9d8e6; width: 30%;\">Fator<\/th>\n                <th style=\"padding: 15px; color: #ffffff; border-bottom: 2px solid #f9d8e6; width: 70%;\">Recomenda\u00e7\u00e3o para figueira<\/th>\n            <\/tr>\n        <\/thead>\n        <tbody>\n            <tr>\n                <td style=\"padding: 12px 15px; border-bottom: 1px solid #ffe3ee; color: #4a4a4a; font-weight: bold;\">Temperatura ideal<\/td>\n                <td style=\"padding: 12px 15px; border-bottom: 1px solid #ffe3ee; color: #4a4a4a;\">Entre 15 \u00b0C e 28 \u00b0C, com inverno moderado<\/td>\n            <\/tr>\n            <tr style=\"background-color: #fffafa;\">\n                <td style=\"padding: 12px 15px; border-bottom: 1px solid #ffe3ee; color: #4a4a4a; font-weight: bold;\">Exposi\u00e7\u00e3o ao sol<\/td>\n                <td style=\"padding: 12px 15px; border-bottom: 1px solid #ffe3ee; color: #4a4a4a;\">Sol pleno, preferencialmente acima de 6 horas di\u00e1rias<\/td>\n            <\/tr>\n            <tr>\n                <td style=\"padding: 12px 15px; border-bottom: 1px solid #ffe3ee; color: #4a4a4a; font-weight: bold;\">Tipo de solo<\/td>\n                <td style=\"padding: 12px 15px; border-bottom: 1px solid #ffe3ee; color: #4a4a4a;\">Bem drenado, rico em mat\u00e9ria org\u00e2nica, pH 6,0\u20137,0<\/td>\n            <\/tr>\n            <tr style=\"background-color: #fffafa;\">\n                <td style=\"padding: 12px 15px; border-bottom: 1px solid #ffe3ee; color: #4a4a4a; font-weight: bold;\">Irriga\u00e7\u00e3o<\/td>\n                <td style=\"padding: 12px 15px; border-bottom: 1px solid #ffe3ee; color: #4a4a4a;\">Regular, evitando encharcamento; reduzir pr\u00f3ximos \u00e0 colheita<\/td>\n            <\/tr>\n            <tr>\n                <td style=\"padding: 12px 15px; border-bottom: 1px solid #ffe3ee; color: #4a4a4a; font-weight: bold;\">Forma de plantio<\/td>\n                <td style=\"padding: 12px 15px; border-bottom: 1px solid #ffe3ee; color: #4a4a4a;\">Mudas enxertadas, estacas ou em vasos grandes com boa drenagem<\/td>\n            <\/tr>\n            <tr style=\"background-color: #fffafa;\">\n                <td style=\"padding: 12px 15px; color: #4a4a4a; font-weight: bold;\">Uso principal<\/td>\n                <td style=\"padding: 12px 15px; color: #4a4a4a;\">Consumo in natura, figo seco, geleias, prepara\u00e7\u00f5es culin\u00e1rias<\/td>\n            <\/tr>\n        <\/tbody>\n    <\/table>\n<\/div>\n\n\n\n<h2 class=\"wp-block-heading\">Pr\u00f3ximos passos para cultivar figo em casa com autonomia<\/h2>\n\n\n\n<p>Dessa forma, o figo se apresenta como uma fruta que soma propriedades digestivas a um cultivo relativamente simples, desde que sejam respeitadas as necessidades de clima, solo e luz. Com planejamento adequado, a <strong>figueira<\/strong> pode oferecer frutos de boa qualidade e integrar rotinas alimentares que valorizam fibras e diversidade nutricional, aproximando mais a fam\u00edlia da natureza no dia a dia.<\/p>\n\n\n\n<p>Se voc\u00ea gostou da ideia de ter uma figueira por perto, o pr\u00f3ximo passo \u00e9 observar o espa\u00e7o dispon\u00edvel e come\u00e7ar com uma muda bem escolhida. Experimente incluir o <b>figo<\/b> em receitas simples, testar o cultivo em vaso ou no quintal e, aos poucos, criar o seu pr\u00f3prio cantinho de frutas em casa, transformando a alimenta\u00e7\u00e3o e o contato com a terra em parte da sua rotina.<\/p>\n","protected":false},"excerpt":{"rendered":"<p>Imagine colher um figo maduro diretamente do quintal e, al\u00e9m do sabor adocicado, ainda sentir que ele faz bem para o seu corpo. O figo \u00e9 um fruto conhecido pelo sabor marcante na dieta mediterr\u00e2nea e pelos efeitos positivos sobre o intestino, al\u00e9m da relativa facilidade de cultivo em quintais e pequenos s\u00edtios. Em 2025, [&hellip;]<\/p>\n","protected":false},"author":9,"featured_media":180349,"comment_status":"open","ping_status":"open","sticky":false,"template":"","format":"standard","meta":{"_yoast_wpseo_focuskw":"plantar figo","_yoast_wpseo_title":"","_yoast_wpseo_metadesc":"Guia pr\u00e1tico com benef\u00edcios, cuidados e passos simples para iniciar o plantio e aproveitar mais sabor e bem-estar no dia a dia.","jnews-multi-image_gallery":[],"jnews_single_post":{"format":"standard"},"jnews_primary_category":[],"jnews_social_meta":[],"jnews_override_counter":[],"footnotes":""},"categories":[119,136],"post_tag":[12510,1610,11968],"class_list":["post-180108","post","type-post","status-publish","format-standard","has-post-thumbnail","hentry","category-bem-estar","category-jardinagem","tag-cultivo-de-figo","tag-figo","tag-plantar-figo"],"yoast_head":"<!-- This site is optimized with the Yoast SEO plugin v24.6 - https:\/\/yoast.com\/wordpress\/plugins\/seo\/ -->\n<title>A fruta leve que melhora a digest\u00e3o e d\u00e1 colheitas abundantes at\u00e9 em espa\u00e7os pequenos - Correio Braziliense - Radar<\/title>\n<meta name=\"description\" content=\"Guia pr\u00e1tico com benef\u00edcios, cuidados e passos simples para iniciar o plantio e aproveitar mais sabor e bem-estar no dia a dia.\" \/>\n<meta name=\"robots\" content=\"index, follow, max-snippet:-1, max-image-preview:large, max-video-preview:-1\" \/>\n<link rel=\"canonical\" href=\"https:\/\/www.correiobraziliense.com.br\/cbradar\/a-fruta-leve-que-melhora-a-digestao-e-da-colheitas-abundantes-ate-em-espacos-pequenos\/\" \/>\n<meta property=\"og:locale\" content=\"pt_BR\" \/>\n<meta property=\"og:type\" content=\"article\" \/>\n<meta property=\"og:title\" content=\"A fruta leve que melhora a digest\u00e3o e d\u00e1 colheitas abundantes at\u00e9 em espa\u00e7os pequenos - Correio Braziliense - Radar\" \/>\n<meta property=\"og:description\" content=\"Guia pr\u00e1tico com benef\u00edcios, cuidados e passos simples para iniciar o plantio e aproveitar mais sabor e bem-estar no dia a dia.\" \/>\n<meta property=\"og:url\" content=\"https:\/\/www.correiobraziliense.com.br\/cbradar\/a-fruta-leve-que-melhora-a-digestao-e-da-colheitas-abundantes-ate-em-espacos-pequenos\/\" \/>\n<meta property=\"og:site_name\" content=\"Correio Braziliense - Radar\" \/>\n<meta property=\"article:published_time\" content=\"2026-01-24T15:55:43+00:00\" \/>\n<meta property=\"og:image\" content=\"https:\/\/www.correiobraziliense.com.br\/cbradar\/wp-content\/uploads\/2026\/01\/Gemini_Generated_Image_9oq42u9oq42u9oq4-1-1.png\" \/>\n\t<meta property=\"og:image:width\" content=\"1280\" \/>\n\t<meta property=\"og:image:height\" content=\"720\" \/>\n\t<meta property=\"og:image:type\" content=\"image\/png\" \/>\n<meta name=\"author\" content=\"Daniely Cardoso\" \/>\n<meta name=\"twitter:card\" content=\"summary_large_image\" \/>\n<meta name=\"twitter:label1\" content=\"Escrito por\" \/>\n\t<meta name=\"twitter:data1\" content=\"Daniely Cardoso\" \/>\n\t<meta name=\"twitter:label2\" content=\"Est. tempo de leitura\" \/>\n\t<meta name=\"twitter:data2\" content=\"6 minutos\" \/>\n<!-- \/ Yoast SEO plugin. -->","yoast_head_json":{"title":"A fruta leve que melhora a digest\u00e3o e d\u00e1 colheitas abundantes at\u00e9 em espa\u00e7os pequenos - Correio Braziliense - Radar","description":"Guia pr\u00e1tico com benef\u00edcios, cuidados e passos simples para iniciar o plantio e aproveitar mais sabor e bem-estar no dia a dia.","robots":{"index":"index","follow":"follow","max-snippet":"max-snippet:-1","max-image-preview":"max-image-preview:large","max-video-preview":"max-video-preview:-1"},"canonical":"https:\/\/www.correiobraziliense.com.br\/cbradar\/a-fruta-leve-que-melhora-a-digestao-e-da-colheitas-abundantes-ate-em-espacos-pequenos\/","og_locale":"pt_BR","og_type":"article","og_title":"A fruta leve que melhora a digest\u00e3o e d\u00e1 colheitas abundantes at\u00e9 em espa\u00e7os pequenos - Correio Braziliense - Radar","og_description":"Guia pr\u00e1tico com benef\u00edcios, cuidados e passos simples para iniciar o plantio e aproveitar mais sabor e bem-estar no dia a dia.","og_url":"https:\/\/www.correiobraziliense.com.br\/cbradar\/a-fruta-leve-que-melhora-a-digestao-e-da-colheitas-abundantes-ate-em-espacos-pequenos\/","og_site_name":"Correio Braziliense - Radar","article_published_time":"2026-01-24T15:55:43+00:00","og_image":[{"width":1280,"height":720,"url":"https:\/\/www.correiobraziliense.com.br\/cbradar\/wp-content\/uploads\/2026\/01\/Gemini_Generated_Image_9oq42u9oq42u9oq4-1-1.png","type":"image\/png"}],"author":"Daniely Cardoso","twitter_card":"summary_large_image","twitter_misc":{"Escrito por":"Daniely Cardoso","Est. tempo de leitura":"6 minutos"},"schema":{"@context":"https:\/\/schema.org","@graph":[{"@type":"WebPage","@id":"https:\/\/www.correiobraziliense.com.br\/cbradar\/a-fruta-leve-que-melhora-a-digestao-e-da-colheitas-abundantes-ate-em-espacos-pequenos\/","url":"https:\/\/www.correiobraziliense.com.br\/cbradar\/a-fruta-leve-que-melhora-a-digestao-e-da-colheitas-abundantes-ate-em-espacos-pequenos\/","name":"A fruta leve que melhora a digest\u00e3o e d\u00e1 colheitas abundantes at\u00e9 em espa\u00e7os pequenos - Correio Braziliense - Radar","isPartOf":{"@id":"https:\/\/www.correiobraziliense.com.br\/cbradar\/#website"},"primaryImageOfPage":{"@id":"https:\/\/www.correiobraziliense.com.br\/cbradar\/a-fruta-leve-que-melhora-a-digestao-e-da-colheitas-abundantes-ate-em-espacos-pequenos\/#primaryimage"},"image":{"@id":"https:\/\/www.correiobraziliense.com.br\/cbradar\/a-fruta-leve-que-melhora-a-digestao-e-da-colheitas-abundantes-ate-em-espacos-pequenos\/#primaryimage"},"thumbnailUrl":"https:\/\/www.correiobraziliense.com.br\/cbradar\/wp-content\/uploads\/2026\/01\/Gemini_Generated_Image_9oq42u9oq42u9oq4-1-1.png","datePublished":"2026-01-24T15:55:43+00:00","author":{"@id":"https:\/\/www.correiobraziliense.com.br\/cbradar\/#\/schema\/person\/7356666e12ec0ee53f348ee5db227032"},"description":"Guia pr\u00e1tico com benef\u00edcios, cuidados e passos simples para iniciar o plantio e aproveitar mais sabor e bem-estar no dia a dia.","breadcrumb":{"@id":"https:\/\/www.correiobraziliense.com.br\/cbradar\/a-fruta-leve-que-melhora-a-digestao-e-da-colheitas-abundantes-ate-em-espacos-pequenos\/#breadcrumb"},"inLanguage":"pt-BR","potentialAction":[{"@type":"ReadAction","target":["https:\/\/www.correiobraziliense.com.br\/cbradar\/a-fruta-leve-que-melhora-a-digestao-e-da-colheitas-abundantes-ate-em-espacos-pequenos\/"]}]},{"@type":"ImageObject","inLanguage":"pt-BR","@id":"https:\/\/www.correiobraziliense.com.br\/cbradar\/a-fruta-leve-que-melhora-a-digestao-e-da-colheitas-abundantes-ate-em-espacos-pequenos\/#primaryimage","url":"https:\/\/www.correiobraziliense.com.br\/cbradar\/wp-content\/uploads\/2026\/01\/Gemini_Generated_Image_9oq42u9oq42u9oq4-1-1.png","contentUrl":"https:\/\/www.correiobraziliense.com.br\/cbradar\/wp-content\/uploads\/2026\/01\/Gemini_Generated_Image_9oq42u9oq42u9oq4-1-1.png","width":1280,"height":720,"caption":"O figo \u00e9 not\u00f3rio por sua propriedade laxativa, sendo um dos rem\u00e9dios naturais mais antigos e eficazes para combater a constipa\u00e7\u00e3o"},{"@type":"BreadcrumbList","@id":"https:\/\/www.correiobraziliense.com.br\/cbradar\/a-fruta-leve-que-melhora-a-digestao-e-da-colheitas-abundantes-ate-em-espacos-pequenos\/#breadcrumb","itemListElement":[{"@type":"ListItem","position":1,"name":"In\u00edcio","item":"https:\/\/www.correiobraziliense.com.br\/cbradar\/"},{"@type":"ListItem","position":2,"name":"A fruta leve que melhora a digest\u00e3o e d\u00e1 colheitas abundantes at\u00e9 em espa\u00e7os pequenos"}]},{"@type":"WebSite","@id":"https:\/\/www.correiobraziliense.com.br\/cbradar\/#website","url":"https:\/\/www.correiobraziliense.com.br\/cbradar\/","name":"Correio Braziliense - Radar","description":"Acompanhe as \u00faltimas not\u00edcias e fique bem informado sobre tudo o que acontece no Brasil e no mundo.","potentialAction":[{"@type":"SearchAction","target":{"@type":"EntryPoint","urlTemplate":"https:\/\/www.correiobraziliense.com.br\/cbradar\/?s={search_term_string}"},"query-input":{"@type":"PropertyValueSpecification","valueRequired":true,"valueName":"search_term_string"}}],"inLanguage":"pt-BR"},{"@type":"Person","@id":"https:\/\/www.correiobraziliense.com.br\/cbradar\/#\/schema\/person\/7356666e12ec0ee53f348ee5db227032","name":"Daniely Cardoso","image":{"@type":"ImageObject","inLanguage":"pt-BR","@id":"https:\/\/www.correiobraziliense.com.br\/cbradar\/#\/schema\/person\/image\/","url":"https:\/\/secure.gravatar.com\/avatar\/4b80ddbd124d1f071b626d52d62e5dff?s=96&d=mm&r=g","contentUrl":"https:\/\/secure.gravatar.com\/avatar\/4b80ddbd124d1f071b626d52d62e5dff?s=96&d=mm&r=g","caption":"Daniely Cardoso"},"description":"Redatora nos portais CB Radar e EM Foco, formada pela Universidade Federal de Goi\u00e1s, em Goi\u00e2nia. Apaixonada por comunica\u00e7\u00e3o, arte, decora\u00e7\u00e3o e tend\u00eancias, atuo na produ\u00e7\u00e3o de conte\u00fados envolventes sobre curiosidades, moda, beleza e paisagismo, sempre com um olhar atento \u00e0s novidades do momento.","sameAs":["https:\/\/www.correiobraziliense.com.br\/cbradar"],"url":"https:\/\/www.correiobraziliense.com.br\/cbradar\/author\/danielymyth\/"}]}},"_links":{"self":[{"href":"https:\/\/www.correiobraziliense.com.br\/cbradar\/wp-json\/wp\/v2\/posts\/180108","targetHints":{"allow":["GET"]}}],"collection":[{"href":"https:\/\/www.correiobraziliense.com.br\/cbradar\/wp-json\/wp\/v2\/posts"}],"about":[{"href":"https:\/\/www.correiobraziliense.com.br\/cbradar\/wp-json\/wp\/v2\/types\/post"}],"author":[{"embeddable":true,"href":"https:\/\/www.correiobraziliense.com.br\/cbradar\/wp-json\/wp\/v2\/users\/9"}],"replies":[{"embeddable":true,"href":"https:\/\/www.correiobraziliense.com.br\/cbradar\/wp-json\/wp\/v2\/comments?post=180108"}],"version-history":[{"count":2,"href":"https:\/\/www.correiobraziliense.com.br\/cbradar\/wp-json\/wp\/v2\/posts\/180108\/revisions"}],"predecessor-version":[{"id":180155,"href":"https:\/\/www.correiobraziliense.com.br\/cbradar\/wp-json\/wp\/v2\/posts\/180108\/revisions\/180155"}],"wp:featuredmedia":[{"embeddable":true,"href":"https:\/\/www.correiobraziliense.com.br\/cbradar\/wp-json\/wp\/v2\/media\/180349"}],"wp:attachment":[{"href":"https:\/\/www.correiobraziliense.com.br\/cbradar\/wp-json\/wp\/v2\/media?parent=180108"}],"wp:term":[{"taxonomy":"category","embeddable":true,"href":"https:\/\/www.correiobraziliense.com.br\/cbradar\/wp-json\/wp\/v2\/categories?post=180108"},{"taxonomy":"post_tag","embeddable":true,"href":"https:\/\/www.correiobraziliense.com.br\/cbradar\/wp-json\/wp\/v2\/post_tag?post=180108"}],"curies":[{"name":"wp","href":"https:\/\/api.w.org\/{rel}","templated":true}]}}