{"id":180110,"date":"2026-01-24T16:25:50","date_gmt":"2026-01-24T19:25:50","guid":{"rendered":"https:\/\/www.correiobraziliense.com.br\/cbradar\/?p=180110"},"modified":"2026-01-23T18:41:00","modified_gmt":"2026-01-23T21:41:00","slug":"a-fruta-tropical-que-combate-radicais-livres-e-ainda-cresce-facil-no-quintal-da-sua-casa","status":"publish","type":"post","link":"https:\/\/www.correiobraziliense.com.br\/cbradar\/a-fruta-tropical-que-combate-radicais-livres-e-ainda-cresce-facil-no-quintal-da-sua-casa\/","title":{"rendered":"A fruta tropical que combate radicais livres e ainda cresce f\u00e1cil no quintal da sua casa"},"content":{"rendered":"\n<p>Imagine poder colher uma manga docinha direto do quintal e ainda saber que ela faz bem para a sa\u00fade. A fruta \u00e9 uma das mais queridas do Brasil e de v\u00e1rios pa\u00edses, tanto pelo sabor quanto pelo valor nutricional. Nos \u00faltimos anos, o interesse pelas <strong>propriedades antioxidantes<\/strong> da manga cresceu muito, assim como a vontade de aprender a plantar o <strong>mangueiro<\/strong> em casa, ch\u00e1caras ou pequenas propriedades.<\/p>\n\n\n\n<h2 class=\"wp-block-heading\">Quais s\u00e3o as propriedades antioxidantes da manga e seus principais nutrientes<\/h2>\n\n\n\n<p>A manga \u00e9 famosa por reunir compostos que ajudam o corpo a combater o excesso de radicais livres, que est\u00e3o ligados ao envelhecimento precoce e a diversos problemas de sa\u00fade. Entre esses compostos, se destacam a <strong>vitamina C<\/strong>, a <strong>vitamina A<\/strong> (na forma de betacaroteno), flavonoides e outros fitoqu\u00edmicos, mais concentrados nas mangas de polpa bem colorida.<\/p>\n\n\n\n<p>Esses nutrientes atuam em conjunto para cuidar das c\u00e9lulas e apoiar fun\u00e7\u00f5es importantes do organismo, como o sistema imunol\u00f3gico e a sa\u00fade da pele. A fruta tamb\u00e9m oferece boas quantidades de fibras, que ajudam no intestino, e pot\u00e1ssio, mineral ligado ao equil\u00edbrio de l\u00edquidos e \u00e0 fun\u00e7\u00e3o muscular, tornando a manga uma op\u00e7\u00e3o pr\u00e1tica e saborosa para o dia a dia.<\/p>\n\n\n<div class=\"wp-block-image\">\n<figure class=\"aligncenter size-large\"><img decoding=\"async\" width=\"1024\" height=\"576\" src=\"https:\/\/www.correiobraziliense.com.br\/cbradar\/wp-content\/uploads\/2025\/12\/Gemini_Generated_Image_761xi9761xi9761x-1-1024x576.png\" alt=\"\" class=\"wp-image-163737\" srcset=\"https:\/\/www.correiobraziliense.com.br\/cbradar\/wp-content\/uploads\/2025\/12\/Gemini_Generated_Image_761xi9761xi9761x-1-1024x576.png 1024w, https:\/\/www.correiobraziliense.com.br\/cbradar\/wp-content\/uploads\/2025\/12\/Gemini_Generated_Image_761xi9761xi9761x-1-300x169.png 300w, https:\/\/www.correiobraziliense.com.br\/cbradar\/wp-content\/uploads\/2025\/12\/Gemini_Generated_Image_761xi9761xi9761x-1-768x432.png 768w, https:\/\/www.correiobraziliense.com.br\/cbradar\/wp-content\/uploads\/2025\/12\/Gemini_Generated_Image_761xi9761xi9761x-1-750x422.png 750w, https:\/\/www.correiobraziliense.com.br\/cbradar\/wp-content\/uploads\/2025\/12\/Gemini_Generated_Image_761xi9761xi9761x-1-1140x641.png 1140w, https:\/\/www.correiobraziliense.com.br\/cbradar\/wp-content\/uploads\/2025\/12\/Gemini_Generated_Image_761xi9761xi9761x-1.png 1280w\" sizes=\"(max-width: 1024px) 100vw, 1024px\" \/><figcaption class=\"wp-element-caption\">A escolha correta da muda, o preparo da terra e o cuidado com a irriga\u00e7\u00e3o nas primeiras fases fazem diferen\u00e7a direta na sa\u00fade da planta<\/figcaption><\/figure><\/div>\n\n\n<p>Leia tamb\u00e9m:&nbsp;<a href=\"https:\/\/www.correiobraziliense.com.br\/cbradar\/a-delicia-tropical-que-entrega-antioxidantes-e-ainda-e-simples-de-plantar\/\" target=\"_blank\" rel=\"noopener\">A del\u00edcia tropical que entrega antioxidantes e ainda \u00e9 simples de plantar<\/a><\/p>\n\n\n\n<h2 class=\"wp-block-heading\">Quais nutrientes antioxidantes da manga merecem destaque<\/h2>\n\n\n\n<p>Ao incluir a manga na rotina, vale conhecer melhor os nutrientes que fazem dela uma aliada da sa\u00fade. Abaixo, voc\u00ea encontra os principais componentes presentes na fruta e como eles podem contribuir de forma simples e acess\u00edvel para o bem-estar.<\/p>\n\n\n\n<ul class=\"wp-block-list\">\n<li><strong>Vitamina C:<\/strong> antioxidante hidrossol\u00favel, presente em maior quantidade na polpa fresca;<\/li>\n\n\n\n<li><strong>Betacaroteno:<\/strong> precursor de vitamina A, mais concentrado em mangas de polpa alaranjada;<\/li>\n\n\n\n<li><strong>Flavonoides:<\/strong> compostos bioativos associados \u00e0 prote\u00e7\u00e3o celular;<\/li>\n\n\n\n<li><strong>Fibras:<\/strong> auxiliam no tr\u00e2nsito intestinal e na sensa\u00e7\u00e3o de saciedade.<\/li>\n<\/ul>\n\n\n\n<h2 class=\"wp-block-heading\">Como aprender a plantar manga do preparo do solo ao manejo inicial<\/h2>\n\n\n\n<p>Para quem sonha em colher a pr\u00f3pria fruta, entender <strong>como plantar<\/strong> manga \u00e9 um passo essencial e bem mais simples do que parece. O cultivo pode ser feito por sementes, mas as mudas enxertadas s\u00e3o as mais indicadas, pois garantem maior previsibilidade quanto \u00e0 qualidade dos frutos e ao tempo at\u00e9 a primeira colheita.<\/p>\n\n\n\n<p>A escolha de um local bem iluminado e com espa\u00e7o para a copa se desenvolver \u00e9 muito importante para o sucesso do plantio. O solo ideal \u00e9 profundo, bem drenado e com mat\u00e9ria org\u00e2nica em quantidade moderada, evitando \u00e1reas que acumulam \u00e1gua, que prejudicam as ra\u00edzes do <strong>mangueiro<\/strong>.<\/p>\n\n\n\n<ol class=\"wp-block-list\">\n<li><strong>Escolha da muda:<\/strong> dar prefer\u00eancia a mudas enxertadas, sadias e com boa forma\u00e7\u00e3o de raiz;<\/li>\n\n\n\n<li><strong>Preparo da cova:<\/strong> abrir covas profundas (cerca de 60 x 60 x 60 cm), misturando terra com mat\u00e9ria org\u00e2nica bem curtida;<\/li>\n\n\n\n<li><strong>Plantio:<\/strong> posicionar a muda ao centro, cobrindo as ra\u00edzes sem enterrar o enxerto;<\/li>\n\n\n\n<li><strong>Irriga\u00e7\u00e3o inicial:<\/strong> manter o solo \u00famido nas primeiras semanas, sem encharcar;<\/li>\n\n\n\n<li><strong>Prote\u00e7\u00e3o:<\/strong> utilizar cobertura morta (palhada) ao redor para reduzir perda de \u00e1gua e inibir plantas competidoras.<\/li>\n<\/ol>\n\n\n\n<p>Se voc\u00ea gosta de cultivo, separamos esse v\u00eddeo do canal <a href=\"https:\/\/www.youtube.com\/@SpagnholPlantas1\" target=\"_blank\" rel=\"noreferrer noopener\">Spagnhol Plantas<\/a> ensinando a plantar manga em casa:<\/p>\n\n\n\n<figure class=\"wp-block-embed is-type-video is-provider-youtube wp-block-embed-youtube wp-embed-aspect-16-9 wp-has-aspect-ratio\"><div class=\"wp-block-embed__wrapper\">\n<div class=\"jeg_video_container jeg_video_content\"><iframe loading=\"lazy\" title=\"Como cultivar MANGA em VASOS | Segredos para Colher Frutas em Casa!\" width=\"500\" height=\"281\" src=\"https:\/\/www.youtube.com\/embed\/DE5Xzn9vUGE?start=307&#038;feature=oembed\" frameborder=\"0\" allow=\"accelerometer; autoplay; clipboard-write; encrypted-media; gyroscope; picture-in-picture; web-share\" referrerpolicy=\"strict-origin-when-cross-origin\" allowfullscreen><\/iframe><\/div>\n<\/div><\/figure>\n\n\n\n<h2 class=\"wp-block-heading\">Qual \u00e9 o clima ideal para cultivar manga com boa produ\u00e7\u00e3o<\/h2>\n\n\n\n<p>O <strong>mangueiro<\/strong> \u00e9 uma planta tipicamente tropical e subtropical, que se desenvolve melhor em regi\u00f5es quentes e bem ensolaradas. De modo geral, o clima ideal envolve temperaturas m\u00e9dias entre 24 \u00b0C e 30 \u00b0C, sem geadas, al\u00e9m de per\u00edodos de seca moderada, que ajudam na fase de indu\u00e7\u00e3o floral e na forma\u00e7\u00e3o dos frutos.<\/p>\n\n\n\n<p>Embora suporte curtos per\u00edodos de frio, a planta pode sofrer muito com geadas, que danificam folhas, flores e frutos em desenvolvimento. Em \u00e1reas mais frias, \u00e9 comum plantar em locais protegidos, como encostas com menor risco de geada, al\u00e9m de cuidar bem da umidade do ar para evitar doen\u00e7as f\u00fangicas, especialmente nas fases de flora\u00e7\u00e3o e frutifica\u00e7\u00e3o.<\/p>\n\n\n\n<figure class=\"wp-block-table\"><table class=\"has-fixed-layout\"><tbody><tr><th>Fator clim\u00e1tico<\/th><th>Intervalo recomendado<\/th><th>Observa\u00e7\u00f5es<\/th><\/tr><tr><td>Temperatura m\u00e9dia<\/td><td>24 \u00b0C a 30 \u00b0C<\/td><td>Favorece crescimento e frutifica\u00e7\u00e3o regulares<\/td><\/tr><tr><td>Temperatura m\u00ednima<\/td><td>Acima de 10 \u00b0C<\/td><td>Abaixo disso, h\u00e1 risco de danos a partes jovens<\/td><\/tr><tr><td>Incid\u00eancia de sol<\/td><td>Pleno sol, 6 a 8 h\/dia<\/td><td>Essencial para boa produ\u00e7\u00e3o de frutos<\/td><\/tr><tr><td>Chuva anual<\/td><td>750 a 2.500 mm<\/td><td>Per\u00edodos secos curtos ajudam na indu\u00e7\u00e3o floral<\/td><\/tr><tr><td>Umidade do ar<\/td><td>Moderada<\/td><td>Excesso favorece doen\u00e7as f\u00fangicas<\/td><\/tr><\/tbody><\/table><\/figure>\n\n\n\n<h2 class=\"wp-block-heading\">Quais cuidados de manuten\u00e7\u00e3o e colheita a mangueira precisa<\/h2>\n\n\n\n<p>Depois de bem estabelecida, a <strong>mangueira<\/strong> precisa de alguns cuidados simples para se manter saud\u00e1vel e produtiva por muitos anos. A poda de forma\u00e7\u00e3o e de limpeza ajuda a controlar o tamanho da copa, melhorar a entrada de luz entre os galhos e diminuir o risco de quebras quando a \u00e1rvore estiver carregada de frutos.<\/p>\n\n\n\n<p>A aduba\u00e7\u00e3o de manuten\u00e7\u00e3o, ajustada \u00e0 idade da planta, complementa os nutrientes retirados do solo e apoia a produ\u00e7\u00e3o. No per\u00edodo de flora\u00e7\u00e3o e frutifica\u00e7\u00e3o, \u00e9 importante monitorar pragas e doen\u00e7as para evitar perdas, usando pr\u00e1ticas de manejo integrado e, sempre que poss\u00edvel, alternativas mais naturais que preservem o equil\u00edbrio do <strong>pomar<\/strong>.<\/p>\n\n\n\n<h2 class=\"wp-block-heading\">Pr\u00f3ximos passos para aproveitar melhor a manga<\/h2>\n\n\n\n<p>Ao entender as <strong>propriedades antioxidantes<\/strong> da manga e aprender a cuidar do plantio, voc\u00ea aproxima sa\u00fade e sabor da sua rotina. Com alguns ajustes de clima, solo e manejo, \u00e9 poss\u00edvel colher frutos mais doces, bonitos e nutritivos, seja no quintal de casa, seja em uma pequena ch\u00e1cara.<\/p>\n\n\n\n<p>Se voc\u00ea quer dar o pr\u00f3ximo passo, comece escolhendo uma boa muda de <strong>mangueira<\/strong> e planejando o local de plantio ainda hoje. Compartilhe este conte\u00fado com quem tamb\u00e9m ama manga e busque mais informa\u00e7\u00f5es pr\u00e1ticas sobre podas, aduba\u00e7\u00e3o e variedades para transformar seu espa\u00e7o em um cantinho produtivo e cheio de vida.<\/p>\n","protected":false},"excerpt":{"rendered":"<p>Imagine poder colher uma manga docinha direto do quintal e ainda saber que ela faz bem para a sa\u00fade. A fruta \u00e9 uma das mais queridas do Brasil e de v\u00e1rios pa\u00edses, tanto pelo sabor quanto pelo valor nutricional. Nos \u00faltimos anos, o interesse pelas propriedades antioxidantes da manga cresceu muito, assim como a vontade [&hellip;]<\/p>\n","protected":false},"author":9,"featured_media":180354,"comment_status":"open","ping_status":"open","sticky":false,"template":"","format":"standard","meta":{"_yoast_wpseo_focuskw":"plantar manga em casa","_yoast_wpseo_title":"","_yoast_wpseo_metadesc":"Aprenda a plantar no quintal uma fruta rica em antioxidantes e fibras que apoia a sa\u00fade e rende colheitas saborosas o ano todo.","jnews-multi-image_gallery":[],"jnews_single_post":{"format":"standard"},"jnews_primary_category":[],"jnews_social_meta":[],"jnews_override_counter":[],"footnotes":""},"categories":[119,4404],"tags":[2797,930,3652],"class_list":["post-180110","post","type-post","status-publish","format-standard","has-post-thumbnail","hentry","category-bem-estar","category-saude","tag-cultivo-de-manga","tag-manga","tag-plantar-manga"],"yoast_head":"<!-- This site is optimized with the Yoast SEO plugin v24.6 - https:\/\/yoast.com\/wordpress\/plugins\/seo\/ -->\n<title>A fruta tropical que combate radicais livres e ainda cresce f\u00e1cil no quintal da sua casa - Correio Braziliense - Radar<\/title>\n<meta name=\"description\" content=\"Aprenda a plantar no quintal uma fruta rica em antioxidantes e fibras que apoia a sa\u00fade e rende colheitas saborosas o ano todo.\" \/>\n<meta name=\"robots\" content=\"index, follow, max-snippet:-1, max-image-preview:large, max-video-preview:-1\" \/>\n<link rel=\"canonical\" href=\"https:\/\/www.correiobraziliense.com.br\/cbradar\/a-fruta-tropical-que-combate-radicais-livres-e-ainda-cresce-facil-no-quintal-da-sua-casa\/\" \/>\n<meta property=\"og:locale\" content=\"pt_BR\" \/>\n<meta property=\"og:type\" content=\"article\" \/>\n<meta property=\"og:title\" content=\"A fruta tropical que combate radicais livres e ainda cresce f\u00e1cil no quintal da sua casa - Correio Braziliense - Radar\" \/>\n<meta property=\"og:description\" content=\"Aprenda a plantar no quintal uma fruta rica em antioxidantes e fibras que apoia a sa\u00fade e rende colheitas saborosas o ano todo.\" \/>\n<meta property=\"og:url\" content=\"https:\/\/www.correiobraziliense.com.br\/cbradar\/a-fruta-tropical-que-combate-radicais-livres-e-ainda-cresce-facil-no-quintal-da-sua-casa\/\" \/>\n<meta property=\"og:site_name\" content=\"Correio Braziliense - Radar\" \/>\n<meta property=\"article:published_time\" content=\"2026-01-24T19:25:50+00:00\" \/>\n<meta property=\"og:image\" content=\"https:\/\/www.correiobraziliense.com.br\/cbradar\/wp-content\/uploads\/2026\/01\/Gemini_Generated_Image_qokl4bqokl4bqokl-1-1.png\" \/>\n\t<meta property=\"og:image:width\" content=\"1280\" \/>\n\t<meta property=\"og:image:height\" content=\"720\" \/>\n\t<meta property=\"og:image:type\" content=\"image\/png\" \/>\n<meta name=\"author\" content=\"Daniely Cardoso\" \/>\n<meta name=\"twitter:card\" content=\"summary_large_image\" \/>\n<meta name=\"twitter:label1\" content=\"Escrito por\" \/>\n\t<meta name=\"twitter:data1\" content=\"Daniely Cardoso\" \/>\n\t<meta name=\"twitter:label2\" content=\"Est. tempo de leitura\" \/>\n\t<meta name=\"twitter:data2\" content=\"6 minutos\" \/>\n<!-- \/ Yoast SEO plugin. -->","yoast_head_json":{"title":"A fruta tropical que combate radicais livres e ainda cresce f\u00e1cil no quintal da sua casa - Correio Braziliense - Radar","description":"Aprenda a plantar no quintal uma fruta rica em antioxidantes e fibras que apoia a sa\u00fade e rende colheitas saborosas o ano todo.","robots":{"index":"index","follow":"follow","max-snippet":"max-snippet:-1","max-image-preview":"max-image-preview:large","max-video-preview":"max-video-preview:-1"},"canonical":"https:\/\/www.correiobraziliense.com.br\/cbradar\/a-fruta-tropical-que-combate-radicais-livres-e-ainda-cresce-facil-no-quintal-da-sua-casa\/","og_locale":"pt_BR","og_type":"article","og_title":"A fruta tropical que combate radicais livres e ainda cresce f\u00e1cil no quintal da sua casa - Correio Braziliense - Radar","og_description":"Aprenda a plantar no quintal uma fruta rica em antioxidantes e fibras que apoia a sa\u00fade e rende colheitas saborosas o ano todo.","og_url":"https:\/\/www.correiobraziliense.com.br\/cbradar\/a-fruta-tropical-que-combate-radicais-livres-e-ainda-cresce-facil-no-quintal-da-sua-casa\/","og_site_name":"Correio Braziliense - Radar","article_published_time":"2026-01-24T19:25:50+00:00","og_image":[{"width":1280,"height":720,"url":"https:\/\/www.correiobraziliense.com.br\/cbradar\/wp-content\/uploads\/2026\/01\/Gemini_Generated_Image_qokl4bqokl4bqokl-1-1.png","type":"image\/png"}],"author":"Daniely Cardoso","twitter_card":"summary_large_image","twitter_misc":{"Escrito por":"Daniely Cardoso","Est. tempo de leitura":"6 minutos"},"schema":{"@context":"https:\/\/schema.org","@graph":[{"@type":"WebPage","@id":"https:\/\/www.correiobraziliense.com.br\/cbradar\/a-fruta-tropical-que-combate-radicais-livres-e-ainda-cresce-facil-no-quintal-da-sua-casa\/","url":"https:\/\/www.correiobraziliense.com.br\/cbradar\/a-fruta-tropical-que-combate-radicais-livres-e-ainda-cresce-facil-no-quintal-da-sua-casa\/","name":"A fruta tropical que combate radicais livres e ainda cresce f\u00e1cil no quintal da sua casa - Correio Braziliense - Radar","isPartOf":{"@id":"https:\/\/www.correiobraziliense.com.br\/cbradar\/#website"},"primaryImageOfPage":{"@id":"https:\/\/www.correiobraziliense.com.br\/cbradar\/a-fruta-tropical-que-combate-radicais-livres-e-ainda-cresce-facil-no-quintal-da-sua-casa\/#primaryimage"},"image":{"@id":"https:\/\/www.correiobraziliense.com.br\/cbradar\/a-fruta-tropical-que-combate-radicais-livres-e-ainda-cresce-facil-no-quintal-da-sua-casa\/#primaryimage"},"thumbnailUrl":"https:\/\/www.correiobraziliense.com.br\/cbradar\/wp-content\/uploads\/2026\/01\/Gemini_Generated_Image_qokl4bqokl4bqokl-1-1.png","datePublished":"2026-01-24T19:25:50+00:00","author":{"@id":"https:\/\/www.correiobraziliense.com.br\/cbradar\/#\/schema\/person\/7356666e12ec0ee53f348ee5db227032"},"description":"Aprenda a plantar no quintal uma fruta rica em antioxidantes e fibras que apoia a sa\u00fade e rende colheitas saborosas o ano todo.","breadcrumb":{"@id":"https:\/\/www.correiobraziliense.com.br\/cbradar\/a-fruta-tropical-que-combate-radicais-livres-e-ainda-cresce-facil-no-quintal-da-sua-casa\/#breadcrumb"},"inLanguage":"pt-BR","potentialAction":[{"@type":"ReadAction","target":["https:\/\/www.correiobraziliense.com.br\/cbradar\/a-fruta-tropical-que-combate-radicais-livres-e-ainda-cresce-facil-no-quintal-da-sua-casa\/"]}]},{"@type":"ImageObject","inLanguage":"pt-BR","@id":"https:\/\/www.correiobraziliense.com.br\/cbradar\/a-fruta-tropical-que-combate-radicais-livres-e-ainda-cresce-facil-no-quintal-da-sua-casa\/#primaryimage","url":"https:\/\/www.correiobraziliense.com.br\/cbradar\/wp-content\/uploads\/2026\/01\/Gemini_Generated_Image_qokl4bqokl4bqokl-1-1.png","contentUrl":"https:\/\/www.correiobraziliense.com.br\/cbradar\/wp-content\/uploads\/2026\/01\/Gemini_Generated_Image_qokl4bqokl4bqokl-1-1.png","width":1280,"height":720,"caption":"A escolha correta da muda, o preparo da terra e o cuidado com a irriga\u00e7\u00e3o nas primeiras fases fazem diferen\u00e7a direta na sa\u00fade da planta"},{"@type":"BreadcrumbList","@id":"https:\/\/www.correiobraziliense.com.br\/cbradar\/a-fruta-tropical-que-combate-radicais-livres-e-ainda-cresce-facil-no-quintal-da-sua-casa\/#breadcrumb","itemListElement":[{"@type":"ListItem","position":1,"name":"In\u00edcio","item":"https:\/\/www.correiobraziliense.com.br\/cbradar\/"},{"@type":"ListItem","position":2,"name":"A fruta tropical que combate radicais livres e ainda cresce f\u00e1cil no quintal da sua casa"}]},{"@type":"WebSite","@id":"https:\/\/www.correiobraziliense.com.br\/cbradar\/#website","url":"https:\/\/www.correiobraziliense.com.br\/cbradar\/","name":"Correio Braziliense - Radar","description":"Acompanhe as \u00faltimas not\u00edcias e fique bem informado sobre tudo o que acontece no Brasil e no mundo.","potentialAction":[{"@type":"SearchAction","target":{"@type":"EntryPoint","urlTemplate":"https:\/\/www.correiobraziliense.com.br\/cbradar\/?s={search_term_string}"},"query-input":{"@type":"PropertyValueSpecification","valueRequired":true,"valueName":"search_term_string"}}],"inLanguage":"pt-BR"},{"@type":"Person","@id":"https:\/\/www.correiobraziliense.com.br\/cbradar\/#\/schema\/person\/7356666e12ec0ee53f348ee5db227032","name":"Daniely Cardoso","image":{"@type":"ImageObject","inLanguage":"pt-BR","@id":"https:\/\/www.correiobraziliense.com.br\/cbradar\/#\/schema\/person\/image\/","url":"https:\/\/secure.gravatar.com\/avatar\/4b80ddbd124d1f071b626d52d62e5dff?s=96&d=mm&r=g","contentUrl":"https:\/\/secure.gravatar.com\/avatar\/4b80ddbd124d1f071b626d52d62e5dff?s=96&d=mm&r=g","caption":"Daniely Cardoso"},"description":"Redatora nos portais CB Radar e EM Foco, formada pela Universidade Federal de Goi\u00e1s, em Goi\u00e2nia. Apaixonada por comunica\u00e7\u00e3o, arte, decora\u00e7\u00e3o e tend\u00eancias, atuo na produ\u00e7\u00e3o de conte\u00fados envolventes sobre curiosidades, moda, beleza e paisagismo, sempre com um olhar atento \u00e0s novidades do momento.","sameAs":["https:\/\/www.correiobraziliense.com.br\/cbradar"],"url":"https:\/\/www.correiobraziliense.com.br\/cbradar\/author\/danielymyth\/"}]}},"_links":{"self":[{"href":"https:\/\/www.correiobraziliense.com.br\/cbradar\/wp-json\/wp\/v2\/posts\/180110","targetHints":{"allow":["GET"]}}],"collection":[{"href":"https:\/\/www.correiobraziliense.com.br\/cbradar\/wp-json\/wp\/v2\/posts"}],"about":[{"href":"https:\/\/www.correiobraziliense.com.br\/cbradar\/wp-json\/wp\/v2\/types\/post"}],"author":[{"embeddable":true,"href":"https:\/\/www.correiobraziliense.com.br\/cbradar\/wp-json\/wp\/v2\/users\/9"}],"replies":[{"embeddable":true,"href":"https:\/\/www.correiobraziliense.com.br\/cbradar\/wp-json\/wp\/v2\/comments?post=180110"}],"version-history":[{"count":2,"href":"https:\/\/www.correiobraziliense.com.br\/cbradar\/wp-json\/wp\/v2\/posts\/180110\/revisions"}],"predecessor-version":[{"id":180156,"href":"https:\/\/www.correiobraziliense.com.br\/cbradar\/wp-json\/wp\/v2\/posts\/180110\/revisions\/180156"}],"wp:featuredmedia":[{"embeddable":true,"href":"https:\/\/www.correiobraziliense.com.br\/cbradar\/wp-json\/wp\/v2\/media\/180354"}],"wp:attachment":[{"href":"https:\/\/www.correiobraziliense.com.br\/cbradar\/wp-json\/wp\/v2\/media?parent=180110"}],"wp:term":[{"taxonomy":"category","embeddable":true,"href":"https:\/\/www.correiobraziliense.com.br\/cbradar\/wp-json\/wp\/v2\/categories?post=180110"},{"taxonomy":"post_tag","embeddable":true,"href":"https:\/\/www.correiobraziliense.com.br\/cbradar\/wp-json\/wp\/v2\/tags?post=180110"}],"curies":[{"name":"wp","href":"https:\/\/api.w.org\/{rel}","templated":true}]}}