{"id":180202,"date":"2026-01-24T14:55:28","date_gmt":"2026-01-24T17:55:28","guid":{"rendered":"https:\/\/www.correiobraziliense.com.br\/cbradar\/?p=180202"},"modified":"2026-01-23T18:39:47","modified_gmt":"2026-01-23T21:39:47","slug":"o-significado-chocante-de-sonhar-com-queda-de-cabelo","status":"publish","type":"post","link":"https:\/\/www.correiobraziliense.com.br\/cbradar\/o-significado-chocante-de-sonhar-com-queda-de-cabelo\/","title":{"rendered":"O significado chocante de sonhar com queda de cabelo"},"content":{"rendered":"\n<p>Sonhar com queda de cabelo costuma despertar aten\u00e7\u00e3o de quem passa por essa experi\u00eancia. Esse tipo de sonho geralmente est\u00e1 ligado a momentos de mudan\u00e7a, inseguran\u00e7a ou preocupa\u00e7\u00e3o com a pr\u00f3pria imagem, funcionando como um s\u00edmbolo de transi\u00e7\u00e3o e alerta emocional.<\/p>\n\n\n\n<h2 class=\"wp-block-heading\">O que significa sonhar com queda de cabelo em termos emocionais<\/h2>\n\n\n\n<p>A interpreta\u00e7\u00e3o mais comum para sonhar com queda de cabelo est\u00e1 associada a medos e fragilidades internas. A imagem dos fios se desprendendo da cabe\u00e7a pode representar receio de perder poder, respeito, juventude ou credibilidade em algum ambiente.<\/p>\n\n\n\n<p>Em outras situa\u00e7\u00f5es, o sonho pode refletir apenas a preocupa\u00e7\u00e3o real com a apar\u00eancia f\u00edsica, principalmente em quem j\u00e1 lida com afinamento dos fios na vida desperta. Ainda assim, ele costuma simbolizar conflitos internos que pedem mais aten\u00e7\u00e3o e acolhimento.<\/p>\n\n\n<div class=\"wp-block-image\">\n<figure class=\"aligncenter size-large\"><img decoding=\"async\" width=\"1024\" height=\"576\" src=\"https:\/\/www.correiobraziliense.com.br\/cbradar\/wp-content\/uploads\/2025\/11\/Gemini_Generated_Image_o9g847o9g847o9g8-1-1024x576.png\" alt=\"\" class=\"wp-image-147078\" srcset=\"https:\/\/www.correiobraziliense.com.br\/cbradar\/wp-content\/uploads\/2025\/11\/Gemini_Generated_Image_o9g847o9g847o9g8-1-1024x576.png 1024w, https:\/\/www.correiobraziliense.com.br\/cbradar\/wp-content\/uploads\/2025\/11\/Gemini_Generated_Image_o9g847o9g847o9g8-1-300x169.png 300w, https:\/\/www.correiobraziliense.com.br\/cbradar\/wp-content\/uploads\/2025\/11\/Gemini_Generated_Image_o9g847o9g847o9g8-1-768x432.png 768w, https:\/\/www.correiobraziliense.com.br\/cbradar\/wp-content\/uploads\/2025\/11\/Gemini_Generated_Image_o9g847o9g847o9g8-1-750x422.png 750w, https:\/\/www.correiobraziliense.com.br\/cbradar\/wp-content\/uploads\/2025\/11\/Gemini_Generated_Image_o9g847o9g847o9g8-1-1140x641.png 1140w, https:\/\/www.correiobraziliense.com.br\/cbradar\/wp-content\/uploads\/2025\/11\/Gemini_Generated_Image_o9g847o9g847o9g8-1.png 1280w\" sizes=\"(max-width: 1024px) 100vw, 1024px\" \/><figcaption class=\"wp-element-caption\">O sonho com queda de cabelo \u00e9 comum e, frequentemente, ligado \u00e0 ansiedade ou ao medo de perdas importantes<\/figcaption><\/figure><\/div>\n\n\n<ul class=\"wp-block-list\">\n<li><strong>Medo de envelhecer<\/strong> ou de perder a vitalidade;<\/li>\n\n\n\n<li><strong>Inseguran\u00e7a profissional<\/strong>, como temor de demiss\u00e3o ou de perder espa\u00e7o;<\/li>\n\n\n\n<li><strong>Quest\u00f5es de autoestima<\/strong>, ligadas \u00e0 autoimagem e \u00e0 aceita\u00e7\u00e3o do pr\u00f3prio corpo;<\/li>\n\n\n\n<li><strong>Ansiedade<\/strong> diante de mudan\u00e7as importantes ou imprevistos;<\/li>\n\n\n\n<li><strong>Sensa\u00e7\u00e3o de perda<\/strong>, seja de relacionamentos, oportunidades ou status.<\/li>\n<\/ul>\n\n\n\n<p>\u00c9 comum que a queda de cabelo no sonho funcione como um espelho de tens\u00f5es internas que talvez n\u00e3o estejam sendo expressas de forma clara durante o dia. Por isso, observar o contexto de vida atual ajuda a entender o recado emocional por tr\u00e1s da imagem on\u00edrica.<\/p>\n\n\n\n<h2 class=\"wp-block-heading\">Quais s\u00e3o as varia\u00e7\u00f5es mais comuns desse sonho e o que elas indicam<\/h2>\n\n\n\n<p>Os detalhes do sonho com queda de cabelo ajudam a ampliar o entendimento do s\u00edmbolo. Cada varia\u00e7\u00e3o traz nuances diferentes, apontando para \u00e1reas espec\u00edficas da vida em que a pessoa se sente mais vulner\u00e1vel ou pressionada.<\/p>\n\n\n\n<p>Leia tamb\u00e9m:&nbsp;<a href=\"https:\/\/www.correiobraziliense.com.br\/cbradar\/o-que-significa-ver-numeros-iguais-e-por-que-isso-chama-tanta-atencao\/\" target=\"_blank\" rel=\"noopener\">O que significa ver n\u00fameros iguais e por que isso chama tanta aten\u00e7\u00e3o<\/a><\/p>\n\n\n\n<p>Prestar aten\u00e7\u00e3o em quem perde o cabelo, em que situa\u00e7\u00e3o e qual \u00e9 a emo\u00e7\u00e3o dominante no sonho pode esclarecer a mensagem central. Assim, o significado deixa de ser gen\u00e9rico e passa a refletir de forma mais direta a realidade de quem sonha.<\/p>\n\n\n\n<ol class=\"wp-block-list\">\n<li><strong>Ver tufos de cabelo caindo nas m\u00e3os<\/strong>: costuma indicar percep\u00e7\u00e3o de que algo est\u00e1 escapando do controle, como finan\u00e7as, relacionamentos ou desempenho no trabalho.<\/li>\n\n\n\n<li><strong>Ver o cabelo caindo enquanto se olha no espelho<\/strong>: sugere preocupa\u00e7\u00e3o intensa com a imagem pessoal, medo de cr\u00edticas ou dificuldade de aceitar mudan\u00e7as na apar\u00eancia.<\/li>\n\n\n\n<li><strong>Sonhar com careca repentina<\/strong>: pode simbolizar medo de exposi\u00e7\u00e3o, vulnerabilidade extrema ou receio de ser julgado em p\u00fablico.<\/li>\n\n\n\n<li><strong>Cabelo caindo ao pentear ou lavar<\/strong>: geralmente est\u00e1 ligado \u00e0 rotina e pode refletir sobrecarga, esgotamento mental ou sensa\u00e7\u00e3o de estar \u201cse desgastando\u201d no dia a dia.<\/li>\n\n\n\n<li><strong>Perda de cabelo em outra pessoa<\/strong>: em muitos casos, aponta para preocupa\u00e7\u00e3o com algu\u00e9m pr\u00f3ximo ou para a percep\u00e7\u00e3o de fragilidade nessa pessoa.<\/li>\n<\/ol>\n\n\n\n<p>Separamos esse v\u00eddeo do <a href=\"https:\/\/www.youtube.com\/@drpaulomuller\" target=\"_blank\" rel=\"noreferrer noopener\">Dr. Paulo M\u00fcller<\/a> explicando mais sobre essa queda e se ela \u00e9 um problema de sa\u00fade:<\/p>\n\n\n\n<figure class=\"wp-block-embed is-type-video is-provider-youtube wp-block-embed-youtube wp-embed-aspect-16-9 wp-has-aspect-ratio\"><div class=\"wp-block-embed__wrapper\">\n<div class=\"jeg_video_container jeg_video_content\"><iframe loading=\"lazy\" title=\"Quando a Queda de Cabelo \u00e9 Sinal de Um Problema de Sa\u00fade? \u2013 Dr. Paulo M\u00fcller Dermatologista.\" width=\"500\" height=\"281\" src=\"https:\/\/www.youtube.com\/embed\/d6tk_sUrbFg?feature=oembed\" frameborder=\"0\" allow=\"accelerometer; autoplay; clipboard-write; encrypted-media; gyroscope; picture-in-picture; web-share\" referrerpolicy=\"strict-origin-when-cross-origin\" allowfullscreen><\/iframe><\/div>\n<\/div><\/figure>\n\n\n\n<h2 class=\"wp-block-heading\">Como interpretar sonhar com queda de cabelo no dia a dia<\/h2>\n\n\n\n<p>A leitura de um sonho com queda de cabelo costuma ser mais \u00fatil quando \u00e9 relacionada ao momento atual de vida. Em vez de buscar apenas um significado fixo, vale observar como voc\u00ea estava se sentindo antes de dormir e quais situa\u00e7\u00f5es recentes provocaram inseguran\u00e7a, cansa\u00e7o ou medo de perda.<\/p>\n\n\n\n<p>Conectar o sonho \u00e0 rotina ajuda a entender se ele fala mais sobre autoestima, trabalho, relacionamentos ou sa\u00fade emocional. Para isso, refletir com sinceridade sobre alguns pontos pode esclarecer o motivo pelo qual essa imagem surgiu.<\/p>\n\n\n\n<h2 class=\"wp-block-heading\">Que atitudes pr\u00e1ticas o sonho com queda de cabelo pode sugerir<\/h2>\n\n\n\n<p>Embora o significado de sonhar com queda de cabelo seja simb\u00f3lico, esse tipo de experi\u00eancia costuma servir como alerta para a import\u00e2ncia do autocuidado. Em muitas fases, o sonho surge em momentos de ritmo acelerado, ac\u00famulo de responsabilidades e pouco tempo para descanso ou lazer.<\/p>\n\n\n\n<p>Algumas atitudes simples podem contribuir para reduzir ansiedade e tens\u00e3o, ajudando a equilibrar mente e corpo. Ao aplicar essas mudan\u00e7as, \u00e9 comum que os sonhos se tornem menos angustiantes e reflitam um estado interno mais tranquilo.<\/p>\n","protected":false},"excerpt":{"rendered":"<p>Sonhar com queda de cabelo costuma despertar aten\u00e7\u00e3o de quem passa por essa experi\u00eancia. Esse tipo de sonho geralmente est\u00e1 ligado a momentos de mudan\u00e7a, inseguran\u00e7a ou preocupa\u00e7\u00e3o com a pr\u00f3pria imagem, funcionando como um s\u00edmbolo de transi\u00e7\u00e3o e alerta emocional. O que significa sonhar com queda de cabelo em termos emocionais A interpreta\u00e7\u00e3o mais [&hellip;]<\/p>\n","protected":false},"author":9,"featured_media":180353,"comment_status":"open","ping_status":"open","sticky":false,"template":"","format":"standard","meta":{"_yoast_wpseo_focuskw":"queda de cabelo","_yoast_wpseo_title":"","_yoast_wpseo_metadesc":"O que esse sonho sinaliza sobre inseguran\u00e7a, tens\u00f5es internas, autocuidado e momentos de mudan\u00e7a emocional.","jnews-multi-image_gallery":[],"jnews_single_post":{"format":"standard"},"jnews_primary_category":[],"jnews_social_meta":[],"jnews_override_counter":[],"footnotes":""},"categories":[112],"post_tag":[4872,5812,4474],"class_list":["post-180202","post","type-post","status-publish","format-standard","has-post-thumbnail","hentry","category-curiosidades","tag-queda-de-cabelo","tag-significado","tag-sonhos"],"yoast_head":"<!-- This site is optimized with the Yoast SEO plugin v24.6 - https:\/\/yoast.com\/wordpress\/plugins\/seo\/ -->\n<title>O significado chocante de sonhar com queda de cabelo - Correio Braziliense - Radar<\/title>\n<meta name=\"description\" content=\"O que esse sonho sinaliza sobre inseguran\u00e7a, tens\u00f5es internas, autocuidado e momentos de mudan\u00e7a emocional.\" \/>\n<meta name=\"robots\" content=\"index, follow, max-snippet:-1, max-image-preview:large, max-video-preview:-1\" \/>\n<link rel=\"canonical\" href=\"https:\/\/www.correiobraziliense.com.br\/cbradar\/o-significado-chocante-de-sonhar-com-queda-de-cabelo\/\" \/>\n<meta property=\"og:locale\" content=\"pt_BR\" \/>\n<meta property=\"og:type\" content=\"article\" \/>\n<meta property=\"og:title\" content=\"O significado chocante de sonhar com queda de cabelo - Correio Braziliense - Radar\" \/>\n<meta property=\"og:description\" content=\"O que esse sonho sinaliza sobre inseguran\u00e7a, tens\u00f5es internas, autocuidado e momentos de mudan\u00e7a emocional.\" \/>\n<meta property=\"og:url\" content=\"https:\/\/www.correiobraziliense.com.br\/cbradar\/o-significado-chocante-de-sonhar-com-queda-de-cabelo\/\" \/>\n<meta property=\"og:site_name\" content=\"Correio Braziliense - Radar\" \/>\n<meta property=\"article:published_time\" content=\"2026-01-24T17:55:28+00:00\" \/>\n<meta property=\"og:image\" content=\"https:\/\/www.correiobraziliense.com.br\/cbradar\/wp-content\/uploads\/2026\/01\/Gemini_Generated_Image_jy0ce0jy0ce0jy0c-1-1.png\" \/>\n\t<meta property=\"og:image:width\" content=\"1280\" \/>\n\t<meta property=\"og:image:height\" content=\"720\" \/>\n\t<meta property=\"og:image:type\" content=\"image\/png\" \/>\n<meta name=\"author\" content=\"Daniely Cardoso\" \/>\n<meta name=\"twitter:card\" content=\"summary_large_image\" \/>\n<meta name=\"twitter:label1\" content=\"Escrito por\" \/>\n\t<meta name=\"twitter:data1\" content=\"Daniely Cardoso\" \/>\n\t<meta name=\"twitter:label2\" content=\"Est. tempo de leitura\" \/>\n\t<meta name=\"twitter:data2\" content=\"5 minutos\" \/>\n<!-- \/ Yoast SEO plugin. -->","yoast_head_json":{"title":"O significado chocante de sonhar com queda de cabelo - Correio Braziliense - Radar","description":"O que esse sonho sinaliza sobre inseguran\u00e7a, tens\u00f5es internas, autocuidado e momentos de mudan\u00e7a emocional.","robots":{"index":"index","follow":"follow","max-snippet":"max-snippet:-1","max-image-preview":"max-image-preview:large","max-video-preview":"max-video-preview:-1"},"canonical":"https:\/\/www.correiobraziliense.com.br\/cbradar\/o-significado-chocante-de-sonhar-com-queda-de-cabelo\/","og_locale":"pt_BR","og_type":"article","og_title":"O significado chocante de sonhar com queda de cabelo - Correio Braziliense - Radar","og_description":"O que esse sonho sinaliza sobre inseguran\u00e7a, tens\u00f5es internas, autocuidado e momentos de mudan\u00e7a emocional.","og_url":"https:\/\/www.correiobraziliense.com.br\/cbradar\/o-significado-chocante-de-sonhar-com-queda-de-cabelo\/","og_site_name":"Correio Braziliense - Radar","article_published_time":"2026-01-24T17:55:28+00:00","og_image":[{"width":1280,"height":720,"url":"https:\/\/www.correiobraziliense.com.br\/cbradar\/wp-content\/uploads\/2026\/01\/Gemini_Generated_Image_jy0ce0jy0ce0jy0c-1-1.png","type":"image\/png"}],"author":"Daniely Cardoso","twitter_card":"summary_large_image","twitter_misc":{"Escrito por":"Daniely Cardoso","Est. tempo de leitura":"5 minutos"},"schema":{"@context":"https:\/\/schema.org","@graph":[{"@type":"WebPage","@id":"https:\/\/www.correiobraziliense.com.br\/cbradar\/o-significado-chocante-de-sonhar-com-queda-de-cabelo\/","url":"https:\/\/www.correiobraziliense.com.br\/cbradar\/o-significado-chocante-de-sonhar-com-queda-de-cabelo\/","name":"O significado chocante de sonhar com queda de cabelo - Correio Braziliense - Radar","isPartOf":{"@id":"https:\/\/www.correiobraziliense.com.br\/cbradar\/#website"},"primaryImageOfPage":{"@id":"https:\/\/www.correiobraziliense.com.br\/cbradar\/o-significado-chocante-de-sonhar-com-queda-de-cabelo\/#primaryimage"},"image":{"@id":"https:\/\/www.correiobraziliense.com.br\/cbradar\/o-significado-chocante-de-sonhar-com-queda-de-cabelo\/#primaryimage"},"thumbnailUrl":"https:\/\/www.correiobraziliense.com.br\/cbradar\/wp-content\/uploads\/2026\/01\/Gemini_Generated_Image_jy0ce0jy0ce0jy0c-1-1.png","datePublished":"2026-01-24T17:55:28+00:00","author":{"@id":"https:\/\/www.correiobraziliense.com.br\/cbradar\/#\/schema\/person\/7356666e12ec0ee53f348ee5db227032"},"description":"O que esse sonho sinaliza sobre inseguran\u00e7a, tens\u00f5es internas, autocuidado e momentos de mudan\u00e7a emocional.","breadcrumb":{"@id":"https:\/\/www.correiobraziliense.com.br\/cbradar\/o-significado-chocante-de-sonhar-com-queda-de-cabelo\/#breadcrumb"},"inLanguage":"pt-BR","potentialAction":[{"@type":"ReadAction","target":["https:\/\/www.correiobraziliense.com.br\/cbradar\/o-significado-chocante-de-sonhar-com-queda-de-cabelo\/"]}]},{"@type":"ImageObject","inLanguage":"pt-BR","@id":"https:\/\/www.correiobraziliense.com.br\/cbradar\/o-significado-chocante-de-sonhar-com-queda-de-cabelo\/#primaryimage","url":"https:\/\/www.correiobraziliense.com.br\/cbradar\/wp-content\/uploads\/2026\/01\/Gemini_Generated_Image_jy0ce0jy0ce0jy0c-1-1.png","contentUrl":"https:\/\/www.correiobraziliense.com.br\/cbradar\/wp-content\/uploads\/2026\/01\/Gemini_Generated_Image_jy0ce0jy0ce0jy0c-1-1.png","width":1280,"height":720,"caption":"O sonho com queda de cabelo \u00e9 comum e, frequentemente, ligado \u00e0 ansiedade ou ao medo de perdas importantes"},{"@type":"BreadcrumbList","@id":"https:\/\/www.correiobraziliense.com.br\/cbradar\/o-significado-chocante-de-sonhar-com-queda-de-cabelo\/#breadcrumb","itemListElement":[{"@type":"ListItem","position":1,"name":"In\u00edcio","item":"https:\/\/www.correiobraziliense.com.br\/cbradar\/"},{"@type":"ListItem","position":2,"name":"O significado chocante de sonhar com queda de cabelo"}]},{"@type":"WebSite","@id":"https:\/\/www.correiobraziliense.com.br\/cbradar\/#website","url":"https:\/\/www.correiobraziliense.com.br\/cbradar\/","name":"Correio Braziliense - Radar","description":"Acompanhe as \u00faltimas not\u00edcias e fique bem informado sobre tudo o que acontece no Brasil e no mundo.","potentialAction":[{"@type":"SearchAction","target":{"@type":"EntryPoint","urlTemplate":"https:\/\/www.correiobraziliense.com.br\/cbradar\/?s={search_term_string}"},"query-input":{"@type":"PropertyValueSpecification","valueRequired":true,"valueName":"search_term_string"}}],"inLanguage":"pt-BR"},{"@type":"Person","@id":"https:\/\/www.correiobraziliense.com.br\/cbradar\/#\/schema\/person\/7356666e12ec0ee53f348ee5db227032","name":"Daniely Cardoso","image":{"@type":"ImageObject","inLanguage":"pt-BR","@id":"https:\/\/www.correiobraziliense.com.br\/cbradar\/#\/schema\/person\/image\/","url":"https:\/\/secure.gravatar.com\/avatar\/4b80ddbd124d1f071b626d52d62e5dff?s=96&d=mm&r=g","contentUrl":"https:\/\/secure.gravatar.com\/avatar\/4b80ddbd124d1f071b626d52d62e5dff?s=96&d=mm&r=g","caption":"Daniely Cardoso"},"description":"Redatora nos portais CB Radar e EM Foco, formada pela Universidade Federal de Goi\u00e1s, em Goi\u00e2nia. Apaixonada por comunica\u00e7\u00e3o, arte, decora\u00e7\u00e3o e tend\u00eancias, atuo na produ\u00e7\u00e3o de conte\u00fados envolventes sobre curiosidades, moda, beleza e paisagismo, sempre com um olhar atento \u00e0s novidades do momento.","sameAs":["https:\/\/www.correiobraziliense.com.br\/cbradar"],"url":"https:\/\/www.correiobraziliense.com.br\/cbradar\/author\/danielymyth\/"}]}},"_links":{"self":[{"href":"https:\/\/www.correiobraziliense.com.br\/cbradar\/wp-json\/wp\/v2\/posts\/180202","targetHints":{"allow":["GET"]}}],"collection":[{"href":"https:\/\/www.correiobraziliense.com.br\/cbradar\/wp-json\/wp\/v2\/posts"}],"about":[{"href":"https:\/\/www.correiobraziliense.com.br\/cbradar\/wp-json\/wp\/v2\/types\/post"}],"author":[{"embeddable":true,"href":"https:\/\/www.correiobraziliense.com.br\/cbradar\/wp-json\/wp\/v2\/users\/9"}],"replies":[{"embeddable":true,"href":"https:\/\/www.correiobraziliense.com.br\/cbradar\/wp-json\/wp\/v2\/comments?post=180202"}],"version-history":[{"count":2,"href":"https:\/\/www.correiobraziliense.com.br\/cbradar\/wp-json\/wp\/v2\/posts\/180202\/revisions"}],"predecessor-version":[{"id":180216,"href":"https:\/\/www.correiobraziliense.com.br\/cbradar\/wp-json\/wp\/v2\/posts\/180202\/revisions\/180216"}],"wp:featuredmedia":[{"embeddable":true,"href":"https:\/\/www.correiobraziliense.com.br\/cbradar\/wp-json\/wp\/v2\/media\/180353"}],"wp:attachment":[{"href":"https:\/\/www.correiobraziliense.com.br\/cbradar\/wp-json\/wp\/v2\/media?parent=180202"}],"wp:term":[{"taxonomy":"category","embeddable":true,"href":"https:\/\/www.correiobraziliense.com.br\/cbradar\/wp-json\/wp\/v2\/categories?post=180202"},{"taxonomy":"post_tag","embeddable":true,"href":"https:\/\/www.correiobraziliense.com.br\/cbradar\/wp-json\/wp\/v2\/post_tag?post=180202"}],"curies":[{"name":"wp","href":"https:\/\/api.w.org\/{rel}","templated":true}]}}