{"id":180214,"date":"2026-01-23T17:50:00","date_gmt":"2026-01-23T20:50:00","guid":{"rendered":"https:\/\/www.correiobraziliense.com.br\/cbradar\/?p=180214"},"modified":"2026-01-23T16:36:50","modified_gmt":"2026-01-23T19:36:50","slug":"o-habito-matinal-simples-que-melhora-o-foco-e-reduz-esquecimentos","status":"publish","type":"post","link":"https:\/\/www.correiobraziliense.com.br\/cbradar\/o-habito-matinal-simples-que-melhora-o-foco-e-reduz-esquecimentos\/","title":{"rendered":"O h\u00e1bito matinal simples que melhora o foco e reduz esquecimentos"},"content":{"rendered":"\n<p>Existe um h\u00e1bito simples pela manh\u00e3 capaz de ajustar o ritmo do c\u00e9rebro, melhorar o foco ao longo do dia e reduzir aqueles esquecimentos que parecem surgir sem motivo. A neuroci\u00eancia mostra que pequenas a\u00e7\u00f5es logo ap\u00f3s acordar influenciam horm\u00f4nios, aten\u00e7\u00e3o e mem\u00f3ria, criando uma base mais est\u00e1vel para o desempenho mental di\u00e1rio.<\/p>\n\n\n\n<h2 class=\"wp-block-heading\">Por que a manh\u00e3 \u00e9 t\u00e3o decisiva para o foco e a mem\u00f3ria?<\/h2>\n\n\n\n<p>Nas primeiras horas do dia, o c\u00e9rebro passa por um ajuste qu\u00edmico importante. O cortisol matinal sobe naturalmente para promover estado de alerta, enquanto outros neurotransmissores come\u00e7am a se equilibrar. A neuroci\u00eancia confirma que um h\u00e1bito simples pela manh\u00e3, como beber um copo de \u00e1gua logo ao acordar seguido de 5-10 minutos de exposi\u00e7\u00e3o \u00e0 luz natural, ajusta o ritmo circadiano do c\u00e9rebro, equilibra horm\u00f4nios como cortisol e melatonina, e melhora foco e mem\u00f3ria ao longo do dia. <\/p>\n\n\n\n<p><strong>Essa pr\u00e1tica n\u00e3o \u00e9 apenas uma recomenda\u00e7\u00e3o de bem-estar, mas uma estrat\u00e9gia fundamentada na biologia dos fotorreceptores que regulam nossa prontid\u00e3o mental.<\/strong> De acordo com um <a href=\"https:\/\/pubmed.ncbi.nlm.nih.gov\/21803935\/\" target=\"_blank\" rel=\"noreferrer noopener\">estudo publicado na National Library of Medicine (PubMed)<\/a>, a exposi\u00e7\u00e3o \u00e0 luz brilhante logo pela manh\u00e3 est\u00e1 diretamente ligada \u00e0 magnitude da Resposta de Despertar do Cortisol (CAR), que \u00e9 crucial para preparar o c\u00e9rebro para as demandas cognitivas e o manejo do estresse ao longo do dia.<\/p>\n\n\n<div class=\"wp-block-image\">\n<figure class=\"aligncenter size-large\"><img decoding=\"async\" width=\"1024\" height=\"576\" src=\"https:\/\/www.correiobraziliense.com.br\/cbradar\/wp-content\/uploads\/2026\/01\/Gemini_Generated_Image_lhef87lhef87lhef-1-1-1024x576.png\" alt=\"\" class=\"wp-image-180221\" srcset=\"https:\/\/www.correiobraziliense.com.br\/cbradar\/wp-content\/uploads\/2026\/01\/Gemini_Generated_Image_lhef87lhef87lhef-1-1-1024x576.png 1024w, https:\/\/www.correiobraziliense.com.br\/cbradar\/wp-content\/uploads\/2026\/01\/Gemini_Generated_Image_lhef87lhef87lhef-1-1-300x169.png 300w, https:\/\/www.correiobraziliense.com.br\/cbradar\/wp-content\/uploads\/2026\/01\/Gemini_Generated_Image_lhef87lhef87lhef-1-1-768x432.png 768w, https:\/\/www.correiobraziliense.com.br\/cbradar\/wp-content\/uploads\/2026\/01\/Gemini_Generated_Image_lhef87lhef87lhef-1-1-750x422.png 750w, https:\/\/www.correiobraziliense.com.br\/cbradar\/wp-content\/uploads\/2026\/01\/Gemini_Generated_Image_lhef87lhef87lhef-1-1-1140x641.png 1140w, https:\/\/www.correiobraziliense.com.br\/cbradar\/wp-content\/uploads\/2026\/01\/Gemini_Generated_Image_lhef87lhef87lhef-1-1.png 1280w\" sizes=\"(max-width: 1024px) 100vw, 1024px\" \/><figcaption class=\"wp-element-caption\">Um h\u00e1bito matinal que fortalece foco e mem\u00f3ria<\/figcaption><\/figure><\/div>\n\n\n<p>Leia tamb\u00e9m: <a href=\"https:\/\/www.correiobraziliense.com.br\/cbradar\/fazer-essa-atividade-fisica-simples-por-5-minutos-por-dia-pode-ajudar-a-viver-mais\/\" target=\"_blank\" rel=\"noreferrer noopener\">Fazer essa atividade f\u00edsica simples por 5 minutos por dia pode ajudar a viver mais<\/a><\/p>\n\n\n\n<h2 class=\"wp-block-heading\">Como a exposi\u00e7\u00e3o \u00e0 luz natural influencia o c\u00e9rebro?<\/h2>\n\n\n\n<p>A luz natural \u00e9 um dos principais sinais para o rel\u00f3gio biol\u00f3gico. Ao se expor \u00e0 claridade logo cedo, o c\u00e9rebro entende que \u00e9 hora de despertar plenamente e ajustar suas fun\u00e7\u00f5es cognitivas.<\/p>\n\n\n\n<p>Antes de observar os efeitos diretos dessa pr\u00e1tica, \u00e9 importante entender como a luz atua como um regulador qu\u00edmico do c\u00e9rebro e da aten\u00e7\u00e3o:<\/p>\n\n\n\n<ul class=\"wp-block-list\">\n<li>Estimula a libera\u00e7\u00e3o adequada de cortisol pela manh\u00e3. <\/li>\n\n\n\n<li>Ajuda a regular ciclos de sono e vig\u00edlia. <\/li>\n\n\n\n<li>Contribui para maior clareza mental ao longo do dia.<\/li>\n<\/ul>\n\n\n\n<h2 class=\"wp-block-heading\">Qual \u00e9 o papel da medita\u00e7\u00e3o leve nesse h\u00e1bito matinal?<\/h2>\n\n\n\n<p>A medita\u00e7\u00e3o leve, feita por poucos minutos, ajuda o c\u00e9rebro a organizar pensamentos antes da avalanche de est\u00edmulos do dia. Ela reduz ru\u00eddos mentais e melhora a capacidade de concentra\u00e7\u00e3o.<\/p>\n\n\n\n<p>Para entender como isso se reflete na pr\u00e1tica, vale observar os efeitos mais comuns dessa pausa consciente logo ao acordar:<\/p>\n\n\n\n<ul class=\"wp-block-list\">\n<li>Redu\u00e7\u00e3o da ansiedade logo nas primeiras horas do dia.<\/li>\n\n\n\n<li>Melhora da aten\u00e7\u00e3o sustentada em tarefas simples.<\/li>\n\n\n\n<li>Sensa\u00e7\u00e3o de maior controle mental e emocional.<\/li>\n<\/ul>\n\n\n\n<h2 class=\"wp-block-heading\">Como a dopamina est\u00e1 ligada \u00e0 redu\u00e7\u00e3o dos esquecimentos?<\/h2>\n\n\n\n<p>A dopamina est\u00e1 diretamente relacionada \u00e0 motiva\u00e7\u00e3o, aprendizado e mem\u00f3ria. Quando o c\u00e9rebro inicia o dia de forma equilibrada, esse neurotransmissor \u00e9 liberado de maneira mais funcional.<\/p>\n\n\n\n<p>Isso facilita a consolida\u00e7\u00e3o de informa\u00e7\u00f5es e reduz falhas de mem\u00f3ria. Pequenos rituais matinais ajudam o c\u00e9rebro a entrar em um estado prop\u00edcio para registrar e recuperar dados ao longo do dia.<\/p>\n\n\n<div class=\"wp-block-image\">\n<figure class=\"aligncenter size-large\"><img decoding=\"async\" width=\"1024\" height=\"576\" src=\"https:\/\/www.correiobraziliense.com.br\/cbradar\/wp-content\/uploads\/2026\/01\/Gemini_Generated_Image_wvmc87wvmc87wvmc-1-1-1024x576.png\" alt=\"O h\u00e1bito matinal simples que melhora o foco e reduz esquecimentos\" class=\"wp-image-180222\" srcset=\"https:\/\/www.correiobraziliense.com.br\/cbradar\/wp-content\/uploads\/2026\/01\/Gemini_Generated_Image_wvmc87wvmc87wvmc-1-1-1024x576.png 1024w, https:\/\/www.correiobraziliense.com.br\/cbradar\/wp-content\/uploads\/2026\/01\/Gemini_Generated_Image_wvmc87wvmc87wvmc-1-1-300x169.png 300w, https:\/\/www.correiobraziliense.com.br\/cbradar\/wp-content\/uploads\/2026\/01\/Gemini_Generated_Image_wvmc87wvmc87wvmc-1-1-768x432.png 768w, https:\/\/www.correiobraziliense.com.br\/cbradar\/wp-content\/uploads\/2026\/01\/Gemini_Generated_Image_wvmc87wvmc87wvmc-1-1-750x422.png 750w, https:\/\/www.correiobraziliense.com.br\/cbradar\/wp-content\/uploads\/2026\/01\/Gemini_Generated_Image_wvmc87wvmc87wvmc-1-1-1140x641.png 1140w, https:\/\/www.correiobraziliense.com.br\/cbradar\/wp-content\/uploads\/2026\/01\/Gemini_Generated_Image_wvmc87wvmc87wvmc-1-1.png 1280w\" sizes=\"(max-width: 1024px) 100vw, 1024px\" \/><figcaption class=\"wp-element-caption\">Um h\u00e1bito matinal que fortalece foco e mem\u00f3ria<\/figcaption><\/figure><\/div>\n\n\n<h2 class=\"wp-block-heading\">Quando esse h\u00e1bito come\u00e7a a mostrar resultados reais?<\/h2>\n\n\n\n<p>Os primeiros efeitos costumam surgir ap\u00f3s alguns dias de pr\u00e1tica consistente. A mente passa a responder com mais foco e menos distra\u00e7\u00e3o, especialmente em atividades que exigem aten\u00e7\u00e3o cont\u00ednua.<\/p>\n\n\n\n<p>Com o tempo, o c\u00e9rebro associa a manh\u00e3 a um momento de organiza\u00e7\u00e3o interna. Esse padr\u00e3o fortalece a mem\u00f3ria, reduz esquecimentos e melhora a qualidade geral do funcionamento mental.<\/p>\n","protected":false},"excerpt":{"rendered":"<p>Existe um h\u00e1bito simples pela manh\u00e3 capaz de ajustar o ritmo do c\u00e9rebro, melhorar o foco ao longo do dia e reduzir aqueles esquecimentos que parecem surgir sem motivo. A neuroci\u00eancia mostra que pequenas a\u00e7\u00f5es logo ap\u00f3s acordar influenciam horm\u00f4nios, aten\u00e7\u00e3o e mem\u00f3ria, criando uma base mais est\u00e1vel para o desempenho mental di\u00e1rio. Por que [&hellip;]<\/p>\n","protected":false},"author":21,"featured_media":180226,"comment_status":"open","ping_status":"open","sticky":false,"template":"","format":"standard","meta":{"_yoast_wpseo_focuskw":"h\u00e1bito matinal melhora foco e mem\u00f3ria","_yoast_wpseo_title":"","_yoast_wpseo_metadesc":"Neuroci\u00eancia mostra que a\u00e7\u00f5es logo ao acordar influenciam horm\u00f4nios, aten\u00e7\u00e3o e mem\u00f3ria, criando um dia mentalmente mais est\u00e1vel.","jnews-multi-image_gallery":[],"jnews_single_post":{"format":"standard"},"jnews_primary_category":[],"jnews_social_meta":[],"jnews_override_counter":[],"footnotes":""},"categories":[119,4404],"tags":[7766,8192,14349],"class_list":["post-180214","post","type-post","status-publish","format-standard","has-post-thumbnail","hentry","category-bem-estar","category-saude","tag-dopamina","tag-foco","tag-habito-matinal-2"],"yoast_head":"<!-- This site is optimized with the Yoast SEO plugin v24.6 - https:\/\/yoast.com\/wordpress\/plugins\/seo\/ -->\n<title>O h\u00e1bito matinal simples que melhora o foco e reduz esquecimentos - Correio Braziliense - Radar<\/title>\n<meta name=\"description\" content=\"Neuroci\u00eancia mostra que a\u00e7\u00f5es logo ao acordar influenciam horm\u00f4nios, aten\u00e7\u00e3o e mem\u00f3ria, criando um dia mentalmente mais est\u00e1vel.\" \/>\n<meta name=\"robots\" content=\"index, follow, max-snippet:-1, max-image-preview:large, max-video-preview:-1\" \/>\n<link rel=\"canonical\" href=\"https:\/\/www.correiobraziliense.com.br\/cbradar\/o-habito-matinal-simples-que-melhora-o-foco-e-reduz-esquecimentos\/\" \/>\n<meta property=\"og:locale\" content=\"pt_BR\" \/>\n<meta property=\"og:type\" content=\"article\" \/>\n<meta property=\"og:title\" content=\"O h\u00e1bito matinal simples que melhora o foco e reduz esquecimentos - Correio Braziliense - Radar\" \/>\n<meta property=\"og:description\" content=\"Neuroci\u00eancia mostra que a\u00e7\u00f5es logo ao acordar influenciam horm\u00f4nios, aten\u00e7\u00e3o e mem\u00f3ria, criando um dia mentalmente mais est\u00e1vel.\" \/>\n<meta property=\"og:url\" content=\"https:\/\/www.correiobraziliense.com.br\/cbradar\/o-habito-matinal-simples-que-melhora-o-foco-e-reduz-esquecimentos\/\" \/>\n<meta property=\"og:site_name\" content=\"Correio Braziliense - Radar\" \/>\n<meta property=\"article:published_time\" content=\"2026-01-23T20:50:00+00:00\" \/>\n<meta property=\"og:image\" content=\"https:\/\/www.correiobraziliense.com.br\/cbradar\/wp-content\/uploads\/2026\/01\/Gemini_Generated_Image_2c1x6z2c1x6z2c1x-1-1.png\" \/>\n\t<meta property=\"og:image:width\" content=\"1280\" \/>\n\t<meta property=\"og:image:height\" content=\"720\" \/>\n\t<meta property=\"og:image:type\" content=\"image\/png\" \/>\n<meta name=\"author\" content=\"Patrick Silva\" \/>\n<meta name=\"twitter:card\" content=\"summary_large_image\" \/>\n<meta name=\"twitter:label1\" content=\"Escrito por\" \/>\n\t<meta name=\"twitter:data1\" content=\"Patrick Silva\" \/>\n\t<meta name=\"twitter:label2\" content=\"Est. tempo de leitura\" \/>\n\t<meta name=\"twitter:data2\" content=\"4 minutos\" \/>\n<!-- \/ Yoast SEO plugin. -->","yoast_head_json":{"title":"O h\u00e1bito matinal simples que melhora o foco e reduz esquecimentos - Correio Braziliense - Radar","description":"Neuroci\u00eancia mostra que a\u00e7\u00f5es logo ao acordar influenciam horm\u00f4nios, aten\u00e7\u00e3o e mem\u00f3ria, criando um dia mentalmente mais est\u00e1vel.","robots":{"index":"index","follow":"follow","max-snippet":"max-snippet:-1","max-image-preview":"max-image-preview:large","max-video-preview":"max-video-preview:-1"},"canonical":"https:\/\/www.correiobraziliense.com.br\/cbradar\/o-habito-matinal-simples-que-melhora-o-foco-e-reduz-esquecimentos\/","og_locale":"pt_BR","og_type":"article","og_title":"O h\u00e1bito matinal simples que melhora o foco e reduz esquecimentos - Correio Braziliense - Radar","og_description":"Neuroci\u00eancia mostra que a\u00e7\u00f5es logo ao acordar influenciam horm\u00f4nios, aten\u00e7\u00e3o e mem\u00f3ria, criando um dia mentalmente mais est\u00e1vel.","og_url":"https:\/\/www.correiobraziliense.com.br\/cbradar\/o-habito-matinal-simples-que-melhora-o-foco-e-reduz-esquecimentos\/","og_site_name":"Correio Braziliense - Radar","article_published_time":"2026-01-23T20:50:00+00:00","og_image":[{"width":1280,"height":720,"url":"https:\/\/www.correiobraziliense.com.br\/cbradar\/wp-content\/uploads\/2026\/01\/Gemini_Generated_Image_2c1x6z2c1x6z2c1x-1-1.png","type":"image\/png"}],"author":"Patrick Silva","twitter_card":"summary_large_image","twitter_misc":{"Escrito por":"Patrick Silva","Est. tempo de leitura":"4 minutos"},"schema":{"@context":"https:\/\/schema.org","@graph":[{"@type":"WebPage","@id":"https:\/\/www.correiobraziliense.com.br\/cbradar\/o-habito-matinal-simples-que-melhora-o-foco-e-reduz-esquecimentos\/","url":"https:\/\/www.correiobraziliense.com.br\/cbradar\/o-habito-matinal-simples-que-melhora-o-foco-e-reduz-esquecimentos\/","name":"O h\u00e1bito matinal simples que melhora o foco e reduz esquecimentos - Correio Braziliense - Radar","isPartOf":{"@id":"https:\/\/www.correiobraziliense.com.br\/cbradar\/#website"},"primaryImageOfPage":{"@id":"https:\/\/www.correiobraziliense.com.br\/cbradar\/o-habito-matinal-simples-que-melhora-o-foco-e-reduz-esquecimentos\/#primaryimage"},"image":{"@id":"https:\/\/www.correiobraziliense.com.br\/cbradar\/o-habito-matinal-simples-que-melhora-o-foco-e-reduz-esquecimentos\/#primaryimage"},"thumbnailUrl":"https:\/\/www.correiobraziliense.com.br\/cbradar\/wp-content\/uploads\/2026\/01\/Gemini_Generated_Image_2c1x6z2c1x6z2c1x-1-1.png","datePublished":"2026-01-23T20:50:00+00:00","author":{"@id":"https:\/\/www.correiobraziliense.com.br\/cbradar\/#\/schema\/person\/5440b72be9c7eb74f446c846479dc4da"},"description":"Neuroci\u00eancia mostra que a\u00e7\u00f5es logo ao acordar influenciam horm\u00f4nios, aten\u00e7\u00e3o e mem\u00f3ria, criando um dia mentalmente mais est\u00e1vel.","breadcrumb":{"@id":"https:\/\/www.correiobraziliense.com.br\/cbradar\/o-habito-matinal-simples-que-melhora-o-foco-e-reduz-esquecimentos\/#breadcrumb"},"inLanguage":"pt-BR","potentialAction":[{"@type":"ReadAction","target":["https:\/\/www.correiobraziliense.com.br\/cbradar\/o-habito-matinal-simples-que-melhora-o-foco-e-reduz-esquecimentos\/"]}]},{"@type":"ImageObject","inLanguage":"pt-BR","@id":"https:\/\/www.correiobraziliense.com.br\/cbradar\/o-habito-matinal-simples-que-melhora-o-foco-e-reduz-esquecimentos\/#primaryimage","url":"https:\/\/www.correiobraziliense.com.br\/cbradar\/wp-content\/uploads\/2026\/01\/Gemini_Generated_Image_2c1x6z2c1x6z2c1x-1-1.png","contentUrl":"https:\/\/www.correiobraziliense.com.br\/cbradar\/wp-content\/uploads\/2026\/01\/Gemini_Generated_Image_2c1x6z2c1x6z2c1x-1-1.png","width":1280,"height":720,"caption":"Um h\u00e1bito matinal que fortalece foco e mem\u00f3ria"},{"@type":"BreadcrumbList","@id":"https:\/\/www.correiobraziliense.com.br\/cbradar\/o-habito-matinal-simples-que-melhora-o-foco-e-reduz-esquecimentos\/#breadcrumb","itemListElement":[{"@type":"ListItem","position":1,"name":"In\u00edcio","item":"https:\/\/www.correiobraziliense.com.br\/cbradar\/"},{"@type":"ListItem","position":2,"name":"O h\u00e1bito matinal simples que melhora o foco e reduz esquecimentos"}]},{"@type":"WebSite","@id":"https:\/\/www.correiobraziliense.com.br\/cbradar\/#website","url":"https:\/\/www.correiobraziliense.com.br\/cbradar\/","name":"Correio Braziliense - Radar","description":"Acompanhe as \u00faltimas not\u00edcias e fique bem informado sobre tudo o que acontece no Brasil e no mundo.","potentialAction":[{"@type":"SearchAction","target":{"@type":"EntryPoint","urlTemplate":"https:\/\/www.correiobraziliense.com.br\/cbradar\/?s={search_term_string}"},"query-input":{"@type":"PropertyValueSpecification","valueRequired":true,"valueName":"search_term_string"}}],"inLanguage":"pt-BR"},{"@type":"Person","@id":"https:\/\/www.correiobraziliense.com.br\/cbradar\/#\/schema\/person\/5440b72be9c7eb74f446c846479dc4da","name":"Patrick Silva","image":{"@type":"ImageObject","inLanguage":"pt-BR","@id":"https:\/\/www.correiobraziliense.com.br\/cbradar\/#\/schema\/person\/image\/","url":"https:\/\/secure.gravatar.com\/avatar\/944109df296fc087785c9715fd5f80b2?s=96&d=mm&r=g","contentUrl":"https:\/\/secure.gravatar.com\/avatar\/944109df296fc087785c9715fd5f80b2?s=96&d=mm&r=g","caption":"Patrick Silva"},"sameAs":["https:\/\/www.correiobraziliense.com.br\/cbradar\/"],"url":"https:\/\/www.correiobraziliense.com.br\/cbradar\/author\/patrick-silva\/"}]}},"_links":{"self":[{"href":"https:\/\/www.correiobraziliense.com.br\/cbradar\/wp-json\/wp\/v2\/posts\/180214","targetHints":{"allow":["GET"]}}],"collection":[{"href":"https:\/\/www.correiobraziliense.com.br\/cbradar\/wp-json\/wp\/v2\/posts"}],"about":[{"href":"https:\/\/www.correiobraziliense.com.br\/cbradar\/wp-json\/wp\/v2\/types\/post"}],"author":[{"embeddable":true,"href":"https:\/\/www.correiobraziliense.com.br\/cbradar\/wp-json\/wp\/v2\/users\/21"}],"replies":[{"embeddable":true,"href":"https:\/\/www.correiobraziliense.com.br\/cbradar\/wp-json\/wp\/v2\/comments?post=180214"}],"version-history":[{"count":9,"href":"https:\/\/www.correiobraziliense.com.br\/cbradar\/wp-json\/wp\/v2\/posts\/180214\/revisions"}],"predecessor-version":[{"id":180288,"href":"https:\/\/www.correiobraziliense.com.br\/cbradar\/wp-json\/wp\/v2\/posts\/180214\/revisions\/180288"}],"wp:featuredmedia":[{"embeddable":true,"href":"https:\/\/www.correiobraziliense.com.br\/cbradar\/wp-json\/wp\/v2\/media\/180226"}],"wp:attachment":[{"href":"https:\/\/www.correiobraziliense.com.br\/cbradar\/wp-json\/wp\/v2\/media?parent=180214"}],"wp:term":[{"taxonomy":"category","embeddable":true,"href":"https:\/\/www.correiobraziliense.com.br\/cbradar\/wp-json\/wp\/v2\/categories?post=180214"},{"taxonomy":"post_tag","embeddable":true,"href":"https:\/\/www.correiobraziliense.com.br\/cbradar\/wp-json\/wp\/v2\/tags?post=180214"}],"curies":[{"name":"wp","href":"https:\/\/api.w.org\/{rel}","templated":true}]}}