{"id":180227,"date":"2026-01-23T18:40:00","date_gmt":"2026-01-23T21:40:00","guid":{"rendered":"https:\/\/www.correiobraziliense.com.br\/cbradar\/?p=180227"},"modified":"2026-01-23T16:37:18","modified_gmt":"2026-01-23T19:37:18","slug":"o-alimento-simples-que-melhora-concentracao-e-raciocinio","status":"publish","type":"post","link":"https:\/\/www.correiobraziliense.com.br\/cbradar\/o-alimento-simples-que-melhora-concentracao-e-raciocinio\/","title":{"rendered":"O alimento simples que melhora concentra\u00e7\u00e3o e racioc\u00ednio"},"content":{"rendered":"\n<p>Um alimento simples, acess\u00edvel e presente na rotina de muitas pessoas tem chamado a aten\u00e7\u00e3o de pesquisadores por seus efeitos positivos sobre a concentra\u00e7\u00e3o e o racioc\u00ednio. Estudos cient\u00edficos indicam que certos nutrientes atuam diretamente no funcionamento cerebral, favorecendo clareza mental, mem\u00f3ria e desempenho cognitivo de forma consistente.<\/p>\n\n\n\n<h2 class=\"wp-block-heading\">Por que a alimenta\u00e7\u00e3o influencia tanto o racioc\u00ednio?<\/h2>\n\n\n\n<p>O c\u00e9rebro \u00e9 um \u00f3rg\u00e3o altamente dependente de nutrientes espec\u00edficos para funcionar bem. A qualidade da alimenta\u00e7\u00e3o interfere na comunica\u00e7\u00e3o entre neur\u00f4nios, na velocidade de processamento das informa\u00e7\u00f5es e na capacidade de manter o foco.<\/p>\n\n\n\n<p>Quando faltam compostos essenciais, o racioc\u00ednio tende a ficar mais lento e a concentra\u00e7\u00e3o se torna inst\u00e1vel. Por isso, escolhas alimentares simples podem gerar impactos relevantes no desempenho mental di\u00e1rio.<\/p>\n\n\n<div class=\"wp-block-image\">\n<figure class=\"aligncenter size-large\"><img decoding=\"async\" width=\"1024\" height=\"576\" src=\"https:\/\/www.correiobraziliense.com.br\/cbradar\/wp-content\/uploads\/2026\/01\/Gemini_Generated_Image_r1crmer1crmer1cr-1-1-1024x576.png\" alt=\"O alimento simples que melhora concentra\u00e7\u00e3o e racioc\u00ednio\" class=\"wp-image-180230\" srcset=\"https:\/\/www.correiobraziliense.com.br\/cbradar\/wp-content\/uploads\/2026\/01\/Gemini_Generated_Image_r1crmer1crmer1cr-1-1-1024x576.png 1024w, https:\/\/www.correiobraziliense.com.br\/cbradar\/wp-content\/uploads\/2026\/01\/Gemini_Generated_Image_r1crmer1crmer1cr-1-1-300x169.png 300w, https:\/\/www.correiobraziliense.com.br\/cbradar\/wp-content\/uploads\/2026\/01\/Gemini_Generated_Image_r1crmer1crmer1cr-1-1-768x432.png 768w, https:\/\/www.correiobraziliense.com.br\/cbradar\/wp-content\/uploads\/2026\/01\/Gemini_Generated_Image_r1crmer1crmer1cr-1-1-750x422.png 750w, https:\/\/www.correiobraziliense.com.br\/cbradar\/wp-content\/uploads\/2026\/01\/Gemini_Generated_Image_r1crmer1crmer1cr-1-1-1140x641.png 1140w, https:\/\/www.correiobraziliense.com.br\/cbradar\/wp-content\/uploads\/2026\/01\/Gemini_Generated_Image_r1crmer1crmer1cr-1-1.png 1280w\" sizes=\"(max-width: 1024px) 100vw, 1024px\" \/><figcaption class=\"wp-element-caption\">alimento que melhora concentra\u00e7\u00e3o e racioc\u00ednio<\/figcaption><\/figure><\/div>\n\n\n<p>Leia tamb\u00e9m: <a href=\"https:\/\/www.correiobraziliense.com.br\/cbradar\/fazer-essa-atividade-fisica-simples-por-5-minutos-por-dia-pode-ajudar-a-viver-mais\/\" target=\"_blank\" rel=\"noreferrer noopener\">Fazer essa atividade f\u00edsica simples por 5 minutos por dia pode ajudar a viver mais<\/a><\/p>\n\n\n\n<h2 class=\"wp-block-heading\">Como o \u00f4mega 3 atua na concentra\u00e7\u00e3o?<\/h2>\n\n\n\n<p>O \u00f4mega-3, especialmente o DHA, \u00e9 um \u00e1cido graxo essencial que comp\u00f5e grande parte das membranas celulares dos neur\u00f4nios, contribuindo para a estrutura das c\u00e9lulas cerebrais. Ele melhora a fluidez dessas membranas, o que facilita a transmiss\u00e3o de sinais entre os neur\u00f4nios, influenciando mem\u00f3ria, cogni\u00e7\u00e3o e humor.<\/p>\n\n\n\n<p><strong>Essa influ\u00eancia biol\u00f3gica \u00e9 um pilar da neuroci\u00eancia nutricional, que estuda como a composi\u00e7\u00e3o molecular do que ingerimos afeta a plasticidade sin\u00e1ptica e a sa\u00fade dos tecidos nervosos.<\/strong> De acordo com o <a target=\"_blank\" rel=\"noreferrer noopener\" href=\"https:\/\/www.ncbi.nlm.nih.gov\/pmc\/articles\/PMC2805706\/\">estudo &#8220;Brain foods: the effects of nutrients on brain function&#8221;, publicado na National Library of Medicine (PubMed)<\/a>, os \u00e1cidos graxos \u00f4mega-3 s\u00e3o essenciais para manter a integridade funcional dos circuitos cerebrais, auxiliando diretamente na mem\u00f3ria e na preven\u00e7\u00e3o do decl\u00ednio cognitivo.<\/p>\n\n\n\n<p>Antes de entender os benef\u00edcios pr\u00e1ticos desse nutriente, \u00e9 importante observar como sua presen\u00e7a regular na alimenta\u00e7\u00e3o favorece fun\u00e7\u00f5es cognitivas essenciais:<\/p>\n\n\n\n<ul class=\"wp-block-list\">\n<li><strong>Aten\u00e7\u00e3o sustentada:<\/strong> Melhora do foco ao longo do dia.<\/li>\n\n\n\n<li><strong>Velocidade de racioc\u00ednio:<\/strong> Otimiza\u00e7\u00e3o do processamento de dados.<\/li>\n\n\n\n<li><strong>Resist\u00eancia mental:<\/strong> Redu\u00e7\u00e3o da fadiga em tarefas prolongadas.<\/li>\n<\/ul>\n\n\n\n<h2 class=\"wp-block-heading\">Quais alimentos simples concentram esses \u00e1cidos graxos?<\/h2>\n\n\n\n<p>Alguns alimentos comuns se destacam por oferecer boas quantidades de \u00e1cidos graxos ben\u00e9ficos ao c\u00e9rebro. Eles s\u00e3o f\u00e1ceis de incluir na rotina e n\u00e3o exigem mudan\u00e7as dr\u00e1sticas no card\u00e1pio.<\/p>\n\n\n\n<p>Entre as op\u00e7\u00f5es mais estudadas, alguns alimentos se destacam pela combina\u00e7\u00e3o de praticidade e valor nutricional:<\/p>\n\n\n\n<ul class=\"wp-block-list\">\n<li>Peixes como sardinha e salm\u00e3o.<\/li>\n\n\n\n<li>Nozes e castanhas consumidas com modera\u00e7\u00e3o.<\/li>\n\n\n\n<li>Sementes ricas em gorduras boas.<\/li>\n<\/ul>\n\n\n\n<h2 class=\"wp-block-heading\">Qual \u00e9 o papel dos antioxidantes no desempenho mental?<\/h2>\n\n\n\n<p>Al\u00e9m das gorduras saud\u00e1veis, antioxidantes ajudam a proteger o c\u00e9rebro contra o estresse oxidativo. Esse processo est\u00e1 associado ao envelhecimento precoce das c\u00e9lulas cerebrais e \u00e0 queda do desempenho cognitivo.<\/p>\n\n\n\n<p>Quando combinados com \u00e1cidos graxos de qualidade, os antioxidantes contribuem para um ambiente cerebral mais est\u00e1vel, favorecendo clareza mental e melhor capacidade de resolu\u00e7\u00e3o de problemas.<\/p>\n\n\n<div class=\"wp-block-image\">\n<figure class=\"aligncenter size-large\"><img decoding=\"async\" width=\"1024\" height=\"576\" src=\"https:\/\/www.correiobraziliense.com.br\/cbradar\/wp-content\/uploads\/2026\/01\/Gemini_Generated_Image_ozu3z2ozu3z2ozu3-1-1-1024x576.png\" alt=\"O alimento simples que melhora concentra\u00e7\u00e3o e racioc\u00ednio\" class=\"wp-image-180231\" srcset=\"https:\/\/www.correiobraziliense.com.br\/cbradar\/wp-content\/uploads\/2026\/01\/Gemini_Generated_Image_ozu3z2ozu3z2ozu3-1-1-1024x576.png 1024w, https:\/\/www.correiobraziliense.com.br\/cbradar\/wp-content\/uploads\/2026\/01\/Gemini_Generated_Image_ozu3z2ozu3z2ozu3-1-1-300x169.png 300w, https:\/\/www.correiobraziliense.com.br\/cbradar\/wp-content\/uploads\/2026\/01\/Gemini_Generated_Image_ozu3z2ozu3z2ozu3-1-1-768x432.png 768w, https:\/\/www.correiobraziliense.com.br\/cbradar\/wp-content\/uploads\/2026\/01\/Gemini_Generated_Image_ozu3z2ozu3z2ozu3-1-1-750x422.png 750w, https:\/\/www.correiobraziliense.com.br\/cbradar\/wp-content\/uploads\/2026\/01\/Gemini_Generated_Image_ozu3z2ozu3z2ozu3-1-1-1140x641.png 1140w, https:\/\/www.correiobraziliense.com.br\/cbradar\/wp-content\/uploads\/2026\/01\/Gemini_Generated_Image_ozu3z2ozu3z2ozu3-1-1.png 1280w\" sizes=\"(max-width: 1024px) 100vw, 1024px\" \/><figcaption class=\"wp-element-caption\">alimento que melhora concentra\u00e7\u00e3o e racioc\u00ednio<\/figcaption><\/figure><\/div>\n\n\n<h2 class=\"wp-block-heading\">Em quanto tempo esses benef\u00edcios podem ser percebidos?<\/h2>\n\n\n\n<p>Os efeitos n\u00e3o costumam ser imediatos, mas aparecem com o consumo regular ao longo das semanas. A const\u00e2ncia \u00e9 mais importante do que grandes quantidades pontuais.<\/p>\n\n\n\n<p>Com o tempo, muitas pessoas relatam melhora no foco, maior facilidade para organizar pensamentos e racioc\u00ednio mais \u00e1gil, mostrando como um alimento simples pode apoiar o funcionamento do c\u00e9rebro.<\/p>\n","protected":false},"excerpt":{"rendered":"<p>Um alimento simples, acess\u00edvel e presente na rotina de muitas pessoas tem chamado a aten\u00e7\u00e3o de pesquisadores por seus efeitos positivos sobre a concentra\u00e7\u00e3o e o racioc\u00ednio. Estudos cient\u00edficos indicam que certos nutrientes atuam diretamente no funcionamento cerebral, favorecendo clareza mental, mem\u00f3ria e desempenho cognitivo de forma consistente. Por que a alimenta\u00e7\u00e3o influencia tanto o [&hellip;]<\/p>\n","protected":false},"author":21,"featured_media":180233,"comment_status":"open","ping_status":"open","sticky":false,"template":"","format":"standard","meta":{"_yoast_wpseo_focuskw":"alimento que melhora concentra\u00e7\u00e3o e racioc\u00ednio","_yoast_wpseo_title":"","_yoast_wpseo_metadesc":"Pesquisadores apontam que certos alimentos comuns atuam diretamente no c\u00e9rebro, favorecendo foco, mem\u00f3ria e desempenho cognitivo di\u00e1rio.","jnews-multi-image_gallery":[],"jnews_single_post":{"format":"standard"},"jnews_primary_category":[],"jnews_social_meta":[],"jnews_override_counter":[],"footnotes":""},"categories":[119,4404],"tags":[1524,3795,14350],"class_list":["post-180227","post","type-post","status-publish","format-standard","has-post-thumbnail","hentry","category-bem-estar","category-saude","tag-alimento","tag-concentracao","tag-raciocio"],"yoast_head":"<!-- This site is optimized with the Yoast SEO plugin v24.6 - https:\/\/yoast.com\/wordpress\/plugins\/seo\/ -->\n<title>O alimento simples que melhora concentra\u00e7\u00e3o e racioc\u00ednio - Correio Braziliense - Radar<\/title>\n<meta name=\"description\" content=\"Pesquisadores apontam que certos alimentos comuns atuam diretamente no c\u00e9rebro, favorecendo foco, mem\u00f3ria e desempenho cognitivo di\u00e1rio.\" \/>\n<meta name=\"robots\" content=\"index, follow, max-snippet:-1, max-image-preview:large, max-video-preview:-1\" \/>\n<link rel=\"canonical\" href=\"https:\/\/www.correiobraziliense.com.br\/cbradar\/o-alimento-simples-que-melhora-concentracao-e-raciocinio\/\" \/>\n<meta property=\"og:locale\" content=\"pt_BR\" \/>\n<meta property=\"og:type\" content=\"article\" \/>\n<meta property=\"og:title\" content=\"O alimento simples que melhora concentra\u00e7\u00e3o e racioc\u00ednio - Correio Braziliense - Radar\" \/>\n<meta property=\"og:description\" content=\"Pesquisadores apontam que certos alimentos comuns atuam diretamente no c\u00e9rebro, favorecendo foco, mem\u00f3ria e desempenho cognitivo di\u00e1rio.\" \/>\n<meta property=\"og:url\" content=\"https:\/\/www.correiobraziliense.com.br\/cbradar\/o-alimento-simples-que-melhora-concentracao-e-raciocinio\/\" \/>\n<meta property=\"og:site_name\" content=\"Correio Braziliense - Radar\" \/>\n<meta property=\"article:published_time\" content=\"2026-01-23T21:40:00+00:00\" \/>\n<meta property=\"og:image\" content=\"https:\/\/www.correiobraziliense.com.br\/cbradar\/wp-content\/uploads\/2026\/01\/Gemini_Generated_Image_u5ehbwu5ehbwu5eh-1-1.png\" \/>\n\t<meta property=\"og:image:width\" content=\"1280\" \/>\n\t<meta property=\"og:image:height\" content=\"720\" \/>\n\t<meta property=\"og:image:type\" content=\"image\/png\" \/>\n<meta name=\"author\" content=\"Patrick Silva\" \/>\n<meta name=\"twitter:card\" content=\"summary_large_image\" \/>\n<meta name=\"twitter:label1\" content=\"Escrito por\" \/>\n\t<meta name=\"twitter:data1\" content=\"Patrick Silva\" \/>\n\t<meta name=\"twitter:label2\" content=\"Est. tempo de leitura\" \/>\n\t<meta name=\"twitter:data2\" content=\"4 minutos\" \/>\n<!-- \/ Yoast SEO plugin. -->","yoast_head_json":{"title":"O alimento simples que melhora concentra\u00e7\u00e3o e racioc\u00ednio - Correio Braziliense - Radar","description":"Pesquisadores apontam que certos alimentos comuns atuam diretamente no c\u00e9rebro, favorecendo foco, mem\u00f3ria e desempenho cognitivo di\u00e1rio.","robots":{"index":"index","follow":"follow","max-snippet":"max-snippet:-1","max-image-preview":"max-image-preview:large","max-video-preview":"max-video-preview:-1"},"canonical":"https:\/\/www.correiobraziliense.com.br\/cbradar\/o-alimento-simples-que-melhora-concentracao-e-raciocinio\/","og_locale":"pt_BR","og_type":"article","og_title":"O alimento simples que melhora concentra\u00e7\u00e3o e racioc\u00ednio - Correio Braziliense - Radar","og_description":"Pesquisadores apontam que certos alimentos comuns atuam diretamente no c\u00e9rebro, favorecendo foco, mem\u00f3ria e desempenho cognitivo di\u00e1rio.","og_url":"https:\/\/www.correiobraziliense.com.br\/cbradar\/o-alimento-simples-que-melhora-concentracao-e-raciocinio\/","og_site_name":"Correio Braziliense - Radar","article_published_time":"2026-01-23T21:40:00+00:00","og_image":[{"width":1280,"height":720,"url":"https:\/\/www.correiobraziliense.com.br\/cbradar\/wp-content\/uploads\/2026\/01\/Gemini_Generated_Image_u5ehbwu5ehbwu5eh-1-1.png","type":"image\/png"}],"author":"Patrick Silva","twitter_card":"summary_large_image","twitter_misc":{"Escrito por":"Patrick Silva","Est. tempo de leitura":"4 minutos"},"schema":{"@context":"https:\/\/schema.org","@graph":[{"@type":"WebPage","@id":"https:\/\/www.correiobraziliense.com.br\/cbradar\/o-alimento-simples-que-melhora-concentracao-e-raciocinio\/","url":"https:\/\/www.correiobraziliense.com.br\/cbradar\/o-alimento-simples-que-melhora-concentracao-e-raciocinio\/","name":"O alimento simples que melhora concentra\u00e7\u00e3o e racioc\u00ednio - Correio Braziliense - Radar","isPartOf":{"@id":"https:\/\/www.correiobraziliense.com.br\/cbradar\/#website"},"primaryImageOfPage":{"@id":"https:\/\/www.correiobraziliense.com.br\/cbradar\/o-alimento-simples-que-melhora-concentracao-e-raciocinio\/#primaryimage"},"image":{"@id":"https:\/\/www.correiobraziliense.com.br\/cbradar\/o-alimento-simples-que-melhora-concentracao-e-raciocinio\/#primaryimage"},"thumbnailUrl":"https:\/\/www.correiobraziliense.com.br\/cbradar\/wp-content\/uploads\/2026\/01\/Gemini_Generated_Image_u5ehbwu5ehbwu5eh-1-1.png","datePublished":"2026-01-23T21:40:00+00:00","author":{"@id":"https:\/\/www.correiobraziliense.com.br\/cbradar\/#\/schema\/person\/5440b72be9c7eb74f446c846479dc4da"},"description":"Pesquisadores apontam que certos alimentos comuns atuam diretamente no c\u00e9rebro, favorecendo foco, mem\u00f3ria e desempenho cognitivo di\u00e1rio.","breadcrumb":{"@id":"https:\/\/www.correiobraziliense.com.br\/cbradar\/o-alimento-simples-que-melhora-concentracao-e-raciocinio\/#breadcrumb"},"inLanguage":"pt-BR","potentialAction":[{"@type":"ReadAction","target":["https:\/\/www.correiobraziliense.com.br\/cbradar\/o-alimento-simples-que-melhora-concentracao-e-raciocinio\/"]}]},{"@type":"ImageObject","inLanguage":"pt-BR","@id":"https:\/\/www.correiobraziliense.com.br\/cbradar\/o-alimento-simples-que-melhora-concentracao-e-raciocinio\/#primaryimage","url":"https:\/\/www.correiobraziliense.com.br\/cbradar\/wp-content\/uploads\/2026\/01\/Gemini_Generated_Image_u5ehbwu5ehbwu5eh-1-1.png","contentUrl":"https:\/\/www.correiobraziliense.com.br\/cbradar\/wp-content\/uploads\/2026\/01\/Gemini_Generated_Image_u5ehbwu5ehbwu5eh-1-1.png","width":1280,"height":720,"caption":"alimento que melhora concentra\u00e7\u00e3o e racioc\u00ednio"},{"@type":"BreadcrumbList","@id":"https:\/\/www.correiobraziliense.com.br\/cbradar\/o-alimento-simples-que-melhora-concentracao-e-raciocinio\/#breadcrumb","itemListElement":[{"@type":"ListItem","position":1,"name":"In\u00edcio","item":"https:\/\/www.correiobraziliense.com.br\/cbradar\/"},{"@type":"ListItem","position":2,"name":"O alimento simples que melhora concentra\u00e7\u00e3o e racioc\u00ednio"}]},{"@type":"WebSite","@id":"https:\/\/www.correiobraziliense.com.br\/cbradar\/#website","url":"https:\/\/www.correiobraziliense.com.br\/cbradar\/","name":"Correio Braziliense - Radar","description":"Acompanhe as \u00faltimas not\u00edcias e fique bem informado sobre tudo o que acontece no Brasil e no mundo.","potentialAction":[{"@type":"SearchAction","target":{"@type":"EntryPoint","urlTemplate":"https:\/\/www.correiobraziliense.com.br\/cbradar\/?s={search_term_string}"},"query-input":{"@type":"PropertyValueSpecification","valueRequired":true,"valueName":"search_term_string"}}],"inLanguage":"pt-BR"},{"@type":"Person","@id":"https:\/\/www.correiobraziliense.com.br\/cbradar\/#\/schema\/person\/5440b72be9c7eb74f446c846479dc4da","name":"Patrick Silva","image":{"@type":"ImageObject","inLanguage":"pt-BR","@id":"https:\/\/www.correiobraziliense.com.br\/cbradar\/#\/schema\/person\/image\/","url":"https:\/\/secure.gravatar.com\/avatar\/944109df296fc087785c9715fd5f80b2?s=96&d=mm&r=g","contentUrl":"https:\/\/secure.gravatar.com\/avatar\/944109df296fc087785c9715fd5f80b2?s=96&d=mm&r=g","caption":"Patrick Silva"},"sameAs":["https:\/\/www.correiobraziliense.com.br\/cbradar\/"],"url":"https:\/\/www.correiobraziliense.com.br\/cbradar\/author\/patrick-silva\/"}]}},"_links":{"self":[{"href":"https:\/\/www.correiobraziliense.com.br\/cbradar\/wp-json\/wp\/v2\/posts\/180227","targetHints":{"allow":["GET"]}}],"collection":[{"href":"https:\/\/www.correiobraziliense.com.br\/cbradar\/wp-json\/wp\/v2\/posts"}],"about":[{"href":"https:\/\/www.correiobraziliense.com.br\/cbradar\/wp-json\/wp\/v2\/types\/post"}],"author":[{"embeddable":true,"href":"https:\/\/www.correiobraziliense.com.br\/cbradar\/wp-json\/wp\/v2\/users\/21"}],"replies":[{"embeddable":true,"href":"https:\/\/www.correiobraziliense.com.br\/cbradar\/wp-json\/wp\/v2\/comments?post=180227"}],"version-history":[{"count":6,"href":"https:\/\/www.correiobraziliense.com.br\/cbradar\/wp-json\/wp\/v2\/posts\/180227\/revisions"}],"predecessor-version":[{"id":180287,"href":"https:\/\/www.correiobraziliense.com.br\/cbradar\/wp-json\/wp\/v2\/posts\/180227\/revisions\/180287"}],"wp:featuredmedia":[{"embeddable":true,"href":"https:\/\/www.correiobraziliense.com.br\/cbradar\/wp-json\/wp\/v2\/media\/180233"}],"wp:attachment":[{"href":"https:\/\/www.correiobraziliense.com.br\/cbradar\/wp-json\/wp\/v2\/media?parent=180227"}],"wp:term":[{"taxonomy":"category","embeddable":true,"href":"https:\/\/www.correiobraziliense.com.br\/cbradar\/wp-json\/wp\/v2\/categories?post=180227"},{"taxonomy":"post_tag","embeddable":true,"href":"https:\/\/www.correiobraziliense.com.br\/cbradar\/wp-json\/wp\/v2\/tags?post=180227"}],"curies":[{"name":"wp","href":"https:\/\/api.w.org\/{rel}","templated":true}]}}