{"id":180247,"date":"2026-01-23T20:40:00","date_gmt":"2026-01-23T23:40:00","guid":{"rendered":"https:\/\/www.correiobraziliense.com.br\/cbradar\/?p=180247"},"modified":"2026-01-23T16:37:31","modified_gmt":"2026-01-23T19:37:31","slug":"adeus-ao-cimento-queimado-novo-acabamento-moderno-e-barato-que-promete-elegancia-sem-sujeira-nas-casas-em-2026","status":"publish","type":"post","link":"https:\/\/www.correiobraziliense.com.br\/cbradar\/adeus-ao-cimento-queimado-novo-acabamento-moderno-e-barato-que-promete-elegancia-sem-sujeira-nas-casas-em-2026\/","title":{"rendered":"Adeus ao cimento queimado: novo acabamento moderno e barato que promete eleg\u00e2ncia sem sujeira nas casas em 2026"},"content":{"rendered":"\n<p>O cimento queimado marcou \u00e9poca por seu visual moderno, mas a realidade de obras com poeira, fissuras e manuten\u00e7\u00e3o constante fez muita gente repensar essa escolha. Um novo tipo de acabamento vem ganhando espa\u00e7o por oferecer a mesma est\u00e9tica sofisticada, por\u00e9m com aplica\u00e7\u00e3o mais limpa, acabamento uniforme e muito mais praticidade no dia a dia.<\/p>\n\n\n\n<h2 class=\"wp-block-heading\">Por que o cimento queimado deixou de ser a primeira op\u00e7\u00e3o?<\/h2>\n\n\n\n<p>Apesar do apelo visual, o cimento queimado exige m\u00e3o de obra altamente especializada e um processo que gera sujeira, ru\u00eddo e imprevistos durante a obra. Pequenos erros na aplica\u00e7\u00e3o podem resultar em manchas e trincas dif\u00edceis de corrigir.<\/p>\n\n\n\n<p>Com o tempo, tamb\u00e9m surgem quest\u00f5es de manuten\u00e7\u00e3o, j\u00e1 que o material pode absorver l\u00edquidos e perder o aspecto original. Esses fatores abriram espa\u00e7o para alternativas mais modernas e control\u00e1veis.<\/p>\n\n\n<div class=\"wp-block-image\">\n<figure class=\"aligncenter size-large\"><img decoding=\"async\" width=\"1024\" height=\"576\" src=\"https:\/\/www.correiobraziliense.com.br\/cbradar\/wp-content\/uploads\/2026\/01\/Gemini_Generated_Image_t0opz7t0opz7t0op-1-1-1024x576.png\" alt=\"Adeus ao cimento queimado: novo acabamento moderno e barato que promete eleg\u00e2ncia sem sujeira nas casas em 2026\" class=\"wp-image-180250\" srcset=\"https:\/\/www.correiobraziliense.com.br\/cbradar\/wp-content\/uploads\/2026\/01\/Gemini_Generated_Image_t0opz7t0opz7t0op-1-1-1024x576.png 1024w, https:\/\/www.correiobraziliense.com.br\/cbradar\/wp-content\/uploads\/2026\/01\/Gemini_Generated_Image_t0opz7t0opz7t0op-1-1-300x169.png 300w, https:\/\/www.correiobraziliense.com.br\/cbradar\/wp-content\/uploads\/2026\/01\/Gemini_Generated_Image_t0opz7t0opz7t0op-1-1-768x432.png 768w, https:\/\/www.correiobraziliense.com.br\/cbradar\/wp-content\/uploads\/2026\/01\/Gemini_Generated_Image_t0opz7t0opz7t0op-1-1-750x422.png 750w, https:\/\/www.correiobraziliense.com.br\/cbradar\/wp-content\/uploads\/2026\/01\/Gemini_Generated_Image_t0opz7t0opz7t0op-1-1-1140x641.png 1140w, https:\/\/www.correiobraziliense.com.br\/cbradar\/wp-content\/uploads\/2026\/01\/Gemini_Generated_Image_t0opz7t0opz7t0op-1-1.png 1280w\" sizes=\"(max-width: 1024px) 100vw, 1024px\" \/><figcaption class=\"wp-element-caption\">O visual continua, o problema ficou no passado<\/figcaption><\/figure><\/div>\n\n\n<p>Leia tamb\u00e9m: <a href=\"https:\/\/www.correiobraziliense.com.br\/cbradar\/nem-marmore-nem-granito-o-material-que-virou-favorito-em-bancadas-modernas\/\" target=\"_blank\" rel=\"noreferrer noopener\">Nem m\u00e1rmore, nem granito: o material que virou favorito em bancadas modernas<\/a><\/p>\n\n\n\n<h2 class=\"wp-block-heading\">O que torna o piso de microcimento uma alternativa t\u00e3o atrativa?<\/h2>\n\n\n\n<p>O piso de microcimento mant\u00e9m o visual cont\u00ednuo e elegante, mas com uma composi\u00e7\u00e3o mais tecnol\u00f3gica. Ele pode ser aplicado sobre outros revestimentos, reduzindo entulho e acelerando reformas.<\/p>\n\n\n\n<p>Antes de entender por que ele se tornou tend\u00eancia, vale observar os principais benef\u00edcios que explicam sua popularidade crescente.<\/p>\n\n\n\n<ul class=\"wp-block-list\">\n<li>Acabamento uniforme e sem juntas aparentes.<\/li>\n\n\n\n<li>Aplica\u00e7\u00e3o mais limpa e com menos res\u00edduos.<\/li>\n\n\n\n<li>Alta ader\u00eancia e variedade de tonalidades.<\/li>\n<\/ul>\n\n\n\n<h2 class=\"wp-block-heading\">Como o porcelanato l\u00edquido se destaca nos projetos atuais?<\/h2>\n\n\n\n<p>O porcelanato l\u00edquido entrega um visual sofisticado e brilhante, com efeito cont\u00ednuo que amplia os ambientes. Sua aplica\u00e7\u00e3o autonivelante garante um resultado liso e altamente regular.<\/p>\n\n\n\n<p>Esse tipo de acabamento vem sendo escolhido por quem busca impacto visual aliado \u00e0 facilidade de limpeza e durabilidade.<\/p>\n\n\n\n<ul class=\"wp-block-list\">\n<li>Superf\u00edcie lisa e sem emendas vis\u00edveis.<\/li>\n\n\n\n<li>Alta resist\u00eancia ao desgaste di\u00e1rio.<\/li>\n\n\n\n<li>Facilidade de higieniza\u00e7\u00e3o no dia a dia.<\/li>\n<\/ul>\n\n\n\n<h2 class=\"wp-block-heading\">Qual \u00e9 o papel da resina autonivelante nesse novo cen\u00e1rio?<\/h2>\n\n\n\n<p>A resina autonivelante surge como uma solu\u00e7\u00e3o vers\u00e1til, capaz de criar superf\u00edcies modernas com controle total do acabamento. Ela se adapta a diferentes estilos e pode receber efeitos foscos ou acetinados.<\/p>\n\n\n\n<p>Al\u00e9m do apelo est\u00e9tico, esse material oferece previsibilidade no resultado final, algo muito valorizado em projetos residenciais contempor\u00e2neos.<\/p>\n\n\n<div class=\"wp-block-image\">\n<figure class=\"aligncenter size-large\"><img decoding=\"async\" width=\"1024\" height=\"576\" src=\"https:\/\/www.correiobraziliense.com.br\/cbradar\/wp-content\/uploads\/2026\/01\/Gemini_Generated_Image_ifqodjifqodjifqo-1-1-1024x576.png\" alt=\"Adeus ao cimento queimado: novo acabamento moderno e barato que promete eleg\u00e2ncia sem sujeira nas casas em 2026\" class=\"wp-image-180249\" srcset=\"https:\/\/www.correiobraziliense.com.br\/cbradar\/wp-content\/uploads\/2026\/01\/Gemini_Generated_Image_ifqodjifqodjifqo-1-1-1024x576.png 1024w, https:\/\/www.correiobraziliense.com.br\/cbradar\/wp-content\/uploads\/2026\/01\/Gemini_Generated_Image_ifqodjifqodjifqo-1-1-300x169.png 300w, https:\/\/www.correiobraziliense.com.br\/cbradar\/wp-content\/uploads\/2026\/01\/Gemini_Generated_Image_ifqodjifqodjifqo-1-1-768x432.png 768w, https:\/\/www.correiobraziliense.com.br\/cbradar\/wp-content\/uploads\/2026\/01\/Gemini_Generated_Image_ifqodjifqodjifqo-1-1-750x422.png 750w, https:\/\/www.correiobraziliense.com.br\/cbradar\/wp-content\/uploads\/2026\/01\/Gemini_Generated_Image_ifqodjifqodjifqo-1-1-1140x641.png 1140w, https:\/\/www.correiobraziliense.com.br\/cbradar\/wp-content\/uploads\/2026\/01\/Gemini_Generated_Image_ifqodjifqodjifqo-1-1.png 1280w\" sizes=\"(max-width: 1024px) 100vw, 1024px\" \/><figcaption class=\"wp-element-caption\">O visual continua, o problema ficou no passado<\/figcaption><\/figure><\/div>\n\n\n<h2 class=\"wp-block-heading\">Como escolher o acabamento ideal para substituir o cimento queimado?<\/h2>\n\n\n\n<p>A escolha depende do estilo do ambiente, da rotina da casa e do n\u00edvel de manuten\u00e7\u00e3o desejado. Cada solu\u00e7\u00e3o apresenta vantagens espec\u00edficas que devem ser alinhadas ao uso do espa\u00e7o.<\/p>\n\n\n\n<p>Ao optar por acabamentos mais tecnol\u00f3gicos, \u00e9 poss\u00edvel alcan\u00e7ar eleg\u00e2ncia, conforto visual e praticidade, sem lidar com a sujeira e as limita\u00e7\u00f5es que tornaram o cimento queimado menos atrativo.<\/p>\n","protected":false},"excerpt":{"rendered":"<p>O cimento queimado marcou \u00e9poca por seu visual moderno, mas a realidade de obras com poeira, fissuras e manuten\u00e7\u00e3o constante fez muita gente repensar essa escolha. Um novo tipo de acabamento vem ganhando espa\u00e7o por oferecer a mesma est\u00e9tica sofisticada, por\u00e9m com aplica\u00e7\u00e3o mais limpa, acabamento uniforme e muito mais praticidade no dia a dia. [&hellip;]<\/p>\n","protected":false},"author":21,"featured_media":180251,"comment_status":"open","ping_status":"open","sticky":false,"template":"","format":"standard","meta":{"_yoast_wpseo_focuskw":"substituto do cimento queimado","_yoast_wpseo_title":"","_yoast_wpseo_metadesc":"Novos acabamentos cont\u00ednuos entregam est\u00e9tica sofisticada sem trincas, sujeira de obra ou absor\u00e7\u00e3o excessiva comum no cimento queimado.","jnews-multi-image_gallery":[],"jnews_single_post":{"format":"standard"},"jnews_primary_category":[],"jnews_social_meta":[],"jnews_override_counter":[],"footnotes":""},"categories":[143],"post_tag":[887,14355,11541,14356],"class_list":["post-180247","post","type-post","status-publish","format-standard","has-post-thumbnail","hentry","category-casa-e-decoracao","tag-casa","tag-cimento","tag-construcao","tag-obras"],"yoast_head":"<!-- This site is optimized with the Yoast SEO plugin v24.6 - https:\/\/yoast.com\/wordpress\/plugins\/seo\/ -->\n<title>Adeus ao cimento queimado: novo acabamento moderno e barato que promete eleg\u00e2ncia sem sujeira nas casas em 2026 - Correio Braziliense - Radar<\/title>\n<meta name=\"description\" content=\"Novos acabamentos cont\u00ednuos entregam est\u00e9tica sofisticada sem trincas, sujeira de obra ou absor\u00e7\u00e3o excessiva comum no cimento queimado.\" \/>\n<meta name=\"robots\" content=\"index, follow, max-snippet:-1, max-image-preview:large, max-video-preview:-1\" \/>\n<link rel=\"canonical\" href=\"https:\/\/www.correiobraziliense.com.br\/cbradar\/adeus-ao-cimento-queimado-novo-acabamento-moderno-e-barato-que-promete-elegancia-sem-sujeira-nas-casas-em-2026\/\" \/>\n<meta property=\"og:locale\" content=\"pt_BR\" \/>\n<meta property=\"og:type\" content=\"article\" \/>\n<meta property=\"og:title\" content=\"Adeus ao cimento queimado: novo acabamento moderno e barato que promete eleg\u00e2ncia sem sujeira nas casas em 2026 - Correio Braziliense - Radar\" \/>\n<meta property=\"og:description\" content=\"Novos acabamentos cont\u00ednuos entregam est\u00e9tica sofisticada sem trincas, sujeira de obra ou absor\u00e7\u00e3o excessiva comum no cimento queimado.\" \/>\n<meta property=\"og:url\" content=\"https:\/\/www.correiobraziliense.com.br\/cbradar\/adeus-ao-cimento-queimado-novo-acabamento-moderno-e-barato-que-promete-elegancia-sem-sujeira-nas-casas-em-2026\/\" \/>\n<meta property=\"og:site_name\" content=\"Correio Braziliense - Radar\" \/>\n<meta property=\"article:published_time\" content=\"2026-01-23T23:40:00+00:00\" \/>\n<meta property=\"og:image\" content=\"https:\/\/www.correiobraziliense.com.br\/cbradar\/wp-content\/uploads\/2026\/01\/Gemini_Generated_Image_ji6cbaji6cbaji6c-1-1.png\" \/>\n\t<meta property=\"og:image:width\" content=\"1280\" \/>\n\t<meta property=\"og:image:height\" content=\"720\" \/>\n\t<meta property=\"og:image:type\" content=\"image\/png\" \/>\n<meta name=\"author\" content=\"Patrick Silva\" \/>\n<meta name=\"twitter:card\" content=\"summary_large_image\" \/>\n<meta name=\"twitter:label1\" content=\"Escrito por\" \/>\n\t<meta name=\"twitter:data1\" content=\"Patrick Silva\" \/>\n\t<meta name=\"twitter:label2\" content=\"Est. tempo de leitura\" \/>\n\t<meta name=\"twitter:data2\" content=\"4 minutos\" \/>\n<!-- \/ Yoast SEO plugin. -->","yoast_head_json":{"title":"Adeus ao cimento queimado: novo acabamento moderno e barato que promete eleg\u00e2ncia sem sujeira nas casas em 2026 - Correio Braziliense - Radar","description":"Novos acabamentos cont\u00ednuos entregam est\u00e9tica sofisticada sem trincas, sujeira de obra ou absor\u00e7\u00e3o excessiva comum no cimento queimado.","robots":{"index":"index","follow":"follow","max-snippet":"max-snippet:-1","max-image-preview":"max-image-preview:large","max-video-preview":"max-video-preview:-1"},"canonical":"https:\/\/www.correiobraziliense.com.br\/cbradar\/adeus-ao-cimento-queimado-novo-acabamento-moderno-e-barato-que-promete-elegancia-sem-sujeira-nas-casas-em-2026\/","og_locale":"pt_BR","og_type":"article","og_title":"Adeus ao cimento queimado: novo acabamento moderno e barato que promete eleg\u00e2ncia sem sujeira nas casas em 2026 - Correio Braziliense - Radar","og_description":"Novos acabamentos cont\u00ednuos entregam est\u00e9tica sofisticada sem trincas, sujeira de obra ou absor\u00e7\u00e3o excessiva comum no cimento queimado.","og_url":"https:\/\/www.correiobraziliense.com.br\/cbradar\/adeus-ao-cimento-queimado-novo-acabamento-moderno-e-barato-que-promete-elegancia-sem-sujeira-nas-casas-em-2026\/","og_site_name":"Correio Braziliense - Radar","article_published_time":"2026-01-23T23:40:00+00:00","og_image":[{"width":1280,"height":720,"url":"https:\/\/www.correiobraziliense.com.br\/cbradar\/wp-content\/uploads\/2026\/01\/Gemini_Generated_Image_ji6cbaji6cbaji6c-1-1.png","type":"image\/png"}],"author":"Patrick Silva","twitter_card":"summary_large_image","twitter_misc":{"Escrito por":"Patrick Silva","Est. tempo de leitura":"4 minutos"},"schema":{"@context":"https:\/\/schema.org","@graph":[{"@type":"WebPage","@id":"https:\/\/www.correiobraziliense.com.br\/cbradar\/adeus-ao-cimento-queimado-novo-acabamento-moderno-e-barato-que-promete-elegancia-sem-sujeira-nas-casas-em-2026\/","url":"https:\/\/www.correiobraziliense.com.br\/cbradar\/adeus-ao-cimento-queimado-novo-acabamento-moderno-e-barato-que-promete-elegancia-sem-sujeira-nas-casas-em-2026\/","name":"Adeus ao cimento queimado: novo acabamento moderno e barato que promete eleg\u00e2ncia sem sujeira nas casas em 2026 - Correio Braziliense - Radar","isPartOf":{"@id":"https:\/\/www.correiobraziliense.com.br\/cbradar\/#website"},"primaryImageOfPage":{"@id":"https:\/\/www.correiobraziliense.com.br\/cbradar\/adeus-ao-cimento-queimado-novo-acabamento-moderno-e-barato-que-promete-elegancia-sem-sujeira-nas-casas-em-2026\/#primaryimage"},"image":{"@id":"https:\/\/www.correiobraziliense.com.br\/cbradar\/adeus-ao-cimento-queimado-novo-acabamento-moderno-e-barato-que-promete-elegancia-sem-sujeira-nas-casas-em-2026\/#primaryimage"},"thumbnailUrl":"https:\/\/www.correiobraziliense.com.br\/cbradar\/wp-content\/uploads\/2026\/01\/Gemini_Generated_Image_ji6cbaji6cbaji6c-1-1.png","datePublished":"2026-01-23T23:40:00+00:00","author":{"@id":"https:\/\/www.correiobraziliense.com.br\/cbradar\/#\/schema\/person\/5440b72be9c7eb74f446c846479dc4da"},"description":"Novos acabamentos cont\u00ednuos entregam est\u00e9tica sofisticada sem trincas, sujeira de obra ou absor\u00e7\u00e3o excessiva comum no cimento queimado.","breadcrumb":{"@id":"https:\/\/www.correiobraziliense.com.br\/cbradar\/adeus-ao-cimento-queimado-novo-acabamento-moderno-e-barato-que-promete-elegancia-sem-sujeira-nas-casas-em-2026\/#breadcrumb"},"inLanguage":"pt-BR","potentialAction":[{"@type":"ReadAction","target":["https:\/\/www.correiobraziliense.com.br\/cbradar\/adeus-ao-cimento-queimado-novo-acabamento-moderno-e-barato-que-promete-elegancia-sem-sujeira-nas-casas-em-2026\/"]}]},{"@type":"ImageObject","inLanguage":"pt-BR","@id":"https:\/\/www.correiobraziliense.com.br\/cbradar\/adeus-ao-cimento-queimado-novo-acabamento-moderno-e-barato-que-promete-elegancia-sem-sujeira-nas-casas-em-2026\/#primaryimage","url":"https:\/\/www.correiobraziliense.com.br\/cbradar\/wp-content\/uploads\/2026\/01\/Gemini_Generated_Image_ji6cbaji6cbaji6c-1-1.png","contentUrl":"https:\/\/www.correiobraziliense.com.br\/cbradar\/wp-content\/uploads\/2026\/01\/Gemini_Generated_Image_ji6cbaji6cbaji6c-1-1.png","width":1280,"height":720,"caption":"O visual continua, o problema ficou no passado"},{"@type":"BreadcrumbList","@id":"https:\/\/www.correiobraziliense.com.br\/cbradar\/adeus-ao-cimento-queimado-novo-acabamento-moderno-e-barato-que-promete-elegancia-sem-sujeira-nas-casas-em-2026\/#breadcrumb","itemListElement":[{"@type":"ListItem","position":1,"name":"In\u00edcio","item":"https:\/\/www.correiobraziliense.com.br\/cbradar\/"},{"@type":"ListItem","position":2,"name":"Adeus ao cimento queimado: novo acabamento moderno e barato que promete eleg\u00e2ncia sem sujeira nas casas em 2026"}]},{"@type":"WebSite","@id":"https:\/\/www.correiobraziliense.com.br\/cbradar\/#website","url":"https:\/\/www.correiobraziliense.com.br\/cbradar\/","name":"Correio Braziliense - Radar","description":"Acompanhe as \u00faltimas not\u00edcias e fique bem informado sobre tudo o que acontece no Brasil e no mundo.","potentialAction":[{"@type":"SearchAction","target":{"@type":"EntryPoint","urlTemplate":"https:\/\/www.correiobraziliense.com.br\/cbradar\/?s={search_term_string}"},"query-input":{"@type":"PropertyValueSpecification","valueRequired":true,"valueName":"search_term_string"}}],"inLanguage":"pt-BR"},{"@type":"Person","@id":"https:\/\/www.correiobraziliense.com.br\/cbradar\/#\/schema\/person\/5440b72be9c7eb74f446c846479dc4da","name":"Patrick Silva","image":{"@type":"ImageObject","inLanguage":"pt-BR","@id":"https:\/\/www.correiobraziliense.com.br\/cbradar\/#\/schema\/person\/image\/","url":"https:\/\/secure.gravatar.com\/avatar\/944109df296fc087785c9715fd5f80b2?s=96&d=mm&r=g","contentUrl":"https:\/\/secure.gravatar.com\/avatar\/944109df296fc087785c9715fd5f80b2?s=96&d=mm&r=g","caption":"Patrick Silva"},"sameAs":["https:\/\/www.correiobraziliense.com.br\/cbradar\/"],"url":"https:\/\/www.correiobraziliense.com.br\/cbradar\/author\/patrick-silva\/"}]}},"_links":{"self":[{"href":"https:\/\/www.correiobraziliense.com.br\/cbradar\/wp-json\/wp\/v2\/posts\/180247","targetHints":{"allow":["GET"]}}],"collection":[{"href":"https:\/\/www.correiobraziliense.com.br\/cbradar\/wp-json\/wp\/v2\/posts"}],"about":[{"href":"https:\/\/www.correiobraziliense.com.br\/cbradar\/wp-json\/wp\/v2\/types\/post"}],"author":[{"embeddable":true,"href":"https:\/\/www.correiobraziliense.com.br\/cbradar\/wp-json\/wp\/v2\/users\/21"}],"replies":[{"embeddable":true,"href":"https:\/\/www.correiobraziliense.com.br\/cbradar\/wp-json\/wp\/v2\/comments?post=180247"}],"version-history":[{"count":7,"href":"https:\/\/www.correiobraziliense.com.br\/cbradar\/wp-json\/wp\/v2\/posts\/180247\/revisions"}],"predecessor-version":[{"id":180284,"href":"https:\/\/www.correiobraziliense.com.br\/cbradar\/wp-json\/wp\/v2\/posts\/180247\/revisions\/180284"}],"wp:featuredmedia":[{"embeddable":true,"href":"https:\/\/www.correiobraziliense.com.br\/cbradar\/wp-json\/wp\/v2\/media\/180251"}],"wp:attachment":[{"href":"https:\/\/www.correiobraziliense.com.br\/cbradar\/wp-json\/wp\/v2\/media?parent=180247"}],"wp:term":[{"taxonomy":"category","embeddable":true,"href":"https:\/\/www.correiobraziliense.com.br\/cbradar\/wp-json\/wp\/v2\/categories?post=180247"},{"taxonomy":"post_tag","embeddable":true,"href":"https:\/\/www.correiobraziliense.com.br\/cbradar\/wp-json\/wp\/v2\/post_tag?post=180247"}],"curies":[{"name":"wp","href":"https:\/\/api.w.org\/{rel}","templated":true}]}}