{"id":180307,"date":"2026-01-25T09:35:00","date_gmt":"2026-01-25T12:35:00","guid":{"rendered":"https:\/\/www.correiobraziliense.com.br\/cbradar\/?p=180307"},"modified":"2026-01-23T17:57:34","modified_gmt":"2026-01-23T20:57:34","slug":"poucos-conhecem-a-fruta-nordestina-que-repoe-eletrolitos","status":"publish","type":"post","link":"https:\/\/www.correiobraziliense.com.br\/cbradar\/poucos-conhecem-a-fruta-nordestina-que-repoe-eletrolitos\/","title":{"rendered":"Poucos conhecem a fruta nordestina que rep\u00f5e eletr\u00f3litos"},"content":{"rendered":"\n<p>No calor escaldante do sert\u00e3o, muitas mem\u00f3rias de inf\u00e2ncia se entrela\u00e7am ao saboroso <strong>Umbu<\/strong>, uma fruta emblem\u00e1tica do semi\u00e1rido brasileiro. Repleto de \u00e1gua e eletr\u00f3litos naturais, o umbu se destaca n\u00e3o s\u00f3 por seu apelo nost\u00e1lgico, mas tamb\u00e9m como uma alternativa saud\u00e1vel e acess\u00edvel para hidrata\u00e7\u00e3o. Com seu sabor levemente \u00e1cido e adocicado, essa fruta \u00e9 frequentemente transformada em sucos refrescantes, sendo presen\u00e7a constante na dieta de in\u00fameras fam\u00edlias do Nordeste, especialmente nos dias abafados do ver\u00e3o.<\/p>\n\n\n\n<p>O Umbu \u00e9 valorizado principalmente por sua alta concentra\u00e7\u00e3o de \u00e1gua, um atributo que o torna ideal para reidrata\u00e7\u00e3o. Al\u00e9m disso, seu perfil nutritivo inclui minerais como pot\u00e1ssio e s\u00f3dio, que s\u00e3o essenciais para repor os l\u00edquidos e sais minerais perdidos em dias quentes ou ap\u00f3s atividades f\u00edsicas. A composi\u00e7\u00e3o do Umbu n\u00e3o s\u00f3 ajuda a matar a sede, mas tamb\u00e9m fornece carboidratos simples que garantem energia imediata e uma dose de vitamina C, importante para combater os radicais livres e fortalecer o sistema imunol\u00f3gico.<\/p>\n\n\n\n<h2 class=\"wp-block-heading\">Por que o Umbu \u00e9 vital para repor eletr\u00f3litos de forma natural?<\/h2>\n\n\n\n<p>O Umbu \u00e9 uma fonte natural de eletr\u00f3litos vitais que ajudam a regular o balan\u00e7o de fluidos no corpo. O pot\u00e1ssio, presente em grande quantidade, desempenha um papel crucial na contra\u00e7\u00e3o muscular adequada, na fun\u00e7\u00e3o card\u00edaca e no controle da press\u00e3o arterial. Esses aspectos s\u00e3o importantes principalmente em regi\u00f5es onde o suor excessivo leva \u00e0 desidrata\u00e7\u00e3o. Embora o s\u00f3dio no Umbu esteja em menor quantidade comparado a bebidas esportivas comerciais, ele ainda assim contribui para a manuten\u00e7\u00e3o do equil\u00edbrio h\u00eddrico do corpo, essencial para o funcionamento eficiente dos nervos e m\u00fasculos.<\/p>\n\n\n\n<figure class=\"wp-block-image size-large\"><img decoding=\"async\" width=\"1024\" height=\"576\" src=\"https:\/\/www.correiobraziliense.com.br\/cbradar\/wp-content\/uploads\/2026\/01\/umbu_1768914777932-1024x576.jpg\" alt=\"\" class=\"wp-image-178528\" srcset=\"https:\/\/www.correiobraziliense.com.br\/cbradar\/wp-content\/uploads\/2026\/01\/umbu_1768914777932-1024x576.jpg 1024w, https:\/\/www.correiobraziliense.com.br\/cbradar\/wp-content\/uploads\/2026\/01\/umbu_1768914777932-300x169.jpg 300w, https:\/\/www.correiobraziliense.com.br\/cbradar\/wp-content\/uploads\/2026\/01\/umbu_1768914777932-768x432.jpg 768w, https:\/\/www.correiobraziliense.com.br\/cbradar\/wp-content\/uploads\/2026\/01\/umbu_1768914777932-750x422.jpg 750w, https:\/\/www.correiobraziliense.com.br\/cbradar\/wp-content\/uploads\/2026\/01\/umbu_1768914777932-1140x641.jpg 1140w, https:\/\/www.correiobraziliense.com.br\/cbradar\/wp-content\/uploads\/2026\/01\/umbu_1768914777932.jpg 1280w\" sizes=\"(max-width: 1024px) 100vw, 1024px\" \/><figcaption class=\"wp-element-caption\">Umbu &#8211; Cr\u00e9ditos: depositphotos.com \/ PauloPJ<\/figcaption><\/figure>\n\n\n\n<h2 class=\"wp-block-heading\">Quais s\u00e3o os benef\u00edcios adicionais do Umbu para a hidrata\u00e7\u00e3o?<\/h2>\n\n\n\n<p>O consumo do Umbu vai al\u00e9m de simplesmente saciar a sede. Este fruto tamb\u00e9m \u00e9 uma escolha saud\u00e1vel para quem deseja diminuir o consumo de bebidas a\u00e7ucaradas e industrializadas. Os nutricionistas destacam que o Umbu n\u00e3o s\u00f3 hidrata como tamb\u00e9m fornece nutrientes importantes, promovendo uma alimenta\u00e7\u00e3o mais balanceada. Entre os benef\u00edcios listados, o Umbu \u00e9 reconhecido por:<\/p>\n\n\n\n<ul class=\"wp-block-list\">\n<li>Seu elevado conte\u00fado de \u00e1gua, que ajuda na reposi\u00e7\u00e3o de fluidos ao longo do dia.<\/li>\n\n\n\n<li>A presen\u00e7a de pot\u00e1ssio, essencial para o bom funcionamento dos m\u00fasculos e do cora\u00e7\u00e3o.<\/li>\n\n\n\n<li>Carboidratos simples que fornecem energia imediata ao corpo.<\/li>\n\n\n\n<li>Vitamina C e outros antioxidantes que protegem o organismo.<\/li>\n\n\n\n<li>Baixo custo em regi\u00f5es produtoras, incentivando o consumo local e alavancando a economia regional.<\/li>\n<\/ul>\n\n\n\n<h2 class=\"wp-block-heading\">Como aproveitar ao m\u00e1ximo o Umbu para hidrata\u00e7\u00e3o e reposi\u00e7\u00e3o de eletr\u00f3litos?<\/h2>\n\n\n\n<p>Integrar o Umbu na dieta \u00e9 simples e pode ser feito de diversas formas. A maneira mais comum \u00e9 pela prepara\u00e7\u00e3o de suco ou refresco caseiro, batido com \u00e1gua gelada e ado\u00e7ado de acordo com a prefer\u00eancia de cada um, garantindo assim a manuten\u00e7\u00e3o do sabor caracter\u00edstico da fruta. Em algumas receitas, adiciona-se sal e a\u00e7\u00facar para melhorar a reposi\u00e7\u00e3o de s\u00f3dio e carboidratos, criando uma bebida caseira compar\u00e1vel a um soro saborizado. Em atividades f\u00edsicas leves, o suco de Umbu pode servir como uma alternativa de hidrata\u00e7\u00e3o natural, sempre lembrando que, em casos de desidrata\u00e7\u00e3o grave, \u00e9 essencial consultar um profissional de <a href=\"https:\/\/www.correiobraziliense.com.br\/cbradar\/o-habito-simples-que-fortalece-memoria-e-concentracao\/\" target=\"_blank\" rel=\"noreferrer noopener\">sa\u00fade<\/a>.<\/p>\n\n\n\n<h2 class=\"wp-block-heading\">Qual o perfil nutricional do Umbu consumido in natura?<\/h2>\n\n\n\n<p>O Umbu, quando consumido in natura, apresenta um perfil nutricional diversificado que agrega valor \u00e0 sua escolha como alimento. Em m\u00e9dia, a cada 100 gramas de Umbu cont\u00eam aproximadamente:<\/p>\n\n\n\n<ul class=\"wp-block-list\">\n<li>40 a 55 kcal de energia<\/li>\n\n\n\n<li>80 a 85 g de \u00e1gua<\/li>\n\n\n\n<li>10 a 13 g de carboidratos<\/li>\n\n\n\n<li>0,5 a 1,0 g de prote\u00ednas<\/li>\n\n\n\n<li>0,5 g de gorduras totais<\/li>\n\n\n\n<li>1,0 a 2,0 g de fibras<\/li>\n\n\n\n<li>8 a 20 mg de vitamina C<\/li>\n\n\n\n<li>150 a 250 mg de pot\u00e1ssio<\/li>\n\n\n\n<li>1 a 5 mg de s\u00f3dio<\/li>\n<\/ul>\n\n\n\n<p>Seja na lembran\u00e7a de um dia ensolarado ou no cotidiano atual, o Umbu se firma como uma op\u00e7\u00e3o natural e culturalmente rica, ressaltando-se por suas propriedades nutritivas. Este fruto continua a fazer parte da hist\u00f3ria e das pr\u00e1ticas alimentares do semi\u00e1rido, conquistando cada vez mais espa\u00e7o na busca por alternativas saud\u00e1veis e sustent\u00e1veis. Ao incorporar o Umbu na dieta, se apoia n\u00e3o apenas a sa\u00fade individual, mas tamb\u00e9m a valoriza\u00e7\u00e3o dos recursos locais e a tradi\u00e7\u00e3o regional.<\/p>\n\n\n<a href=\"https:\/\/www.instagram.com\/dra.annaluisabf\/\" target=\"_blank\" rel=\"noopener\" style=\"text-decoration: none; color: inherit;\">\n    <span style=\"display: inline-block; border: 1px solid #ccc; border-radius: 10px; padding: 15px; max-width: 550px; font-family: sans-serif; box-shadow: 0 2px 5px rgba(0,0,0,0.1); width: 100%;\">\n\n      <!-- T\u00edtulo -->\n      <span style=\"display: block; margin: 0 0 15px 0; font-weight: bold; color: #2c3e50; text-align: center;\">\n        Entre em contato:\n      <\/span>\n\n      <!-- Linha do perfil -->\n      <span style=\"display: flex; align-items: center; gap: 15px;\">\n        <img decoding=\"async\"\n          src=\"https:\/\/www.correiobraziliense.com.br\/cbradar\/wp-content\/uploads\/2025\/08\/dra_anna_luisa.jpeg\"\n          alt=\"Foto da Dra. Anna Lu\u00edsa\"\n          style=\"border-radius: 50%; width: 80px; height: 80px; object-fit: cover;\"\n        \/>\n        <span style=\"display: flex; flex-direction: column;\">\n          <span style=\"font-size: 18px; font-weight: 700; color: #2c3e50;\">Dra. Anna Lu\u00edsa Barbosa Fernandes<\/span>\n          <span style=\"color: #555;\">CRM-GO 33.271<\/span>\n        <\/span>\n      <\/span>\n\n      <!-- Redes -->\n      <span style=\"display: flex; align-items: center; gap: 10px; margin-top: 12px;\">\n        <img decoding=\"async\" src=\"https:\/\/cdn-icons-png.flaticon.com\/24\/1384\/1384063.png\" alt=\"Instagram\" width=\"24\" height=\"24\" \/>\n        <span style=\"text-decoration: underline; color: #2c3e50;\">@dra.annaluisabf<\/span>\n      <\/span>\n\n    <\/span>\n  <\/a>","protected":false},"excerpt":{"rendered":"<p>No calor escaldante do sert\u00e3o, muitas mem\u00f3rias de inf\u00e2ncia se entrela\u00e7am ao saboroso Umbu, uma fruta emblem\u00e1tica do semi\u00e1rido brasileiro. Repleto de \u00e1gua e eletr\u00f3litos naturais, o umbu se destaca n\u00e3o s\u00f3 por seu apelo nost\u00e1lgico, mas tamb\u00e9m como uma alternativa saud\u00e1vel e acess\u00edvel para hidrata\u00e7\u00e3o. Com seu sabor levemente \u00e1cido e adocicado, essa fruta [&hellip;]<\/p>\n","protected":false},"author":14,"featured_media":178516,"comment_status":"open","ping_status":"open","sticky":false,"template":"","format":"standard","meta":{"_yoast_wpseo_focuskw":"Umbu","_yoast_wpseo_title":"","_yoast_wpseo_metadesc":"Rico em \u00e1gua e minerais, o umbu ajuda na hidrata\u00e7\u00e3o e reposi\u00e7\u00e3o de eletr\u00f3litos. Veja por que essa fruta \u00e9 t\u00e3o valorizada no calor.","jnews-multi-image_gallery":[],"jnews_single_post":{"format":"standard"},"jnews_primary_category":[],"jnews_social_meta":[],"jnews_override_counter":[],"footnotes":""},"categories":[4404],"tags":[281,120,1318],"class_list":["post-180307","post","type-post","status-publish","format-standard","has-post-thumbnail","hentry","category-saude","tag-alimentacao","tag-bem-estar","tag-saude-2"],"yoast_head":"<!-- This site is optimized with the Yoast SEO plugin v24.6 - https:\/\/yoast.com\/wordpress\/plugins\/seo\/ -->\n<title>Poucos conhecem a fruta nordestina que rep\u00f5e eletr\u00f3litos - Correio Braziliense - Radar<\/title>\n<meta name=\"description\" content=\"Rico em \u00e1gua e minerais, o umbu ajuda na hidrata\u00e7\u00e3o e reposi\u00e7\u00e3o de eletr\u00f3litos. Veja por que essa fruta \u00e9 t\u00e3o valorizada no calor.\" \/>\n<meta name=\"robots\" content=\"index, follow, max-snippet:-1, max-image-preview:large, max-video-preview:-1\" \/>\n<link rel=\"canonical\" href=\"https:\/\/www.correiobraziliense.com.br\/cbradar\/poucos-conhecem-a-fruta-nordestina-que-repoe-eletrolitos\/\" \/>\n<meta property=\"og:locale\" content=\"pt_BR\" \/>\n<meta property=\"og:type\" content=\"article\" \/>\n<meta property=\"og:title\" content=\"Poucos conhecem a fruta nordestina que rep\u00f5e eletr\u00f3litos - Correio Braziliense - Radar\" \/>\n<meta property=\"og:description\" content=\"Rico em \u00e1gua e minerais, o umbu ajuda na hidrata\u00e7\u00e3o e reposi\u00e7\u00e3o de eletr\u00f3litos. Veja por que essa fruta \u00e9 t\u00e3o valorizada no calor.\" \/>\n<meta property=\"og:url\" content=\"https:\/\/www.correiobraziliense.com.br\/cbradar\/poucos-conhecem-a-fruta-nordestina-que-repoe-eletrolitos\/\" \/>\n<meta property=\"og:site_name\" content=\"Correio Braziliense - Radar\" \/>\n<meta property=\"article:published_time\" content=\"2026-01-25T12:35:00+00:00\" \/>\n<meta property=\"og:image\" content=\"https:\/\/www.correiobraziliense.com.br\/cbradar\/wp-content\/uploads\/2026\/01\/umbu_1768914756241.jpg\" \/>\n\t<meta property=\"og:image:width\" content=\"1280\" \/>\n\t<meta property=\"og:image:height\" content=\"720\" \/>\n\t<meta property=\"og:image:type\" content=\"image\/jpeg\" \/>\n<meta name=\"author\" content=\"guilherme_saude\" \/>\n<meta name=\"twitter:card\" content=\"summary_large_image\" \/>\n<meta name=\"twitter:label1\" content=\"Escrito por\" \/>\n\t<meta name=\"twitter:data1\" content=\"guilherme_saude\" \/>\n\t<meta name=\"twitter:label2\" content=\"Est. tempo de leitura\" \/>\n\t<meta name=\"twitter:data2\" content=\"5 minutos\" \/>\n<!-- \/ Yoast SEO plugin. -->","yoast_head_json":{"title":"Poucos conhecem a fruta nordestina que rep\u00f5e eletr\u00f3litos - Correio Braziliense - Radar","description":"Rico em \u00e1gua e minerais, o umbu ajuda na hidrata\u00e7\u00e3o e reposi\u00e7\u00e3o de eletr\u00f3litos. Veja por que essa fruta \u00e9 t\u00e3o valorizada no calor.","robots":{"index":"index","follow":"follow","max-snippet":"max-snippet:-1","max-image-preview":"max-image-preview:large","max-video-preview":"max-video-preview:-1"},"canonical":"https:\/\/www.correiobraziliense.com.br\/cbradar\/poucos-conhecem-a-fruta-nordestina-que-repoe-eletrolitos\/","og_locale":"pt_BR","og_type":"article","og_title":"Poucos conhecem a fruta nordestina que rep\u00f5e eletr\u00f3litos - Correio Braziliense - Radar","og_description":"Rico em \u00e1gua e minerais, o umbu ajuda na hidrata\u00e7\u00e3o e reposi\u00e7\u00e3o de eletr\u00f3litos. Veja por que essa fruta \u00e9 t\u00e3o valorizada no calor.","og_url":"https:\/\/www.correiobraziliense.com.br\/cbradar\/poucos-conhecem-a-fruta-nordestina-que-repoe-eletrolitos\/","og_site_name":"Correio Braziliense - Radar","article_published_time":"2026-01-25T12:35:00+00:00","og_image":[{"width":1280,"height":720,"url":"https:\/\/www.correiobraziliense.com.br\/cbradar\/wp-content\/uploads\/2026\/01\/umbu_1768914756241.jpg","type":"image\/jpeg"}],"author":"guilherme_saude","twitter_card":"summary_large_image","twitter_misc":{"Escrito por":"guilherme_saude","Est. tempo de leitura":"5 minutos"},"schema":{"@context":"https:\/\/schema.org","@graph":[{"@type":"WebPage","@id":"https:\/\/www.correiobraziliense.com.br\/cbradar\/poucos-conhecem-a-fruta-nordestina-que-repoe-eletrolitos\/","url":"https:\/\/www.correiobraziliense.com.br\/cbradar\/poucos-conhecem-a-fruta-nordestina-que-repoe-eletrolitos\/","name":"Poucos conhecem a fruta nordestina que rep\u00f5e eletr\u00f3litos - Correio Braziliense - Radar","isPartOf":{"@id":"https:\/\/www.correiobraziliense.com.br\/cbradar\/#website"},"primaryImageOfPage":{"@id":"https:\/\/www.correiobraziliense.com.br\/cbradar\/poucos-conhecem-a-fruta-nordestina-que-repoe-eletrolitos\/#primaryimage"},"image":{"@id":"https:\/\/www.correiobraziliense.com.br\/cbradar\/poucos-conhecem-a-fruta-nordestina-que-repoe-eletrolitos\/#primaryimage"},"thumbnailUrl":"https:\/\/www.correiobraziliense.com.br\/cbradar\/wp-content\/uploads\/2026\/01\/umbu_1768914756241.jpg","datePublished":"2026-01-25T12:35:00+00:00","author":{"@id":"https:\/\/www.correiobraziliense.com.br\/cbradar\/#\/schema\/person\/5aa4bf3c8fa699c267933611de12978b"},"description":"Rico em \u00e1gua e minerais, o umbu ajuda na hidrata\u00e7\u00e3o e reposi\u00e7\u00e3o de eletr\u00f3litos. Veja por que essa fruta \u00e9 t\u00e3o valorizada no calor.","breadcrumb":{"@id":"https:\/\/www.correiobraziliense.com.br\/cbradar\/poucos-conhecem-a-fruta-nordestina-que-repoe-eletrolitos\/#breadcrumb"},"inLanguage":"pt-BR","potentialAction":[{"@type":"ReadAction","target":["https:\/\/www.correiobraziliense.com.br\/cbradar\/poucos-conhecem-a-fruta-nordestina-que-repoe-eletrolitos\/"]}]},{"@type":"ImageObject","inLanguage":"pt-BR","@id":"https:\/\/www.correiobraziliense.com.br\/cbradar\/poucos-conhecem-a-fruta-nordestina-que-repoe-eletrolitos\/#primaryimage","url":"https:\/\/www.correiobraziliense.com.br\/cbradar\/wp-content\/uploads\/2026\/01\/umbu_1768914756241.jpg","contentUrl":"https:\/\/www.correiobraziliense.com.br\/cbradar\/wp-content\/uploads\/2026\/01\/umbu_1768914756241.jpg","width":1280,"height":720,"caption":"Umbu - Cr\u00e9ditos: depositphotos.com \/ Marcotga"},{"@type":"BreadcrumbList","@id":"https:\/\/www.correiobraziliense.com.br\/cbradar\/poucos-conhecem-a-fruta-nordestina-que-repoe-eletrolitos\/#breadcrumb","itemListElement":[{"@type":"ListItem","position":1,"name":"In\u00edcio","item":"https:\/\/www.correiobraziliense.com.br\/cbradar\/"},{"@type":"ListItem","position":2,"name":"Poucos conhecem a fruta nordestina que rep\u00f5e eletr\u00f3litos"}]},{"@type":"WebSite","@id":"https:\/\/www.correiobraziliense.com.br\/cbradar\/#website","url":"https:\/\/www.correiobraziliense.com.br\/cbradar\/","name":"Correio Braziliense - Radar","description":"Acompanhe as \u00faltimas not\u00edcias e fique bem informado sobre tudo o que acontece no Brasil e no mundo.","potentialAction":[{"@type":"SearchAction","target":{"@type":"EntryPoint","urlTemplate":"https:\/\/www.correiobraziliense.com.br\/cbradar\/?s={search_term_string}"},"query-input":{"@type":"PropertyValueSpecification","valueRequired":true,"valueName":"search_term_string"}}],"inLanguage":"pt-BR"},{"@type":"Person","@id":"https:\/\/www.correiobraziliense.com.br\/cbradar\/#\/schema\/person\/5aa4bf3c8fa699c267933611de12978b","name":"guilherme_saude","image":{"@type":"ImageObject","inLanguage":"pt-BR","@id":"https:\/\/www.correiobraziliense.com.br\/cbradar\/#\/schema\/person\/image\/","url":"https:\/\/secure.gravatar.com\/avatar\/df9adfb835d344bc0af109d41756253f?s=96&d=mm&r=g","contentUrl":"https:\/\/secure.gravatar.com\/avatar\/df9adfb835d344bc0af109d41756253f?s=96&d=mm&r=g","caption":"guilherme_saude"},"url":"https:\/\/www.correiobraziliense.com.br\/cbradar\/author\/guilherme_saude\/"}]}},"_links":{"self":[{"href":"https:\/\/www.correiobraziliense.com.br\/cbradar\/wp-json\/wp\/v2\/posts\/180307","targetHints":{"allow":["GET"]}}],"collection":[{"href":"https:\/\/www.correiobraziliense.com.br\/cbradar\/wp-json\/wp\/v2\/posts"}],"about":[{"href":"https:\/\/www.correiobraziliense.com.br\/cbradar\/wp-json\/wp\/v2\/types\/post"}],"author":[{"embeddable":true,"href":"https:\/\/www.correiobraziliense.com.br\/cbradar\/wp-json\/wp\/v2\/users\/14"}],"replies":[{"embeddable":true,"href":"https:\/\/www.correiobraziliense.com.br\/cbradar\/wp-json\/wp\/v2\/comments?post=180307"}],"version-history":[{"count":1,"href":"https:\/\/www.correiobraziliense.com.br\/cbradar\/wp-json\/wp\/v2\/posts\/180307\/revisions"}],"predecessor-version":[{"id":180308,"href":"https:\/\/www.correiobraziliense.com.br\/cbradar\/wp-json\/wp\/v2\/posts\/180307\/revisions\/180308"}],"wp:featuredmedia":[{"embeddable":true,"href":"https:\/\/www.correiobraziliense.com.br\/cbradar\/wp-json\/wp\/v2\/media\/178516"}],"wp:attachment":[{"href":"https:\/\/www.correiobraziliense.com.br\/cbradar\/wp-json\/wp\/v2\/media?parent=180307"}],"wp:term":[{"taxonomy":"category","embeddable":true,"href":"https:\/\/www.correiobraziliense.com.br\/cbradar\/wp-json\/wp\/v2\/categories?post=180307"},{"taxonomy":"post_tag","embeddable":true,"href":"https:\/\/www.correiobraziliense.com.br\/cbradar\/wp-json\/wp\/v2\/tags?post=180307"}],"curies":[{"name":"wp","href":"https:\/\/api.w.org\/{rel}","templated":true}]}}