{"id":180309,"date":"2026-01-25T13:15:00","date_gmt":"2026-01-25T16:15:00","guid":{"rendered":"https:\/\/www.correiobraziliense.com.br\/cbradar\/?p=180309"},"modified":"2026-01-23T17:59:21","modified_gmt":"2026-01-23T20:59:21","slug":"essas-cores-revelam-uma-personalidade-forte-e-confiante","status":"publish","type":"post","link":"https:\/\/www.correiobraziliense.com.br\/cbradar\/essas-cores-revelam-uma-personalidade-forte-e-confiante\/","title":{"rendered":"Essas cores revelam uma personalidade forte e confiante"},"content":{"rendered":"\n<p>As <strong>Cores <\/strong>possuem um papel significativo na maneira como expressamos nossa personalidade e como somos percebidos em diferentes contextos sociais. Segundo a psicologia das Cores, certos tons s\u00e3o escolhidos por pessoas com personalidade dominante para comunicar autoridade e confian\u00e7a de forma sutil. Este fen\u00f4meno vai al\u00e9m da est\u00e9tica, refletindo estrat\u00e9gias conscientes de comunica\u00e7\u00e3o n\u00e3o verbal.<\/p>\n\n\n\n<p>No cotidiano, o uso de determinadas Cores pode indicar tra\u00e7os espec\u00edficos de personalidade, especialmente em indiv\u00edduos que exercem lideran\u00e7a. Essas escolhas podem se manifestar no vestu\u00e1rio, no ambiente de trabalho ou nas prefer\u00eancias pessoais, articulando mensagens poderosas e influenciando percep\u00e7\u00f5es de forma discreta mas eficaz.<\/p>\n\n\n\n<h2 class=\"wp-block-heading\">Quais Cores representam personalidade dominante?<\/h2>\n\n\n\n<p>Entre as Cores frequentemente associadas a indiv\u00edduos com personalidade dominante, destacam-se tr\u00eas: preto, vermelho escuro e cinza grafite. O\u00a0<strong>preto<\/strong>\u00a0\u00e9 amplamente reconhecido como um s\u00edmbolo de poder e controle. Ele projeta uma presen\u00e7a s\u00f3lida e s\u00e9ria, criando uma barreira psicol\u00f3gica que dificulta a inten\u00e7\u00e3o de influenciar ou confrontar.<\/p>\n\n\n<div class=\"wp-block-image\">\n<figure class=\"aligncenter size-large\"><img decoding=\"async\" width=\"1024\" height=\"576\" src=\"https:\/\/www.correiobraziliense.com.br\/cbradar\/wp-content\/uploads\/2025\/06\/cores_1749653247278-1024x576.jpg\" alt=\"\" class=\"wp-image-51881\" srcset=\"https:\/\/www.correiobraziliense.com.br\/cbradar\/wp-content\/uploads\/2025\/06\/cores_1749653247278-1024x576.jpg 1024w, https:\/\/www.correiobraziliense.com.br\/cbradar\/wp-content\/uploads\/2025\/06\/cores_1749653247278-300x169.jpg 300w, https:\/\/www.correiobraziliense.com.br\/cbradar\/wp-content\/uploads\/2025\/06\/cores_1749653247278-768x432.jpg 768w, https:\/\/www.correiobraziliense.com.br\/cbradar\/wp-content\/uploads\/2025\/06\/cores_1749653247278-750x422.jpg 750w, https:\/\/www.correiobraziliense.com.br\/cbradar\/wp-content\/uploads\/2025\/06\/cores_1749653247278-1140x641.jpg 1140w, https:\/\/www.correiobraziliense.com.br\/cbradar\/wp-content\/uploads\/2025\/06\/cores_1749653247278.jpg 1280w\" sizes=\"(max-width: 1024px) 100vw, 1024px\" \/><figcaption class=\"wp-element-caption\">Cores  &#8211; Cr\u00e9ditos: depositphotos.com \/ aarrows<\/figcaption><\/figure><\/div>\n\n\n<p>O&nbsp;<strong>vermelho escuro<\/strong>, por sua vez, exala confian\u00e7a e determina\u00e7\u00e3o. \u00c9 menos chamativo que o vermelho brilhante, oferecendo uma imagem de seguran\u00e7a e foco sem sugerir impulsividade. Este tom comunica ambi\u00e7\u00e3o de forma controlada, uma qualidade essencial para lideran\u00e7as eficazes.<\/p>\n\n\n\n<p>J\u00e1 o\u00a0<strong>cinza grafite<\/strong>\u00a0evoca uma sensa\u00e7\u00e3o de estabilidade e estrat\u00e9gia. Ideal para aqueles que desejam exercer influ\u00eancia sem ostenta\u00e7\u00e3o evidente, ele simboliza uma abordagem ponderada e racional \u00e0 <a href=\"https:\/\/www.correiobraziliense.com.br\/cbradar\/o-habito-simples-que-fortalece-memoria-e-concentracao\/\" target=\"_blank\" rel=\"noreferrer noopener\">lideran\u00e7a<\/a>.<\/p>\n\n\n\n<h2 class=\"wp-block-heading\">Como as Cores impactam na percep\u00e7\u00e3o de lideran\u00e7a?<\/h2>\n\n\n\n<p>A escolha de Cores pode moldar percep\u00e7\u00f5es autom\u00e1ticas e influenciar julgamentos sobre lideran\u00e7a e compet\u00eancia. O\u00a0<strong>preto<\/strong>\u00a0\u00e9 frequentemente associado a solidez e seriedade, caracter\u00edsticas que fazem com que decis\u00f5es de quem o usa sejam vistas com mais peso e signific\u00e2ncia.<\/p>\n\n\n\n<p>Tons de&nbsp;<strong>vermelho escuro<\/strong>&nbsp;aumentam a percep\u00e7\u00e3o de autoconfian\u00e7a e capacidade de decis\u00e3o. Em ambientes competitivos, esse tom pode intensificar a presen\u00e7a de um l\u00edder, tornando-o mais assertivo. O&nbsp;<strong>cinza<\/strong>, por outro lado, \u00e9 ideal para aqueles que buscam demonstrar autodom\u00ednio e objetividade, facilitando um posicionamento respeitado sem excessos.<\/p>\n\n\n\n<h2 class=\"wp-block-heading\">Por que a domin\u00e2ncia n\u00e3o \u00e9 sin\u00f4nimo de agressividade?<\/h2>\n\n\n\n<p>\u00c9 comum confundir personalidade dominante com atitudes agressivas, mas a diferen\u00e7a fundamental reside na origem da autoridade. A verdadeira domin\u00e2ncia est\u00e1 enraizada na seguran\u00e7a pessoal e na clareza de metas, n\u00e3o na imposi\u00e7\u00e3o ou coa\u00e7\u00e3o. L\u00edderes dominantes se destacam pela estabilidade emocional e pela capacidade de comunicar sua presen\u00e7a de maneira sutil e eficaz.<\/p>\n\n\n\n<p>Ao optar por tons que refletem controle e confian\u00e7a, tais indiv\u00edduos transmitem mensagens de autoridade de dentro para fora. Isso proporciona uma influ\u00eancia natural e n\u00e3o agressiva, cultivando respeito e admira\u00e7\u00e3o ao inv\u00e9s de temor. Dessa forma, a escolha das Cores torna-se uma ferramenta poderosa, delineando a identidade e efic\u00e1cia de um l\u00edder.<\/p>\n\n\n<a href=\"https:\/\/www.instagram.com\/dra.annaluisabf\/\" target=\"_blank\" rel=\"noopener\" style=\"text-decoration: none; color: inherit;\">\n    <span style=\"display: inline-block; border: 1px solid #ccc; border-radius: 10px; padding: 15px; max-width: 550px; font-family: sans-serif; box-shadow: 0 2px 5px rgba(0,0,0,0.1); width: 100%;\">\n\n      <!-- T\u00edtulo -->\n      <span style=\"display: block; margin: 0 0 15px 0; font-weight: bold; color: #2c3e50; text-align: center;\">\n        Entre em contato:\n      <\/span>\n\n      <!-- Linha do perfil -->\n      <span style=\"display: flex; align-items: center; gap: 15px;\">\n        <img decoding=\"async\"\n          src=\"https:\/\/www.correiobraziliense.com.br\/cbradar\/wp-content\/uploads\/2025\/08\/dra_anna_luisa.jpeg\"\n          alt=\"Foto da Dra. Anna Lu\u00edsa\"\n          style=\"border-radius: 50%; width: 80px; height: 80px; object-fit: cover;\"\n        \/>\n        <span style=\"display: flex; flex-direction: column;\">\n          <span style=\"font-size: 18px; font-weight: 700; color: #2c3e50;\">Dra. Anna Lu\u00edsa Barbosa Fernandes<\/span>\n          <span style=\"color: #555;\">CRM-GO 33.271<\/span>\n        <\/span>\n      <\/span>\n\n      <!-- Redes -->\n      <span style=\"display: flex; align-items: center; gap: 10px; margin-top: 12px;\">\n        <img decoding=\"async\" src=\"https:\/\/cdn-icons-png.flaticon.com\/24\/1384\/1384063.png\" alt=\"Instagram\" width=\"24\" height=\"24\" \/>\n        <span style=\"text-decoration: underline; color: #2c3e50;\">@dra.annaluisabf<\/span>\n      <\/span>\n\n    <\/span>\n  <\/a>\n\n\n<p><\/p>\n","protected":false},"excerpt":{"rendered":"<p>As Cores possuem um papel significativo na maneira como expressamos nossa personalidade e como somos percebidos em diferentes contextos sociais. Segundo a psicologia das Cores, certos tons s\u00e3o escolhidos por pessoas com personalidade dominante para comunicar autoridade e confian\u00e7a de forma sutil. Este fen\u00f4meno vai al\u00e9m da est\u00e9tica, refletindo estrat\u00e9gias conscientes de comunica\u00e7\u00e3o n\u00e3o verbal. [&hellip;]<\/p>\n","protected":false},"author":14,"featured_media":51880,"comment_status":"open","ping_status":"open","sticky":false,"template":"","format":"standard","meta":{"_yoast_wpseo_focuskw":"Cores","_yoast_wpseo_title":"","_yoast_wpseo_metadesc":"Segundo a psicologia, certas cores transmitem autoridade e confian\u00e7a. Descubra como escolhas simples influenciam respeito e lideran\u00e7a.","jnews-multi-image_gallery":[],"jnews_single_post":{"format":"standard"},"jnews_primary_category":[],"jnews_social_meta":[],"jnews_override_counter":[],"footnotes":""},"categories":[4404],"tags":[120,247,1318],"class_list":["post-180309","post","type-post","status-publish","format-standard","has-post-thumbnail","hentry","category-saude","tag-bem-estar","tag-qualidade-de-vida","tag-saude-2"],"yoast_head":"<!-- This site is optimized with the Yoast SEO plugin v24.6 - https:\/\/yoast.com\/wordpress\/plugins\/seo\/ -->\n<title>Essas cores revelam uma personalidade forte e confiante - Correio Braziliense - Radar<\/title>\n<meta name=\"description\" content=\"Segundo a psicologia, certas cores transmitem autoridade e confian\u00e7a. Descubra como escolhas simples influenciam respeito e lideran\u00e7a.\" \/>\n<meta name=\"robots\" content=\"index, follow, max-snippet:-1, max-image-preview:large, max-video-preview:-1\" \/>\n<link rel=\"canonical\" href=\"https:\/\/www.correiobraziliense.com.br\/cbradar\/essas-cores-revelam-uma-personalidade-forte-e-confiante\/\" \/>\n<meta property=\"og:locale\" content=\"pt_BR\" \/>\n<meta property=\"og:type\" content=\"article\" \/>\n<meta property=\"og:title\" content=\"Essas cores revelam uma personalidade forte e confiante - Correio Braziliense - Radar\" \/>\n<meta property=\"og:description\" content=\"Segundo a psicologia, certas cores transmitem autoridade e confian\u00e7a. Descubra como escolhas simples influenciam respeito e lideran\u00e7a.\" \/>\n<meta property=\"og:url\" content=\"https:\/\/www.correiobraziliense.com.br\/cbradar\/essas-cores-revelam-uma-personalidade-forte-e-confiante\/\" \/>\n<meta property=\"og:site_name\" content=\"Correio Braziliense - Radar\" \/>\n<meta property=\"article:published_time\" content=\"2026-01-25T16:15:00+00:00\" \/>\n<meta property=\"og:image\" content=\"https:\/\/www.correiobraziliense.com.br\/cbradar\/wp-content\/uploads\/2025\/06\/cores_1749653206158.jpg\" \/>\n\t<meta property=\"og:image:width\" content=\"1280\" \/>\n\t<meta property=\"og:image:height\" content=\"720\" \/>\n\t<meta property=\"og:image:type\" content=\"image\/jpeg\" \/>\n<meta name=\"author\" content=\"guilherme_saude\" \/>\n<meta name=\"twitter:card\" content=\"summary_large_image\" \/>\n<meta name=\"twitter:label1\" content=\"Escrito por\" \/>\n\t<meta name=\"twitter:data1\" content=\"guilherme_saude\" \/>\n\t<meta name=\"twitter:label2\" content=\"Est. tempo de leitura\" \/>\n\t<meta name=\"twitter:data2\" content=\"4 minutos\" \/>\n<!-- \/ Yoast SEO plugin. -->","yoast_head_json":{"title":"Essas cores revelam uma personalidade forte e confiante - Correio Braziliense - Radar","description":"Segundo a psicologia, certas cores transmitem autoridade e confian\u00e7a. Descubra como escolhas simples influenciam respeito e lideran\u00e7a.","robots":{"index":"index","follow":"follow","max-snippet":"max-snippet:-1","max-image-preview":"max-image-preview:large","max-video-preview":"max-video-preview:-1"},"canonical":"https:\/\/www.correiobraziliense.com.br\/cbradar\/essas-cores-revelam-uma-personalidade-forte-e-confiante\/","og_locale":"pt_BR","og_type":"article","og_title":"Essas cores revelam uma personalidade forte e confiante - Correio Braziliense - Radar","og_description":"Segundo a psicologia, certas cores transmitem autoridade e confian\u00e7a. Descubra como escolhas simples influenciam respeito e lideran\u00e7a.","og_url":"https:\/\/www.correiobraziliense.com.br\/cbradar\/essas-cores-revelam-uma-personalidade-forte-e-confiante\/","og_site_name":"Correio Braziliense - Radar","article_published_time":"2026-01-25T16:15:00+00:00","og_image":[{"width":1280,"height":720,"url":"https:\/\/www.correiobraziliense.com.br\/cbradar\/wp-content\/uploads\/2025\/06\/cores_1749653206158.jpg","type":"image\/jpeg"}],"author":"guilherme_saude","twitter_card":"summary_large_image","twitter_misc":{"Escrito por":"guilherme_saude","Est. tempo de leitura":"4 minutos"},"schema":{"@context":"https:\/\/schema.org","@graph":[{"@type":"WebPage","@id":"https:\/\/www.correiobraziliense.com.br\/cbradar\/essas-cores-revelam-uma-personalidade-forte-e-confiante\/","url":"https:\/\/www.correiobraziliense.com.br\/cbradar\/essas-cores-revelam-uma-personalidade-forte-e-confiante\/","name":"Essas cores revelam uma personalidade forte e confiante - Correio Braziliense - Radar","isPartOf":{"@id":"https:\/\/www.correiobraziliense.com.br\/cbradar\/#website"},"primaryImageOfPage":{"@id":"https:\/\/www.correiobraziliense.com.br\/cbradar\/essas-cores-revelam-uma-personalidade-forte-e-confiante\/#primaryimage"},"image":{"@id":"https:\/\/www.correiobraziliense.com.br\/cbradar\/essas-cores-revelam-uma-personalidade-forte-e-confiante\/#primaryimage"},"thumbnailUrl":"https:\/\/www.correiobraziliense.com.br\/cbradar\/wp-content\/uploads\/2025\/06\/cores_1749653206158.jpg","datePublished":"2026-01-25T16:15:00+00:00","author":{"@id":"https:\/\/www.correiobraziliense.com.br\/cbradar\/#\/schema\/person\/5aa4bf3c8fa699c267933611de12978b"},"description":"Segundo a psicologia, certas cores transmitem autoridade e confian\u00e7a. Descubra como escolhas simples influenciam respeito e lideran\u00e7a.","breadcrumb":{"@id":"https:\/\/www.correiobraziliense.com.br\/cbradar\/essas-cores-revelam-uma-personalidade-forte-e-confiante\/#breadcrumb"},"inLanguage":"pt-BR","potentialAction":[{"@type":"ReadAction","target":["https:\/\/www.correiobraziliense.com.br\/cbradar\/essas-cores-revelam-uma-personalidade-forte-e-confiante\/"]}]},{"@type":"ImageObject","inLanguage":"pt-BR","@id":"https:\/\/www.correiobraziliense.com.br\/cbradar\/essas-cores-revelam-uma-personalidade-forte-e-confiante\/#primaryimage","url":"https:\/\/www.correiobraziliense.com.br\/cbradar\/wp-content\/uploads\/2025\/06\/cores_1749653206158.jpg","contentUrl":"https:\/\/www.correiobraziliense.com.br\/cbradar\/wp-content\/uploads\/2025\/06\/cores_1749653206158.jpg","width":1280,"height":720,"caption":"Cor favorita - Cr\u00e9ditos: depositphotos.com \/ inxti74"},{"@type":"BreadcrumbList","@id":"https:\/\/www.correiobraziliense.com.br\/cbradar\/essas-cores-revelam-uma-personalidade-forte-e-confiante\/#breadcrumb","itemListElement":[{"@type":"ListItem","position":1,"name":"In\u00edcio","item":"https:\/\/www.correiobraziliense.com.br\/cbradar\/"},{"@type":"ListItem","position":2,"name":"Essas cores revelam uma personalidade forte e confiante"}]},{"@type":"WebSite","@id":"https:\/\/www.correiobraziliense.com.br\/cbradar\/#website","url":"https:\/\/www.correiobraziliense.com.br\/cbradar\/","name":"Correio Braziliense - Radar","description":"Acompanhe as \u00faltimas not\u00edcias e fique bem informado sobre tudo o que acontece no Brasil e no mundo.","potentialAction":[{"@type":"SearchAction","target":{"@type":"EntryPoint","urlTemplate":"https:\/\/www.correiobraziliense.com.br\/cbradar\/?s={search_term_string}"},"query-input":{"@type":"PropertyValueSpecification","valueRequired":true,"valueName":"search_term_string"}}],"inLanguage":"pt-BR"},{"@type":"Person","@id":"https:\/\/www.correiobraziliense.com.br\/cbradar\/#\/schema\/person\/5aa4bf3c8fa699c267933611de12978b","name":"guilherme_saude","image":{"@type":"ImageObject","inLanguage":"pt-BR","@id":"https:\/\/www.correiobraziliense.com.br\/cbradar\/#\/schema\/person\/image\/","url":"https:\/\/secure.gravatar.com\/avatar\/df9adfb835d344bc0af109d41756253f?s=96&d=mm&r=g","contentUrl":"https:\/\/secure.gravatar.com\/avatar\/df9adfb835d344bc0af109d41756253f?s=96&d=mm&r=g","caption":"guilherme_saude"},"url":"https:\/\/www.correiobraziliense.com.br\/cbradar\/author\/guilherme_saude\/"}]}},"_links":{"self":[{"href":"https:\/\/www.correiobraziliense.com.br\/cbradar\/wp-json\/wp\/v2\/posts\/180309","targetHints":{"allow":["GET"]}}],"collection":[{"href":"https:\/\/www.correiobraziliense.com.br\/cbradar\/wp-json\/wp\/v2\/posts"}],"about":[{"href":"https:\/\/www.correiobraziliense.com.br\/cbradar\/wp-json\/wp\/v2\/types\/post"}],"author":[{"embeddable":true,"href":"https:\/\/www.correiobraziliense.com.br\/cbradar\/wp-json\/wp\/v2\/users\/14"}],"replies":[{"embeddable":true,"href":"https:\/\/www.correiobraziliense.com.br\/cbradar\/wp-json\/wp\/v2\/comments?post=180309"}],"version-history":[{"count":1,"href":"https:\/\/www.correiobraziliense.com.br\/cbradar\/wp-json\/wp\/v2\/posts\/180309\/revisions"}],"predecessor-version":[{"id":180310,"href":"https:\/\/www.correiobraziliense.com.br\/cbradar\/wp-json\/wp\/v2\/posts\/180309\/revisions\/180310"}],"wp:featuredmedia":[{"embeddable":true,"href":"https:\/\/www.correiobraziliense.com.br\/cbradar\/wp-json\/wp\/v2\/media\/51880"}],"wp:attachment":[{"href":"https:\/\/www.correiobraziliense.com.br\/cbradar\/wp-json\/wp\/v2\/media?parent=180309"}],"wp:term":[{"taxonomy":"category","embeddable":true,"href":"https:\/\/www.correiobraziliense.com.br\/cbradar\/wp-json\/wp\/v2\/categories?post=180309"},{"taxonomy":"post_tag","embeddable":true,"href":"https:\/\/www.correiobraziliense.com.br\/cbradar\/wp-json\/wp\/v2\/tags?post=180309"}],"curies":[{"name":"wp","href":"https:\/\/api.w.org\/{rel}","templated":true}]}}