{"id":180311,"date":"2026-01-25T15:55:00","date_gmt":"2026-01-25T18:55:00","guid":{"rendered":"https:\/\/www.correiobraziliense.com.br\/cbradar\/?p=180311"},"modified":"2026-01-23T18:02:50","modified_gmt":"2026-01-23T21:02:50","slug":"esses-erros-comuns-fazem-o-cabelo-quebrar-antes-de-crescer","status":"publish","type":"post","link":"https:\/\/www.correiobraziliense.com.br\/cbradar\/esses-erros-comuns-fazem-o-cabelo-quebrar-antes-de-crescer\/","title":{"rendered":"Esses erros comuns fazem o cabelo quebrar antes de crescer"},"content":{"rendered":"\n<p>Secador, chapinha, babyliss e escovas secadoras podem transformar o visual em poucos minutos, mas o uso frequente e inadequado dessas ferramentas \u00e9 uma das principais causas de <strong>Quebra Capilar<\/strong>. O calor em excesso altera a estrutura da fibra, resseca a cut\u00edcula e enfraquece o c\u00f3rtex, tornando o fio mais r\u00edgido, opaco e propenso a partir.<\/p>\n\n\n\n<p>Quando o cabelo \u00e9 exposto a temperaturas muito altas, a \u00e1gua presente na fibra evapora rapidamente, criando microfissuras e deixando o fio mais fr\u00e1gil. Al\u00e9m disso, o uso de ferramentas t\u00e9rmicas em cabelos j\u00e1 danificados por qu\u00edmica ou descolora\u00e7\u00e3o potencializa ainda mais o risco de quebra. A repeti\u00e7\u00e3o di\u00e1ria desse processo agride progressivamente o cabelo, que muitas vezes come\u00e7a a partir antes mesmo de chegar ao comprimento desejado.<\/p>\n\n\n\n<p>Para reduzir esses danos, \u00e9 fundamental utilizar protetores t\u00e9rmicos, que criam uma esp\u00e9cie de \u201cbarreira\u201d entre o calor e a fibra capilar, ajudando a minimizar a perda de \u00e1gua e o desgaste das cut\u00edculas. Tamb\u00e9m \u00e9 importante ajustar a temperatura conforme o tipo de fio, evitar passar a chapinha diversas vezes na mesma mecha e manter uma dist\u00e2ncia segura do jato de ar do secador em rela\u00e7\u00e3o ao couro cabeludo e ao comprimento do cabelo.<\/p>\n\n\n\n<h2 class=\"wp-block-heading\">Quais s\u00e3o os impactos dos tratamentos qu\u00edmicos?<\/h2>\n\n\n\n<p>Alisamentos, relaxamentos, colora\u00e7\u00f5es, descolora\u00e7\u00f5es e permanentes alteram a estrutura interna do fio para modificar textura, forma ou cor. Esse processo, feito por meio de subst\u00e2ncias qu\u00edmicas, rompe e reorganiza liga\u00e7\u00f5es estruturais do cabelo, o que inevitavelmente enfraquece a fibra em algum grau. Quando os procedimentos s\u00e3o frequentes, mal executados ou combinados sem intervalo adequado, o cabelo perde elasticidade, fica mais fino, poroso e sujeito \u00e0 quebra.<\/p>\n\n\n<div class=\"wp-block-image\">\n<figure class=\"aligncenter size-large\"><img decoding=\"async\" width=\"1024\" height=\"576\" src=\"https:\/\/www.correiobraziliense.com.br\/cbradar\/wp-content\/uploads\/2025\/07\/cabelo-cuidados_1752764318464-1024x576.jpg\" alt=\"\" class=\"wp-image-71300\" srcset=\"https:\/\/www.correiobraziliense.com.br\/cbradar\/wp-content\/uploads\/2025\/07\/cabelo-cuidados_1752764318464-1024x576.jpg 1024w, https:\/\/www.correiobraziliense.com.br\/cbradar\/wp-content\/uploads\/2025\/07\/cabelo-cuidados_1752764318464-300x169.jpg 300w, https:\/\/www.correiobraziliense.com.br\/cbradar\/wp-content\/uploads\/2025\/07\/cabelo-cuidados_1752764318464-768x432.jpg 768w, https:\/\/www.correiobraziliense.com.br\/cbradar\/wp-content\/uploads\/2025\/07\/cabelo-cuidados_1752764318464-750x422.jpg 750w, https:\/\/www.correiobraziliense.com.br\/cbradar\/wp-content\/uploads\/2025\/07\/cabelo-cuidados_1752764318464-1140x641.jpg 1140w, https:\/\/www.correiobraziliense.com.br\/cbradar\/wp-content\/uploads\/2025\/07\/cabelo-cuidados_1752764318464.jpg 1280w\" sizes=\"(max-width: 1024px) 100vw, 1024px\" \/><figcaption class=\"wp-element-caption\">Cabelo &#8211; Cr\u00e9ditos: depositphotos.com \/ AndrewLozovyi<\/figcaption><\/figure><\/div>\n\n\n<p>Qu\u00edmicas muito agressivas podem comprometer o c\u00f3rtex, que \u00e9 a parte respons\u00e1vel pela resist\u00eancia do fio. Descolora\u00e7\u00f5es sucessivas, por exemplo, removem pigmentos e lip\u00eddios importantes, abrindo demasiadamente a cut\u00edcula e tornando o fio incapaz de reter \u00e1gua e nutrientes. J\u00e1 os alisamentos e relaxamentos interferem na forma da fibra, o que pode causar ruptura se o cabelo j\u00e1 estiver fragilizado ou se o tempo de a\u00e7\u00e3o e a concentra\u00e7\u00e3o do produto forem inadequados.<\/p>\n\n\n\n<p>Al\u00e9m disso, a sobreposi\u00e7\u00e3o de procedimentos \u2014 como alisar, descolorir e tonalizar no mesmo cabelo \u2014 aumenta expressivamente o risco de corte qu\u00edmico, situa\u00e7\u00e3o em que o fio se rompe de maneira brusca, muitas vezes pr\u00f3xima \u00e0 raiz. Por isso, \u00e9 essencial respeitar o tempo de recupera\u00e7\u00e3o entre os tratamentos, seguir rigorosamente as orienta\u00e7\u00f5es do profissional e manter um cronograma de cuidados focado em reconstru\u00e7\u00e3o, nutri\u00e7\u00e3o e hidrata\u00e7\u00e3o para devolver for\u00e7a, maleabilidade e prote\u00e7\u00e3o ao cabelo quimicamente tratado.<\/p>\n\n\n\n<h2 class=\"wp-block-heading\">Como os fatores ambientais e h\u00e1bitos influenciam na sa\u00fade dos fios?<\/h2>\n\n\n\n<p>Sol, vento, polui\u00e7\u00e3o, cloro, sal do mar e mudan\u00e7as bruscas de temperatura tamb\u00e9m interferem diretamente na <a href=\"https:\/\/www.correiobraziliense.com.br\/cbradar\/o-habito-simples-que-fortalece-memoria-e-concentracao\/\" target=\"_blank\" rel=\"noreferrer noopener\">sa\u00fade <\/a>capilar. A radia\u00e7\u00e3o UV, por exemplo, degrada prote\u00ednas e oxida os pigmentos do fio, o que pode resultar em desbotamento, ressecamento e perda de brilho. J\u00e1 o cloro e o sal retiram a oleosidade natural que protege a fibra, deixando o cabelo mais \u00e1spero, embara\u00e7ado e suscet\u00edvel \u00e0 quebra mec\u00e2nica durante a escova\u00e7\u00e3o.<\/p>\n\n\n\n<p>Al\u00e9m dos fatores externos, alguns h\u00e1bitos cotidianos contribuem para o enfraquecimento dos fios. Pentear o cabelo com for\u00e7a, principalmente quando est\u00e1 molhado, utilizar el\u00e1sticos muito apertados, prender os fios constantemente no mesmo ponto e dormir com os cabelos \u00famidos s\u00e3o pr\u00e1ticas que aumentam o atrito e a tens\u00e3o sobre a fibra. Com o tempo, esses pequenos desgastes se somam e podem levar \u00e0 quebra ao longo do comprimento e \u00e0 forma\u00e7\u00e3o de pontas duplas.<\/p>\n\n\n\n<p>O estilo de vida tamb\u00e9m tem impacto significativo. Estresse prolongado, noites mal dormidas e sedentarismo podem afetar o ciclo de crescimento do cabelo, tornando-o mais fino e fr\u00e1gil. Al\u00e9m disso, o uso excessivo de produtos com \u00e1lcool, shampoos muito adstringentes e lavagens em excesso removem a camada lip\u00eddica protetora, contribuindo para o ressecamento e a perda de elasticidade. Ajustar a rotina de cuidados, proteger o cabelo em ambientes mais agressivos (como praia e piscina) e adotar h\u00e1bitos mais gentis na hora de lavar, secar e pentear s\u00e3o medidas fundamentais para preservar a integridade dos fios.<\/p>\n\n\n\n<h2 class=\"wp-block-heading\">A nutri\u00e7\u00e3o pode melhorar a resist\u00eancia capilar?<\/h2>\n\n\n\n<p>A sa\u00fade do cabelo n\u00e3o depende apenas de cuidados externos. A nutri\u00e7\u00e3o adequada exerce papel central na resist\u00eancia, no brilho e no crescimento dos fios. O cabelo \u00e9 formado, em grande parte, por prote\u00ednas, e a falta de ingest\u00e3o proteica suficiente pode deixar o fio mais fino, fraco e quebradi\u00e7o. Da mesma forma, vitaminas e minerais espec\u00edficos participam diretamente da forma\u00e7\u00e3o da fibra capilar e do funcionamento adequado dos fol\u00edculos.<\/p>\n\n\n\n<p>Nutrientes como ferro, zinco, biotina, vitaminas do complexo B, vitamina D e \u00e1cidos graxos essenciais (como o \u00f4mega-3) s\u00e3o importantes para um crescimento saud\u00e1vel e para a manuten\u00e7\u00e3o da estrutura do fio. Defici\u00eancias nutricionais podem se manifestar em queda acentuada, perda de densidade, fios opacos e quebra ao longo do comprimento. Por isso, uma alimenta\u00e7\u00e3o variada, rica em frutas, verduras, legumes, fontes de prote\u00edna de boa qualidade, gr\u00e3os integrais e gorduras saud\u00e1veis, contribui diretamente para cabelos mais fortes e resilientes.<\/p>\n\n\n\n<p>Em alguns casos, quando h\u00e1 suspeita de car\u00eancias espec\u00edficas ou queda excessiva, pode ser indicado acompanhamento profissional para avalia\u00e7\u00e3o mais detalhada e, se necess\u00e1rio, o uso de suplementos. No entanto, a base de um cabelo resistente est\u00e1 em um estilo de vida equilibrado: boa alimenta\u00e7\u00e3o, hidrata\u00e7\u00e3o adequada, sono de qualidade e manejo do estresse. Aliados a cuidados externos consistentes, esses fatores criam o ambiente ideal para que o cabelo cres\u00e7a mais forte, com menos tend\u00eancia \u00e0 quebra e melhor capacidade de se recuperar das agress\u00f5es di\u00e1rias.<\/p>\n\n\n<a href=\"https:\/\/www.instagram.com\/dra.annaluisabf\/\" target=\"_blank\" rel=\"noopener\" style=\"text-decoration: none; color: inherit;\">\n    <span style=\"display: inline-block; border: 1px solid #ccc; border-radius: 10px; padding: 15px; max-width: 550px; font-family: sans-serif; box-shadow: 0 2px 5px rgba(0,0,0,0.1); width: 100%;\">\n\n      <!-- T\u00edtulo -->\n      <span style=\"display: block; margin: 0 0 15px 0; font-weight: bold; color: #2c3e50; text-align: center;\">\n        Entre em contato:\n      <\/span>\n\n      <!-- Linha do perfil -->\n      <span style=\"display: flex; align-items: center; gap: 15px;\">\n        <img decoding=\"async\"\n          src=\"https:\/\/www.correiobraziliense.com.br\/cbradar\/wp-content\/uploads\/2025\/08\/dra_anna_luisa.jpeg\"\n          alt=\"Foto da Dra. Anna Lu\u00edsa\"\n          style=\"border-radius: 50%; width: 80px; height: 80px; object-fit: cover;\"\n        \/>\n        <span style=\"display: flex; flex-direction: column;\">\n          <span style=\"font-size: 18px; font-weight: 700; color: #2c3e50;\">Dra. Anna Lu\u00edsa Barbosa Fernandes<\/span>\n          <span style=\"color: #555;\">CRM-GO 33.271<\/span>\n        <\/span>\n      <\/span>\n\n      <!-- Redes -->\n      <span style=\"display: flex; align-items: center; gap: 10px; margin-top: 12px;\">\n        <img decoding=\"async\" src=\"https:\/\/cdn-icons-png.flaticon.com\/24\/1384\/1384063.png\" alt=\"Instagram\" width=\"24\" height=\"24\" \/>\n        <span style=\"text-decoration: underline; color: #2c3e50;\">@dra.annaluisabf<\/span>\n      <\/span>\n\n    <\/span>\n  <\/a>","protected":false},"excerpt":{"rendered":"<p>Secador, chapinha, babyliss e escovas secadoras podem transformar o visual em poucos minutos, mas o uso frequente e inadequado dessas ferramentas \u00e9 uma das principais causas de Quebra Capilar. O calor em excesso altera a estrutura da fibra, resseca a cut\u00edcula e enfraquece o c\u00f3rtex, tornando o fio mais r\u00edgido, opaco e propenso a partir. [&hellip;]<\/p>\n","protected":false},"author":14,"featured_media":180312,"comment_status":"open","ping_status":"open","sticky":false,"template":"","format":"standard","meta":{"_yoast_wpseo_focuskw":"Quebra Capilar","_yoast_wpseo_title":"","_yoast_wpseo_metadesc":"A quebra capilar pode estar ligada a calor, qu\u00edmica e h\u00e1bitos di\u00e1rios. Entenda o que enfraquece os fios e como proteger o cabelo.","jnews-multi-image_gallery":[],"jnews_single_post":{"format":"standard"},"jnews_primary_category":[],"jnews_social_meta":[],"jnews_override_counter":[],"footnotes":""},"categories":[4404],"tags":[120,247,1318],"class_list":["post-180311","post","type-post","status-publish","format-standard","has-post-thumbnail","hentry","category-saude","tag-bem-estar","tag-qualidade-de-vida","tag-saude-2"],"yoast_head":"<!-- This site is optimized with the Yoast SEO plugin v24.6 - https:\/\/yoast.com\/wordpress\/plugins\/seo\/ -->\n<title>Esses erros comuns fazem o cabelo quebrar antes de crescer - Correio Braziliense - Radar<\/title>\n<meta name=\"description\" content=\"A quebra capilar pode estar ligada a calor, qu\u00edmica e h\u00e1bitos di\u00e1rios. Entenda o que enfraquece os fios e como proteger o cabelo.\" \/>\n<meta name=\"robots\" content=\"index, follow, max-snippet:-1, max-image-preview:large, max-video-preview:-1\" \/>\n<link rel=\"canonical\" href=\"https:\/\/www.correiobraziliense.com.br\/cbradar\/esses-erros-comuns-fazem-o-cabelo-quebrar-antes-de-crescer\/\" \/>\n<meta property=\"og:locale\" content=\"pt_BR\" \/>\n<meta property=\"og:type\" content=\"article\" \/>\n<meta property=\"og:title\" content=\"Esses erros comuns fazem o cabelo quebrar antes de crescer - Correio Braziliense - Radar\" \/>\n<meta property=\"og:description\" content=\"A quebra capilar pode estar ligada a calor, qu\u00edmica e h\u00e1bitos di\u00e1rios. Entenda o que enfraquece os fios e como proteger o cabelo.\" \/>\n<meta property=\"og:url\" content=\"https:\/\/www.correiobraziliense.com.br\/cbradar\/esses-erros-comuns-fazem-o-cabelo-quebrar-antes-de-crescer\/\" \/>\n<meta property=\"og:site_name\" content=\"Correio Braziliense - Radar\" \/>\n<meta property=\"article:published_time\" content=\"2026-01-25T18:55:00+00:00\" \/>\n<meta property=\"og:image\" content=\"https:\/\/www.correiobraziliense.com.br\/cbradar\/wp-content\/uploads\/2026\/01\/Quebra-Capilar_1769202116831.jpg\" \/>\n\t<meta property=\"og:image:width\" content=\"1280\" \/>\n\t<meta property=\"og:image:height\" content=\"720\" \/>\n\t<meta property=\"og:image:type\" content=\"image\/jpeg\" \/>\n<meta name=\"author\" content=\"guilherme_saude\" \/>\n<meta name=\"twitter:card\" content=\"summary_large_image\" \/>\n<meta name=\"twitter:label1\" content=\"Escrito por\" \/>\n\t<meta name=\"twitter:data1\" content=\"guilherme_saude\" \/>\n\t<meta name=\"twitter:label2\" content=\"Est. tempo de leitura\" \/>\n\t<meta name=\"twitter:data2\" content=\"6 minutos\" \/>\n<!-- \/ Yoast SEO plugin. -->","yoast_head_json":{"title":"Esses erros comuns fazem o cabelo quebrar antes de crescer - Correio Braziliense - Radar","description":"A quebra capilar pode estar ligada a calor, qu\u00edmica e h\u00e1bitos di\u00e1rios. Entenda o que enfraquece os fios e como proteger o cabelo.","robots":{"index":"index","follow":"follow","max-snippet":"max-snippet:-1","max-image-preview":"max-image-preview:large","max-video-preview":"max-video-preview:-1"},"canonical":"https:\/\/www.correiobraziliense.com.br\/cbradar\/esses-erros-comuns-fazem-o-cabelo-quebrar-antes-de-crescer\/","og_locale":"pt_BR","og_type":"article","og_title":"Esses erros comuns fazem o cabelo quebrar antes de crescer - Correio Braziliense - Radar","og_description":"A quebra capilar pode estar ligada a calor, qu\u00edmica e h\u00e1bitos di\u00e1rios. Entenda o que enfraquece os fios e como proteger o cabelo.","og_url":"https:\/\/www.correiobraziliense.com.br\/cbradar\/esses-erros-comuns-fazem-o-cabelo-quebrar-antes-de-crescer\/","og_site_name":"Correio Braziliense - Radar","article_published_time":"2026-01-25T18:55:00+00:00","og_image":[{"width":1280,"height":720,"url":"https:\/\/www.correiobraziliense.com.br\/cbradar\/wp-content\/uploads\/2026\/01\/Quebra-Capilar_1769202116831.jpg","type":"image\/jpeg"}],"author":"guilherme_saude","twitter_card":"summary_large_image","twitter_misc":{"Escrito por":"guilherme_saude","Est. tempo de leitura":"6 minutos"},"schema":{"@context":"https:\/\/schema.org","@graph":[{"@type":"WebPage","@id":"https:\/\/www.correiobraziliense.com.br\/cbradar\/esses-erros-comuns-fazem-o-cabelo-quebrar-antes-de-crescer\/","url":"https:\/\/www.correiobraziliense.com.br\/cbradar\/esses-erros-comuns-fazem-o-cabelo-quebrar-antes-de-crescer\/","name":"Esses erros comuns fazem o cabelo quebrar antes de crescer - Correio Braziliense - Radar","isPartOf":{"@id":"https:\/\/www.correiobraziliense.com.br\/cbradar\/#website"},"primaryImageOfPage":{"@id":"https:\/\/www.correiobraziliense.com.br\/cbradar\/esses-erros-comuns-fazem-o-cabelo-quebrar-antes-de-crescer\/#primaryimage"},"image":{"@id":"https:\/\/www.correiobraziliense.com.br\/cbradar\/esses-erros-comuns-fazem-o-cabelo-quebrar-antes-de-crescer\/#primaryimage"},"thumbnailUrl":"https:\/\/www.correiobraziliense.com.br\/cbradar\/wp-content\/uploads\/2026\/01\/Quebra-Capilar_1769202116831.jpg","datePublished":"2026-01-25T18:55:00+00:00","author":{"@id":"https:\/\/www.correiobraziliense.com.br\/cbradar\/#\/schema\/person\/5aa4bf3c8fa699c267933611de12978b"},"description":"A quebra capilar pode estar ligada a calor, qu\u00edmica e h\u00e1bitos di\u00e1rios. Entenda o que enfraquece os fios e como proteger o cabelo.","breadcrumb":{"@id":"https:\/\/www.correiobraziliense.com.br\/cbradar\/esses-erros-comuns-fazem-o-cabelo-quebrar-antes-de-crescer\/#breadcrumb"},"inLanguage":"pt-BR","potentialAction":[{"@type":"ReadAction","target":["https:\/\/www.correiobraziliense.com.br\/cbradar\/esses-erros-comuns-fazem-o-cabelo-quebrar-antes-de-crescer\/"]}]},{"@type":"ImageObject","inLanguage":"pt-BR","@id":"https:\/\/www.correiobraziliense.com.br\/cbradar\/esses-erros-comuns-fazem-o-cabelo-quebrar-antes-de-crescer\/#primaryimage","url":"https:\/\/www.correiobraziliense.com.br\/cbradar\/wp-content\/uploads\/2026\/01\/Quebra-Capilar_1769202116831.jpg","contentUrl":"https:\/\/www.correiobraziliense.com.br\/cbradar\/wp-content\/uploads\/2026\/01\/Quebra-Capilar_1769202116831.jpg","width":1280,"height":720,"caption":"Quebra Capilar - Cr\u00e9ditos: depositphotos.com \/ kolapatha@outlook.co.th"},{"@type":"BreadcrumbList","@id":"https:\/\/www.correiobraziliense.com.br\/cbradar\/esses-erros-comuns-fazem-o-cabelo-quebrar-antes-de-crescer\/#breadcrumb","itemListElement":[{"@type":"ListItem","position":1,"name":"In\u00edcio","item":"https:\/\/www.correiobraziliense.com.br\/cbradar\/"},{"@type":"ListItem","position":2,"name":"Esses erros comuns fazem o cabelo quebrar antes de crescer"}]},{"@type":"WebSite","@id":"https:\/\/www.correiobraziliense.com.br\/cbradar\/#website","url":"https:\/\/www.correiobraziliense.com.br\/cbradar\/","name":"Correio Braziliense - Radar","description":"Acompanhe as \u00faltimas not\u00edcias e fique bem informado sobre tudo o que acontece no Brasil e no mundo.","potentialAction":[{"@type":"SearchAction","target":{"@type":"EntryPoint","urlTemplate":"https:\/\/www.correiobraziliense.com.br\/cbradar\/?s={search_term_string}"},"query-input":{"@type":"PropertyValueSpecification","valueRequired":true,"valueName":"search_term_string"}}],"inLanguage":"pt-BR"},{"@type":"Person","@id":"https:\/\/www.correiobraziliense.com.br\/cbradar\/#\/schema\/person\/5aa4bf3c8fa699c267933611de12978b","name":"guilherme_saude","image":{"@type":"ImageObject","inLanguage":"pt-BR","@id":"https:\/\/www.correiobraziliense.com.br\/cbradar\/#\/schema\/person\/image\/","url":"https:\/\/secure.gravatar.com\/avatar\/df9adfb835d344bc0af109d41756253f?s=96&d=mm&r=g","contentUrl":"https:\/\/secure.gravatar.com\/avatar\/df9adfb835d344bc0af109d41756253f?s=96&d=mm&r=g","caption":"guilherme_saude"},"url":"https:\/\/www.correiobraziliense.com.br\/cbradar\/author\/guilherme_saude\/"}]}},"_links":{"self":[{"href":"https:\/\/www.correiobraziliense.com.br\/cbradar\/wp-json\/wp\/v2\/posts\/180311","targetHints":{"allow":["GET"]}}],"collection":[{"href":"https:\/\/www.correiobraziliense.com.br\/cbradar\/wp-json\/wp\/v2\/posts"}],"about":[{"href":"https:\/\/www.correiobraziliense.com.br\/cbradar\/wp-json\/wp\/v2\/types\/post"}],"author":[{"embeddable":true,"href":"https:\/\/www.correiobraziliense.com.br\/cbradar\/wp-json\/wp\/v2\/users\/14"}],"replies":[{"embeddable":true,"href":"https:\/\/www.correiobraziliense.com.br\/cbradar\/wp-json\/wp\/v2\/comments?post=180311"}],"version-history":[{"count":1,"href":"https:\/\/www.correiobraziliense.com.br\/cbradar\/wp-json\/wp\/v2\/posts\/180311\/revisions"}],"predecessor-version":[{"id":180313,"href":"https:\/\/www.correiobraziliense.com.br\/cbradar\/wp-json\/wp\/v2\/posts\/180311\/revisions\/180313"}],"wp:featuredmedia":[{"embeddable":true,"href":"https:\/\/www.correiobraziliense.com.br\/cbradar\/wp-json\/wp\/v2\/media\/180312"}],"wp:attachment":[{"href":"https:\/\/www.correiobraziliense.com.br\/cbradar\/wp-json\/wp\/v2\/media?parent=180311"}],"wp:term":[{"taxonomy":"category","embeddable":true,"href":"https:\/\/www.correiobraziliense.com.br\/cbradar\/wp-json\/wp\/v2\/categories?post=180311"},{"taxonomy":"post_tag","embeddable":true,"href":"https:\/\/www.correiobraziliense.com.br\/cbradar\/wp-json\/wp\/v2\/tags?post=180311"}],"curies":[{"name":"wp","href":"https:\/\/api.w.org\/{rel}","templated":true}]}}