{"id":180317,"date":"2026-01-25T20:25:00","date_gmt":"2026-01-25T23:25:00","guid":{"rendered":"https:\/\/www.correiobraziliense.com.br\/cbradar\/?p=180317"},"modified":"2026-01-23T18:07:50","modified_gmt":"2026-01-23T21:07:50","slug":"o-cogumelo-raro-que-provoca-visoes-estranhamente-especificas","status":"publish","type":"post","link":"https:\/\/www.correiobraziliense.com.br\/cbradar\/o-cogumelo-raro-que-provoca-visoes-estranhamente-especificas\/","title":{"rendered":"O cogumelo raro que provoca vis\u00f5es estranhamente espec\u00edficas"},"content":{"rendered":"\n<p>Ao longo das florestas exuberantes da prov\u00edncia de Yunnan, na China, uma curiosidade biol\u00f3gica intrigante aguarda os interessados no estudo de fungos e neuroci\u00eancia: o\u00a0<em>Lanmaoa asiatica<\/em>. Este peculiar <strong>Cogumelo <\/strong>\u00e9 conhecido por induzir vis\u00f5es alucinat\u00f3rias de figuras min\u00fasculas, que mais parecem sa\u00eddas de contos de fadas. Hospital da regi\u00e3o recebe anualmente pacientes relatando tais vis\u00f5es, mais uma vez evidenciando os efeitos singulares desse fungo em particular.<\/p>\n\n\n\n<p>Na cultura local de Yunnan, o\u00a0<em>Lanmaoa asiatica<\/em>\u00a0\u00e9 um item culin\u00e1rio comum, amplamente dispon\u00edvel em mercados e apreciado em pratos tradicionais. No entanto, deve ser minuciosamente cozido para evitar suas propriedades alucin\u00f3genas. Os moradores costumam alertar visitantes descuidados sobre os riscos de consumo imprudente. Esta precau\u00e7\u00e3o \u00e9 bem fundamentada, visto que as alucina\u00e7\u00f5es associadas ao Cogumelo s\u00e3o notavelmente consistentes.<\/p>\n\n\n\n<h2 class=\"wp-block-heading\">O que torna o&nbsp;<em>Lanmaoa asiatica<\/em>&nbsp;t\u00e3o peculiar?<\/h2>\n\n\n\n<p>A particularidade do&nbsp;<em>Lanmaoa asiatica<\/em>&nbsp;reside em sua capacidade de provocar alucina\u00e7\u00f5es chamadas &#8220;liliputianas&#8221;, nas quais os indiv\u00edduos relatam figuras diminutas em atividades corriqueiras. O fen\u00f4meno desperta compara\u00e7\u00f5es com os habitantes da Lilliput do cl\u00e1ssico &#8220;As Viagens de Gulliver&#8221;. Apesar de relatadas com frequ\u00eancia, as explica\u00e7\u00f5es cient\u00edficas para tais vis\u00f5es ainda s\u00e3o incipientes, fomentando um mist\u00e9rio \u00e0 margem dos mercados de Yunnan.<\/p>\n\n\n<div class=\"wp-block-image\">\n<figure class=\"aligncenter size-large\"><img decoding=\"async\" width=\"1024\" height=\"576\" src=\"https:\/\/www.correiobraziliense.com.br\/cbradar\/wp-content\/uploads\/2026\/01\/Cogumelo-_1769202450010-1024x576.jpg\" alt=\"\" class=\"wp-image-180319\" srcset=\"https:\/\/www.correiobraziliense.com.br\/cbradar\/wp-content\/uploads\/2026\/01\/Cogumelo-_1769202450010-1024x576.jpg 1024w, https:\/\/www.correiobraziliense.com.br\/cbradar\/wp-content\/uploads\/2026\/01\/Cogumelo-_1769202450010-300x169.jpg 300w, https:\/\/www.correiobraziliense.com.br\/cbradar\/wp-content\/uploads\/2026\/01\/Cogumelo-_1769202450010-768x432.jpg 768w, https:\/\/www.correiobraziliense.com.br\/cbradar\/wp-content\/uploads\/2026\/01\/Cogumelo-_1769202450010-750x422.jpg 750w, https:\/\/www.correiobraziliense.com.br\/cbradar\/wp-content\/uploads\/2026\/01\/Cogumelo-_1769202450010-1140x641.jpg 1140w, https:\/\/www.correiobraziliense.com.br\/cbradar\/wp-content\/uploads\/2026\/01\/Cogumelo-_1769202450010.jpg 1280w\" sizes=\"(max-width: 1024px) 100vw, 1024px\" \/><figcaption class=\"wp-element-caption\">Cogumelo &#8211; Cr\u00e9ditos: depositphotos.com \/ Dr.PAS<\/figcaption><\/figure><\/div>\n\n\n<h2 class=\"wp-block-heading\">O que h\u00e1 por tr\u00e1s das alucina\u00e7\u00f5es?<\/h2>\n\n\n\n<p>Pesquisadores, como Colin Domnauer da Universidade de Utah, dedicam-se a desvendar o enigma em torno dos compostos alucin\u00f3genos do\u00a0<em>Lanmaoa asiatica<\/em>. Estudos preliminares mostram que os efeitos alucinat\u00f3rios podem durar de 12 a 24 horas, podendo levar a interna\u00e7\u00f5es hospitalares em casos mais prolongados. At\u00e9 o momento, o componente qu\u00edmico preciso permanece n\u00e3o identificado, destacando a singularidade do Cogumelo entre outros psicod\u00e9licos conhecidos.<\/p>\n\n\n\n<h2 class=\"wp-block-heading\">Como o&nbsp;<em>Lanmaoa asiatica<\/em>&nbsp;pode impactar o conhecimento cient\u00edfico?<\/h2>\n\n\n\n<p>Investigar o\u00a0<em>Lanmaoa asiatica<\/em>\u00a0\u00e9 mais do que decifrar o mist\u00e9rio de suas propriedades psicoativas. Estudos como o de Domnauer trazem \u00e0 tona quest\u00f5es sobre o funcionamento da mente humana e suas percep\u00e7\u00f5es da realidade. Al\u00e9m disso, entender o Cogumelo pode oferecer novas abordagens para tratar alucina\u00e7\u00f5es liliputianas espont\u00e2neas, uma condi\u00e7\u00e3o rara com potenciais consequ\u00eancias graves para os <a href=\"https:\/\/www.correiobraziliense.com.br\/cbradar\/o-habito-simples-que-fortalece-memoria-e-concentracao\/\" target=\"_blank\" rel=\"noreferrer noopener\">afetados<\/a>.<\/p>\n\n\n\n<p>At\u00e9 2025, a busca pelos compostos espec\u00edficos continua, enquanto a explora\u00e7\u00e3o das propriedades bioqu\u00edmicas do&nbsp;<em>Lanmaoa asiatica<\/em>&nbsp;abre portas para potenciais descobertas farmacol\u00f3gicas. Integrado a um universo vasto e ainda inexplorado de fungos, ele representa um convite para mergulhar mais fundo na biologia misteriosa dos cogumelos e nas complexidades do c\u00e9rebro humano.<\/p>\n\n\n<a href=\"https:\/\/www.instagram.com\/dra.annaluisabf\/\" target=\"_blank\" rel=\"noopener\" style=\"text-decoration: none; color: inherit;\">\n    <span style=\"display: inline-block; border: 1px solid #ccc; border-radius: 10px; padding: 15px; max-width: 550px; font-family: sans-serif; box-shadow: 0 2px 5px rgba(0,0,0,0.1); width: 100%;\">\n\n      <!-- T\u00edtulo -->\n      <span style=\"display: block; margin: 0 0 15px 0; font-weight: bold; color: #2c3e50; text-align: center;\">\n        Entre em contato:\n      <\/span>\n\n      <!-- Linha do perfil -->\n      <span style=\"display: flex; align-items: center; gap: 15px;\">\n        <img decoding=\"async\"\n          src=\"https:\/\/www.correiobraziliense.com.br\/cbradar\/wp-content\/uploads\/2025\/08\/dra_anna_luisa.jpeg\"\n          alt=\"Foto da Dra. Anna Lu\u00edsa\"\n          style=\"border-radius: 50%; width: 80px; height: 80px; object-fit: cover;\"\n        \/>\n        <span style=\"display: flex; flex-direction: column;\">\n          <span style=\"font-size: 18px; font-weight: 700; color: #2c3e50;\">Dra. Anna Lu\u00edsa Barbosa Fernandes<\/span>\n          <span style=\"color: #555;\">CRM-GO 33.271<\/span>\n        <\/span>\n      <\/span>\n\n      <!-- Redes -->\n      <span style=\"display: flex; align-items: center; gap: 10px; margin-top: 12px;\">\n        <img decoding=\"async\" src=\"https:\/\/cdn-icons-png.flaticon.com\/24\/1384\/1384063.png\" alt=\"Instagram\" width=\"24\" height=\"24\" \/>\n        <span style=\"text-decoration: underline; color: #2c3e50;\">@dra.annaluisabf<\/span>\n      <\/span>\n\n    <\/span>\n  <\/a>","protected":false},"excerpt":{"rendered":"<p>Ao longo das florestas exuberantes da prov\u00edncia de Yunnan, na China, uma curiosidade biol\u00f3gica intrigante aguarda os interessados no estudo de fungos e neuroci\u00eancia: o\u00a0Lanmaoa asiatica. Este peculiar Cogumelo \u00e9 conhecido por induzir vis\u00f5es alucinat\u00f3rias de figuras min\u00fasculas, que mais parecem sa\u00eddas de contos de fadas. Hospital da regi\u00e3o recebe anualmente pacientes relatando tais vis\u00f5es, [&hellip;]<\/p>\n","protected":false},"author":14,"featured_media":180318,"comment_status":"open","ping_status":"open","sticky":false,"template":"","format":"standard","meta":{"_yoast_wpseo_focuskw":"Cogumelo","_yoast_wpseo_title":"","_yoast_wpseo_metadesc":"Um cogumelo tradicional da China chama aten\u00e7\u00e3o por causar alucina\u00e7\u00f5es espec\u00edficas. Entenda por que ele intriga m\u00e9dicos e cientistas.","jnews-multi-image_gallery":[],"jnews_single_post":{"format":"standard"},"jnews_primary_category":[],"jnews_social_meta":[],"jnews_override_counter":[],"footnotes":""},"categories":[4404],"tags":[120,247,1318],"class_list":["post-180317","post","type-post","status-publish","format-standard","has-post-thumbnail","hentry","category-saude","tag-bem-estar","tag-qualidade-de-vida","tag-saude-2"],"yoast_head":"<!-- This site is optimized with the Yoast SEO plugin v24.6 - https:\/\/yoast.com\/wordpress\/plugins\/seo\/ -->\n<title>O cogumelo raro que provoca vis\u00f5es estranhamente espec\u00edficas - Correio Braziliense - Radar<\/title>\n<meta name=\"description\" content=\"Um cogumelo tradicional da China chama aten\u00e7\u00e3o por causar alucina\u00e7\u00f5es espec\u00edficas. Entenda por que ele intriga m\u00e9dicos e cientistas.\" \/>\n<meta name=\"robots\" content=\"index, follow, max-snippet:-1, max-image-preview:large, max-video-preview:-1\" \/>\n<link rel=\"canonical\" href=\"https:\/\/www.correiobraziliense.com.br\/cbradar\/o-cogumelo-raro-que-provoca-visoes-estranhamente-especificas\/\" \/>\n<meta property=\"og:locale\" content=\"pt_BR\" \/>\n<meta property=\"og:type\" content=\"article\" \/>\n<meta property=\"og:title\" content=\"O cogumelo raro que provoca vis\u00f5es estranhamente espec\u00edficas - Correio Braziliense - Radar\" \/>\n<meta property=\"og:description\" content=\"Um cogumelo tradicional da China chama aten\u00e7\u00e3o por causar alucina\u00e7\u00f5es espec\u00edficas. Entenda por que ele intriga m\u00e9dicos e cientistas.\" \/>\n<meta property=\"og:url\" content=\"https:\/\/www.correiobraziliense.com.br\/cbradar\/o-cogumelo-raro-que-provoca-visoes-estranhamente-especificas\/\" \/>\n<meta property=\"og:site_name\" content=\"Correio Braziliense - Radar\" \/>\n<meta property=\"article:published_time\" content=\"2026-01-25T23:25:00+00:00\" \/>\n<meta property=\"og:image\" content=\"https:\/\/www.correiobraziliense.com.br\/cbradar\/wp-content\/uploads\/2026\/01\/Cogumelo-_1769202407441.jpg\" \/>\n\t<meta property=\"og:image:width\" content=\"1280\" \/>\n\t<meta property=\"og:image:height\" content=\"720\" \/>\n\t<meta property=\"og:image:type\" content=\"image\/jpeg\" \/>\n<meta name=\"author\" content=\"guilherme_saude\" \/>\n<meta name=\"twitter:card\" content=\"summary_large_image\" \/>\n<meta name=\"twitter:label1\" content=\"Escrito por\" \/>\n\t<meta name=\"twitter:data1\" content=\"guilherme_saude\" \/>\n\t<meta name=\"twitter:label2\" content=\"Est. tempo de leitura\" \/>\n\t<meta name=\"twitter:data2\" content=\"4 minutos\" \/>\n<!-- \/ Yoast SEO plugin. -->","yoast_head_json":{"title":"O cogumelo raro que provoca vis\u00f5es estranhamente espec\u00edficas - Correio Braziliense - Radar","description":"Um cogumelo tradicional da China chama aten\u00e7\u00e3o por causar alucina\u00e7\u00f5es espec\u00edficas. Entenda por que ele intriga m\u00e9dicos e cientistas.","robots":{"index":"index","follow":"follow","max-snippet":"max-snippet:-1","max-image-preview":"max-image-preview:large","max-video-preview":"max-video-preview:-1"},"canonical":"https:\/\/www.correiobraziliense.com.br\/cbradar\/o-cogumelo-raro-que-provoca-visoes-estranhamente-especificas\/","og_locale":"pt_BR","og_type":"article","og_title":"O cogumelo raro que provoca vis\u00f5es estranhamente espec\u00edficas - Correio Braziliense - Radar","og_description":"Um cogumelo tradicional da China chama aten\u00e7\u00e3o por causar alucina\u00e7\u00f5es espec\u00edficas. Entenda por que ele intriga m\u00e9dicos e cientistas.","og_url":"https:\/\/www.correiobraziliense.com.br\/cbradar\/o-cogumelo-raro-que-provoca-visoes-estranhamente-especificas\/","og_site_name":"Correio Braziliense - Radar","article_published_time":"2026-01-25T23:25:00+00:00","og_image":[{"width":1280,"height":720,"url":"https:\/\/www.correiobraziliense.com.br\/cbradar\/wp-content\/uploads\/2026\/01\/Cogumelo-_1769202407441.jpg","type":"image\/jpeg"}],"author":"guilherme_saude","twitter_card":"summary_large_image","twitter_misc":{"Escrito por":"guilherme_saude","Est. tempo de leitura":"4 minutos"},"schema":{"@context":"https:\/\/schema.org","@graph":[{"@type":"WebPage","@id":"https:\/\/www.correiobraziliense.com.br\/cbradar\/o-cogumelo-raro-que-provoca-visoes-estranhamente-especificas\/","url":"https:\/\/www.correiobraziliense.com.br\/cbradar\/o-cogumelo-raro-que-provoca-visoes-estranhamente-especificas\/","name":"O cogumelo raro que provoca vis\u00f5es estranhamente espec\u00edficas - Correio Braziliense - Radar","isPartOf":{"@id":"https:\/\/www.correiobraziliense.com.br\/cbradar\/#website"},"primaryImageOfPage":{"@id":"https:\/\/www.correiobraziliense.com.br\/cbradar\/o-cogumelo-raro-que-provoca-visoes-estranhamente-especificas\/#primaryimage"},"image":{"@id":"https:\/\/www.correiobraziliense.com.br\/cbradar\/o-cogumelo-raro-que-provoca-visoes-estranhamente-especificas\/#primaryimage"},"thumbnailUrl":"https:\/\/www.correiobraziliense.com.br\/cbradar\/wp-content\/uploads\/2026\/01\/Cogumelo-_1769202407441.jpg","datePublished":"2026-01-25T23:25:00+00:00","author":{"@id":"https:\/\/www.correiobraziliense.com.br\/cbradar\/#\/schema\/person\/5aa4bf3c8fa699c267933611de12978b"},"description":"Um cogumelo tradicional da China chama aten\u00e7\u00e3o por causar alucina\u00e7\u00f5es espec\u00edficas. Entenda por que ele intriga m\u00e9dicos e cientistas.","breadcrumb":{"@id":"https:\/\/www.correiobraziliense.com.br\/cbradar\/o-cogumelo-raro-que-provoca-visoes-estranhamente-especificas\/#breadcrumb"},"inLanguage":"pt-BR","potentialAction":[{"@type":"ReadAction","target":["https:\/\/www.correiobraziliense.com.br\/cbradar\/o-cogumelo-raro-que-provoca-visoes-estranhamente-especificas\/"]}]},{"@type":"ImageObject","inLanguage":"pt-BR","@id":"https:\/\/www.correiobraziliense.com.br\/cbradar\/o-cogumelo-raro-que-provoca-visoes-estranhamente-especificas\/#primaryimage","url":"https:\/\/www.correiobraziliense.com.br\/cbradar\/wp-content\/uploads\/2026\/01\/Cogumelo-_1769202407441.jpg","contentUrl":"https:\/\/www.correiobraziliense.com.br\/cbradar\/wp-content\/uploads\/2026\/01\/Cogumelo-_1769202407441.jpg","width":1280,"height":720,"caption":"Cogumelo - Cr\u00e9ditos: depositphotos.com \/ Yuli23"},{"@type":"BreadcrumbList","@id":"https:\/\/www.correiobraziliense.com.br\/cbradar\/o-cogumelo-raro-que-provoca-visoes-estranhamente-especificas\/#breadcrumb","itemListElement":[{"@type":"ListItem","position":1,"name":"In\u00edcio","item":"https:\/\/www.correiobraziliense.com.br\/cbradar\/"},{"@type":"ListItem","position":2,"name":"O cogumelo raro que provoca vis\u00f5es estranhamente espec\u00edficas"}]},{"@type":"WebSite","@id":"https:\/\/www.correiobraziliense.com.br\/cbradar\/#website","url":"https:\/\/www.correiobraziliense.com.br\/cbradar\/","name":"Correio Braziliense - Radar","description":"Acompanhe as \u00faltimas not\u00edcias e fique bem informado sobre tudo o que acontece no Brasil e no mundo.","potentialAction":[{"@type":"SearchAction","target":{"@type":"EntryPoint","urlTemplate":"https:\/\/www.correiobraziliense.com.br\/cbradar\/?s={search_term_string}"},"query-input":{"@type":"PropertyValueSpecification","valueRequired":true,"valueName":"search_term_string"}}],"inLanguage":"pt-BR"},{"@type":"Person","@id":"https:\/\/www.correiobraziliense.com.br\/cbradar\/#\/schema\/person\/5aa4bf3c8fa699c267933611de12978b","name":"guilherme_saude","image":{"@type":"ImageObject","inLanguage":"pt-BR","@id":"https:\/\/www.correiobraziliense.com.br\/cbradar\/#\/schema\/person\/image\/","url":"https:\/\/secure.gravatar.com\/avatar\/df9adfb835d344bc0af109d41756253f?s=96&d=mm&r=g","contentUrl":"https:\/\/secure.gravatar.com\/avatar\/df9adfb835d344bc0af109d41756253f?s=96&d=mm&r=g","caption":"guilherme_saude"},"url":"https:\/\/www.correiobraziliense.com.br\/cbradar\/author\/guilherme_saude\/"}]}},"_links":{"self":[{"href":"https:\/\/www.correiobraziliense.com.br\/cbradar\/wp-json\/wp\/v2\/posts\/180317","targetHints":{"allow":["GET"]}}],"collection":[{"href":"https:\/\/www.correiobraziliense.com.br\/cbradar\/wp-json\/wp\/v2\/posts"}],"about":[{"href":"https:\/\/www.correiobraziliense.com.br\/cbradar\/wp-json\/wp\/v2\/types\/post"}],"author":[{"embeddable":true,"href":"https:\/\/www.correiobraziliense.com.br\/cbradar\/wp-json\/wp\/v2\/users\/14"}],"replies":[{"embeddable":true,"href":"https:\/\/www.correiobraziliense.com.br\/cbradar\/wp-json\/wp\/v2\/comments?post=180317"}],"version-history":[{"count":1,"href":"https:\/\/www.correiobraziliense.com.br\/cbradar\/wp-json\/wp\/v2\/posts\/180317\/revisions"}],"predecessor-version":[{"id":180320,"href":"https:\/\/www.correiobraziliense.com.br\/cbradar\/wp-json\/wp\/v2\/posts\/180317\/revisions\/180320"}],"wp:featuredmedia":[{"embeddable":true,"href":"https:\/\/www.correiobraziliense.com.br\/cbradar\/wp-json\/wp\/v2\/media\/180318"}],"wp:attachment":[{"href":"https:\/\/www.correiobraziliense.com.br\/cbradar\/wp-json\/wp\/v2\/media?parent=180317"}],"wp:term":[{"taxonomy":"category","embeddable":true,"href":"https:\/\/www.correiobraziliense.com.br\/cbradar\/wp-json\/wp\/v2\/categories?post=180317"},{"taxonomy":"post_tag","embeddable":true,"href":"https:\/\/www.correiobraziliense.com.br\/cbradar\/wp-json\/wp\/v2\/tags?post=180317"}],"curies":[{"name":"wp","href":"https:\/\/api.w.org\/{rel}","templated":true}]}}