{"id":180322,"date":"2026-01-25T18:25:00","date_gmt":"2026-01-25T21:25:00","guid":{"rendered":"https:\/\/www.correiobraziliense.com.br\/cbradar\/?p=180322"},"modified":"2026-01-23T18:09:48","modified_gmt":"2026-01-23T21:09:48","slug":"usar-remedios-para-treinar-pode-estar-sabotando-seu-corpo","status":"publish","type":"post","link":"https:\/\/www.correiobraziliense.com.br\/cbradar\/usar-remedios-para-treinar-pode-estar-sabotando-seu-corpo\/","title":{"rendered":"Usar rem\u00e9dios para treinar pode estar sabotando seu corpo"},"content":{"rendered":"\n<p>Nos \u00faltimos tempos, o uso frequente de <strong>Analg\u00e9sicos<\/strong> e anti-inflamat\u00f3rios tornou-se uma pr\u00e1tica comum entre pessoas fisicamente ativas. Afinal, o desejo de manter a rotina de exerc\u00edcios, mesmo diante de desconfortos ou dores, leva muitos a adotarem essas medica\u00e7\u00f5es como solu\u00e7\u00e3o r\u00e1pida. Ao inv\u00e9s de parar e investigar as causas das dores, essas subst\u00e2ncias s\u00e3o usadas para oferecer um al\u00edvio imediato, permitindo que os treinos continuem sem interrup\u00e7\u00f5es.<\/p>\n\n\n\n<p>No entanto, essa pr\u00e1tica esconde riscos significativos. Quando o uso de medicamentos deixa de ser uma exce\u00e7\u00e3o e torna-se parte da rotina, pode mascarar sinais importantes do corpo. O organismo tem maneiras de indicar quando algo est\u00e1 errado, e a dor \u00e9 um dos meios prim\u00e1rios de comunica\u00e7\u00e3o. Utilizar Analg\u00e9sicos e anti-inflamat\u00f3rios para banir essa dor pode atrasar diagn\u00f3sticos cruciais e permitir que condi\u00e7\u00f5es subjacentes se agravem ao longo do tempo.<\/p>\n\n\n\n<h2 class=\"wp-block-heading\">Quais s\u00e3o os impactos negativos do uso excessivo de Analg\u00e9sicos?<\/h2>\n\n\n\n<p>O uso constante de Analg\u00e9sicos pode ter v\u00e1rias repercuss\u00f5es na sa\u00fade. Para come\u00e7ar, essas medica\u00e7\u00f5es podem causar danos aos \u00f3rg\u00e3os internos, como f\u00edgado e rins, quando consumidas em excesso. Al\u00e9m disso, ignorar a dor causada por melhoria das les\u00f5es pode levar a danos ainda piores, minando a recupera\u00e7\u00e3o adequada e, eventualmente, comprometendo o desempenho f\u00edsico. Assim, ao inv\u00e9s de promover bem-estar, os analg\u00e9sicos podem criar um ciclo prejudicial que prejudica a sa\u00fade a longo prazo.<\/p>\n\n\n<div class=\"wp-block-image\">\n<figure class=\"aligncenter size-large\"><img decoding=\"async\" width=\"1024\" height=\"576\" src=\"https:\/\/www.correiobraziliense.com.br\/cbradar\/wp-content\/uploads\/2026\/01\/Analgesicos_1769202560694-1024x576.jpg\" alt=\"\" class=\"wp-image-180324\" srcset=\"https:\/\/www.correiobraziliense.com.br\/cbradar\/wp-content\/uploads\/2026\/01\/Analgesicos_1769202560694-1024x576.jpg 1024w, https:\/\/www.correiobraziliense.com.br\/cbradar\/wp-content\/uploads\/2026\/01\/Analgesicos_1769202560694-300x169.jpg 300w, https:\/\/www.correiobraziliense.com.br\/cbradar\/wp-content\/uploads\/2026\/01\/Analgesicos_1769202560694-768x432.jpg 768w, https:\/\/www.correiobraziliense.com.br\/cbradar\/wp-content\/uploads\/2026\/01\/Analgesicos_1769202560694-750x422.jpg 750w, https:\/\/www.correiobraziliense.com.br\/cbradar\/wp-content\/uploads\/2026\/01\/Analgesicos_1769202560694-1140x641.jpg 1140w, https:\/\/www.correiobraziliense.com.br\/cbradar\/wp-content\/uploads\/2026\/01\/Analgesicos_1769202560694.jpg 1280w\" sizes=\"(max-width: 1024px) 100vw, 1024px\" \/><figcaption class=\"wp-element-caption\">Analg\u00e9sicos &#8211; Cr\u00e9ditos: depositphotos.com \/ Ischukigor<\/figcaption><\/figure><\/div>\n\n\n<h2 class=\"wp-block-heading\">Qual \u00e9 a quest\u00e3o central com os anti-inflamat\u00f3rios?<\/h2>\n\n\n\n<p>Por outro lado, os anti-inflamat\u00f3rios, se usados de forma descontrolada, podem dificultar a resposta natural do corpo a les\u00f5es. A inflama\u00e7\u00e3o \u00e9 um processo normal de cicatriza\u00e7\u00e3o, e sua supress\u00e3o cont\u00ednua pode levar \u00e0 defici\u00eancia na recupera\u00e7\u00e3o. Al\u00e9m disso, efeitos colaterais gastrointestinais, como \u00falceras, s\u00e3o riscos associados ao uso cr\u00f4nico desses medicamentos. A sensa\u00e7\u00e3o de bem-estar proporcionada \u00e9 tempor\u00e1ria e n\u00e3o aborda a causa raiz da dor, o que pode levar a problemas agravados no futuro.<\/p>\n\n\n\n<h2 class=\"wp-block-heading\">Como lidar com a dor de forma saud\u00e1vel?<\/h2>\n\n\n\n<p>Para aqueles que treinam regularmente, \u00e9 crucial abordar as quest\u00f5es de dor de forma hol\u00edstica e preventiva. Algumas estrat\u00e9gias incluem:<\/p>\n\n\n\n<ul class=\"wp-block-list\">\n<li><strong>Avalia\u00e7\u00e3o m\u00e9dica:<\/strong>\u00a0Consultar profissionais da sa\u00fade para entender a causa da dor.<\/li>\n\n\n\n<li><strong>Descanso adequado:<\/strong>\u00a0Permitir que o corpo tenha tempo suficiente para se recuperar ap\u00f3s treinos intensos.<\/li>\n\n\n\n<li><strong>Alongamentos e fisioterapia:<\/strong>\u00a0Incorporar exerc\u00edcios para melhorar a flexibilidade e fortalecer \u00e1reas vulner\u00e1veis.<\/li>\n\n\n\n<li><strong>M\u00e9todos alternativos de al\u00edvio da dor:<\/strong>\u00a0Aplica\u00e7\u00f5es t\u00f3picas, massagem e t\u00e9cnicas de relaxamento podem oferecer al\u00edvio sem os riscos dos medicamentos.<\/li>\n<\/ul>\n\n\n\n<h2 class=\"wp-block-heading\">Qual a import\u00e2ncia de ouvir os sinais do corpo?<\/h2>\n\n\n\n<p>Em \u00faltima an\u00e1lise, a base de uma vida saud\u00e1vel e ativa reside em escutar o corpo. Ignorar seus sinais pode parecer uma solu\u00e7\u00e3o vi\u00e1vel a curto prazo, mas a longo prazo, \u00e9 vital abordar e responder \u00e0s suas indica\u00e7\u00f5es naturais. Investir em cuidados preventivos e buscar solu\u00e7\u00f5es naturais e equilibradas s\u00e3o passos importantes para garantir que a sa\u00fade geral n\u00e3o seja comprometida, permitindo que o desempenho f\u00edsico atinja seu potencial m\u00e1ximo e de forma sustent\u00e1vel.<\/p>\n\n\n<a href=\"https:\/\/www.instagram.com\/dra.annaluisabf\/\" target=\"_blank\" rel=\"noopener\" style=\"text-decoration: none; color: inherit;\">\n    <span style=\"display: inline-block; border: 1px solid #ccc; border-radius: 10px; padding: 15px; max-width: 550px; font-family: sans-serif; box-shadow: 0 2px 5px rgba(0,0,0,0.1); width: 100%;\">\n\n      <!-- T\u00edtulo -->\n      <span style=\"display: block; margin: 0 0 15px 0; font-weight: bold; color: #2c3e50; text-align: center;\">\n        Entre em contato:\n      <\/span>\n\n      <!-- Linha do perfil -->\n      <span style=\"display: flex; align-items: center; gap: 15px;\">\n        <img decoding=\"async\"\n          src=\"https:\/\/www.correiobraziliense.com.br\/cbradar\/wp-content\/uploads\/2025\/08\/dra_anna_luisa.jpeg\"\n          alt=\"Foto da Dra. Anna Lu\u00edsa\"\n          style=\"border-radius: 50%; width: 80px; height: 80px; object-fit: cover;\"\n        \/>\n        <span style=\"display: flex; flex-direction: column;\">\n          <span style=\"font-size: 18px; font-weight: 700; color: #2c3e50;\">Dra. Anna Lu\u00edsa Barbosa Fernandes<\/span>\n          <span style=\"color: #555;\">CRM-GO 33.271<\/span>\n        <\/span>\n      <\/span>\n\n      <!-- Redes -->\n      <span style=\"display: flex; align-items: center; gap: 10px; margin-top: 12px;\">\n        <img decoding=\"async\" src=\"https:\/\/cdn-icons-png.flaticon.com\/24\/1384\/1384063.png\" alt=\"Instagram\" width=\"24\" height=\"24\" \/>\n        <span style=\"text-decoration: underline; color: #2c3e50;\">@dra.annaluisabf<\/span>\n      <\/span>\n\n    <\/span>\n  <\/a>","protected":false},"excerpt":{"rendered":"<p>Nos \u00faltimos tempos, o uso frequente de Analg\u00e9sicos e anti-inflamat\u00f3rios tornou-se uma pr\u00e1tica comum entre pessoas fisicamente ativas. Afinal, o desejo de manter a rotina de exerc\u00edcios, mesmo diante de desconfortos ou dores, leva muitos a adotarem essas medica\u00e7\u00f5es como solu\u00e7\u00e3o r\u00e1pida. Ao inv\u00e9s de parar e investigar as causas das dores, essas subst\u00e2ncias s\u00e3o [&hellip;]<\/p>\n","protected":false},"author":14,"featured_media":180323,"comment_status":"open","ping_status":"open","sticky":false,"template":"","format":"standard","meta":{"_yoast_wpseo_focuskw":"Analg\u00e9sicos","_yoast_wpseo_title":"","_yoast_wpseo_metadesc":"O uso frequente de analg\u00e9sicos e anti-inflamat\u00f3rios pode mascarar les\u00f5es e atrasar a recupera\u00e7\u00e3o. Entenda os riscos desse h\u00e1bito.","jnews-multi-image_gallery":[],"jnews_single_post":{"format":"standard"},"jnews_primary_category":[],"jnews_social_meta":[],"jnews_override_counter":[],"footnotes":""},"categories":[4404],"tags":[120,247,1318],"class_list":["post-180322","post","type-post","status-publish","format-standard","has-post-thumbnail","hentry","category-saude","tag-bem-estar","tag-qualidade-de-vida","tag-saude-2"],"yoast_head":"<!-- This site is optimized with the Yoast SEO plugin v24.6 - https:\/\/yoast.com\/wordpress\/plugins\/seo\/ -->\n<title>Usar rem\u00e9dios para treinar pode estar sabotando seu corpo - Correio Braziliense - Radar<\/title>\n<meta name=\"description\" content=\"O uso frequente de analg\u00e9sicos e anti-inflamat\u00f3rios pode mascarar les\u00f5es e atrasar a recupera\u00e7\u00e3o. Entenda os riscos desse h\u00e1bito.\" \/>\n<meta name=\"robots\" content=\"index, follow, max-snippet:-1, max-image-preview:large, max-video-preview:-1\" \/>\n<link rel=\"canonical\" href=\"https:\/\/www.correiobraziliense.com.br\/cbradar\/usar-remedios-para-treinar-pode-estar-sabotando-seu-corpo\/\" \/>\n<meta property=\"og:locale\" content=\"pt_BR\" \/>\n<meta property=\"og:type\" content=\"article\" \/>\n<meta property=\"og:title\" content=\"Usar rem\u00e9dios para treinar pode estar sabotando seu corpo - Correio Braziliense - Radar\" \/>\n<meta property=\"og:description\" content=\"O uso frequente de analg\u00e9sicos e anti-inflamat\u00f3rios pode mascarar les\u00f5es e atrasar a recupera\u00e7\u00e3o. Entenda os riscos desse h\u00e1bito.\" \/>\n<meta property=\"og:url\" content=\"https:\/\/www.correiobraziliense.com.br\/cbradar\/usar-remedios-para-treinar-pode-estar-sabotando-seu-corpo\/\" \/>\n<meta property=\"og:site_name\" content=\"Correio Braziliense - Radar\" \/>\n<meta property=\"article:published_time\" content=\"2026-01-25T21:25:00+00:00\" \/>\n<meta property=\"og:image\" content=\"https:\/\/www.correiobraziliense.com.br\/cbradar\/wp-content\/uploads\/2026\/01\/Analgesicos_1769202538426.jpg\" \/>\n\t<meta property=\"og:image:width\" content=\"1280\" \/>\n\t<meta property=\"og:image:height\" content=\"720\" \/>\n\t<meta property=\"og:image:type\" content=\"image\/jpeg\" \/>\n<meta name=\"author\" content=\"guilherme_saude\" \/>\n<meta name=\"twitter:card\" content=\"summary_large_image\" \/>\n<meta name=\"twitter:label1\" content=\"Escrito por\" \/>\n\t<meta name=\"twitter:data1\" content=\"guilherme_saude\" \/>\n\t<meta name=\"twitter:label2\" content=\"Est. tempo de leitura\" \/>\n\t<meta name=\"twitter:data2\" content=\"4 minutos\" \/>\n<!-- \/ Yoast SEO plugin. -->","yoast_head_json":{"title":"Usar rem\u00e9dios para treinar pode estar sabotando seu corpo - Correio Braziliense - Radar","description":"O uso frequente de analg\u00e9sicos e anti-inflamat\u00f3rios pode mascarar les\u00f5es e atrasar a recupera\u00e7\u00e3o. Entenda os riscos desse h\u00e1bito.","robots":{"index":"index","follow":"follow","max-snippet":"max-snippet:-1","max-image-preview":"max-image-preview:large","max-video-preview":"max-video-preview:-1"},"canonical":"https:\/\/www.correiobraziliense.com.br\/cbradar\/usar-remedios-para-treinar-pode-estar-sabotando-seu-corpo\/","og_locale":"pt_BR","og_type":"article","og_title":"Usar rem\u00e9dios para treinar pode estar sabotando seu corpo - Correio Braziliense - Radar","og_description":"O uso frequente de analg\u00e9sicos e anti-inflamat\u00f3rios pode mascarar les\u00f5es e atrasar a recupera\u00e7\u00e3o. Entenda os riscos desse h\u00e1bito.","og_url":"https:\/\/www.correiobraziliense.com.br\/cbradar\/usar-remedios-para-treinar-pode-estar-sabotando-seu-corpo\/","og_site_name":"Correio Braziliense - Radar","article_published_time":"2026-01-25T21:25:00+00:00","og_image":[{"width":1280,"height":720,"url":"https:\/\/www.correiobraziliense.com.br\/cbradar\/wp-content\/uploads\/2026\/01\/Analgesicos_1769202538426.jpg","type":"image\/jpeg"}],"author":"guilherme_saude","twitter_card":"summary_large_image","twitter_misc":{"Escrito por":"guilherme_saude","Est. tempo de leitura":"4 minutos"},"schema":{"@context":"https:\/\/schema.org","@graph":[{"@type":"WebPage","@id":"https:\/\/www.correiobraziliense.com.br\/cbradar\/usar-remedios-para-treinar-pode-estar-sabotando-seu-corpo\/","url":"https:\/\/www.correiobraziliense.com.br\/cbradar\/usar-remedios-para-treinar-pode-estar-sabotando-seu-corpo\/","name":"Usar rem\u00e9dios para treinar pode estar sabotando seu corpo - Correio Braziliense - Radar","isPartOf":{"@id":"https:\/\/www.correiobraziliense.com.br\/cbradar\/#website"},"primaryImageOfPage":{"@id":"https:\/\/www.correiobraziliense.com.br\/cbradar\/usar-remedios-para-treinar-pode-estar-sabotando-seu-corpo\/#primaryimage"},"image":{"@id":"https:\/\/www.correiobraziliense.com.br\/cbradar\/usar-remedios-para-treinar-pode-estar-sabotando-seu-corpo\/#primaryimage"},"thumbnailUrl":"https:\/\/www.correiobraziliense.com.br\/cbradar\/wp-content\/uploads\/2026\/01\/Analgesicos_1769202538426.jpg","datePublished":"2026-01-25T21:25:00+00:00","author":{"@id":"https:\/\/www.correiobraziliense.com.br\/cbradar\/#\/schema\/person\/5aa4bf3c8fa699c267933611de12978b"},"description":"O uso frequente de analg\u00e9sicos e anti-inflamat\u00f3rios pode mascarar les\u00f5es e atrasar a recupera\u00e7\u00e3o. Entenda os riscos desse h\u00e1bito.","breadcrumb":{"@id":"https:\/\/www.correiobraziliense.com.br\/cbradar\/usar-remedios-para-treinar-pode-estar-sabotando-seu-corpo\/#breadcrumb"},"inLanguage":"pt-BR","potentialAction":[{"@type":"ReadAction","target":["https:\/\/www.correiobraziliense.com.br\/cbradar\/usar-remedios-para-treinar-pode-estar-sabotando-seu-corpo\/"]}]},{"@type":"ImageObject","inLanguage":"pt-BR","@id":"https:\/\/www.correiobraziliense.com.br\/cbradar\/usar-remedios-para-treinar-pode-estar-sabotando-seu-corpo\/#primaryimage","url":"https:\/\/www.correiobraziliense.com.br\/cbradar\/wp-content\/uploads\/2026\/01\/Analgesicos_1769202538426.jpg","contentUrl":"https:\/\/www.correiobraziliense.com.br\/cbradar\/wp-content\/uploads\/2026\/01\/Analgesicos_1769202538426.jpg","width":1280,"height":720,"caption":"Analg\u00e9sicos - Cr\u00e9ditos: depositphotos.com \/ AerialMike"},{"@type":"BreadcrumbList","@id":"https:\/\/www.correiobraziliense.com.br\/cbradar\/usar-remedios-para-treinar-pode-estar-sabotando-seu-corpo\/#breadcrumb","itemListElement":[{"@type":"ListItem","position":1,"name":"In\u00edcio","item":"https:\/\/www.correiobraziliense.com.br\/cbradar\/"},{"@type":"ListItem","position":2,"name":"Usar rem\u00e9dios para treinar pode estar sabotando seu corpo"}]},{"@type":"WebSite","@id":"https:\/\/www.correiobraziliense.com.br\/cbradar\/#website","url":"https:\/\/www.correiobraziliense.com.br\/cbradar\/","name":"Correio Braziliense - Radar","description":"Acompanhe as \u00faltimas not\u00edcias e fique bem informado sobre tudo o que acontece no Brasil e no mundo.","potentialAction":[{"@type":"SearchAction","target":{"@type":"EntryPoint","urlTemplate":"https:\/\/www.correiobraziliense.com.br\/cbradar\/?s={search_term_string}"},"query-input":{"@type":"PropertyValueSpecification","valueRequired":true,"valueName":"search_term_string"}}],"inLanguage":"pt-BR"},{"@type":"Person","@id":"https:\/\/www.correiobraziliense.com.br\/cbradar\/#\/schema\/person\/5aa4bf3c8fa699c267933611de12978b","name":"guilherme_saude","image":{"@type":"ImageObject","inLanguage":"pt-BR","@id":"https:\/\/www.correiobraziliense.com.br\/cbradar\/#\/schema\/person\/image\/","url":"https:\/\/secure.gravatar.com\/avatar\/df9adfb835d344bc0af109d41756253f?s=96&d=mm&r=g","contentUrl":"https:\/\/secure.gravatar.com\/avatar\/df9adfb835d344bc0af109d41756253f?s=96&d=mm&r=g","caption":"guilherme_saude"},"url":"https:\/\/www.correiobraziliense.com.br\/cbradar\/author\/guilherme_saude\/"}]}},"_links":{"self":[{"href":"https:\/\/www.correiobraziliense.com.br\/cbradar\/wp-json\/wp\/v2\/posts\/180322","targetHints":{"allow":["GET"]}}],"collection":[{"href":"https:\/\/www.correiobraziliense.com.br\/cbradar\/wp-json\/wp\/v2\/posts"}],"about":[{"href":"https:\/\/www.correiobraziliense.com.br\/cbradar\/wp-json\/wp\/v2\/types\/post"}],"author":[{"embeddable":true,"href":"https:\/\/www.correiobraziliense.com.br\/cbradar\/wp-json\/wp\/v2\/users\/14"}],"replies":[{"embeddable":true,"href":"https:\/\/www.correiobraziliense.com.br\/cbradar\/wp-json\/wp\/v2\/comments?post=180322"}],"version-history":[{"count":1,"href":"https:\/\/www.correiobraziliense.com.br\/cbradar\/wp-json\/wp\/v2\/posts\/180322\/revisions"}],"predecessor-version":[{"id":180325,"href":"https:\/\/www.correiobraziliense.com.br\/cbradar\/wp-json\/wp\/v2\/posts\/180322\/revisions\/180325"}],"wp:featuredmedia":[{"embeddable":true,"href":"https:\/\/www.correiobraziliense.com.br\/cbradar\/wp-json\/wp\/v2\/media\/180323"}],"wp:attachment":[{"href":"https:\/\/www.correiobraziliense.com.br\/cbradar\/wp-json\/wp\/v2\/media?parent=180322"}],"wp:term":[{"taxonomy":"category","embeddable":true,"href":"https:\/\/www.correiobraziliense.com.br\/cbradar\/wp-json\/wp\/v2\/categories?post=180322"},{"taxonomy":"post_tag","embeddable":true,"href":"https:\/\/www.correiobraziliense.com.br\/cbradar\/wp-json\/wp\/v2\/tags?post=180322"}],"curies":[{"name":"wp","href":"https:\/\/api.w.org\/{rel}","templated":true}]}}