{"id":180330,"date":"2026-01-26T06:05:00","date_gmt":"2026-01-26T09:05:00","guid":{"rendered":"https:\/\/www.correiobraziliense.com.br\/cbradar\/?p=180330"},"modified":"2026-01-23T18:15:38","modified_gmt":"2026-01-23T21:15:38","slug":"descoberta-revela-por-que-o-cancer-de-pancreas-cresce-tao-rapido","status":"publish","type":"post","link":"https:\/\/www.correiobraziliense.com.br\/cbradar\/descoberta-revela-por-que-o-cancer-de-pancreas-cresce-tao-rapido\/","title":{"rendered":"Descoberta revela por que o c\u00e2ncer de p\u00e2ncreas cresce t\u00e3o r\u00e1pido"},"content":{"rendered":"\n<p>Recentes avan\u00e7os na pesquisa m\u00e9dica revelaram uma nova perspectiva sobre o crescimento acelerado dos tumores de <strong>C\u00e2ncer de P\u00e2ncreas<\/strong>, uma das formas mais agressivas e dif\u00edceis de diagnosticar dessa doen\u00e7a. Colabora\u00e7\u00f5es entre a Universidade de W\u00fcrzburg, na Alemanha, e o Instituto de Tecnologia de Massachusetts (MIT), nos Estados Unidos, resultaram em descobertas que explicam como esses tumores se desenvolvem sem serem detectados pelo sistema imunol\u00f3gico.<\/p>\n\n\n\n<p>O estudo indica que as c\u00e9lulas cancer\u00edgenas possuem um mecanismo interno que lhes permite ocultar-se das defesas do corpo. Essa capacidade de se camuflar explica por que o C\u00e2ncer de P\u00e2ncreas \u00e9 frequentemente identificado em est\u00e1gios avan\u00e7ados, dificultando o tratamento eficaz. Os pesquisadores concentraram seus esfor\u00e7os em entender os processos celulares que permitem essa camuflagem.<\/p>\n\n\n\n<h2 class=\"wp-block-heading\">Como as c\u00e9lulas tumorais se escondem?<\/h2>\n\n\n\n<p>Os cientistas conduziram experimentos laboratoriais com c\u00e9lulas tumorais e testes em animais para observar o comportamento celular em condi\u00e7\u00f5es de crescimento r\u00e1pido, caracter\u00edsticas do C\u00e2ncer de P\u00e2ncreas. Os estudos revelaram que as c\u00e9lulas malignas ativam um processo intr\u00ednseco que elimina sinais percept\u00edveis ao sistema imunol\u00f3gico, impedindo assim uma rea\u00e7\u00e3o defensiva do organismo contra o tumor.<\/p>\n\n\n\n<p>Modifica\u00e7\u00f5es gen\u00e9ticas nas c\u00e9lulas, especialmente na prote\u00edna MYC, permitiram aos cientistas desativar esse mecanismo, incentivando o sistema imunol\u00f3gico a reconhecer e atacar o tumor. Esta etapa crucial das experi\u00eancias destaca a import\u00e2ncia da compreens\u00e3o dos processos moleculares subjacentes ao desenvolvimento do c\u00e2ncer.<\/p>\n\n\n<div class=\"wp-block-image\">\n<figure class=\"aligncenter size-large\"><img decoding=\"async\" width=\"1024\" height=\"576\" src=\"https:\/\/www.correiobraziliense.com.br\/cbradar\/wp-content\/uploads\/2026\/01\/Cancer-de-Pancreas_1769202912958-1024x576.jpg\" alt=\"\" class=\"wp-image-180332\" srcset=\"https:\/\/www.correiobraziliense.com.br\/cbradar\/wp-content\/uploads\/2026\/01\/Cancer-de-Pancreas_1769202912958-1024x576.jpg 1024w, https:\/\/www.correiobraziliense.com.br\/cbradar\/wp-content\/uploads\/2026\/01\/Cancer-de-Pancreas_1769202912958-300x169.jpg 300w, https:\/\/www.correiobraziliense.com.br\/cbradar\/wp-content\/uploads\/2026\/01\/Cancer-de-Pancreas_1769202912958-768x432.jpg 768w, https:\/\/www.correiobraziliense.com.br\/cbradar\/wp-content\/uploads\/2026\/01\/Cancer-de-Pancreas_1769202912958-750x422.jpg 750w, https:\/\/www.correiobraziliense.com.br\/cbradar\/wp-content\/uploads\/2026\/01\/Cancer-de-Pancreas_1769202912958-1140x641.jpg 1140w, https:\/\/www.correiobraziliense.com.br\/cbradar\/wp-content\/uploads\/2026\/01\/Cancer-de-Pancreas_1769202912958.jpg 1280w\" sizes=\"(max-width: 1024px) 100vw, 1024px\" \/><figcaption class=\"wp-element-caption\">C\u00e2ncer de P\u00e2ncreas &#8211; Cr\u00e9ditos: depositphotos.com \/ IgorVetushko<\/figcaption><\/figure><\/div>\n\n\n<h2 class=\"wp-block-heading\">O papel crucial da prote\u00edna MYC<\/h2>\n\n\n\n<p>A prote\u00edna MYC \u00e9 um componente chave no crescimento dos tumores, conhecido por sua capacidade de acelerar a multiplica\u00e7\u00e3o celular. No entanto, o estudo revelou uma nova fun\u00e7\u00e3o para essa prote\u00edna: em tumores mais agressivos, ela se liga ao RNA em vez do DNA, ajudando a mascarar c\u00e9lulas cancer\u00edgenas. Isso impede que sinais de alerta sejam enviados ao sistema imunol\u00f3gico, permitindo que o c\u00e2ncer cres\u00e7a sem ser detectado.<\/p>\n\n\n\n<h2 class=\"wp-block-heading\">Quais os sintomas e desafios do C\u00e2ncer de P\u00e2ncreas?<\/h2>\n\n\n\n<p>O C\u00e2ncer de P\u00e2ncreas \u00e9 caracterizado por sintomas sutis que muitas vezes passam despercebidos at\u00e9 os est\u00e1gios avan\u00e7ados. Entre os sinais mais comuns est\u00e3o dor abdominal, perda de peso n\u00e3o intencional, icter\u00edcia e altera\u00e7\u00f5es digestivas. Estes fatores contribuem para a dificuldade de detec\u00e7\u00e3o precoce e tratamento eficaz, sublinhando a necessidade de novas abordagens <a href=\"https:\/\/www.correiobraziliense.com.br\/cbradar\/o-habito-simples-que-fortalece-memoria-e-concentracao\/\" target=\"_blank\" rel=\"noreferrer noopener\">terap\u00eauticas<\/a>.<\/p>\n\n\n\n<h2 class=\"wp-block-heading\">Implica\u00e7\u00f5es da pesquisa para tratamentos futuros<\/h2>\n\n\n\n<p>A descoberta do papel da prote\u00edna MYC e o mecanismo de camuflagem celular abrem um leque de possibilidades para tratamentos inovadores. A pesquisa sugere que, ao interferir na habilidade do tumor de se esconder do sistema imunol\u00f3gico, \u00e9 poss\u00edvel tornar os tratamentos mais eficientes e menos agressivos. Investir na reativa\u00e7\u00e3o da resposta imunol\u00f3gica representa uma esperan\u00e7a significativa para pacientes deste tipo de c\u00e2ncer, potencialmente aumentando as taxas de sucesso e sobreviv\u00eancia.<\/p>\n\n\n<a href=\"https:\/\/www.instagram.com\/dra.annaluisabf\/\" target=\"_blank\" rel=\"noopener\" style=\"text-decoration: none; color: inherit;\">\n    <span style=\"display: inline-block; border: 1px solid #ccc; border-radius: 10px; padding: 15px; max-width: 550px; font-family: sans-serif; box-shadow: 0 2px 5px rgba(0,0,0,0.1); width: 100%;\">\n\n      <!-- T\u00edtulo -->\n      <span style=\"display: block; margin: 0 0 15px 0; font-weight: bold; color: #2c3e50; text-align: center;\">\n        Entre em contato:\n      <\/span>\n\n      <!-- Linha do perfil -->\n      <span style=\"display: flex; align-items: center; gap: 15px;\">\n        <img decoding=\"async\"\n          src=\"https:\/\/www.correiobraziliense.com.br\/cbradar\/wp-content\/uploads\/2025\/08\/dra_anna_luisa.jpeg\"\n          alt=\"Foto da Dra. Anna Lu\u00edsa\"\n          style=\"border-radius: 50%; width: 80px; height: 80px; object-fit: cover;\"\n        \/>\n        <span style=\"display: flex; flex-direction: column;\">\n          <span style=\"font-size: 18px; font-weight: 700; color: #2c3e50;\">Dra. Anna Lu\u00edsa Barbosa Fernandes<\/span>\n          <span style=\"color: #555;\">CRM-GO 33.271<\/span>\n        <\/span>\n      <\/span>\n\n      <!-- Redes -->\n      <span style=\"display: flex; align-items: center; gap: 10px; margin-top: 12px;\">\n        <img decoding=\"async\" src=\"https:\/\/cdn-icons-png.flaticon.com\/24\/1384\/1384063.png\" alt=\"Instagram\" width=\"24\" height=\"24\" \/>\n        <span style=\"text-decoration: underline; color: #2c3e50;\">@dra.annaluisabf<\/span>\n      <\/span>\n\n    <\/span>\n  <\/a>","protected":false},"excerpt":{"rendered":"<p>Recentes avan\u00e7os na pesquisa m\u00e9dica revelaram uma nova perspectiva sobre o crescimento acelerado dos tumores de C\u00e2ncer de P\u00e2ncreas, uma das formas mais agressivas e dif\u00edceis de diagnosticar dessa doen\u00e7a. Colabora\u00e7\u00f5es entre a Universidade de W\u00fcrzburg, na Alemanha, e o Instituto de Tecnologia de Massachusetts (MIT), nos Estados Unidos, resultaram em descobertas que explicam como [&hellip;]<\/p>\n","protected":false},"author":14,"featured_media":180331,"comment_status":"open","ping_status":"open","sticky":false,"template":"","format":"standard","meta":{"_yoast_wpseo_focuskw":"C\u00e2ncer de P\u00e2ncreas","_yoast_wpseo_title":"","_yoast_wpseo_metadesc":"Pesquisadores descobriram como o c\u00e2ncer de p\u00e2ncreas consegue se esconder do sistema imunol\u00f3gico. Entenda por que isso dificulta o diagn\u00f3stico.","jnews-multi-image_gallery":[],"jnews_single_post":{"format":"standard"},"jnews_primary_category":[],"jnews_social_meta":[],"jnews_override_counter":[],"footnotes":""},"categories":[4404],"tags":[120,247,1318],"class_list":["post-180330","post","type-post","status-publish","format-standard","has-post-thumbnail","hentry","category-saude","tag-bem-estar","tag-qualidade-de-vida","tag-saude-2"],"yoast_head":"<!-- This site is optimized with the Yoast SEO plugin v24.6 - https:\/\/yoast.com\/wordpress\/plugins\/seo\/ -->\n<title>Descoberta revela por que o c\u00e2ncer de p\u00e2ncreas cresce t\u00e3o r\u00e1pido - Correio Braziliense - Radar<\/title>\n<meta name=\"description\" content=\"Pesquisadores descobriram como o c\u00e2ncer de p\u00e2ncreas consegue se esconder do sistema imunol\u00f3gico. Entenda por que isso dificulta o diagn\u00f3stico.\" \/>\n<meta name=\"robots\" content=\"index, follow, max-snippet:-1, max-image-preview:large, max-video-preview:-1\" \/>\n<link rel=\"canonical\" href=\"https:\/\/www.correiobraziliense.com.br\/cbradar\/descoberta-revela-por-que-o-cancer-de-pancreas-cresce-tao-rapido\/\" \/>\n<meta property=\"og:locale\" content=\"pt_BR\" \/>\n<meta property=\"og:type\" content=\"article\" \/>\n<meta property=\"og:title\" content=\"Descoberta revela por que o c\u00e2ncer de p\u00e2ncreas cresce t\u00e3o r\u00e1pido - Correio Braziliense - Radar\" \/>\n<meta property=\"og:description\" content=\"Pesquisadores descobriram como o c\u00e2ncer de p\u00e2ncreas consegue se esconder do sistema imunol\u00f3gico. Entenda por que isso dificulta o diagn\u00f3stico.\" \/>\n<meta property=\"og:url\" content=\"https:\/\/www.correiobraziliense.com.br\/cbradar\/descoberta-revela-por-que-o-cancer-de-pancreas-cresce-tao-rapido\/\" \/>\n<meta property=\"og:site_name\" content=\"Correio Braziliense - Radar\" \/>\n<meta property=\"article:published_time\" content=\"2026-01-26T09:05:00+00:00\" \/>\n<meta property=\"og:image\" content=\"https:\/\/www.correiobraziliense.com.br\/cbradar\/wp-content\/uploads\/2026\/01\/Cancer-de-Pancreas_1769202879248.jpg\" \/>\n\t<meta property=\"og:image:width\" content=\"1280\" \/>\n\t<meta property=\"og:image:height\" content=\"720\" \/>\n\t<meta property=\"og:image:type\" content=\"image\/jpeg\" \/>\n<meta name=\"author\" content=\"guilherme_saude\" \/>\n<meta name=\"twitter:card\" content=\"summary_large_image\" \/>\n<meta name=\"twitter:label1\" content=\"Escrito por\" \/>\n\t<meta name=\"twitter:data1\" content=\"guilherme_saude\" \/>\n\t<meta name=\"twitter:label2\" content=\"Est. tempo de leitura\" \/>\n\t<meta name=\"twitter:data2\" content=\"4 minutos\" \/>\n<!-- \/ Yoast SEO plugin. -->","yoast_head_json":{"title":"Descoberta revela por que o c\u00e2ncer de p\u00e2ncreas cresce t\u00e3o r\u00e1pido - Correio Braziliense - Radar","description":"Pesquisadores descobriram como o c\u00e2ncer de p\u00e2ncreas consegue se esconder do sistema imunol\u00f3gico. Entenda por que isso dificulta o diagn\u00f3stico.","robots":{"index":"index","follow":"follow","max-snippet":"max-snippet:-1","max-image-preview":"max-image-preview:large","max-video-preview":"max-video-preview:-1"},"canonical":"https:\/\/www.correiobraziliense.com.br\/cbradar\/descoberta-revela-por-que-o-cancer-de-pancreas-cresce-tao-rapido\/","og_locale":"pt_BR","og_type":"article","og_title":"Descoberta revela por que o c\u00e2ncer de p\u00e2ncreas cresce t\u00e3o r\u00e1pido - Correio Braziliense - Radar","og_description":"Pesquisadores descobriram como o c\u00e2ncer de p\u00e2ncreas consegue se esconder do sistema imunol\u00f3gico. Entenda por que isso dificulta o diagn\u00f3stico.","og_url":"https:\/\/www.correiobraziliense.com.br\/cbradar\/descoberta-revela-por-que-o-cancer-de-pancreas-cresce-tao-rapido\/","og_site_name":"Correio Braziliense - Radar","article_published_time":"2026-01-26T09:05:00+00:00","og_image":[{"width":1280,"height":720,"url":"https:\/\/www.correiobraziliense.com.br\/cbradar\/wp-content\/uploads\/2026\/01\/Cancer-de-Pancreas_1769202879248.jpg","type":"image\/jpeg"}],"author":"guilherme_saude","twitter_card":"summary_large_image","twitter_misc":{"Escrito por":"guilherme_saude","Est. tempo de leitura":"4 minutos"},"schema":{"@context":"https:\/\/schema.org","@graph":[{"@type":"WebPage","@id":"https:\/\/www.correiobraziliense.com.br\/cbradar\/descoberta-revela-por-que-o-cancer-de-pancreas-cresce-tao-rapido\/","url":"https:\/\/www.correiobraziliense.com.br\/cbradar\/descoberta-revela-por-que-o-cancer-de-pancreas-cresce-tao-rapido\/","name":"Descoberta revela por que o c\u00e2ncer de p\u00e2ncreas cresce t\u00e3o r\u00e1pido - Correio Braziliense - Radar","isPartOf":{"@id":"https:\/\/www.correiobraziliense.com.br\/cbradar\/#website"},"primaryImageOfPage":{"@id":"https:\/\/www.correiobraziliense.com.br\/cbradar\/descoberta-revela-por-que-o-cancer-de-pancreas-cresce-tao-rapido\/#primaryimage"},"image":{"@id":"https:\/\/www.correiobraziliense.com.br\/cbradar\/descoberta-revela-por-que-o-cancer-de-pancreas-cresce-tao-rapido\/#primaryimage"},"thumbnailUrl":"https:\/\/www.correiobraziliense.com.br\/cbradar\/wp-content\/uploads\/2026\/01\/Cancer-de-Pancreas_1769202879248.jpg","datePublished":"2026-01-26T09:05:00+00:00","author":{"@id":"https:\/\/www.correiobraziliense.com.br\/cbradar\/#\/schema\/person\/5aa4bf3c8fa699c267933611de12978b"},"description":"Pesquisadores descobriram como o c\u00e2ncer de p\u00e2ncreas consegue se esconder do sistema imunol\u00f3gico. Entenda por que isso dificulta o diagn\u00f3stico.","breadcrumb":{"@id":"https:\/\/www.correiobraziliense.com.br\/cbradar\/descoberta-revela-por-que-o-cancer-de-pancreas-cresce-tao-rapido\/#breadcrumb"},"inLanguage":"pt-BR","potentialAction":[{"@type":"ReadAction","target":["https:\/\/www.correiobraziliense.com.br\/cbradar\/descoberta-revela-por-que-o-cancer-de-pancreas-cresce-tao-rapido\/"]}]},{"@type":"ImageObject","inLanguage":"pt-BR","@id":"https:\/\/www.correiobraziliense.com.br\/cbradar\/descoberta-revela-por-que-o-cancer-de-pancreas-cresce-tao-rapido\/#primaryimage","url":"https:\/\/www.correiobraziliense.com.br\/cbradar\/wp-content\/uploads\/2026\/01\/Cancer-de-Pancreas_1769202879248.jpg","contentUrl":"https:\/\/www.correiobraziliense.com.br\/cbradar\/wp-content\/uploads\/2026\/01\/Cancer-de-Pancreas_1769202879248.jpg","width":1280,"height":720,"caption":"C\u00e2ncer de P\u00e2ncreas - Cr\u00e9ditos: depositphotos.com \/ IgorVetushko"},{"@type":"BreadcrumbList","@id":"https:\/\/www.correiobraziliense.com.br\/cbradar\/descoberta-revela-por-que-o-cancer-de-pancreas-cresce-tao-rapido\/#breadcrumb","itemListElement":[{"@type":"ListItem","position":1,"name":"In\u00edcio","item":"https:\/\/www.correiobraziliense.com.br\/cbradar\/"},{"@type":"ListItem","position":2,"name":"Descoberta revela por que o c\u00e2ncer de p\u00e2ncreas cresce t\u00e3o r\u00e1pido"}]},{"@type":"WebSite","@id":"https:\/\/www.correiobraziliense.com.br\/cbradar\/#website","url":"https:\/\/www.correiobraziliense.com.br\/cbradar\/","name":"Correio Braziliense - Radar","description":"Acompanhe as \u00faltimas not\u00edcias e fique bem informado sobre tudo o que acontece no Brasil e no mundo.","potentialAction":[{"@type":"SearchAction","target":{"@type":"EntryPoint","urlTemplate":"https:\/\/www.correiobraziliense.com.br\/cbradar\/?s={search_term_string}"},"query-input":{"@type":"PropertyValueSpecification","valueRequired":true,"valueName":"search_term_string"}}],"inLanguage":"pt-BR"},{"@type":"Person","@id":"https:\/\/www.correiobraziliense.com.br\/cbradar\/#\/schema\/person\/5aa4bf3c8fa699c267933611de12978b","name":"guilherme_saude","image":{"@type":"ImageObject","inLanguage":"pt-BR","@id":"https:\/\/www.correiobraziliense.com.br\/cbradar\/#\/schema\/person\/image\/","url":"https:\/\/secure.gravatar.com\/avatar\/df9adfb835d344bc0af109d41756253f?s=96&d=mm&r=g","contentUrl":"https:\/\/secure.gravatar.com\/avatar\/df9adfb835d344bc0af109d41756253f?s=96&d=mm&r=g","caption":"guilherme_saude"},"url":"https:\/\/www.correiobraziliense.com.br\/cbradar\/author\/guilherme_saude\/"}]}},"_links":{"self":[{"href":"https:\/\/www.correiobraziliense.com.br\/cbradar\/wp-json\/wp\/v2\/posts\/180330","targetHints":{"allow":["GET"]}}],"collection":[{"href":"https:\/\/www.correiobraziliense.com.br\/cbradar\/wp-json\/wp\/v2\/posts"}],"about":[{"href":"https:\/\/www.correiobraziliense.com.br\/cbradar\/wp-json\/wp\/v2\/types\/post"}],"author":[{"embeddable":true,"href":"https:\/\/www.correiobraziliense.com.br\/cbradar\/wp-json\/wp\/v2\/users\/14"}],"replies":[{"embeddable":true,"href":"https:\/\/www.correiobraziliense.com.br\/cbradar\/wp-json\/wp\/v2\/comments?post=180330"}],"version-history":[{"count":1,"href":"https:\/\/www.correiobraziliense.com.br\/cbradar\/wp-json\/wp\/v2\/posts\/180330\/revisions"}],"predecessor-version":[{"id":180333,"href":"https:\/\/www.correiobraziliense.com.br\/cbradar\/wp-json\/wp\/v2\/posts\/180330\/revisions\/180333"}],"wp:featuredmedia":[{"embeddable":true,"href":"https:\/\/www.correiobraziliense.com.br\/cbradar\/wp-json\/wp\/v2\/media\/180331"}],"wp:attachment":[{"href":"https:\/\/www.correiobraziliense.com.br\/cbradar\/wp-json\/wp\/v2\/media?parent=180330"}],"wp:term":[{"taxonomy":"category","embeddable":true,"href":"https:\/\/www.correiobraziliense.com.br\/cbradar\/wp-json\/wp\/v2\/categories?post=180330"},{"taxonomy":"post_tag","embeddable":true,"href":"https:\/\/www.correiobraziliense.com.br\/cbradar\/wp-json\/wp\/v2\/tags?post=180330"}],"curies":[{"name":"wp","href":"https:\/\/api.w.org\/{rel}","templated":true}]}}