{"id":180363,"date":"2026-01-24T08:00:02","date_gmt":"2026-01-24T11:00:02","guid":{"rendered":"https:\/\/www.correiobraziliense.com.br\/cbradar\/?p=180363"},"modified":"2026-01-24T08:00:06","modified_gmt":"2026-01-24T11:00:06","slug":"a-habilidade-rara-que-so-quem-nasceu-nesses-meses-possui","status":"publish","type":"post","link":"https:\/\/www.correiobraziliense.com.br\/cbradar\/a-habilidade-rara-que-so-quem-nasceu-nesses-meses-possui\/","title":{"rendered":"A habilidade rara que s\u00f3 quem nasceu nesses meses possui"},"content":{"rendered":"\n<p>Muitas pessoas acreditam que o m\u00eas de nascimento influencia o comportamento humano ao longo dos anos. Existem caracter\u00edsticas especiais que surgem dependendo da \u00e9poca em que cada indiv\u00edduo chegou ao mundo. Essas qualidades \u00fanicas ajudam a enfrentar os desafios com muita sabedoria e paci\u00eancia.<\/p>\n\n\n\n<h2 class=\"wp-block-heading\">Ser\u00e1 que o m\u00eas em que voc\u00ea nasceu realmente influencia a sua personalidade?<\/h2>\n\n\n\n<p><strong><a href=\"https:\/\/drsarahmckay.com\/season-birth-season-affects-mood\/\" target=\"_blank\" rel=\"noreferrer noopener\">Estudos em psicologia e neuroci\u00eancia<\/a><\/strong> indicam que a esta\u00e7\u00e3o de nascimento pode influenciar tra\u00e7os de personalidade e desenvolvimento inicial, embora os efeitos sejam sutis e n\u00e3o determin\u00edsticos. No Hemisf\u00e9rio Norte, crian\u00e7as nascidas no inverno tendem a mostrar menor irritabilidade e maior calma reflexiva.<a href=\"https:\/\/drsarahmckay.com\/season-birth-season-affects-mood\/\" target=\"_blank\" rel=\"noreferrer noopener\"><\/a><\/p>\n\n\n\n<p>Nativos que nasceram no ver\u00e3o tendem a apresentar uma energia vibrante e muita facilidade para fazer novos amigos. Eles s\u00e3o comunicativos e gostam de espalhar alegria por onde passam com muita disposi\u00e7\u00e3o. Essa for\u00e7a interna auxilia na supera\u00e7\u00e3o de obst\u00e1culos dif\u00edceis da vida e do destino.<\/p>\n\n\n<div class=\"wp-block-image\">\n<figure class=\"aligncenter size-large\"><img decoding=\"async\" src=\"https:\/\/www.correiobraziliense.com.br\/cbradar\/wp-content\/uploads\/2026\/01\/Gemini_Generated_Image_yk8tnxyk8tnxyk8t-1-1024x559.png\" alt=\"\" class=\"wp-image-180365\"\/><figcaption class=\"wp-element-caption\">O m\u00eas do nascimento pode revelar um talento escondido<\/figcaption><\/figure><\/div>\n\n\n<h2 class=\"wp-block-heading\">Quais s\u00e3o as principais vantagens de possuir uma caracter\u00edstica t\u00e3o especial?<\/h2>\n\n\n\n<p>Ter uma <strong><a href=\"https:\/\/www.correiobraziliense.com.br\/cbradar\/a-habilidade-no-relacionamento-que-e-mais-importante-do-que-o-amor-segundo-a-psicologia\/\" target=\"_blank\" rel=\"noreferrer noopener\">habilidade<\/a><\/strong> rara permite que o idoso consiga resolver problemas complexos com uma tranquilidade admir\u00e1vel e invej\u00e1vel. Essas pessoas agem com prud\u00eancia e pensam bem antes de tomar qualquer decis\u00e3o importante para a fam\u00edlia. A experi\u00eancia acumulada potencializa essas virtudes naturais que nasceram com elas.<\/p>\n\n\n\n<p>Al\u00e9m disso, essas qualidades \u00fanicas facilitam a conviv\u00eancia social e melhoram o humor de quem est\u00e1 ao redor. Sentir-se seguro com o pr\u00f3prio talento traz um bem-estar profundo para a mente e para o esp\u00edrito humano. \u00c9 um presente da natureza que deve ser valorizado por todos.<\/p>\n\n\n\n<h2 class=\"wp-block-heading\">Onde encontrar informa\u00e7\u00f5es seguras sobre o desenvolvimento humano no Brasil?<\/h2>\n\n\n\n<p>Consultar dados cient\u00edficos \u00e9 fundamental para compreender como os fatores externos moldam o nosso jeito de ser e agir. O portal do <strong><a href=\"https:\/\/www.gov.br\/saude\/pt-br\" target=\"_blank\" rel=\"noreferrer noopener\">Governo Federal<\/a> <\/strong>oferece conte\u00fados sobre sa\u00fade e crescimento para todas as idades com muita clareza. Seguir orienta\u00e7\u00f5es oficiais garante um conhecimento correto e protegido.<\/p>\n\n\n\n<p>Veja os pontos fundamentais para seguir com seguran\u00e7a:<\/p>\n\n\n\n<figure class=\"wp-block-table\"><table class=\"has-fixed-layout\"><thead><tr><td><strong>M\u00eas de Nascimento<\/strong><\/td><td><strong>Habilidade Rara e Especial<\/strong><\/td><\/tr><\/thead><tbody><tr><td><strong>Janeiro<\/strong> e <strong>Fevereiro<\/strong><\/td><td>Grande capacidade de organiza\u00e7\u00e3o pessoal<\/td><\/tr><tr><td><strong>Mar\u00e7o<\/strong> e <strong>Abril<\/strong><\/td><td>Paci\u00eancia infinita para ouvir o pr\u00f3ximo<\/td><\/tr><tr><td><strong>Maio<\/strong> e <strong>Junho<\/strong><\/td><td>Criatividade para resolver problemas chatos<\/td><\/tr><tr><td><strong>Julho<\/strong> e <strong>Agosto<\/strong><\/td><td>Mem\u00f3ria excelente para lembrar de detalhes<\/td><\/tr><tr><td><strong>Setembro<\/strong> e <strong>Outubro<\/strong><\/td><td>Facilidade imensa para aprender coisas novas<\/td><\/tr><tr><td><strong>Novembro<\/strong> e <strong>Dezembro<\/strong><\/td><td>Coragem para enfrentar mudan\u00e7as repentinas<\/td><\/tr><\/tbody><\/table><\/figure>\n\n\n\n<h2 class=\"wp-block-heading\">Como podemos estimular essas qualidades raras durante a terceira idade?<\/h2>\n\n\n\n<p>Praticar exerc\u00edcios mentais como a leitura e os jogos de tabuleiro ajuda a manter essas habilidades sempre ativas. O contato com a arte e com a m\u00fasica tamb\u00e9m desperta sentimentos positivos e renova o brilho nos olhos. O importante \u00e9 nunca deixar de exercitar o c\u00e9rebro e a alma.<\/p>\n\n\n\n<p>Participar de grupos de conviv\u00eancia permite que o idoso compartilhe seus talentos naturais com outras pessoas da mesma idade. Essa troca de experi\u00eancias fortalece os la\u00e7os de amizade e traz um novo sentido para a rotina. A vida se torna muito mais rica, colorida e cheia de luz.<\/p>\n\n\n<div class=\"wp-block-image\">\n<figure class=\"aligncenter size-large\"><img decoding=\"async\" width=\"1024\" height=\"576\" src=\"https:\/\/www.correiobraziliense.com.br\/cbradar\/wp-content\/uploads\/2026\/01\/Gemini_Generated_Image_yrcroqyrcroqyrcr-1-1-1024x576.png\" alt=\"A habilidade rara que s\u00f3 quem nasceu nesses meses possui\" class=\"wp-image-180367\" srcset=\"https:\/\/www.correiobraziliense.com.br\/cbradar\/wp-content\/uploads\/2026\/01\/Gemini_Generated_Image_yrcroqyrcroqyrcr-1-1-1024x576.png 1024w, https:\/\/www.correiobraziliense.com.br\/cbradar\/wp-content\/uploads\/2026\/01\/Gemini_Generated_Image_yrcroqyrcroqyrcr-1-1-300x169.png 300w, https:\/\/www.correiobraziliense.com.br\/cbradar\/wp-content\/uploads\/2026\/01\/Gemini_Generated_Image_yrcroqyrcroqyrcr-1-1-768x432.png 768w, https:\/\/www.correiobraziliense.com.br\/cbradar\/wp-content\/uploads\/2026\/01\/Gemini_Generated_Image_yrcroqyrcroqyrcr-1-1-750x422.png 750w, https:\/\/www.correiobraziliense.com.br\/cbradar\/wp-content\/uploads\/2026\/01\/Gemini_Generated_Image_yrcroqyrcroqyrcr-1-1-1140x641.png 1140w, https:\/\/www.correiobraziliense.com.br\/cbradar\/wp-content\/uploads\/2026\/01\/Gemini_Generated_Image_yrcroqyrcroqyrcr-1-1.png 1280w\" sizes=\"(max-width: 1024px) 100vw, 1024px\" \/><figcaption class=\"wp-element-caption\">O m\u00eas do nascimento pode revelar um talento escondido<\/figcaption><\/figure><\/div>\n\n\n<h2 class=\"wp-block-heading\">Por que o apoio dos familiares \u00e9 crucial para manter esses talentos vivos?<\/h2>\n\n\n\n<p>O incentivo dos filhos e dos netos faz com que a pessoa se sinta valorizada e muito querida. Quando a fam\u00edlia reconhece as virtudes do idoso, ele se sente motivado a continuar aprendendo e ensinando aos outros. O amor \u00e9 o melhor combust\u00edvel para manter a mente sempre jovem.<\/p>\n\n\n\n<p>Ouvir com aten\u00e7\u00e3o as hist\u00f3rias e os conselhos de quem tem muita experi\u00eancia demonstra um respeito profundo e necess\u00e1rio. Essa intera\u00e7\u00e3o entre gera\u00e7\u00f5es preserva as qualidades \u00fanicas de cada ser humano e gera harmonia. A uni\u00e3o familiar \u00e9 a base para uma velhice feliz, saud\u00e1vel e bem vivida.<\/p>\n","protected":false},"excerpt":{"rendered":"<p>Muitas pessoas acreditam que o m\u00eas de nascimento influencia o comportamento humano ao longo dos anos. Existem caracter\u00edsticas especiais que surgem dependendo da \u00e9poca em que cada indiv\u00edduo chegou ao mundo. Essas qualidades \u00fanicas ajudam a enfrentar os desafios com muita sabedoria e paci\u00eancia. Ser\u00e1 que o m\u00eas em que voc\u00ea nasceu realmente influencia a [&hellip;]<\/p>\n","protected":false},"author":21,"featured_media":180366,"comment_status":"open","ping_status":"open","sticky":false,"template":"","format":"standard","meta":{"_yoast_wpseo_focuskw":"m\u00eas de nascimento influencia personalidade","_yoast_wpseo_title":"","_yoast_wpseo_metadesc":"Estudos indicam que o m\u00eas de nascimento pode influenciar habilidades como paci\u00eancia, mem\u00f3ria e criatividade ao longo da vida adulta.","jnews-multi-image_gallery":[],"jnews_single_post":{"format":"standard"},"jnews_primary_category":[],"jnews_social_meta":[],"jnews_override_counter":[],"footnotes":""},"categories":[112],"tags":[144,14358,13559,4400],"class_list":["post-180363","post","type-post","status-publish","format-standard","has-post-thumbnail","hentry","category-curiosidades","tag-curiosidades","tag-habilidades","tag-mes-de-nascimento-2","tag-personalidade"],"yoast_head":"<!-- This site is optimized with the Yoast SEO plugin v24.6 - https:\/\/yoast.com\/wordpress\/plugins\/seo\/ -->\n<title>A habilidade rara que s\u00f3 quem nasceu nesses meses possui - Correio Braziliense - Radar<\/title>\n<meta name=\"description\" content=\"Estudos indicam que o m\u00eas de nascimento pode influenciar habilidades como paci\u00eancia, mem\u00f3ria e criatividade ao longo da vida adulta.\" \/>\n<meta name=\"robots\" content=\"index, follow, max-snippet:-1, max-image-preview:large, max-video-preview:-1\" \/>\n<link rel=\"canonical\" href=\"https:\/\/www.correiobraziliense.com.br\/cbradar\/a-habilidade-rara-que-so-quem-nasceu-nesses-meses-possui\/\" \/>\n<meta property=\"og:locale\" content=\"pt_BR\" \/>\n<meta property=\"og:type\" content=\"article\" \/>\n<meta property=\"og:title\" content=\"A habilidade rara que s\u00f3 quem nasceu nesses meses possui - Correio Braziliense - Radar\" \/>\n<meta property=\"og:description\" content=\"Estudos indicam que o m\u00eas de nascimento pode influenciar habilidades como paci\u00eancia, mem\u00f3ria e criatividade ao longo da vida adulta.\" \/>\n<meta property=\"og:url\" content=\"https:\/\/www.correiobraziliense.com.br\/cbradar\/a-habilidade-rara-que-so-quem-nasceu-nesses-meses-possui\/\" \/>\n<meta property=\"og:site_name\" content=\"Correio Braziliense - Radar\" \/>\n<meta property=\"article:published_time\" content=\"2026-01-24T11:00:02+00:00\" \/>\n<meta property=\"article:modified_time\" content=\"2026-01-24T11:00:06+00:00\" \/>\n<meta property=\"og:image\" content=\"https:\/\/www.correiobraziliense.com.br\/cbradar\/wp-content\/uploads\/2026\/01\/Gemini_Generated_Image_ju41sgju41sgju41-1-1.png\" \/>\n\t<meta property=\"og:image:width\" content=\"1280\" \/>\n\t<meta property=\"og:image:height\" content=\"720\" \/>\n\t<meta property=\"og:image:type\" content=\"image\/png\" \/>\n<meta name=\"author\" content=\"Patrick Silva\" \/>\n<meta name=\"twitter:card\" content=\"summary_large_image\" \/>\n<meta name=\"twitter:label1\" content=\"Escrito por\" \/>\n\t<meta name=\"twitter:data1\" content=\"Patrick Silva\" \/>\n\t<meta name=\"twitter:label2\" content=\"Est. tempo de leitura\" \/>\n\t<meta name=\"twitter:data2\" content=\"4 minutos\" \/>\n<!-- \/ Yoast SEO plugin. -->","yoast_head_json":{"title":"A habilidade rara que s\u00f3 quem nasceu nesses meses possui - Correio Braziliense - Radar","description":"Estudos indicam que o m\u00eas de nascimento pode influenciar habilidades como paci\u00eancia, mem\u00f3ria e criatividade ao longo da vida adulta.","robots":{"index":"index","follow":"follow","max-snippet":"max-snippet:-1","max-image-preview":"max-image-preview:large","max-video-preview":"max-video-preview:-1"},"canonical":"https:\/\/www.correiobraziliense.com.br\/cbradar\/a-habilidade-rara-que-so-quem-nasceu-nesses-meses-possui\/","og_locale":"pt_BR","og_type":"article","og_title":"A habilidade rara que s\u00f3 quem nasceu nesses meses possui - Correio Braziliense - Radar","og_description":"Estudos indicam que o m\u00eas de nascimento pode influenciar habilidades como paci\u00eancia, mem\u00f3ria e criatividade ao longo da vida adulta.","og_url":"https:\/\/www.correiobraziliense.com.br\/cbradar\/a-habilidade-rara-que-so-quem-nasceu-nesses-meses-possui\/","og_site_name":"Correio Braziliense - Radar","article_published_time":"2026-01-24T11:00:02+00:00","article_modified_time":"2026-01-24T11:00:06+00:00","og_image":[{"width":1280,"height":720,"url":"https:\/\/www.correiobraziliense.com.br\/cbradar\/wp-content\/uploads\/2026\/01\/Gemini_Generated_Image_ju41sgju41sgju41-1-1.png","type":"image\/png"}],"author":"Patrick Silva","twitter_card":"summary_large_image","twitter_misc":{"Escrito por":"Patrick Silva","Est. tempo de leitura":"4 minutos"},"schema":{"@context":"https:\/\/schema.org","@graph":[{"@type":"WebPage","@id":"https:\/\/www.correiobraziliense.com.br\/cbradar\/a-habilidade-rara-que-so-quem-nasceu-nesses-meses-possui\/","url":"https:\/\/www.correiobraziliense.com.br\/cbradar\/a-habilidade-rara-que-so-quem-nasceu-nesses-meses-possui\/","name":"A habilidade rara que s\u00f3 quem nasceu nesses meses possui - Correio Braziliense - Radar","isPartOf":{"@id":"https:\/\/www.correiobraziliense.com.br\/cbradar\/#website"},"primaryImageOfPage":{"@id":"https:\/\/www.correiobraziliense.com.br\/cbradar\/a-habilidade-rara-que-so-quem-nasceu-nesses-meses-possui\/#primaryimage"},"image":{"@id":"https:\/\/www.correiobraziliense.com.br\/cbradar\/a-habilidade-rara-que-so-quem-nasceu-nesses-meses-possui\/#primaryimage"},"thumbnailUrl":"https:\/\/www.correiobraziliense.com.br\/cbradar\/wp-content\/uploads\/2026\/01\/Gemini_Generated_Image_ju41sgju41sgju41-1-1.png","datePublished":"2026-01-24T11:00:02+00:00","dateModified":"2026-01-24T11:00:06+00:00","author":{"@id":"https:\/\/www.correiobraziliense.com.br\/cbradar\/#\/schema\/person\/5440b72be9c7eb74f446c846479dc4da"},"description":"Estudos indicam que o m\u00eas de nascimento pode influenciar habilidades como paci\u00eancia, mem\u00f3ria e criatividade ao longo da vida adulta.","breadcrumb":{"@id":"https:\/\/www.correiobraziliense.com.br\/cbradar\/a-habilidade-rara-que-so-quem-nasceu-nesses-meses-possui\/#breadcrumb"},"inLanguage":"pt-BR","potentialAction":[{"@type":"ReadAction","target":["https:\/\/www.correiobraziliense.com.br\/cbradar\/a-habilidade-rara-que-so-quem-nasceu-nesses-meses-possui\/"]}]},{"@type":"ImageObject","inLanguage":"pt-BR","@id":"https:\/\/www.correiobraziliense.com.br\/cbradar\/a-habilidade-rara-que-so-quem-nasceu-nesses-meses-possui\/#primaryimage","url":"https:\/\/www.correiobraziliense.com.br\/cbradar\/wp-content\/uploads\/2026\/01\/Gemini_Generated_Image_ju41sgju41sgju41-1-1.png","contentUrl":"https:\/\/www.correiobraziliense.com.br\/cbradar\/wp-content\/uploads\/2026\/01\/Gemini_Generated_Image_ju41sgju41sgju41-1-1.png","width":1280,"height":720,"caption":"O m\u00eas do nascimento pode revelar um talento escondido"},{"@type":"BreadcrumbList","@id":"https:\/\/www.correiobraziliense.com.br\/cbradar\/a-habilidade-rara-que-so-quem-nasceu-nesses-meses-possui\/#breadcrumb","itemListElement":[{"@type":"ListItem","position":1,"name":"In\u00edcio","item":"https:\/\/www.correiobraziliense.com.br\/cbradar\/"},{"@type":"ListItem","position":2,"name":"A habilidade rara que s\u00f3 quem nasceu nesses meses possui"}]},{"@type":"WebSite","@id":"https:\/\/www.correiobraziliense.com.br\/cbradar\/#website","url":"https:\/\/www.correiobraziliense.com.br\/cbradar\/","name":"Correio Braziliense - Radar","description":"Acompanhe as \u00faltimas not\u00edcias e fique bem informado sobre tudo o que acontece no Brasil e no mundo.","potentialAction":[{"@type":"SearchAction","target":{"@type":"EntryPoint","urlTemplate":"https:\/\/www.correiobraziliense.com.br\/cbradar\/?s={search_term_string}"},"query-input":{"@type":"PropertyValueSpecification","valueRequired":true,"valueName":"search_term_string"}}],"inLanguage":"pt-BR"},{"@type":"Person","@id":"https:\/\/www.correiobraziliense.com.br\/cbradar\/#\/schema\/person\/5440b72be9c7eb74f446c846479dc4da","name":"Patrick Silva","image":{"@type":"ImageObject","inLanguage":"pt-BR","@id":"https:\/\/www.correiobraziliense.com.br\/cbradar\/#\/schema\/person\/image\/","url":"https:\/\/secure.gravatar.com\/avatar\/944109df296fc087785c9715fd5f80b2?s=96&d=mm&r=g","contentUrl":"https:\/\/secure.gravatar.com\/avatar\/944109df296fc087785c9715fd5f80b2?s=96&d=mm&r=g","caption":"Patrick Silva"},"sameAs":["https:\/\/www.correiobraziliense.com.br\/cbradar\/"],"url":"https:\/\/www.correiobraziliense.com.br\/cbradar\/author\/patrick-silva\/"}]}},"_links":{"self":[{"href":"https:\/\/www.correiobraziliense.com.br\/cbradar\/wp-json\/wp\/v2\/posts\/180363","targetHints":{"allow":["GET"]}}],"collection":[{"href":"https:\/\/www.correiobraziliense.com.br\/cbradar\/wp-json\/wp\/v2\/posts"}],"about":[{"href":"https:\/\/www.correiobraziliense.com.br\/cbradar\/wp-json\/wp\/v2\/types\/post"}],"author":[{"embeddable":true,"href":"https:\/\/www.correiobraziliense.com.br\/cbradar\/wp-json\/wp\/v2\/users\/21"}],"replies":[{"embeddable":true,"href":"https:\/\/www.correiobraziliense.com.br\/cbradar\/wp-json\/wp\/v2\/comments?post=180363"}],"version-history":[{"count":4,"href":"https:\/\/www.correiobraziliense.com.br\/cbradar\/wp-json\/wp\/v2\/posts\/180363\/revisions"}],"predecessor-version":[{"id":180370,"href":"https:\/\/www.correiobraziliense.com.br\/cbradar\/wp-json\/wp\/v2\/posts\/180363\/revisions\/180370"}],"wp:featuredmedia":[{"embeddable":true,"href":"https:\/\/www.correiobraziliense.com.br\/cbradar\/wp-json\/wp\/v2\/media\/180366"}],"wp:attachment":[{"href":"https:\/\/www.correiobraziliense.com.br\/cbradar\/wp-json\/wp\/v2\/media?parent=180363"}],"wp:term":[{"taxonomy":"category","embeddable":true,"href":"https:\/\/www.correiobraziliense.com.br\/cbradar\/wp-json\/wp\/v2\/categories?post=180363"},{"taxonomy":"post_tag","embeddable":true,"href":"https:\/\/www.correiobraziliense.com.br\/cbradar\/wp-json\/wp\/v2\/tags?post=180363"}],"curies":[{"name":"wp","href":"https:\/\/api.w.org\/{rel}","templated":true}]}}