{"id":180372,"date":"2026-01-23T23:52:10","date_gmt":"2026-01-24T02:52:10","guid":{"rendered":"https:\/\/www.correiobraziliense.com.br\/cbradar\/?p=180372"},"modified":"2026-01-23T23:52:13","modified_gmt":"2026-01-24T02:52:13","slug":"as-pessoas-que-vivem-mais-costumam-nascer-nesses-meses-segundo-pesquisa","status":"publish","type":"post","link":"https:\/\/www.correiobraziliense.com.br\/cbradar\/as-pessoas-que-vivem-mais-costumam-nascer-nesses-meses-segundo-pesquisa\/","title":{"rendered":"As pessoas que vivem mais costumam nascer nesses meses, segundo pesquisa"},"content":{"rendered":"\n<p>A busca pela longevidade geralmente foca em dieta e exerc\u00edcios, mas cientistas descobriram que o segredo para uma vida centen\u00e1ria pode come\u00e7ar muito antes de voc\u00ea dar o primeiro passo: no m\u00eas em que voc\u00ea nasceu. Enquanto a gen\u00e9tica e o estilo de vida s\u00e3o cruciais, um estudo surpreendente sugere que a \u00e9poca do nascimento deixa uma &#8220;marca biol\u00f3gica&#8221; que afeta nossa durabilidade a longo prazo.<\/p>\n\n\n\n<p>Pesquisadores analisaram dados de mais de 1.500 centen\u00e1rios e compararam com seus irm\u00e3os e c\u00f4njuges para isolar fatores ambientais. A conclus\u00e3o? Existe uma &#8220;temporada da longevidade&#8221; que parece dar uma vantagem estat\u00edstica real na corrida contra o tempo.<\/p>\n\n\n\n<h3 class=\"wp-block-heading\">Por que o m\u00eas de nascimento afeta a longevidade?<\/h3>\n\n\n\n<p>A teoria principal, apoiada por pesquisadores da <strong>University of Chicago<\/strong>, \u00e9 a do &#8220;desenvolvimento precoce&#8221;. As condi\u00e7\u00f5es ambientais durante a gesta\u00e7\u00e3o e nos primeiros meses de vida \u2014 como a temperatura, a exposi\u00e7\u00e3o a infec\u00e7\u00f5es sazonais e a disponibilidade de vitaminas frescas na dieta da m\u00e3e \u2014 moldam a sa\u00fade do sistema imunol\u00f3gico para o resto da vida.<\/p>\n\n\n\n<p>Beb\u00eas que escapam do pico de doen\u00e7as infecciosas do inverno logo ap\u00f3s o nascimento tendem a carregar menos &#8220;cicatrizes inflamat\u00f3rias&#8221; em seus sistemas, chegando \u00e0 velhice com uma reserva biol\u00f3gica mais robusta.<\/p>\n\n\n\n<h3 class=\"wp-block-heading\">Quais meses garantem o &#8220;b\u00f4nus&#8221; de vida?<\/h3>\n\n\n\n<p>O estudo, conduzido pelos especialistas Leonid Gavrilov e Natalia Gavrilova, revelou que os beb\u00eas nascidos no <strong>outono<\/strong> (no hemisf\u00e9rio norte, especificamente <strong>setembro, outubro e novembro<\/strong>) t\u00eam uma probabilidade significativamente maior de viver at\u00e9 os 100 anos do que aqueles nascidos em outras \u00e9pocas.<\/p>\n\n\n\n<p><strong>O ranking da longevidade segundo os dados:<\/strong><\/p>\n\n\n\n<ul class=\"wp-block-list\">\n<li><strong>Setembro \u2013 Novembro:<\/strong> Os grandes campe\u00f5es. Estatisticamente, apresentam as maiores chances de se tornarem centen\u00e1rios. Acredita-se que a prote\u00e7\u00e3o contra as doen\u00e7as de ver\u00e3o e o clima ameno nos primeiros meses de vida contribuam para essa resist\u00eancia.<\/li>\n\n\n\n<li><strong>Mar\u00e7o \u2013 Maio e Julho:<\/strong> Surpreendentemente, estes meses apresentaram at\u00e9 40% menos centen\u00e1rios em compara\u00e7\u00e3o com os meses de outono. A exposi\u00e7\u00e3o a infec\u00e7\u00f5es respirat\u00f3rias no in\u00edcio da vida pode ser um fator de risco a longo prazo.<\/li>\n\n\n\n<li><strong>Dezembro \u2013 Fevereiro:<\/strong> Ficam em um meio-termo, sem a vantagem clara do outono, mas sem os riscos elevados da primavera.<\/li>\n<\/ul>\n\n\n\n<figure class=\"wp-block-image size-large\"><img decoding=\"async\" width=\"1024\" height=\"571\" src=\"https:\/\/www.correiobraziliense.com.br\/cbradar\/wp-content\/uploads\/2026\/01\/img_vida_2-1-1024x571.png\" alt=\"\" class=\"wp-image-180374\" srcset=\"https:\/\/www.correiobraziliense.com.br\/cbradar\/wp-content\/uploads\/2026\/01\/img_vida_2-1-1024x571.png 1024w, https:\/\/www.correiobraziliense.com.br\/cbradar\/wp-content\/uploads\/2026\/01\/img_vida_2-1-300x167.png 300w, https:\/\/www.correiobraziliense.com.br\/cbradar\/wp-content\/uploads\/2026\/01\/img_vida_2-1-768x428.png 768w, https:\/\/www.correiobraziliense.com.br\/cbradar\/wp-content\/uploads\/2026\/01\/img_vida_2-1-750x418.png 750w, https:\/\/www.correiobraziliense.com.br\/cbradar\/wp-content\/uploads\/2026\/01\/img_vida_2-1-1140x636.png 1140w, https:\/\/www.correiobraziliense.com.br\/cbradar\/wp-content\/uploads\/2026\/01\/img_vida_2-1.png 1260w\" sizes=\"(max-width: 1024px) 100vw, 1024px\" \/><\/figure>\n\n\n\n<h3 class=\"wp-block-heading\">O que diz a ci\u00eancia?<\/h3>\n\n\n\n<p>Os resultados foram claros e consistentes mesmo quando comparados entre irm\u00e3os (que compartilham a mesma gen\u00e9tica e inf\u00e2ncia), refor\u00e7ando que o fator &#8220;m\u00eas&#8221; \u00e9 decisivo. Segundo a pesquisa publicada pela <strong>University of Chicago<\/strong>, &#8220;nascer no outono oferece um efeito protetor contra doen\u00e7as sazonais que podem impactar a longevidade final&#8221;.<\/p>\n\n\n\n<p>Al\u00e9m disso, um estudo paralelo da <strong>Columbia University<\/strong> mapeou doen\u00e7as ao longo da vida e corroborou que o m\u00eas de nascimento influencia o risco de desenvolver condi\u00e7\u00f5es cardiovasculares e neurol\u00f3gicas, pe\u00e7as-chave para chegar bem \u00e0 terceira idade.<\/p>\n\n\n\n<h3 class=\"wp-block-heading\">Nascidos em outros meses vivem menos?<\/h3>\n\n\n\n<p>N\u00e3o entre em p\u00e2nico. O m\u00eas de nascimento \u00e9 apenas uma das muitas cartas no baralho da vida. Embora os nascidos em outubro tenham uma vantagem estat\u00edstica inicial, h\u00e1bitos como n\u00e3o fumar, controlar o estresse e manter uma vida social ativa pesam muito mais na balan\u00e7a final.<\/p>\n\n\n\n<p>A ci\u00eancia mostra a tend\u00eancia, mas quem escreve a hist\u00f3ria (e decide se vai comer salada ou fast-food hoje) \u00e9 voc\u00ea.<\/p>\n\n\n\n<p><strong>Refer\u00eancias bibliogr\u00e1ficas<\/strong><\/p>\n\n\n\n<p>GAVRILOV, L. A.; GAVRILOVA, N. S. <em>Season of Birth and Exceptional Longevity: Comparative Study of American Centenarians, Their Siblings, and Spouses<\/em>. <a target=\"_blank\" rel=\"noreferrer noopener\" href=\"https:\/\/www.ncbi.nlm.nih.gov\/pmc\/articles\/PMC3236478\/\">Journal of Aging Research, 2011<\/a>.<\/p>\n\n\n\n<p>BOLAND, M. R. et al. <em>Birth month affects lifetime disease risk: a phenome-wide method<\/em>. <a target=\"_blank\" rel=\"noreferrer noopener\" href=\"https:\/\/academic.oup.com\/jamia\/article\/22\/5\/1042\/930268\">Journal of the American Medical Informatics Association, 2015<\/a>.<\/p>\n","protected":false},"excerpt":{"rendered":"<p>A busca pela longevidade geralmente foca em dieta e exerc\u00edcios, mas cientistas descobriram que o segredo para uma vida centen\u00e1ria pode come\u00e7ar muito antes de voc\u00ea dar o primeiro passo: no m\u00eas em que voc\u00ea nasceu. Enquanto a gen\u00e9tica e o estilo de vida s\u00e3o cruciais, um estudo surpreendente sugere que a \u00e9poca do nascimento [&hellip;]<\/p>\n","protected":false},"author":4,"featured_media":180373,"comment_status":"open","ping_status":"open","sticky":false,"template":"","format":"standard","meta":{"_yoast_wpseo_focuskw":"pessoas","_yoast_wpseo_title":"","_yoast_wpseo_metadesc":"Quer chegar aos 100 anos? A ci\u00eancia descobriu que a data do seu anivers\u00e1rio pode influenciar suas chances de soprar as velinhas por um s\u00e9culo.","jnews-multi-image_gallery":[],"jnews_single_post":{"format":"standard"},"jnews_primary_category":[],"jnews_social_meta":[],"jnews_override_counter":[],"footnotes":""},"categories":[112,4404],"tags":[404,1318],"class_list":["post-180372","post","type-post","status-publish","format-standard","has-post-thumbnail","hentry","category-curiosidades","category-saude","tag-psicologia","tag-saude-2"],"yoast_head":"<!-- This site is optimized with the Yoast SEO plugin v24.6 - https:\/\/yoast.com\/wordpress\/plugins\/seo\/ -->\n<title>As pessoas que vivem mais costumam nascer nesses meses, segundo pesquisa - Correio Braziliense - Radar<\/title>\n<meta name=\"description\" content=\"Quer chegar aos 100 anos? A ci\u00eancia descobriu que a data do seu anivers\u00e1rio pode influenciar suas chances de soprar as velinhas por um s\u00e9culo.\" \/>\n<meta name=\"robots\" content=\"index, follow, max-snippet:-1, max-image-preview:large, max-video-preview:-1\" \/>\n<link rel=\"canonical\" href=\"https:\/\/www.correiobraziliense.com.br\/cbradar\/as-pessoas-que-vivem-mais-costumam-nascer-nesses-meses-segundo-pesquisa\/\" \/>\n<meta property=\"og:locale\" content=\"pt_BR\" \/>\n<meta property=\"og:type\" content=\"article\" \/>\n<meta property=\"og:title\" content=\"As pessoas que vivem mais costumam nascer nesses meses, segundo pesquisa - Correio Braziliense - Radar\" \/>\n<meta property=\"og:description\" content=\"Quer chegar aos 100 anos? A ci\u00eancia descobriu que a data do seu anivers\u00e1rio pode influenciar suas chances de soprar as velinhas por um s\u00e9culo.\" \/>\n<meta property=\"og:url\" content=\"https:\/\/www.correiobraziliense.com.br\/cbradar\/as-pessoas-que-vivem-mais-costumam-nascer-nesses-meses-segundo-pesquisa\/\" \/>\n<meta property=\"og:site_name\" content=\"Correio Braziliense - Radar\" \/>\n<meta property=\"article:published_time\" content=\"2026-01-24T02:52:10+00:00\" \/>\n<meta property=\"article:modified_time\" content=\"2026-01-24T02:52:13+00:00\" \/>\n<meta property=\"og:image\" content=\"https:\/\/www.correiobraziliense.com.br\/cbradar\/wp-content\/uploads\/2026\/01\/img_vida_1-1.png\" \/>\n\t<meta property=\"og:image:width\" content=\"1260\" \/>\n\t<meta property=\"og:image:height\" content=\"703\" \/>\n\t<meta property=\"og:image:type\" content=\"image\/png\" \/>\n<meta name=\"author\" content=\"Guilherme Cremaschi\" \/>\n<meta name=\"twitter:card\" content=\"summary_large_image\" \/>\n<meta name=\"twitter:label1\" content=\"Escrito por\" \/>\n\t<meta name=\"twitter:data1\" content=\"Guilherme Cremaschi\" \/>\n\t<meta name=\"twitter:label2\" content=\"Est. tempo de leitura\" \/>\n\t<meta name=\"twitter:data2\" content=\"4 minutos\" \/>\n<!-- \/ Yoast SEO plugin. -->","yoast_head_json":{"title":"As pessoas que vivem mais costumam nascer nesses meses, segundo pesquisa - Correio Braziliense - Radar","description":"Quer chegar aos 100 anos? A ci\u00eancia descobriu que a data do seu anivers\u00e1rio pode influenciar suas chances de soprar as velinhas por um s\u00e9culo.","robots":{"index":"index","follow":"follow","max-snippet":"max-snippet:-1","max-image-preview":"max-image-preview:large","max-video-preview":"max-video-preview:-1"},"canonical":"https:\/\/www.correiobraziliense.com.br\/cbradar\/as-pessoas-que-vivem-mais-costumam-nascer-nesses-meses-segundo-pesquisa\/","og_locale":"pt_BR","og_type":"article","og_title":"As pessoas que vivem mais costumam nascer nesses meses, segundo pesquisa - Correio Braziliense - Radar","og_description":"Quer chegar aos 100 anos? A ci\u00eancia descobriu que a data do seu anivers\u00e1rio pode influenciar suas chances de soprar as velinhas por um s\u00e9culo.","og_url":"https:\/\/www.correiobraziliense.com.br\/cbradar\/as-pessoas-que-vivem-mais-costumam-nascer-nesses-meses-segundo-pesquisa\/","og_site_name":"Correio Braziliense - Radar","article_published_time":"2026-01-24T02:52:10+00:00","article_modified_time":"2026-01-24T02:52:13+00:00","og_image":[{"width":1260,"height":703,"url":"https:\/\/www.correiobraziliense.com.br\/cbradar\/wp-content\/uploads\/2026\/01\/img_vida_1-1.png","type":"image\/png"}],"author":"Guilherme Cremaschi","twitter_card":"summary_large_image","twitter_misc":{"Escrito por":"Guilherme Cremaschi","Est. tempo de leitura":"4 minutos"},"schema":{"@context":"https:\/\/schema.org","@graph":[{"@type":"WebPage","@id":"https:\/\/www.correiobraziliense.com.br\/cbradar\/as-pessoas-que-vivem-mais-costumam-nascer-nesses-meses-segundo-pesquisa\/","url":"https:\/\/www.correiobraziliense.com.br\/cbradar\/as-pessoas-que-vivem-mais-costumam-nascer-nesses-meses-segundo-pesquisa\/","name":"As pessoas que vivem mais costumam nascer nesses meses, segundo pesquisa - Correio Braziliense - Radar","isPartOf":{"@id":"https:\/\/www.correiobraziliense.com.br\/cbradar\/#website"},"primaryImageOfPage":{"@id":"https:\/\/www.correiobraziliense.com.br\/cbradar\/as-pessoas-que-vivem-mais-costumam-nascer-nesses-meses-segundo-pesquisa\/#primaryimage"},"image":{"@id":"https:\/\/www.correiobraziliense.com.br\/cbradar\/as-pessoas-que-vivem-mais-costumam-nascer-nesses-meses-segundo-pesquisa\/#primaryimage"},"thumbnailUrl":"https:\/\/www.correiobraziliense.com.br\/cbradar\/wp-content\/uploads\/2026\/01\/img_vida_1-1.png","datePublished":"2026-01-24T02:52:10+00:00","dateModified":"2026-01-24T02:52:13+00:00","author":{"@id":"https:\/\/www.correiobraziliense.com.br\/cbradar\/#\/schema\/person\/4760856b25506e84ce34d5de2b0d95f1"},"description":"Quer chegar aos 100 anos? A ci\u00eancia descobriu que a data do seu anivers\u00e1rio pode influenciar suas chances de soprar as velinhas por um s\u00e9culo.","breadcrumb":{"@id":"https:\/\/www.correiobraziliense.com.br\/cbradar\/as-pessoas-que-vivem-mais-costumam-nascer-nesses-meses-segundo-pesquisa\/#breadcrumb"},"inLanguage":"pt-BR","potentialAction":[{"@type":"ReadAction","target":["https:\/\/www.correiobraziliense.com.br\/cbradar\/as-pessoas-que-vivem-mais-costumam-nascer-nesses-meses-segundo-pesquisa\/"]}]},{"@type":"ImageObject","inLanguage":"pt-BR","@id":"https:\/\/www.correiobraziliense.com.br\/cbradar\/as-pessoas-que-vivem-mais-costumam-nascer-nesses-meses-segundo-pesquisa\/#primaryimage","url":"https:\/\/www.correiobraziliense.com.br\/cbradar\/wp-content\/uploads\/2026\/01\/img_vida_1-1.png","contentUrl":"https:\/\/www.correiobraziliense.com.br\/cbradar\/wp-content\/uploads\/2026\/01\/img_vida_1-1.png","width":1260,"height":703,"caption":"As pessoas que vivem mais costumam nascer nesses meses, segundo pesquisa"},{"@type":"BreadcrumbList","@id":"https:\/\/www.correiobraziliense.com.br\/cbradar\/as-pessoas-que-vivem-mais-costumam-nascer-nesses-meses-segundo-pesquisa\/#breadcrumb","itemListElement":[{"@type":"ListItem","position":1,"name":"In\u00edcio","item":"https:\/\/www.correiobraziliense.com.br\/cbradar\/"},{"@type":"ListItem","position":2,"name":"As pessoas que vivem mais costumam nascer nesses meses, segundo pesquisa"}]},{"@type":"WebSite","@id":"https:\/\/www.correiobraziliense.com.br\/cbradar\/#website","url":"https:\/\/www.correiobraziliense.com.br\/cbradar\/","name":"Correio Braziliense - Radar","description":"Acompanhe as \u00faltimas not\u00edcias e fique bem informado sobre tudo o que acontece no Brasil e no mundo.","potentialAction":[{"@type":"SearchAction","target":{"@type":"EntryPoint","urlTemplate":"https:\/\/www.correiobraziliense.com.br\/cbradar\/?s={search_term_string}"},"query-input":{"@type":"PropertyValueSpecification","valueRequired":true,"valueName":"search_term_string"}}],"inLanguage":"pt-BR"},{"@type":"Person","@id":"https:\/\/www.correiobraziliense.com.br\/cbradar\/#\/schema\/person\/4760856b25506e84ce34d5de2b0d95f1","name":"Guilherme Cremaschi","image":{"@type":"ImageObject","inLanguage":"pt-BR","@id":"https:\/\/www.correiobraziliense.com.br\/cbradar\/#\/schema\/person\/image\/","url":"https:\/\/secure.gravatar.com\/avatar\/6a059d20d980bdeb1d1d6b0fa2b4633c?s=96&d=mm&r=g","contentUrl":"https:\/\/secure.gravatar.com\/avatar\/6a059d20d980bdeb1d1d6b0fa2b4633c?s=96&d=mm&r=g","caption":"Guilherme Cremaschi"},"sameAs":["https:\/\/www.correiobraziliense.com.br\/"],"url":"https:\/\/www.correiobraziliense.com.br\/cbradar\/author\/guilhermemyth\/"}]}},"_links":{"self":[{"href":"https:\/\/www.correiobraziliense.com.br\/cbradar\/wp-json\/wp\/v2\/posts\/180372","targetHints":{"allow":["GET"]}}],"collection":[{"href":"https:\/\/www.correiobraziliense.com.br\/cbradar\/wp-json\/wp\/v2\/posts"}],"about":[{"href":"https:\/\/www.correiobraziliense.com.br\/cbradar\/wp-json\/wp\/v2\/types\/post"}],"author":[{"embeddable":true,"href":"https:\/\/www.correiobraziliense.com.br\/cbradar\/wp-json\/wp\/v2\/users\/4"}],"replies":[{"embeddable":true,"href":"https:\/\/www.correiobraziliense.com.br\/cbradar\/wp-json\/wp\/v2\/comments?post=180372"}],"version-history":[{"count":1,"href":"https:\/\/www.correiobraziliense.com.br\/cbradar\/wp-json\/wp\/v2\/posts\/180372\/revisions"}],"predecessor-version":[{"id":180375,"href":"https:\/\/www.correiobraziliense.com.br\/cbradar\/wp-json\/wp\/v2\/posts\/180372\/revisions\/180375"}],"wp:featuredmedia":[{"embeddable":true,"href":"https:\/\/www.correiobraziliense.com.br\/cbradar\/wp-json\/wp\/v2\/media\/180373"}],"wp:attachment":[{"href":"https:\/\/www.correiobraziliense.com.br\/cbradar\/wp-json\/wp\/v2\/media?parent=180372"}],"wp:term":[{"taxonomy":"category","embeddable":true,"href":"https:\/\/www.correiobraziliense.com.br\/cbradar\/wp-json\/wp\/v2\/categories?post=180372"},{"taxonomy":"post_tag","embeddable":true,"href":"https:\/\/www.correiobraziliense.com.br\/cbradar\/wp-json\/wp\/v2\/tags?post=180372"}],"curies":[{"name":"wp","href":"https:\/\/api.w.org\/{rel}","templated":true}]}}