{"id":180376,"date":"2026-01-25T08:05:39","date_gmt":"2026-01-25T11:05:39","guid":{"rendered":"https:\/\/www.correiobraziliense.com.br\/cbradar\/?p=180376"},"modified":"2026-01-24T17:45:11","modified_gmt":"2026-01-24T20:45:11","slug":"o-vegetal-colorido-de-baixo-teor-calorico-que-cresce-rapido-e-da-otimas-colheitas-em-casa","status":"publish","type":"post","link":"https:\/\/www.correiobraziliense.com.br\/cbradar\/o-vegetal-colorido-de-baixo-teor-calorico-que-cresce-rapido-e-da-otimas-colheitas-em-casa\/","title":{"rendered":"O vegetal colorido de baixo teor cal\u00f3rico que cresce r\u00e1pido e d\u00e1 \u00f3timas colheitas em casa"},"content":{"rendered":"\n<p>O piment\u00e3o est\u00e1 presente em hortas dom\u00e9sticas, feiras e supermercados de todo o pa\u00eds, nas vers\u00f5es verde, amarela ou vermelha. Al\u00e9m de vers\u00e1til na culin\u00e1ria, esse fruto se destaca pelas propriedades antioxidantes, pelo teor de vitamina C e compostos bioativos, pelo baixo valor cal\u00f3rico e pela facilidade de cultivo em espa\u00e7os variados, desde grandes canteiros at\u00e9 vasos em varandas.<\/p>\n\n\n\n<h2 class=\"wp-block-heading\">Quais s\u00e3o as principais propriedades antioxidantes do piment\u00e3o<\/h2>\n\n\n\n<p>O piment\u00e3o \u00e9 considerado uma fonte relevante de <strong>antioxidantes naturais<\/strong>, subst\u00e2ncias que ajudam a reduzir a a\u00e7\u00e3o dos radicais livres no organismo. Entre os principais compostos presentes est\u00e3o a vitamina C, os carotenoides (como betacaroteno e capsantina, mais intensos em piment\u00f5es vermelhos e amarelos) e alguns tipos de flavonoides.<\/p>\n\n\n\n<p>Esses elementos participam de processos que auxiliam na prote\u00e7\u00e3o das c\u00e9lulas e na manuten\u00e7\u00e3o do bom funcionamento do corpo. Por ser rico em \u00e1gua, ter baixo teor de gorduras e fornecer fibras, o piment\u00e3o contribui para a sensa\u00e7\u00e3o de saciedade, o bom tr\u00e2nsito intestinal e pode ser consumido cru, refogado, assado ou recheado em preparos r\u00e1pidos.<\/p>\n\n\n<div class=\"wp-block-image\">\n<figure class=\"aligncenter size-large\"><img decoding=\"async\" width=\"1024\" height=\"576\" src=\"https:\/\/www.correiobraziliense.com.br\/cbradar\/wp-content\/uploads\/2026\/01\/pimentao-plantar_1767286566707-1024x576.jpg\" alt=\"\" class=\"wp-image-166649\" srcset=\"https:\/\/www.correiobraziliense.com.br\/cbradar\/wp-content\/uploads\/2026\/01\/pimentao-plantar_1767286566707-1024x576.jpg 1024w, https:\/\/www.correiobraziliense.com.br\/cbradar\/wp-content\/uploads\/2026\/01\/pimentao-plantar_1767286566707-300x169.jpg 300w, https:\/\/www.correiobraziliense.com.br\/cbradar\/wp-content\/uploads\/2026\/01\/pimentao-plantar_1767286566707-768x432.jpg 768w, https:\/\/www.correiobraziliense.com.br\/cbradar\/wp-content\/uploads\/2026\/01\/pimentao-plantar_1767286566707-750x422.jpg 750w, https:\/\/www.correiobraziliense.com.br\/cbradar\/wp-content\/uploads\/2026\/01\/pimentao-plantar_1767286566707-1140x641.jpg 1140w, https:\/\/www.correiobraziliense.com.br\/cbradar\/wp-content\/uploads\/2026\/01\/pimentao-plantar_1767286566707.jpg 1280w\" sizes=\"(max-width: 1024px) 100vw, 1024px\" \/><figcaption class=\"wp-element-caption\">Quando se fala em \u201cpiment\u00e3o propriedades antioxidantes\u201d, a aten\u00e7\u00e3o costuma se voltar a alguns nutrientes espec\u00edficos &#8211; Cr\u00e9ditos: depositphotos.com \/ Kwangmoozaa<\/figcaption><\/figure><\/div>\n\n\n<p>Leia tamb\u00e9m:&nbsp;<a href=\"https:\/\/www.correiobraziliense.com.br\/cbradar\/a-delicia-tropical-que-entrega-antioxidantes-e-ainda-e-simples-de-plantar\/\" target=\"_blank\" rel=\"noopener\">A del\u00edcia tropical que entrega antioxidantes e ainda \u00e9 simples de plantar<\/a><\/p>\n\n\n\n<h2 class=\"wp-block-heading\">Como plantar piment\u00e3o em casa passo a passo<\/h2>\n\n\n\n<p>O cultivo de piment\u00e3o pode ser realizado tanto em hortas no solo quanto em vasos e jardineiras, adaptando-se bem a pequenos espa\u00e7os urbanos. Para iniciar, muitas pessoas optam por adquirir mudas j\u00e1 formadas em viveiros, mas tamb\u00e9m \u00e9 poss\u00edvel produzir a partir de sementes de boa proced\u00eancia, preferencialmente tratadas ou selecionadas de frutos sadios.<\/p>\n\n\n\n<p>De forma geral, o passo a passo para plantar piment\u00e3o inclui pr\u00e1ticas simples que garantem boa estrutura de ra\u00edzes e plantas mais saud\u00e1veis, facilitando a colheita em ambientes dom\u00e9sticos:<\/p>\n\n\n\n<ol class=\"wp-block-list\">\n<li><strong>Preparar o recipiente ou canteiro<\/strong>: escolher vasos com pelo menos 25 a 30 cm de profundidade, com furos para drenagem, ou canteiros bem drenados.<\/li>\n\n\n\n<li><strong>Utilizar um bom substrato<\/strong>: misturar terra f\u00e9rtil com composto org\u00e2nico bem curtido e, se poss\u00edvel, um pouco de areia para facilitar a aera\u00e7\u00e3o.<\/li>\n\n\n\n<li><strong>Semeadura ou transplante<\/strong>: colocar as sementes em sementeiras e transplantar quando as mudas tiverem de 4 a 6 folhas, ou plantar diretamente as mudas j\u00e1 formadas.<\/li>\n\n\n\n<li><strong>Irriga\u00e7\u00e3o regular<\/strong>: manter o solo \u00famido, sem encharcar, regando com frequ\u00eancia maior em per\u00edodos mais quentes.<\/li>\n\n\n\n<li><strong>Aduba\u00e7\u00e3o de manuten\u00e7\u00e3o<\/strong>: repetir pequenas aduba\u00e7\u00f5es org\u00e2nicas ao longo do ciclo, refor\u00e7ando nutrientes em fases de flora\u00e7\u00e3o e frutifica\u00e7\u00e3o.<\/li>\n<\/ol>\n\n\n\n<p>Entre os cuidados gerais, \u00e9 importante monitorar o aparecimento de pragas como pulg\u00f5es e \u00e1caros, al\u00e9m de doen\u00e7as f\u00fangicas, que tendem a surgir em ambientes muito \u00famidos e com pouca circula\u00e7\u00e3o de ar. A poda leve de ramos secos, a retirada de folhas muito pr\u00f3ximas do solo e, se necess\u00e1rio, o tutoramento com estacas ajudam na aera\u00e7\u00e3o da planta e favorecem a forma\u00e7\u00e3o de frutos mais bem desenvolvidos. Se voc\u00ea gosta de cultivo, separamos esse v\u00eddeo do canal <a href=\"https:\/\/www.youtube.com\/@MinutoHorta\" target=\"_blank\" rel=\"noreferrer noopener\">Minuto Horta<\/a> mostrando como plantar piment\u00e3o:<\/p>\n\n\n\n<figure class=\"wp-block-embed is-type-video is-provider-youtube wp-block-embed-youtube wp-embed-aspect-16-9 wp-has-aspect-ratio\"><div class=\"wp-block-embed__wrapper\">\n<div class=\"jeg_video_container jeg_video_content\"><iframe loading=\"lazy\" title=\"COMO PLANTAR PIMENT\u00c3O PASSO A PASSO\" width=\"500\" height=\"281\" src=\"https:\/\/www.youtube.com\/embed\/EZu6IdVqOYE?feature=oembed\" frameborder=\"0\" allow=\"accelerometer; autoplay; clipboard-write; encrypted-media; gyroscope; picture-in-picture; web-share\" referrerpolicy=\"strict-origin-when-cross-origin\" allowfullscreen><\/iframe><\/div>\n<\/div><\/figure>\n\n\n\n<h2 class=\"wp-block-heading\">Qual \u00e9 o clima ideal para cultivar piment\u00e3o<\/h2>\n\n\n\n<p>O piment\u00e3o \u00e9 uma cultura tipicamente de clima quente a ameno, com melhor desempenho em temperaturas moderadas. De modo geral, a planta se desenvolve bem em faixas entre 20 \u00b0C e 30 \u00b0C, com certa toler\u00e2ncia a varia\u00e7\u00f5es leves, enquanto o frio intenso pode prejudicar germina\u00e7\u00e3o, crescimento e frutifica\u00e7\u00e3o.<\/p>\n\n\n\n<p>Outro fator relevante \u00e9 a luminosidade, pois o piment\u00e3o precisa de 4 a 6 horas de sol direto por dia para produzir flores e frutos com regularidade. Em regi\u00f5es com ver\u00f5es muito quentes, algum sombreamento leve nas horas de sol mais intenso e solos \u00famidos, por\u00e9m bem drenados, ajudam a reduzir o estresse t\u00e9rmico e o risco de apodrecimento de ra\u00edzes.<\/p>\n\n\n\n<h2 class=\"wp-block-heading\">Quais s\u00e3o as condi\u00e7\u00f5es ideais de cultivo do piment\u00e3o em tabela<\/h2>\n\n\n\n<p>Para facilitar o planejamento de quem deseja plantar piment\u00e3o em casa ou em pequenas propriedades, algumas condi\u00e7\u00f5es b\u00e1sicas podem ser organizadas em uma tabela de refer\u00eancia. Esses valores s\u00e3o aproximados e podem variar conforme a regi\u00e3o, o tipo de solo, a variedade cultivada e o manejo adotado.<\/p>\n\n\n\n<p>A tabela a seguir re\u00fane fatores essenciais, como temperatura, luz, irriga\u00e7\u00e3o e caracter\u00edsticas do solo, que orientam desde a fase de semeadura at\u00e9 a colheita. Ela serve como guia inicial para ajustar o cultivo \u00e0s condi\u00e7\u00f5es locais e tornar a produ\u00e7\u00e3o mais est\u00e1vel ao longo do ano.<\/p>\n\n\n\n<div style=\"font-family: 'Segoe UI', Tahoma, Geneva, Verdana, sans-serif; max-width: 1000px; margin: 20px auto; border: 2px solid #722f37; border-radius: 30px; overflow: hidden; background-color: #ffffff; box-shadow: 0 4px 15px rgba(114, 47, 55, 0.1);\">\n    <table style=\"width: 100%; border-collapse: collapse; text-align: left; font-size: 14px;\">\n        <thead>\n            <tr style=\"background-color: #722f37;\">\n                <th style=\"padding: 15px; color: #ffffff; border-bottom: 2px solid #f9d8e6; width: 35%;\">Fator<\/th>\n                <th style=\"padding: 15px; color: #ffffff; border-bottom: 2px solid #f9d8e6; width: 65%;\">Condi\u00e7\u00e3o recomendada<\/th>\n            <\/tr>\n        <\/thead>\n        <tbody>\n            <tr>\n                <td style=\"padding: 12px 15px; border-bottom: 1px solid #ffe3ee; color: #4a4a4a; font-weight: bold;\">Temperatura do ar<\/td>\n                <td style=\"padding: 12px 15px; border-bottom: 1px solid #ffe3ee; color: #4a4a4a;\">Entre 20\u00b0C e 30\u00b0C durante o dia<\/td>\n            <\/tr>\n            <tr style=\"background-color: #fffafa;\">\n                <td style=\"padding: 12px 15px; border-bottom: 1px solid #ffe3ee; color: #4a4a4a; font-weight: bold;\">Temperatura do solo<\/td>\n                <td style=\"padding: 12px 15px; border-bottom: 1px solid #ffe3ee; color: #4a4a4a;\">Acima de 18\u00b0C para boa germina\u00e7\u00e3o<\/td>\n            <\/tr>\n            <tr>\n                <td style=\"padding: 12px 15px; border-bottom: 1px solid #ffe3ee; color: #4a4a4a; font-weight: bold;\">Exposi\u00e7\u00e3o ao sol<\/td>\n                <td style=\"padding: 12px 15px; border-bottom: 1px solid #ffe3ee; color: #4a4a4a;\">4 a 6 horas de sol direto por dia<\/td>\n            <\/tr>\n            <tr style=\"background-color: #fffafa;\">\n                <td style=\"padding: 12px 15px; border-bottom: 1px solid #ffe3ee; color: #4a4a4a; font-weight: bold;\">Tipo de solo<\/td>\n                <td style=\"padding: 12px 15px; border-bottom: 1px solid #ffe3ee; color: #4a4a4a;\">Solos bem drenados, f\u00e9rteis e ricos em mat\u00e9ria org\u00e2nica<\/td>\n            <\/tr>\n            <tr>\n                <td style=\"padding: 12px 15px; border-bottom: 1px solid #ffe3ee; color: #4a4a4a; font-weight: bold;\">pH do solo<\/td>\n                <td style=\"padding: 12px 15px; border-bottom: 1px solid #ffe3ee; color: #4a4a4a;\">Levemente \u00e1cido a neutro (em torno de 6,0 a 6,8)<\/td>\n            <\/tr>\n            <tr style=\"background-color: #fffafa;\">\n                <td style=\"padding: 12px 15px; border-bottom: 1px solid #ffe3ee; color: #4a4a4a; font-weight: bold;\">Irriga\u00e7\u00e3o<\/td>\n                <td style=\"padding: 12px 15px; border-bottom: 1px solid #ffe3ee; color: #4a4a4a;\">Solo sempre \u00famido, sem encharcamento<\/td>\n            <\/tr>\n            <tr>\n                <td style=\"padding: 12px 15px; border-bottom: 1px solid #ffe3ee; color: #4a4a4a; font-weight: bold;\">Profundidade do vaso<\/td>\n                <td style=\"padding: 12px 15px; border-bottom: 1px solid #ffe3ee; color: #4a4a4a;\">M\u00ednimo de 25 a 30 cm<\/td>\n            <\/tr>\n            <tr style=\"background-color: #fffafa;\">\n                <td style=\"padding: 12px 15px; color: #4a4a4a; font-weight: bold;\">Ciclo m\u00e9dio da cultura<\/td>\n                <td style=\"padding: 12px 15px; color: #4a4a4a;\">De 90 a 150 dias da semeadura \u00e0 colheita, dependendo da variedade<\/td>\n            <\/tr>\n        <\/tbody>\n    <\/table>\n<\/div>\n\n\n\n<p>Com aten\u00e7\u00e3o \u00e0s propriedades antioxidantes e \u00e0s necessidades de clima, solo e manejo, o piment\u00e3o pode integrar hortas dom\u00e9sticas e produ\u00e7\u00f5es comerciais, gerando frutos variados em cor e formato. A combina\u00e7\u00e3o entre acompanhamento das condi\u00e7\u00f5es ambientais e ado\u00e7\u00e3o de pr\u00e1ticas simples de cultivo favorece colheitas regulares e um uso mais frequente desse vegetal na alimenta\u00e7\u00e3o cotidiana.<\/p>\n","protected":false},"excerpt":{"rendered":"<p>O piment\u00e3o est\u00e1 presente em hortas dom\u00e9sticas, feiras e supermercados de todo o pa\u00eds, nas vers\u00f5es verde, amarela ou vermelha. Al\u00e9m de vers\u00e1til na culin\u00e1ria, esse fruto se destaca pelas propriedades antioxidantes, pelo teor de vitamina C e compostos bioativos, pelo baixo valor cal\u00f3rico e pela facilidade de cultivo em espa\u00e7os variados, desde grandes canteiros [&hellip;]<\/p>\n","protected":false},"author":9,"featured_media":180583,"comment_status":"open","ping_status":"open","sticky":false,"template":"","format":"standard","meta":{"_yoast_wpseo_focuskw":"plantar piment\u00e3o","_yoast_wpseo_title":"","_yoast_wpseo_metadesc":"Como cultivar em casa um vegetal rico em antioxidantes, vitamina C e fibras, com solo f\u00e9rtil, sol moderado e irriga\u00e7\u00e3o regular.","jnews-multi-image_gallery":[],"jnews_single_post":{"format":"standard"},"jnews_primary_category":[],"jnews_social_meta":[],"jnews_override_counter":[],"footnotes":""},"categories":[119,136],"post_tag":[2833,1461,5715,5045],"class_list":["post-180376","post","type-post","status-publish","format-standard","has-post-thumbnail","hentry","category-bem-estar","category-jardinagem","tag-cultivo-de-pimentao","tag-pimentao","tag-plantar-pimentao","tag-plantio-em-casa"],"yoast_head":"<!-- This site is optimized with the Yoast SEO plugin v24.6 - https:\/\/yoast.com\/wordpress\/plugins\/seo\/ -->\n<title>O vegetal colorido de baixo teor cal\u00f3rico que cresce r\u00e1pido e d\u00e1 \u00f3timas colheitas em casa - Correio Braziliense - Radar<\/title>\n<meta name=\"description\" content=\"Como cultivar em casa um vegetal rico em antioxidantes, vitamina C e fibras, com solo f\u00e9rtil, sol moderado e irriga\u00e7\u00e3o regular.\" \/>\n<meta name=\"robots\" content=\"index, follow, max-snippet:-1, max-image-preview:large, max-video-preview:-1\" \/>\n<link rel=\"canonical\" href=\"https:\/\/www.correiobraziliense.com.br\/cbradar\/o-vegetal-colorido-de-baixo-teor-calorico-que-cresce-rapido-e-da-otimas-colheitas-em-casa\/\" \/>\n<meta property=\"og:locale\" content=\"pt_BR\" \/>\n<meta property=\"og:type\" content=\"article\" \/>\n<meta property=\"og:title\" content=\"O vegetal colorido de baixo teor cal\u00f3rico que cresce r\u00e1pido e d\u00e1 \u00f3timas colheitas em casa - Correio Braziliense - Radar\" \/>\n<meta property=\"og:description\" content=\"Como cultivar em casa um vegetal rico em antioxidantes, vitamina C e fibras, com solo f\u00e9rtil, sol moderado e irriga\u00e7\u00e3o regular.\" \/>\n<meta property=\"og:url\" content=\"https:\/\/www.correiobraziliense.com.br\/cbradar\/o-vegetal-colorido-de-baixo-teor-calorico-que-cresce-rapido-e-da-otimas-colheitas-em-casa\/\" \/>\n<meta property=\"og:site_name\" content=\"Correio Braziliense - Radar\" \/>\n<meta property=\"article:published_time\" content=\"2026-01-25T11:05:39+00:00\" \/>\n<meta property=\"og:image\" content=\"https:\/\/www.correiobraziliense.com.br\/cbradar\/wp-content\/uploads\/2026\/01\/pimentao-plantacao_1769261994347.jpg\" \/>\n\t<meta property=\"og:image:width\" content=\"1280\" \/>\n\t<meta property=\"og:image:height\" content=\"720\" \/>\n\t<meta property=\"og:image:type\" content=\"image\/jpeg\" \/>\n<meta name=\"author\" content=\"Daniely Cardoso\" \/>\n<meta name=\"twitter:card\" content=\"summary_large_image\" \/>\n<meta name=\"twitter:label1\" content=\"Escrito por\" \/>\n\t<meta name=\"twitter:data1\" content=\"Daniely Cardoso\" \/>\n\t<meta name=\"twitter:label2\" content=\"Est. tempo de leitura\" \/>\n\t<meta name=\"twitter:data2\" content=\"6 minutos\" \/>\n<!-- \/ Yoast SEO plugin. -->","yoast_head_json":{"title":"O vegetal colorido de baixo teor cal\u00f3rico que cresce r\u00e1pido e d\u00e1 \u00f3timas colheitas em casa - Correio Braziliense - Radar","description":"Como cultivar em casa um vegetal rico em antioxidantes, vitamina C e fibras, com solo f\u00e9rtil, sol moderado e irriga\u00e7\u00e3o regular.","robots":{"index":"index","follow":"follow","max-snippet":"max-snippet:-1","max-image-preview":"max-image-preview:large","max-video-preview":"max-video-preview:-1"},"canonical":"https:\/\/www.correiobraziliense.com.br\/cbradar\/o-vegetal-colorido-de-baixo-teor-calorico-que-cresce-rapido-e-da-otimas-colheitas-em-casa\/","og_locale":"pt_BR","og_type":"article","og_title":"O vegetal colorido de baixo teor cal\u00f3rico que cresce r\u00e1pido e d\u00e1 \u00f3timas colheitas em casa - Correio Braziliense - Radar","og_description":"Como cultivar em casa um vegetal rico em antioxidantes, vitamina C e fibras, com solo f\u00e9rtil, sol moderado e irriga\u00e7\u00e3o regular.","og_url":"https:\/\/www.correiobraziliense.com.br\/cbradar\/o-vegetal-colorido-de-baixo-teor-calorico-que-cresce-rapido-e-da-otimas-colheitas-em-casa\/","og_site_name":"Correio Braziliense - Radar","article_published_time":"2026-01-25T11:05:39+00:00","og_image":[{"width":1280,"height":720,"url":"https:\/\/www.correiobraziliense.com.br\/cbradar\/wp-content\/uploads\/2026\/01\/pimentao-plantacao_1769261994347.jpg","type":"image\/jpeg"}],"author":"Daniely Cardoso","twitter_card":"summary_large_image","twitter_misc":{"Escrito por":"Daniely Cardoso","Est. tempo de leitura":"6 minutos"},"schema":{"@context":"https:\/\/schema.org","@graph":[{"@type":"WebPage","@id":"https:\/\/www.correiobraziliense.com.br\/cbradar\/o-vegetal-colorido-de-baixo-teor-calorico-que-cresce-rapido-e-da-otimas-colheitas-em-casa\/","url":"https:\/\/www.correiobraziliense.com.br\/cbradar\/o-vegetal-colorido-de-baixo-teor-calorico-que-cresce-rapido-e-da-otimas-colheitas-em-casa\/","name":"O vegetal colorido de baixo teor cal\u00f3rico que cresce r\u00e1pido e d\u00e1 \u00f3timas colheitas em casa - Correio Braziliense - Radar","isPartOf":{"@id":"https:\/\/www.correiobraziliense.com.br\/cbradar\/#website"},"primaryImageOfPage":{"@id":"https:\/\/www.correiobraziliense.com.br\/cbradar\/o-vegetal-colorido-de-baixo-teor-calorico-que-cresce-rapido-e-da-otimas-colheitas-em-casa\/#primaryimage"},"image":{"@id":"https:\/\/www.correiobraziliense.com.br\/cbradar\/o-vegetal-colorido-de-baixo-teor-calorico-que-cresce-rapido-e-da-otimas-colheitas-em-casa\/#primaryimage"},"thumbnailUrl":"https:\/\/www.correiobraziliense.com.br\/cbradar\/wp-content\/uploads\/2026\/01\/pimentao-plantacao_1769261994347.jpg","datePublished":"2026-01-25T11:05:39+00:00","author":{"@id":"https:\/\/www.correiobraziliense.com.br\/cbradar\/#\/schema\/person\/7356666e12ec0ee53f348ee5db227032"},"description":"Como cultivar em casa um vegetal rico em antioxidantes, vitamina C e fibras, com solo f\u00e9rtil, sol moderado e irriga\u00e7\u00e3o regular.","breadcrumb":{"@id":"https:\/\/www.correiobraziliense.com.br\/cbradar\/o-vegetal-colorido-de-baixo-teor-calorico-que-cresce-rapido-e-da-otimas-colheitas-em-casa\/#breadcrumb"},"inLanguage":"pt-BR","potentialAction":[{"@type":"ReadAction","target":["https:\/\/www.correiobraziliense.com.br\/cbradar\/o-vegetal-colorido-de-baixo-teor-calorico-que-cresce-rapido-e-da-otimas-colheitas-em-casa\/"]}]},{"@type":"ImageObject","inLanguage":"pt-BR","@id":"https:\/\/www.correiobraziliense.com.br\/cbradar\/o-vegetal-colorido-de-baixo-teor-calorico-que-cresce-rapido-e-da-otimas-colheitas-em-casa\/#primaryimage","url":"https:\/\/www.correiobraziliense.com.br\/cbradar\/wp-content\/uploads\/2026\/01\/pimentao-plantacao_1769261994347.jpg","contentUrl":"https:\/\/www.correiobraziliense.com.br\/cbradar\/wp-content\/uploads\/2026\/01\/pimentao-plantacao_1769261994347.jpg","width":1280,"height":720,"caption":"O cultivo de piment\u00e3o pode ser realizado tanto em hortas no solo quanto em vasos e jardineiras - Cr\u00e9ditos: depositphotos.com \/ Denisfilm"},{"@type":"BreadcrumbList","@id":"https:\/\/www.correiobraziliense.com.br\/cbradar\/o-vegetal-colorido-de-baixo-teor-calorico-que-cresce-rapido-e-da-otimas-colheitas-em-casa\/#breadcrumb","itemListElement":[{"@type":"ListItem","position":1,"name":"In\u00edcio","item":"https:\/\/www.correiobraziliense.com.br\/cbradar\/"},{"@type":"ListItem","position":2,"name":"O vegetal colorido de baixo teor cal\u00f3rico que cresce r\u00e1pido e d\u00e1 \u00f3timas colheitas em casa"}]},{"@type":"WebSite","@id":"https:\/\/www.correiobraziliense.com.br\/cbradar\/#website","url":"https:\/\/www.correiobraziliense.com.br\/cbradar\/","name":"Correio Braziliense - Radar","description":"Acompanhe as \u00faltimas not\u00edcias e fique bem informado sobre tudo o que acontece no Brasil e no mundo.","potentialAction":[{"@type":"SearchAction","target":{"@type":"EntryPoint","urlTemplate":"https:\/\/www.correiobraziliense.com.br\/cbradar\/?s={search_term_string}"},"query-input":{"@type":"PropertyValueSpecification","valueRequired":true,"valueName":"search_term_string"}}],"inLanguage":"pt-BR"},{"@type":"Person","@id":"https:\/\/www.correiobraziliense.com.br\/cbradar\/#\/schema\/person\/7356666e12ec0ee53f348ee5db227032","name":"Daniely Cardoso","image":{"@type":"ImageObject","inLanguage":"pt-BR","@id":"https:\/\/www.correiobraziliense.com.br\/cbradar\/#\/schema\/person\/image\/","url":"https:\/\/secure.gravatar.com\/avatar\/4b80ddbd124d1f071b626d52d62e5dff?s=96&d=mm&r=g","contentUrl":"https:\/\/secure.gravatar.com\/avatar\/4b80ddbd124d1f071b626d52d62e5dff?s=96&d=mm&r=g","caption":"Daniely Cardoso"},"description":"Redatora nos portais CB Radar e EM Foco, formada pela Universidade Federal de Goi\u00e1s, em Goi\u00e2nia. Apaixonada por comunica\u00e7\u00e3o, arte, decora\u00e7\u00e3o e tend\u00eancias, atuo na produ\u00e7\u00e3o de conte\u00fados envolventes sobre curiosidades, moda, beleza e paisagismo, sempre com um olhar atento \u00e0s novidades do momento.","sameAs":["https:\/\/www.correiobraziliense.com.br\/cbradar"],"url":"https:\/\/www.correiobraziliense.com.br\/cbradar\/author\/danielymyth\/"}]}},"_links":{"self":[{"href":"https:\/\/www.correiobraziliense.com.br\/cbradar\/wp-json\/wp\/v2\/posts\/180376","targetHints":{"allow":["GET"]}}],"collection":[{"href":"https:\/\/www.correiobraziliense.com.br\/cbradar\/wp-json\/wp\/v2\/posts"}],"about":[{"href":"https:\/\/www.correiobraziliense.com.br\/cbradar\/wp-json\/wp\/v2\/types\/post"}],"author":[{"embeddable":true,"href":"https:\/\/www.correiobraziliense.com.br\/cbradar\/wp-json\/wp\/v2\/users\/9"}],"replies":[{"embeddable":true,"href":"https:\/\/www.correiobraziliense.com.br\/cbradar\/wp-json\/wp\/v2\/comments?post=180376"}],"version-history":[{"count":2,"href":"https:\/\/www.correiobraziliense.com.br\/cbradar\/wp-json\/wp\/v2\/posts\/180376\/revisions"}],"predecessor-version":[{"id":180586,"href":"https:\/\/www.correiobraziliense.com.br\/cbradar\/wp-json\/wp\/v2\/posts\/180376\/revisions\/180586"}],"wp:featuredmedia":[{"embeddable":true,"href":"https:\/\/www.correiobraziliense.com.br\/cbradar\/wp-json\/wp\/v2\/media\/180583"}],"wp:attachment":[{"href":"https:\/\/www.correiobraziliense.com.br\/cbradar\/wp-json\/wp\/v2\/media?parent=180376"}],"wp:term":[{"taxonomy":"category","embeddable":true,"href":"https:\/\/www.correiobraziliense.com.br\/cbradar\/wp-json\/wp\/v2\/categories?post=180376"},{"taxonomy":"post_tag","embeddable":true,"href":"https:\/\/www.correiobraziliense.com.br\/cbradar\/wp-json\/wp\/v2\/post_tag?post=180376"}],"curies":[{"name":"wp","href":"https:\/\/api.w.org\/{rel}","templated":true}]}}