{"id":180378,"date":"2026-01-25T10:05:51","date_gmt":"2026-01-25T13:05:51","guid":{"rendered":"https:\/\/www.correiobraziliense.com.br\/cbradar\/?p=180378"},"modified":"2026-01-24T10:51:56","modified_gmt":"2026-01-24T13:51:56","slug":"a-folhinha-poderosa-que-pode-apoiar-figado-e-rins-e-cresce-ate-em-cantinhos-ensolarados","status":"publish","type":"post","link":"https:\/\/www.correiobraziliense.com.br\/cbradar\/a-folhinha-poderosa-que-pode-apoiar-figado-e-rins-e-cresce-ate-em-cantinhos-ensolarados\/","title":{"rendered":"A folhinha poderosa que pode apoiar f\u00edgado e rins e cresce at\u00e9 em cantinhos ensolarados"},"content":{"rendered":"\n<p>O coentro \u00e9 uma das ervas mais utilizadas na culin\u00e1ria brasileira e, ao mesmo tempo, \u00e9 apontado em estudos como uma planta com potencial desintoxicante para o organismo, podendo auxiliar na elimina\u00e7\u00e3o de subst\u00e2ncias indesejadas e contribuir com vitaminas e minerais importantes para o dia a dia, al\u00e9m de ser de cultivo simples em vasos, hortas ou pequenos canteiros.<\/p>\n\n\n\n<h2 class=\"wp-block-heading\">Coentro tem poss\u00edveis propriedades desintoxicantes para o organismo<\/h2>\n\n\n\n<p>Pesquisas cient\u00edficas apontam que o <strong>coentro<\/strong> cont\u00e9m antioxidantes naturais, como flavonoides e \u00e1cidos fen\u00f3licos, que podem auxiliar o organismo a lidar com radicais livres. H\u00e1 ainda estudos sugerindo que extratos de coentro participem de processos de quela\u00e7\u00e3o, ajudando na liga\u00e7\u00e3o e posterior elimina\u00e7\u00e3o de certos metais pesados pelo corpo.<\/p>\n\n\n\n<p>Outro ponto relevante \u00e9 a presen\u00e7a de vitaminas A, C e K, al\u00e9m de minerais como pot\u00e1ssio, c\u00e1lcio e magn\u00e9sio em pequenas quantidades, que participam de fun\u00e7\u00f5es importantes no corpo. Em conjunto, esses compostos bioativos podem complementar uma alimenta\u00e7\u00e3o equilibrada e favorecer o trabalho do f\u00edgado e dos rins, sem substituir tratamentos m\u00e9dicos quando necess\u00e1rios.<\/p>\n\n\n<div class=\"wp-block-image\">\n<figure class=\"aligncenter size-large\"><img decoding=\"async\" width=\"1024\" height=\"576\" src=\"https:\/\/www.correiobraziliense.com.br\/cbradar\/wp-content\/uploads\/2026\/01\/coentro-plantacao_1769262487256-1024x576.jpg\" alt=\"\" class=\"wp-image-180600\" srcset=\"https:\/\/www.correiobraziliense.com.br\/cbradar\/wp-content\/uploads\/2026\/01\/coentro-plantacao_1769262487256-1024x576.jpg 1024w, https:\/\/www.correiobraziliense.com.br\/cbradar\/wp-content\/uploads\/2026\/01\/coentro-plantacao_1769262487256-300x169.jpg 300w, https:\/\/www.correiobraziliense.com.br\/cbradar\/wp-content\/uploads\/2026\/01\/coentro-plantacao_1769262487256-768x432.jpg 768w, https:\/\/www.correiobraziliense.com.br\/cbradar\/wp-content\/uploads\/2026\/01\/coentro-plantacao_1769262487256-750x422.jpg 750w, https:\/\/www.correiobraziliense.com.br\/cbradar\/wp-content\/uploads\/2026\/01\/coentro-plantacao_1769262487256-1140x641.jpg 1140w, https:\/\/www.correiobraziliense.com.br\/cbradar\/wp-content\/uploads\/2026\/01\/coentro-plantacao_1769262487256.jpg 1280w\" sizes=\"(max-width: 1024px) 100vw, 1024px\" \/><figcaption class=\"wp-element-caption\">O cultivo do coentro pode ser feito diretamente no solo ou em vasos, desde que o ambiente receba boa luminosidade e o solo &#8211; Cr\u00e9ditos: depositphotos.com \/ thewet<\/figcaption><\/figure><\/div>\n\n\n<p>Leia tamb\u00e9m:&nbsp;<a href=\"https:\/\/www.correiobraziliense.com.br\/cbradar\/a-delicia-tropical-que-entrega-antioxidantes-e-ainda-e-simples-de-plantar\/\" target=\"_blank\" rel=\"noopener\">A del\u00edcia tropical que entrega antioxidantes e ainda \u00e9 simples de plantar<\/a><\/p>\n\n\n\n<h2 class=\"wp-block-heading\">Como usar as propriedades do coentro de forma segura no dia a dia<\/h2>\n\n\n\n<p>\u00c9 comum o uso do coentro tanto cru, em saladas, molhos e preparos frescos, quanto em forma de sementes secas, que possuem perfil arom\u00e1tico diferente. Em algumas rotinas alimentares, a erva \u00e9 inclu\u00edda em sucos verdes e infus\u00f5es que buscam apoiar processos de limpeza interna, sempre como parte de um estilo de vida saud\u00e1vel.<\/p>\n\n\n\n<p>Especialistas refor\u00e7am que o coentro deve ser visto como parte de um conjunto de h\u00e1bitos, e n\u00e3o como solu\u00e7\u00e3o isolada para sobrecarga de toxinas ou substituto de rem\u00e9dios. Para aproveit\u00e1-lo melhor, vale variar as formas de consumo ao longo da semana e observar poss\u00edveis alergias ou desconfortos individuais ao ingerir a planta em maior quantidade.<\/p>\n\n\n\n<h2 class=\"wp-block-heading\">Como plantar coentro em casa passo a passo<\/h2>\n\n\n\n<p>O cultivo do coentro pode ser feito diretamente no solo ou em vasos, desde que o ambiente receba boa luminosidade e o solo seja leve e bem drenado. A planta prefere substratos com boa quantidade de mat\u00e9ria org\u00e2nica, o que favorece um desenvolvimento uniforme das folhas e maior intensidade de aroma. Se voc\u00ea gosta de cultivo, separamos esse v\u00eddeo do canal <a href=\"https:\/\/www.youtube.com\/@cultivando-canal\" target=\"_blank\" rel=\"noreferrer noopener\">Cultivando<\/a> mostrando em como plantar coentro:<\/p>\n\n\n\n<figure class=\"wp-block-embed is-type-video is-provider-youtube wp-block-embed-youtube wp-embed-aspect-16-9 wp-has-aspect-ratio\"><div class=\"wp-block-embed__wrapper\">\n<div class=\"jeg_video_container jeg_video_content\"><iframe loading=\"lazy\" title=\"Como cultivar Coentro\" width=\"500\" height=\"281\" src=\"https:\/\/www.youtube.com\/embed\/vQNk-ZLQ3BI?feature=oembed\" frameborder=\"0\" allow=\"accelerometer; autoplay; clipboard-write; encrypted-media; gyroscope; picture-in-picture; web-share\" referrerpolicy=\"strict-origin-when-cross-origin\" allowfullscreen><\/iframe><\/div>\n<\/div><\/figure>\n\n\n\n<p>De forma geral, o plantio segue etapas simples, que podem ser adaptadas tanto para pequenos espa\u00e7os quanto para canteiros maiores:<\/p>\n\n\n\n<ol class=\"wp-block-list\">\n<li><strong>Escolha do recipiente ou canteiro<\/strong>: optar por vasos com furos de drenagem ou por um canteiro que n\u00e3o acumule \u00e1gua.<\/li>\n\n\n\n<li><strong>Prepara\u00e7\u00e3o do solo<\/strong>: misturar terra vegetal com composto org\u00e2nico ou h\u00famus de minhoca, mantendo uma textura fofa.<\/li>\n\n\n\n<li><strong>Plantio das sementes<\/strong>: espalhar as sementes de coentro em sulcos rasos, cobrindo levemente com terra.<\/li>\n\n\n\n<li><strong>Rega inicial<\/strong>: umedecer o solo sem encharcar, utilizando um borrifador ou regador de jato suave.<\/li>\n\n\n\n<li><strong>Manuten\u00e7\u00e3o<\/strong>: manter o solo sempre levemente \u00famido e retirar plantas invasoras que concorram por nutrientes.<\/li>\n<\/ol>\n\n\n\n<p>O coentro costuma germinar entre 7 e 15 dias, dependendo da temperatura e da qualidade das sementes. A colheita das folhas pode come\u00e7ar quando as plantas atingem cerca de 15 a 20 cent\u00edmetros de altura, preferindo-se colher algumas folhas de cada vez para estimular novos brotos e prolongar o ciclo.<\/p>\n\n\n\n<h2 class=\"wp-block-heading\">Qual \u00e9 o clima ideal para cultivar coentro com mais produtividade<\/h2>\n\n\n\n<p>O <strong>clima ideal para o cultivo de coentro<\/strong> \u00e9 ameno, com temperaturas moderadas e boa disponibilidade de luz, evitando calor extremo prolongado. Em regi\u00f5es muito quentes, o cultivo tende a ser mais eficiente em \u00e9pocas de meia-esta\u00e7\u00e3o, como outono e in\u00edcio da primavera, quando a planta floresce menos cedo.<\/p>\n\n\n\n<p>Em \u00e1reas de clima mais frio, o coentro pode ser cultivado durante grande parte do ano, desde que n\u00e3o haja geadas intensas e o solo n\u00e3o permane\u00e7a encharcado. A planta aprecia sol direto por algumas horas do dia, mas tamb\u00e9m tolera meia-sombra luminosa, especialmente em locais onde a radia\u00e7\u00e3o solar \u00e9 muito forte.<\/p>\n\n\n\n<figure class=\"wp-block-table is-style-stripes\"><table class=\"has-vivid-red-color has-text-color has-link-color has-fixed-layout\"><tbody><tr><th>Fator<\/th><th>Condi\u00e7\u00e3o recomendada<\/th><\/tr><tr><td>Faixa de temperatura<\/td><td>Entre 18 \u00baC e 28 \u00baC<\/td><\/tr><tr><td>Exposi\u00e7\u00e3o \u00e0 luz<\/td><td>Sol direto de 3 a 5 horas ou meia-sombra luminosa<\/td><\/tr><tr><td>Umidade do solo<\/td><td>Levemente \u00famido, sem encharcamento<\/td><\/tr><tr><td>\u00c9poca mais favor\u00e1vel<\/td><td>Outono e primavera, variando conforme a regi\u00e3o<\/td><\/tr><tr><td>Resist\u00eancia ao frio<\/td><td>Toler\u00e2ncia moderada, evitando geadas fortes<\/td><\/tr><\/tbody><\/table><\/figure>\n\n\n\n<h2 class=\"wp-block-heading\">Quais cuidados di\u00e1rios garantem coentro saud\u00e1vel e saboroso<\/h2>\n\n\n\n<p>Ap\u00f3s o plantio, a rotina de cuidados com o coentro \u00e9 simples, mas requer regularidade na rega e aten\u00e7\u00e3o ao aspecto das folhas. O excesso de \u00e1gua pode favorecer fungos e apodrecimento das ra\u00edzes, enquanto a retirada de folhas amareladas e galhos secos ajuda a manter a planta mais vigorosa e produtiva.<\/p>\n\n\n\n<p>Para facilitar o manejo di\u00e1rio, alguns cuidados b\u00e1sicos podem ser inclu\u00eddos na rotina de quem cultiva coentro em casa:<\/p>\n\n\n\n<ul class=\"wp-block-list\">\n<li>Regar em hor\u00e1rios mais frescos do dia, como in\u00edcio da manh\u00e3 ou fim da tarde.<\/li>\n\n\n\n<li>Evitar molhar excessivamente as folhas em dias muito \u00famidos ou frios.<\/li>\n\n\n\n<li>Fazer aduba\u00e7\u00e3o leve com composto org\u00e2nico a cada poucas semanas.<\/li>\n\n\n\n<li>Observar pragas como pulg\u00f5es e remover manualmente ao primeiro sinal.<\/li>\n<\/ul>\n\n\n\n<p>Em rela\u00e7\u00e3o ao uso na alimenta\u00e7\u00e3o, o coentro pode ser inclu\u00eddo em feij\u00e3o, peixes, frutos do mar, saladas, molhos e sucos verdes com folhas, gengibre e frutas c\u00edtricas. Ao combinar cultivo dom\u00e9stico, armazenamento adequado e uso frequente em receitas, a erva contribui para o sabor dos pratos e para uma alimenta\u00e7\u00e3o mais variada, associada a estrat\u00e9gias de apoio aos processos naturais de limpeza e equil\u00edbrio do organismo.<\/p>\n","protected":false},"excerpt":{"rendered":"<p>O coentro \u00e9 uma das ervas mais utilizadas na culin\u00e1ria brasileira e, ao mesmo tempo, \u00e9 apontado em estudos como uma planta com potencial desintoxicante para o organismo, podendo auxiliar na elimina\u00e7\u00e3o de subst\u00e2ncias indesejadas e contribuir com vitaminas e minerais importantes para o dia a dia, al\u00e9m de ser de cultivo simples em vasos, [&hellip;]<\/p>\n","protected":false},"author":9,"featured_media":136699,"comment_status":"open","ping_status":"open","sticky":false,"template":"","format":"standard","meta":{"_yoast_wpseo_focuskw":"plantar coentro","_yoast_wpseo_title":"","_yoast_wpseo_metadesc":"Erva arom\u00e1tica com compostos que podem apoiar a limpeza natural do corpo e \u00e9 f\u00e1cil de cultivar em casa.","jnews-multi-image_gallery":[],"jnews_single_post":{"format":"standard"},"jnews_primary_category":[],"jnews_social_meta":[],"jnews_override_counter":[],"footnotes":""},"categories":[119,136],"post_tag":[768,2582,11610],"class_list":["post-180378","post","type-post","status-publish","format-standard","has-post-thumbnail","hentry","category-bem-estar","category-jardinagem","tag-coentro","tag-cultivo-de-coentro","tag-plantar-coentro"],"yoast_head":"<!-- This site is optimized with the Yoast SEO plugin v24.6 - https:\/\/yoast.com\/wordpress\/plugins\/seo\/ -->\n<title>A folhinha poderosa que pode apoiar f\u00edgado e rins e cresce at\u00e9 em cantinhos ensolarados - Correio Braziliense - Radar<\/title>\n<meta name=\"description\" content=\"Erva arom\u00e1tica com compostos que podem apoiar a limpeza natural do corpo e \u00e9 f\u00e1cil de cultivar em casa.\" \/>\n<meta name=\"robots\" content=\"index, follow, max-snippet:-1, max-image-preview:large, max-video-preview:-1\" \/>\n<link rel=\"canonical\" href=\"https:\/\/www.correiobraziliense.com.br\/cbradar\/a-folhinha-poderosa-que-pode-apoiar-figado-e-rins-e-cresce-ate-em-cantinhos-ensolarados\/\" \/>\n<meta property=\"og:locale\" content=\"pt_BR\" \/>\n<meta property=\"og:type\" content=\"article\" \/>\n<meta property=\"og:title\" content=\"A folhinha poderosa que pode apoiar f\u00edgado e rins e cresce at\u00e9 em cantinhos ensolarados - Correio Braziliense - Radar\" \/>\n<meta property=\"og:description\" content=\"Erva arom\u00e1tica com compostos que podem apoiar a limpeza natural do corpo e \u00e9 f\u00e1cil de cultivar em casa.\" \/>\n<meta property=\"og:url\" content=\"https:\/\/www.correiobraziliense.com.br\/cbradar\/a-folhinha-poderosa-que-pode-apoiar-figado-e-rins-e-cresce-ate-em-cantinhos-ensolarados\/\" \/>\n<meta property=\"og:site_name\" content=\"Correio Braziliense - Radar\" \/>\n<meta property=\"article:published_time\" content=\"2026-01-25T13:05:51+00:00\" \/>\n<meta property=\"og:image\" content=\"https:\/\/www.correiobraziliense.com.br\/cbradar\/wp-content\/uploads\/2025\/11\/coentro-plantacao-_1763039753116.jpg\" \/>\n\t<meta property=\"og:image:width\" content=\"1280\" \/>\n\t<meta property=\"og:image:height\" content=\"720\" \/>\n\t<meta property=\"og:image:type\" content=\"image\/jpeg\" \/>\n<meta name=\"author\" content=\"Daniely Cardoso\" \/>\n<meta name=\"twitter:card\" content=\"summary_large_image\" \/>\n<meta name=\"twitter:label1\" content=\"Escrito por\" \/>\n\t<meta name=\"twitter:data1\" content=\"Daniely Cardoso\" \/>\n\t<meta name=\"twitter:label2\" content=\"Est. tempo de leitura\" \/>\n\t<meta name=\"twitter:data2\" content=\"6 minutos\" \/>\n<!-- \/ Yoast SEO plugin. -->","yoast_head_json":{"title":"A folhinha poderosa que pode apoiar f\u00edgado e rins e cresce at\u00e9 em cantinhos ensolarados - Correio Braziliense - Radar","description":"Erva arom\u00e1tica com compostos que podem apoiar a limpeza natural do corpo e \u00e9 f\u00e1cil de cultivar em casa.","robots":{"index":"index","follow":"follow","max-snippet":"max-snippet:-1","max-image-preview":"max-image-preview:large","max-video-preview":"max-video-preview:-1"},"canonical":"https:\/\/www.correiobraziliense.com.br\/cbradar\/a-folhinha-poderosa-que-pode-apoiar-figado-e-rins-e-cresce-ate-em-cantinhos-ensolarados\/","og_locale":"pt_BR","og_type":"article","og_title":"A folhinha poderosa que pode apoiar f\u00edgado e rins e cresce at\u00e9 em cantinhos ensolarados - Correio Braziliense - Radar","og_description":"Erva arom\u00e1tica com compostos que podem apoiar a limpeza natural do corpo e \u00e9 f\u00e1cil de cultivar em casa.","og_url":"https:\/\/www.correiobraziliense.com.br\/cbradar\/a-folhinha-poderosa-que-pode-apoiar-figado-e-rins-e-cresce-ate-em-cantinhos-ensolarados\/","og_site_name":"Correio Braziliense - Radar","article_published_time":"2026-01-25T13:05:51+00:00","og_image":[{"width":1280,"height":720,"url":"https:\/\/www.correiobraziliense.com.br\/cbradar\/wp-content\/uploads\/2025\/11\/coentro-plantacao-_1763039753116.jpg","type":"image\/jpeg"}],"author":"Daniely Cardoso","twitter_card":"summary_large_image","twitter_misc":{"Escrito por":"Daniely Cardoso","Est. tempo de leitura":"6 minutos"},"schema":{"@context":"https:\/\/schema.org","@graph":[{"@type":"WebPage","@id":"https:\/\/www.correiobraziliense.com.br\/cbradar\/a-folhinha-poderosa-que-pode-apoiar-figado-e-rins-e-cresce-ate-em-cantinhos-ensolarados\/","url":"https:\/\/www.correiobraziliense.com.br\/cbradar\/a-folhinha-poderosa-que-pode-apoiar-figado-e-rins-e-cresce-ate-em-cantinhos-ensolarados\/","name":"A folhinha poderosa que pode apoiar f\u00edgado e rins e cresce at\u00e9 em cantinhos ensolarados - Correio Braziliense - Radar","isPartOf":{"@id":"https:\/\/www.correiobraziliense.com.br\/cbradar\/#website"},"primaryImageOfPage":{"@id":"https:\/\/www.correiobraziliense.com.br\/cbradar\/a-folhinha-poderosa-que-pode-apoiar-figado-e-rins-e-cresce-ate-em-cantinhos-ensolarados\/#primaryimage"},"image":{"@id":"https:\/\/www.correiobraziliense.com.br\/cbradar\/a-folhinha-poderosa-que-pode-apoiar-figado-e-rins-e-cresce-ate-em-cantinhos-ensolarados\/#primaryimage"},"thumbnailUrl":"https:\/\/www.correiobraziliense.com.br\/cbradar\/wp-content\/uploads\/2025\/11\/coentro-plantacao-_1763039753116.jpg","datePublished":"2026-01-25T13:05:51+00:00","author":{"@id":"https:\/\/www.correiobraziliense.com.br\/cbradar\/#\/schema\/person\/7356666e12ec0ee53f348ee5db227032"},"description":"Erva arom\u00e1tica com compostos que podem apoiar a limpeza natural do corpo e \u00e9 f\u00e1cil de cultivar em casa.","breadcrumb":{"@id":"https:\/\/www.correiobraziliense.com.br\/cbradar\/a-folhinha-poderosa-que-pode-apoiar-figado-e-rins-e-cresce-ate-em-cantinhos-ensolarados\/#breadcrumb"},"inLanguage":"pt-BR","potentialAction":[{"@type":"ReadAction","target":["https:\/\/www.correiobraziliense.com.br\/cbradar\/a-folhinha-poderosa-que-pode-apoiar-figado-e-rins-e-cresce-ate-em-cantinhos-ensolarados\/"]}]},{"@type":"ImageObject","inLanguage":"pt-BR","@id":"https:\/\/www.correiobraziliense.com.br\/cbradar\/a-folhinha-poderosa-que-pode-apoiar-figado-e-rins-e-cresce-ate-em-cantinhos-ensolarados\/#primaryimage","url":"https:\/\/www.correiobraziliense.com.br\/cbradar\/wp-content\/uploads\/2025\/11\/coentro-plantacao-_1763039753116.jpg","contentUrl":"https:\/\/www.correiobraziliense.com.br\/cbradar\/wp-content\/uploads\/2025\/11\/coentro-plantacao-_1763039753116.jpg","width":1280,"height":720,"caption":"O coentro aprecia um solo levemente \u00famido, por isso, a rega deve ser di\u00e1ria, por\u00e9m moderada - Cr\u00e9ditos: depositphotos.com \/ sanddebeautheil"},{"@type":"BreadcrumbList","@id":"https:\/\/www.correiobraziliense.com.br\/cbradar\/a-folhinha-poderosa-que-pode-apoiar-figado-e-rins-e-cresce-ate-em-cantinhos-ensolarados\/#breadcrumb","itemListElement":[{"@type":"ListItem","position":1,"name":"In\u00edcio","item":"https:\/\/www.correiobraziliense.com.br\/cbradar\/"},{"@type":"ListItem","position":2,"name":"A folhinha poderosa que pode apoiar f\u00edgado e rins e cresce at\u00e9 em cantinhos ensolarados"}]},{"@type":"WebSite","@id":"https:\/\/www.correiobraziliense.com.br\/cbradar\/#website","url":"https:\/\/www.correiobraziliense.com.br\/cbradar\/","name":"Correio Braziliense - Radar","description":"Acompanhe as \u00faltimas not\u00edcias e fique bem informado sobre tudo o que acontece no Brasil e no mundo.","potentialAction":[{"@type":"SearchAction","target":{"@type":"EntryPoint","urlTemplate":"https:\/\/www.correiobraziliense.com.br\/cbradar\/?s={search_term_string}"},"query-input":{"@type":"PropertyValueSpecification","valueRequired":true,"valueName":"search_term_string"}}],"inLanguage":"pt-BR"},{"@type":"Person","@id":"https:\/\/www.correiobraziliense.com.br\/cbradar\/#\/schema\/person\/7356666e12ec0ee53f348ee5db227032","name":"Daniely Cardoso","image":{"@type":"ImageObject","inLanguage":"pt-BR","@id":"https:\/\/www.correiobraziliense.com.br\/cbradar\/#\/schema\/person\/image\/","url":"https:\/\/secure.gravatar.com\/avatar\/4b80ddbd124d1f071b626d52d62e5dff?s=96&d=mm&r=g","contentUrl":"https:\/\/secure.gravatar.com\/avatar\/4b80ddbd124d1f071b626d52d62e5dff?s=96&d=mm&r=g","caption":"Daniely Cardoso"},"description":"Redatora nos portais CB Radar e EM Foco, formada pela Universidade Federal de Goi\u00e1s, em Goi\u00e2nia. Apaixonada por comunica\u00e7\u00e3o, arte, decora\u00e7\u00e3o e tend\u00eancias, atuo na produ\u00e7\u00e3o de conte\u00fados envolventes sobre curiosidades, moda, beleza e paisagismo, sempre com um olhar atento \u00e0s novidades do momento.","sameAs":["https:\/\/www.correiobraziliense.com.br\/cbradar"],"url":"https:\/\/www.correiobraziliense.com.br\/cbradar\/author\/danielymyth\/"}]}},"_links":{"self":[{"href":"https:\/\/www.correiobraziliense.com.br\/cbradar\/wp-json\/wp\/v2\/posts\/180378","targetHints":{"allow":["GET"]}}],"collection":[{"href":"https:\/\/www.correiobraziliense.com.br\/cbradar\/wp-json\/wp\/v2\/posts"}],"about":[{"href":"https:\/\/www.correiobraziliense.com.br\/cbradar\/wp-json\/wp\/v2\/types\/post"}],"author":[{"embeddable":true,"href":"https:\/\/www.correiobraziliense.com.br\/cbradar\/wp-json\/wp\/v2\/users\/9"}],"replies":[{"embeddable":true,"href":"https:\/\/www.correiobraziliense.com.br\/cbradar\/wp-json\/wp\/v2\/comments?post=180378"}],"version-history":[{"count":2,"href":"https:\/\/www.correiobraziliense.com.br\/cbradar\/wp-json\/wp\/v2\/posts\/180378\/revisions"}],"predecessor-version":[{"id":180606,"href":"https:\/\/www.correiobraziliense.com.br\/cbradar\/wp-json\/wp\/v2\/posts\/180378\/revisions\/180606"}],"wp:featuredmedia":[{"embeddable":true,"href":"https:\/\/www.correiobraziliense.com.br\/cbradar\/wp-json\/wp\/v2\/media\/136699"}],"wp:attachment":[{"href":"https:\/\/www.correiobraziliense.com.br\/cbradar\/wp-json\/wp\/v2\/media?parent=180378"}],"wp:term":[{"taxonomy":"category","embeddable":true,"href":"https:\/\/www.correiobraziliense.com.br\/cbradar\/wp-json\/wp\/v2\/categories?post=180378"},{"taxonomy":"post_tag","embeddable":true,"href":"https:\/\/www.correiobraziliense.com.br\/cbradar\/wp-json\/wp\/v2\/post_tag?post=180378"}],"curies":[{"name":"wp","href":"https:\/\/api.w.org\/{rel}","templated":true}]}}