{"id":180379,"date":"2026-01-25T12:55:57","date_gmt":"2026-01-25T15:55:57","guid":{"rendered":"https:\/\/www.correiobraziliense.com.br\/cbradar\/?p=180379"},"modified":"2026-01-24T10:55:58","modified_gmt":"2026-01-24T13:55:58","slug":"essa-fruta-do-dia-a-dia-surpreende-pelo-teor-de-vitamina-c-e-pela-simplicidade-de-plantar-em-casa","status":"publish","type":"post","link":"https:\/\/www.correiobraziliense.com.br\/cbradar\/essa-fruta-do-dia-a-dia-surpreende-pelo-teor-de-vitamina-c-e-pela-simplicidade-de-plantar-em-casa\/","title":{"rendered":"Essa fruta do dia a dia surpreende pelo teor de vitamina C e pela simplicidade de plantar em casa"},"content":{"rendered":"\n<p>A goiaba est\u00e1 presente em quintais, feiras e mercados de praticamente todo o pa\u00eds e se destaca tanto pelo sabor quanto pelo valor nutricional. Essa fruta tropical \u00e9 fonte de compostos antioxidantes que ajudam na prote\u00e7\u00e3o das c\u00e9lulas, al\u00e9m de ser relativamente simples de cultivar em diferentes regi\u00f5es do Brasil. Por isso, desperta interesse tanto de quem busca uma alimenta\u00e7\u00e3o mais equilibrada quanto de quem pretende iniciar um pequeno pomar dom\u00e9stico, incluindo sistemas org\u00e2nicos ou agroecol\u00f3gicos de produ\u00e7\u00e3o.<\/p>\n\n\n\n<h2 class=\"wp-block-heading\">Quais s\u00e3o os benef\u00edcios antioxidantes da goiaba para o organismo<\/h2>\n\n\n\n<p>A goiaba \u00e9 frequentemente associada \u00e0 alta concentra\u00e7\u00e3o de <strong>vitamina C<\/strong>, superando inclusive frutas tradicionalmente lembradas por esse nutriente. Essa vitamina atua como antioxidante, contribuindo para neutralizar radicais livres, mol\u00e9culas inst\u00e1veis que podem causar danos celulares ao longo do tempo, al\u00e9m de participar da s\u00edntese de col\u00e1geno e da manuten\u00e7\u00e3o do sistema imunol\u00f3gico.<\/p>\n\n\n\n<p>Al\u00e9m da vitamina C, a fruta cont\u00e9m compostos como <em>caroten\u00f3ides<\/em> e flavonoides, que tamb\u00e9m participam de processos antioxidantes no organismo. Outro ponto relevante \u00e9 a presen\u00e7a de <strong>licopeno<\/strong>, especialmente nas variedades de polpa vermelha, enquanto as goiabas de polpa branca tendem a ter maior teor de vitamina C, mostrando que diferentes tipos da fruta podem oferecer composi\u00e7\u00f5es nutricionais complementares.<\/p>\n\n\n<div class=\"wp-block-image\">\n<figure class=\"aligncenter size-large\"><img decoding=\"async\" width=\"1024\" height=\"576\" src=\"https:\/\/www.correiobraziliense.com.br\/cbradar\/wp-content\/uploads\/2025\/02\/goiaba-planta_1740117721282-1024x576.jpg\" alt=\"O que ningu\u00e9m te conta sobre cultivar goiabeira no quintal\" class=\"wp-image-4565\" srcset=\"https:\/\/www.correiobraziliense.com.br\/cbradar\/wp-content\/uploads\/2025\/02\/goiaba-planta_1740117721282-1024x576.jpg 1024w, https:\/\/www.correiobraziliense.com.br\/cbradar\/wp-content\/uploads\/2025\/02\/goiaba-planta_1740117721282-300x169.jpg 300w, https:\/\/www.correiobraziliense.com.br\/cbradar\/wp-content\/uploads\/2025\/02\/goiaba-planta_1740117721282-768x432.jpg 768w, https:\/\/www.correiobraziliense.com.br\/cbradar\/wp-content\/uploads\/2025\/02\/goiaba-planta_1740117721282-750x422.jpg 750w, https:\/\/www.correiobraziliense.com.br\/cbradar\/wp-content\/uploads\/2025\/02\/goiaba-planta_1740117721282-1140x641.jpg 1140w, https:\/\/www.correiobraziliense.com.br\/cbradar\/wp-content\/uploads\/2025\/02\/goiaba-planta_1740117721282.jpg 1280w\" sizes=\"(max-width: 1024px) 100vw, 1024px\" \/><figcaption class=\"wp-element-caption\">A\u00e7\u00e3o antioxidante devido \u00e0 presen\u00e7a de flavonoides e vitamina C  &#8211; Cr\u00e9ditos: depositphotos.com \/ rickyherawan84@gmail.com<\/figcaption><\/figure><\/div>\n\n\n<p>Leia tamb\u00e9m:&nbsp;<a href=\"https:\/\/www.correiobraziliense.com.br\/cbradar\/o-verde-digestivo-que-virou-queridinho-das-hortas-por-ser-simples-de-plantar\/\" target=\"_blank\" rel=\"noopener\">O verde digestivo que virou queridinho das hortas por ser simples de plantar<\/a><\/p>\n\n\n\n<h2 class=\"wp-block-heading\">Como plantar goiaba para obter um pomar produtivo em diferentes espa\u00e7os<\/h2>\n\n\n\n<p>O cultivo da goiaba pode ser feito tanto em \u00e1reas rurais quanto em quintais urbanos, desde que a planta receba luz solar direta por boa parte do dia. A goiabeira \u00e9 considerada uma frut\u00edfera r\u00fastica, mas responde melhor quando o solo apresenta boa drenagem e alguma fertilidade, podendo inclusive ser cultivada em grandes vasos com substrato bem estruturado.<\/p>\n\n\n\n<p>Existem duas formas principais de iniciar o cultivo: por sementes ou por mudas enxertadas. O uso de <strong>mudas enxertadas<\/strong> \u00e9 comum quando se busca padr\u00e3o de produtividade e caracter\u00edsticas espec\u00edficas do fruto, enquanto o plantio por sementes \u00e9 mais simples, por\u00e9m com maior varia\u00e7\u00e3o entre as plantas, exigindo sele\u00e7\u00e3o posterior das melhores goiabeiras.<\/p>\n\n\n\n<p>Para orientar quem est\u00e1 come\u00e7ando o pomar, alguns cuidados b\u00e1sicos no plantio favorecem o enraizamento, o crescimento inicial e a futura produ\u00e7\u00e3o de frutos com qualidade:<\/p>\n\n\n\n<ul class=\"wp-block-list\">\n<li>Escolher um local com boa incid\u00eancia de sol direto;<\/li>\n\n\n\n<li>Evitar solos compactados ou sujeitos a encharcamento;<\/li>\n\n\n\n<li>Adicionar composto org\u00e2nico ou esterco bem curtido na cova;<\/li>\n\n\n\n<li>Realizar regas regulares nos primeiros meses de desenvolvimento;<\/li>\n\n\n\n<li>Fazer podas de forma\u00e7\u00e3o para conduzir a copa e facilitar a colheita.<\/li>\n<\/ul>\n\n\n\n<p>Se voc\u00ea gosta de cultivo, separamos esse v\u00eddeo do canal <a href=\"https:\/\/www.youtube.com\/@SpagnholPlantas1\" target=\"_blank\" rel=\"noreferrer noopener\">Spagnhol Plantas<\/a> ensinando como a plantar goiaba em vasos:<\/p>\n\n\n\n<figure class=\"wp-block-embed is-type-video is-provider-youtube wp-block-embed-youtube wp-embed-aspect-16-9 wp-has-aspect-ratio\"><div class=\"wp-block-embed__wrapper\">\n<div class=\"jeg_video_container jeg_video_content\"><iframe loading=\"lazy\" title=\"Como cultivar GOIABA EM VASO | Simples e pr\u00e1tico\" width=\"500\" height=\"281\" src=\"https:\/\/www.youtube.com\/embed\/1V7DE3Ul23U?feature=oembed\" frameborder=\"0\" allow=\"accelerometer; autoplay; clipboard-write; encrypted-media; gyroscope; picture-in-picture; web-share\" referrerpolicy=\"strict-origin-when-cross-origin\" allowfullscreen><\/iframe><\/div>\n<\/div><\/figure>\n\n\n\n<p>A irriga\u00e7\u00e3o deve ser refor\u00e7ada no per\u00edodo de estabelecimento da muda e em fases de flora\u00e7\u00e3o e frutifica\u00e7\u00e3o, principalmente em regi\u00f5es com estiagens prolongadas. O controle de pragas e doen\u00e7as \u00e9 facilitado quando a planta est\u00e1 bem nutrida e ventilada, o que refor\u00e7a a import\u00e2ncia de uma boa escolha de espa\u00e7amento e de podas peri\u00f3dicas para manter a copa arejada.<\/p>\n\n\n\n<h2 class=\"wp-block-heading\">Qual \u00e9 o clima ideal para o cultivo de goiaba com boa produtividade<\/h2>\n\n\n\n<p>A goiabeira \u00e9 uma esp\u00e9cie adaptada a <strong>clima tropical e subtropical<\/strong>, com bom desempenho em regi\u00f5es de temperaturas amenas a elevadas. De forma geral, a planta se desenvolve melhor em \u00e1reas onde a temperatura m\u00e9dia anual fica entre 20 \u00b0C e 28 \u00b0C, sendo que geadas fortes e frequentes podem causar danos severos \u00e0 copa e \u00e0s brota\u00e7\u00f5es novas.<\/p>\n\n\n\n<p>Em regi\u00f5es com per\u00edodos secos marcados, a irriga\u00e7\u00e3o complementar se torna um fator decisivo para a produtividade da goiabeira. J\u00e1 em \u00e1reas muito \u00famidas, a aten\u00e7\u00e3o se volta para a drenagem do solo e para a circula\u00e7\u00e3o de ar entre as plantas, reduzindo o risco de doen\u00e7as f\u00fangicas e favorecendo a sanidade de folhas e frutos.<\/p>\n\n\n\n<div style=\"font-family: 'Segoe UI', Tahoma, Geneva, Verdana, sans-serif; max-width: 1000px; margin: 20px auto; border: 2px solid #722f37; border-radius: 30px; overflow: hidden; background-color: #ffffff; box-shadow: 0 4px 15px rgba(114, 47, 55, 0.1);\">\n    <table style=\"width: 100%; border-collapse: collapse; text-align: left; font-size: 14px;\">\n        <thead>\n            <tr style=\"background-color: #722f37;\">\n                <th style=\"padding: 15px; color: #ffffff; border-bottom: 2px solid #f9d8e6; width: 35%;\">Condi\u00e7\u00e3o clim\u00e1tica<\/th>\n                <th style=\"padding: 15px; color: #ffffff; border-bottom: 2px solid #f9d8e6; width: 65%;\">Faixa recomendada para goiaba<\/th>\n            <\/tr>\n        <\/thead>\n        <tbody>\n            <tr>\n                <td style=\"padding: 12px 15px; border-bottom: 1px solid #ffe3ee; color: #4a4a4a; font-weight: bold;\">Temperatura m\u00e9dia anual<\/td>\n                <td style=\"padding: 12px 15px; border-bottom: 1px solid #ffe3ee; color: #4a4a4a;\">20 \u00b0C a 28 \u00b0C<\/td>\n            <\/tr>\n            <tr style=\"background-color: #fffafa;\">\n                <td style=\"padding: 12px 15px; border-bottom: 1px solid #ffe3ee; color: #4a4a4a; font-weight: bold;\">Temperatura m\u00ednima tolerada (curto per\u00edodo)<\/td>\n                <td style=\"padding: 12px 15px; border-bottom: 1px solid #ffe3ee; color: #4a4a4a;\">Em torno de 10 \u00b0C, sem geadas intensas<\/td>\n            <\/tr>\n            <tr>\n                <td style=\"padding: 12px 15px; border-bottom: 1px solid #ffe3ee; color: #4a4a4a; font-weight: bold;\">Precipita\u00e7\u00e3o anual<\/td>\n                <td style=\"padding: 12px 15px; border-bottom: 1px solid #ffe3ee; color: #4a4a4a;\">1.000 a 1.800 mm bem distribu\u00eddos<\/td>\n            <\/tr>\n            <tr style=\"background-color: #fffafa;\">\n                <td style=\"padding: 12px 15px; border-bottom: 1px solid #ffe3ee; color: #4a4a4a; font-weight: bold;\">Exig\u00eancia de luz<\/td>\n                <td style=\"padding: 12px 15px; border-bottom: 1px solid #ffe3ee; color: #4a4a4a;\">Pleno sol (pelo menos 6 horas di\u00e1rias)<\/td>\n            <\/tr>\n            <tr>\n                <td style=\"padding: 12px 15px; color: #4a4a4a; font-weight: bold;\">Altitude recomendada<\/td>\n                <td style=\"padding: 12px 15px; color: #4a4a4a;\">Do n\u00edvel do mar at\u00e9 cerca de 1.000 m, dependendo da regi\u00e3o<\/td>\n            <\/tr>\n        <\/tbody>\n    <\/table>\n<\/div>\n\n\n\n<p>Em regi\u00f5es com per\u00edodos secos marcados, a irriga\u00e7\u00e3o complementar se torna um fator decisivo para a produtividade da goiabeira. J\u00e1 em \u00e1reas muito \u00famidas, a aten\u00e7\u00e3o se volta para a drenagem do solo e para a circula\u00e7\u00e3o de ar entre as plantas, reduzindo o risco de doen\u00e7as f\u00fangicas. O ajuste do manejo a cada realidade clim\u00e1tica permite manter a planta em condi\u00e7\u00f5es mais est\u00e1veis ao longo do ano.<\/p>\n\n\n\n<h2 class=\"wp-block-heading\">Quais cuidados b\u00e1sicos mant\u00eam a goiabeira saud\u00e1vel por muitos anos<\/h2>\n\n\n\n<p>Al\u00e9m de escolher bem o clima e o local de plantio, alguns cuidados ao longo do ciclo da planta ajudam a garantir produ\u00e7\u00e3o constante. A aduba\u00e7\u00e3o de manuten\u00e7\u00e3o, feita anualmente ou de acordo com orienta\u00e7\u00e3o t\u00e9cnica, rep\u00f5e nutrientes retirados do solo pela colheita dos frutos e pode ser ajustada com base em an\u00e1lises de solo e observa\u00e7\u00e3o visual da planta.<\/p>\n\n\n\n<ol class=\"wp-block-list\">\n<li><strong>Aduba\u00e7\u00e3o peri\u00f3dica:<\/strong> refor\u00e7ar nutrientes antes ou ap\u00f3s a safra;<\/li>\n\n\n\n<li><strong>Poda de limpeza:<\/strong> retirar galhos secos, doentes ou mal posicionados;<\/li>\n\n\n\n<li><strong>Controle de mato:<\/strong> evitar competi\u00e7\u00e3o intensa por \u00e1gua e nutrientes;<\/li>\n\n\n\n<li><strong>Monitoramento de pragas:<\/strong> observar folhas e frutos com regularidade.<\/li>\n<\/ol>\n\n\n\n<p>Quando bem cuidada, a goiabeira pode produzir por v\u00e1rios anos, oferecendo frutos ricos em antioxidantes e outros nutrientes. Assim, o cultivo da goiaba re\u00fane, em uma \u00fanica planta, a possibilidade de colheita frequente e o acesso facilitado a uma fruta que contribui para uma alimenta\u00e7\u00e3o variada e nutricionalmente equilibrada, seja em pequenos quintais ou em pomares comerciais.<\/p>\n","protected":false},"excerpt":{"rendered":"<p>A goiaba est\u00e1 presente em quintais, feiras e mercados de praticamente todo o pa\u00eds e se destaca tanto pelo sabor quanto pelo valor nutricional. Essa fruta tropical \u00e9 fonte de compostos antioxidantes que ajudam na prote\u00e7\u00e3o das c\u00e9lulas, al\u00e9m de ser relativamente simples de cultivar em diferentes regi\u00f5es do Brasil. Por isso, desperta interesse tanto [&hellip;]<\/p>\n","protected":false},"author":9,"featured_media":167886,"comment_status":"open","ping_status":"open","sticky":false,"template":"","format":"standard","meta":{"_yoast_wpseo_focuskw":"plantar goiaba","_yoast_wpseo_title":"","_yoast_wpseo_metadesc":"Fruta rica em antioxidantes, f\u00e1cil de cultivar e ideal para quem busca sabor, nutri\u00e7\u00e3o e pomar dom\u00e9stico produtivo.","jnews-multi-image_gallery":[],"jnews_single_post":{"format":"standard"},"jnews_primary_category":[],"jnews_social_meta":[],"jnews_override_counter":[],"footnotes":""},"categories":[119,136],"tags":[918,14360,5271,13625],"class_list":["post-180379","post","type-post","status-publish","format-standard","has-post-thumbnail","hentry","category-bem-estar","category-jardinagem","tag-goiaba","tag-goiaba-em-casa","tag-plantar-goiaba","tag-plantio-de-goiaba"],"yoast_head":"<!-- This site is optimized with the Yoast SEO plugin v24.6 - https:\/\/yoast.com\/wordpress\/plugins\/seo\/ -->\n<title>Essa fruta do dia a dia surpreende pelo teor de vitamina C e pela simplicidade de plantar em casa - Correio Braziliense - Radar<\/title>\n<meta name=\"description\" content=\"Fruta rica em antioxidantes, f\u00e1cil de cultivar e ideal para quem busca sabor, nutri\u00e7\u00e3o e pomar dom\u00e9stico produtivo.\" \/>\n<meta name=\"robots\" content=\"index, follow, max-snippet:-1, max-image-preview:large, max-video-preview:-1\" \/>\n<link rel=\"canonical\" href=\"https:\/\/www.correiobraziliense.com.br\/cbradar\/essa-fruta-do-dia-a-dia-surpreende-pelo-teor-de-vitamina-c-e-pela-simplicidade-de-plantar-em-casa\/\" \/>\n<meta property=\"og:locale\" content=\"pt_BR\" \/>\n<meta property=\"og:type\" content=\"article\" \/>\n<meta property=\"og:title\" content=\"Essa fruta do dia a dia surpreende pelo teor de vitamina C e pela simplicidade de plantar em casa - Correio Braziliense - Radar\" \/>\n<meta property=\"og:description\" content=\"Fruta rica em antioxidantes, f\u00e1cil de cultivar e ideal para quem busca sabor, nutri\u00e7\u00e3o e pomar dom\u00e9stico produtivo.\" \/>\n<meta property=\"og:url\" content=\"https:\/\/www.correiobraziliense.com.br\/cbradar\/essa-fruta-do-dia-a-dia-surpreende-pelo-teor-de-vitamina-c-e-pela-simplicidade-de-plantar-em-casa\/\" \/>\n<meta property=\"og:site_name\" content=\"Correio Braziliense - Radar\" \/>\n<meta property=\"article:published_time\" content=\"2026-01-25T15:55:57+00:00\" \/>\n<meta property=\"og:image\" content=\"https:\/\/www.correiobraziliense.com.br\/cbradar\/wp-content\/uploads\/2026\/01\/unnamed-22-1.jpg\" \/>\n\t<meta property=\"og:image:width\" content=\"1280\" \/>\n\t<meta property=\"og:image:height\" content=\"720\" \/>\n\t<meta property=\"og:image:type\" content=\"image\/jpeg\" \/>\n<meta name=\"author\" content=\"Daniely Cardoso\" \/>\n<meta name=\"twitter:card\" content=\"summary_large_image\" \/>\n<meta name=\"twitter:label1\" content=\"Escrito por\" \/>\n\t<meta name=\"twitter:data1\" content=\"Daniely Cardoso\" \/>\n\t<meta name=\"twitter:label2\" content=\"Est. tempo de leitura\" \/>\n\t<meta name=\"twitter:data2\" content=\"6 minutos\" \/>\n<!-- \/ Yoast SEO plugin. -->","yoast_head_json":{"title":"Essa fruta do dia a dia surpreende pelo teor de vitamina C e pela simplicidade de plantar em casa - Correio Braziliense - Radar","description":"Fruta rica em antioxidantes, f\u00e1cil de cultivar e ideal para quem busca sabor, nutri\u00e7\u00e3o e pomar dom\u00e9stico produtivo.","robots":{"index":"index","follow":"follow","max-snippet":"max-snippet:-1","max-image-preview":"max-image-preview:large","max-video-preview":"max-video-preview:-1"},"canonical":"https:\/\/www.correiobraziliense.com.br\/cbradar\/essa-fruta-do-dia-a-dia-surpreende-pelo-teor-de-vitamina-c-e-pela-simplicidade-de-plantar-em-casa\/","og_locale":"pt_BR","og_type":"article","og_title":"Essa fruta do dia a dia surpreende pelo teor de vitamina C e pela simplicidade de plantar em casa - Correio Braziliense - Radar","og_description":"Fruta rica em antioxidantes, f\u00e1cil de cultivar e ideal para quem busca sabor, nutri\u00e7\u00e3o e pomar dom\u00e9stico produtivo.","og_url":"https:\/\/www.correiobraziliense.com.br\/cbradar\/essa-fruta-do-dia-a-dia-surpreende-pelo-teor-de-vitamina-c-e-pela-simplicidade-de-plantar-em-casa\/","og_site_name":"Correio Braziliense - Radar","article_published_time":"2026-01-25T15:55:57+00:00","og_image":[{"width":1280,"height":720,"url":"https:\/\/www.correiobraziliense.com.br\/cbradar\/wp-content\/uploads\/2026\/01\/unnamed-22-1.jpg","type":"image\/jpeg"}],"author":"Daniely Cardoso","twitter_card":"summary_large_image","twitter_misc":{"Escrito por":"Daniely Cardoso","Est. tempo de leitura":"6 minutos"},"schema":{"@context":"https:\/\/schema.org","@graph":[{"@type":"WebPage","@id":"https:\/\/www.correiobraziliense.com.br\/cbradar\/essa-fruta-do-dia-a-dia-surpreende-pelo-teor-de-vitamina-c-e-pela-simplicidade-de-plantar-em-casa\/","url":"https:\/\/www.correiobraziliense.com.br\/cbradar\/essa-fruta-do-dia-a-dia-surpreende-pelo-teor-de-vitamina-c-e-pela-simplicidade-de-plantar-em-casa\/","name":"Essa fruta do dia a dia surpreende pelo teor de vitamina C e pela simplicidade de plantar em casa - Correio Braziliense - Radar","isPartOf":{"@id":"https:\/\/www.correiobraziliense.com.br\/cbradar\/#website"},"primaryImageOfPage":{"@id":"https:\/\/www.correiobraziliense.com.br\/cbradar\/essa-fruta-do-dia-a-dia-surpreende-pelo-teor-de-vitamina-c-e-pela-simplicidade-de-plantar-em-casa\/#primaryimage"},"image":{"@id":"https:\/\/www.correiobraziliense.com.br\/cbradar\/essa-fruta-do-dia-a-dia-surpreende-pelo-teor-de-vitamina-c-e-pela-simplicidade-de-plantar-em-casa\/#primaryimage"},"thumbnailUrl":"https:\/\/www.correiobraziliense.com.br\/cbradar\/wp-content\/uploads\/2026\/01\/unnamed-22-1.jpg","datePublished":"2026-01-25T15:55:57+00:00","author":{"@id":"https:\/\/www.correiobraziliense.com.br\/cbradar\/#\/schema\/person\/7356666e12ec0ee53f348ee5db227032"},"description":"Fruta rica em antioxidantes, f\u00e1cil de cultivar e ideal para quem busca sabor, nutri\u00e7\u00e3o e pomar dom\u00e9stico produtivo.","breadcrumb":{"@id":"https:\/\/www.correiobraziliense.com.br\/cbradar\/essa-fruta-do-dia-a-dia-surpreende-pelo-teor-de-vitamina-c-e-pela-simplicidade-de-plantar-em-casa\/#breadcrumb"},"inLanguage":"pt-BR","potentialAction":[{"@type":"ReadAction","target":["https:\/\/www.correiobraziliense.com.br\/cbradar\/essa-fruta-do-dia-a-dia-surpreende-pelo-teor-de-vitamina-c-e-pela-simplicidade-de-plantar-em-casa\/"]}]},{"@type":"ImageObject","inLanguage":"pt-BR","@id":"https:\/\/www.correiobraziliense.com.br\/cbradar\/essa-fruta-do-dia-a-dia-surpreende-pelo-teor-de-vitamina-c-e-pela-simplicidade-de-plantar-em-casa\/#primaryimage","url":"https:\/\/www.correiobraziliense.com.br\/cbradar\/wp-content\/uploads\/2026\/01\/unnamed-22-1.jpg","contentUrl":"https:\/\/www.correiobraziliense.com.br\/cbradar\/wp-content\/uploads\/2026\/01\/unnamed-22-1.jpg","width":1280,"height":720,"caption":"A fruta \u00e9 conhecida especialmente pela grande quantidade de vitamina C"},{"@type":"BreadcrumbList","@id":"https:\/\/www.correiobraziliense.com.br\/cbradar\/essa-fruta-do-dia-a-dia-surpreende-pelo-teor-de-vitamina-c-e-pela-simplicidade-de-plantar-em-casa\/#breadcrumb","itemListElement":[{"@type":"ListItem","position":1,"name":"In\u00edcio","item":"https:\/\/www.correiobraziliense.com.br\/cbradar\/"},{"@type":"ListItem","position":2,"name":"Essa fruta do dia a dia surpreende pelo teor de vitamina C e pela simplicidade de plantar em casa"}]},{"@type":"WebSite","@id":"https:\/\/www.correiobraziliense.com.br\/cbradar\/#website","url":"https:\/\/www.correiobraziliense.com.br\/cbradar\/","name":"Correio Braziliense - Radar","description":"Acompanhe as \u00faltimas not\u00edcias e fique bem informado sobre tudo o que acontece no Brasil e no mundo.","potentialAction":[{"@type":"SearchAction","target":{"@type":"EntryPoint","urlTemplate":"https:\/\/www.correiobraziliense.com.br\/cbradar\/?s={search_term_string}"},"query-input":{"@type":"PropertyValueSpecification","valueRequired":true,"valueName":"search_term_string"}}],"inLanguage":"pt-BR"},{"@type":"Person","@id":"https:\/\/www.correiobraziliense.com.br\/cbradar\/#\/schema\/person\/7356666e12ec0ee53f348ee5db227032","name":"Daniely Cardoso","image":{"@type":"ImageObject","inLanguage":"pt-BR","@id":"https:\/\/www.correiobraziliense.com.br\/cbradar\/#\/schema\/person\/image\/","url":"https:\/\/secure.gravatar.com\/avatar\/4b80ddbd124d1f071b626d52d62e5dff?s=96&d=mm&r=g","contentUrl":"https:\/\/secure.gravatar.com\/avatar\/4b80ddbd124d1f071b626d52d62e5dff?s=96&d=mm&r=g","caption":"Daniely Cardoso"},"description":"Redatora nos portais CB Radar e EM Foco, formada pela Universidade Federal de Goi\u00e1s, em Goi\u00e2nia. Apaixonada por comunica\u00e7\u00e3o, arte, decora\u00e7\u00e3o e tend\u00eancias, atuo na produ\u00e7\u00e3o de conte\u00fados envolventes sobre curiosidades, moda, beleza e paisagismo, sempre com um olhar atento \u00e0s novidades do momento.","sameAs":["https:\/\/www.correiobraziliense.com.br\/cbradar"],"url":"https:\/\/www.correiobraziliense.com.br\/cbradar\/author\/danielymyth\/"}]}},"_links":{"self":[{"href":"https:\/\/www.correiobraziliense.com.br\/cbradar\/wp-json\/wp\/v2\/posts\/180379","targetHints":{"allow":["GET"]}}],"collection":[{"href":"https:\/\/www.correiobraziliense.com.br\/cbradar\/wp-json\/wp\/v2\/posts"}],"about":[{"href":"https:\/\/www.correiobraziliense.com.br\/cbradar\/wp-json\/wp\/v2\/types\/post"}],"author":[{"embeddable":true,"href":"https:\/\/www.correiobraziliense.com.br\/cbradar\/wp-json\/wp\/v2\/users\/9"}],"replies":[{"embeddable":true,"href":"https:\/\/www.correiobraziliense.com.br\/cbradar\/wp-json\/wp\/v2\/comments?post=180379"}],"version-history":[{"count":2,"href":"https:\/\/www.correiobraziliense.com.br\/cbradar\/wp-json\/wp\/v2\/posts\/180379\/revisions"}],"predecessor-version":[{"id":180607,"href":"https:\/\/www.correiobraziliense.com.br\/cbradar\/wp-json\/wp\/v2\/posts\/180379\/revisions\/180607"}],"wp:featuredmedia":[{"embeddable":true,"href":"https:\/\/www.correiobraziliense.com.br\/cbradar\/wp-json\/wp\/v2\/media\/167886"}],"wp:attachment":[{"href":"https:\/\/www.correiobraziliense.com.br\/cbradar\/wp-json\/wp\/v2\/media?parent=180379"}],"wp:term":[{"taxonomy":"category","embeddable":true,"href":"https:\/\/www.correiobraziliense.com.br\/cbradar\/wp-json\/wp\/v2\/categories?post=180379"},{"taxonomy":"post_tag","embeddable":true,"href":"https:\/\/www.correiobraziliense.com.br\/cbradar\/wp-json\/wp\/v2\/tags?post=180379"}],"curies":[{"name":"wp","href":"https:\/\/api.w.org\/{rel}","templated":true}]}}