{"id":180386,"date":"2026-01-25T16:25:12","date_gmt":"2026-01-25T19:25:12","guid":{"rendered":"https:\/\/www.correiobraziliense.com.br\/cbradar\/?p=180386"},"modified":"2026-01-24T11:02:18","modified_gmt":"2026-01-24T14:02:18","slug":"a-fruta-cremosa-que-fortalece-o-coracao-e-cresce-com-facilidade-ate-em-quintais-pequenos","status":"publish","type":"post","link":"https:\/\/www.correiobraziliense.com.br\/cbradar\/a-fruta-cremosa-que-fortalece-o-coracao-e-cresce-com-facilidade-ate-em-quintais-pequenos\/","title":{"rendered":"A fruta cremosa que fortalece o cora\u00e7\u00e3o e cresce com facilidade at\u00e9 em quintais pequenos"},"content":{"rendered":"\n<p>O abacate tem ganhado espa\u00e7o nas mesas e nos quintais de muitas fam\u00edlias, especialmente por causa da rela\u00e7\u00e3o entre suas propriedades nutricionais e a sa\u00fade do cora\u00e7\u00e3o. Al\u00e9m de ser um fruto vers\u00e1til na cozinha, o abacateiro pode ser cultivado em casa, desde que algumas condi\u00e7\u00f5es b\u00e1sicas de solo, clima e manejo sejam respeitadas, permitindo ao mesmo tempo aproveitar o alimento na alimenta\u00e7\u00e3o e ter uma \u00e1rvore produtiva por v\u00e1rios anos.<\/p>\n\n\n\n<h2 class=\"wp-block-heading\">Abacate faz bem para o cora\u00e7\u00e3o e quais seus principais nutrientes<\/h2>\n\n\n\n<p>A rela\u00e7\u00e3o entre abacate e sa\u00fade cardiovascular se apoia principalmente na presen\u00e7a de <strong>gorduras monoinsaturadas<\/strong>, em especial o \u00e1cido oleico, tamb\u00e9m encontrado no azeite de oliva. Esse tipo de gordura \u00e9 conhecido por auxiliar na manuten\u00e7\u00e3o de n\u00edveis adequados de colesterol, quando inserido em uma alimenta\u00e7\u00e3o equilibrada e associado a um estilo de vida ativo.<\/p>\n\n\n\n<p>Al\u00e9m disso, o fruto cont\u00e9m fibras sol\u00faveis, que podem colaborar para o controle de colesterol total e LDL, desde que combinadas a um padr\u00e3o alimentar adequado. O abacate ainda oferece pot\u00e1ssio, vitaminas do complexo B, vitamina E e compostos antioxidantes estudados por seu papel na prote\u00e7\u00e3o das c\u00e9lulas, inclusive as do sistema cardiovascular, contra danos oxidativos.<\/p>\n\n\n<div class=\"wp-block-image\">\n<figure class=\"aligncenter size-large\"><img decoding=\"async\" width=\"1024\" height=\"576\" src=\"https:\/\/www.correiobraziliense.com.br\/cbradar\/wp-content\/uploads\/2025\/12\/Gemini_Generated_Image_8uf0cm8uf0cm8uf0-1-1024x576.png\" alt=\"\" class=\"wp-image-155575\" srcset=\"https:\/\/www.correiobraziliense.com.br\/cbradar\/wp-content\/uploads\/2025\/12\/Gemini_Generated_Image_8uf0cm8uf0cm8uf0-1-1024x576.png 1024w, https:\/\/www.correiobraziliense.com.br\/cbradar\/wp-content\/uploads\/2025\/12\/Gemini_Generated_Image_8uf0cm8uf0cm8uf0-1-300x169.png 300w, https:\/\/www.correiobraziliense.com.br\/cbradar\/wp-content\/uploads\/2025\/12\/Gemini_Generated_Image_8uf0cm8uf0cm8uf0-1-768x432.png 768w, https:\/\/www.correiobraziliense.com.br\/cbradar\/wp-content\/uploads\/2025\/12\/Gemini_Generated_Image_8uf0cm8uf0cm8uf0-1-750x422.png 750w, https:\/\/www.correiobraziliense.com.br\/cbradar\/wp-content\/uploads\/2025\/12\/Gemini_Generated_Image_8uf0cm8uf0cm8uf0-1-1140x641.png 1140w, https:\/\/www.correiobraziliense.com.br\/cbradar\/wp-content\/uploads\/2025\/12\/Gemini_Generated_Image_8uf0cm8uf0cm8uf0-1.png 1280w\" sizes=\"(max-width: 1024px) 100vw, 1024px\" \/><figcaption class=\"wp-element-caption\">O principal benef\u00edcio terap\u00eautico do abacate, especialmente quando consumido regularmente em vitaminas<\/figcaption><\/figure><\/div>\n\n\n<p>Leia tamb\u00e9m:&nbsp;<a href=\"https:\/\/www.correiobraziliense.com.br\/cbradar\/o-verde-digestivo-que-virou-queridinho-das-hortas-por-ser-simples-de-plantar\/\" target=\"_blank\" rel=\"noopener\">O verde digestivo que virou queridinho das hortas por ser simples de plantar<\/a><\/p>\n\n\n\n<h2 class=\"wp-block-heading\">Como o abacate contribui para a sa\u00fade cardiovascular no dia a dia<\/h2>\n\n\n\n<p>No cotidiano, o consumo regular e moderado de abacate costuma ser inserido em estrat\u00e9gias que buscam reduzir riscos cardiovasculares. Quando o fruto entra nas refei\u00e7\u00f5es em substitui\u00e7\u00e3o a produtos ultraprocessados ricos em gorduras trans e s\u00f3dio, a alimenta\u00e7\u00e3o tende a se tornar mais favor\u00e1vel ao cora\u00e7\u00e3o e ao controle do peso corporal.<\/p>\n\n\n\n<p>Essas escolhas ajudam a reduzir o consumo de gorduras menos desej\u00e1veis e a aumentar a ingest\u00e3o de fibras, vitaminas e minerais relevantes para a <strong>sa\u00fade do cora\u00e7\u00e3o<\/strong>. Especialistas refor\u00e7am que o benef\u00edcio n\u00e3o est\u00e1 em um \u00fanico alimento, mas sim no conjunto do padr\u00e3o alimentar e no estilo de vida, incluindo pr\u00e1tica de atividade f\u00edsica e abandono do tabagismo.<\/p>\n\n\n\n<ul class=\"wp-block-list\">\n<li>Substitui\u00e7\u00e3o de cremes e manteigas por pasta de abacate em p\u00e3es integrais.<\/li>\n\n\n\n<li>Inclus\u00e3o em saladas com legumes, hortali\u00e7as e gr\u00e3os integrais.<\/li>\n\n\n\n<li>Uso em vitaminas combinadas com frutas e leite ou bebidas vegetais sem a\u00e7\u00facar.<\/li>\n<\/ul>\n\n\n\n<h2 class=\"wp-block-heading\">Como plantar abacate e cuidar corretamente do abacateiro<\/h2>\n\n\n\n<p>O cultivo do abacateiro pode ser feito a partir de sementes ou de mudas enxertadas, sendo estas \u00faltimas as preferidas por quem busca produ\u00e7\u00e3o mais r\u00e1pida e previs\u00edvel. Antes de plantar, \u00e9 essencial avaliar o espa\u00e7o dispon\u00edvel, porque o abacateiro pode atingir grande porte ao longo dos anos, exigindo bom planejamento de local e manejo. Se voc\u00ea gosta de cultivo, separamos esse v\u00eddeo do canal <a href=\"https:\/\/www.youtube.com\/@WorldClik\" target=\"_blank\" rel=\"noreferrer noopener\">World Clik<\/a> mostrando como plantar abacate em casa:<\/p>\n\n\n\n<figure class=\"wp-block-embed is-type-video is-provider-youtube wp-block-embed-youtube wp-embed-aspect-16-9 wp-has-aspect-ratio\"><div class=\"wp-block-embed__wrapper\">\n<div class=\"jeg_video_container jeg_video_content\"><iframe loading=\"lazy\" title=\"Como Plantar Abacate da forma mais f\u00e1cil e r\u00e1pida, passo a passo\" width=\"500\" height=\"281\" src=\"https:\/\/www.youtube.com\/embed\/egnfE9d3IsY?feature=oembed\" frameborder=\"0\" allow=\"accelerometer; autoplay; clipboard-write; encrypted-media; gyroscope; picture-in-picture; web-share\" referrerpolicy=\"strict-origin-when-cross-origin\" allowfullscreen><\/iframe><\/div>\n<\/div><\/figure>\n\n\n\n<p>Para quem pretende plantar, alguns passos b\u00e1sicos costumam ser recomendados e ajudam a garantir que a planta se desenvolva com vigor. Ao longo do desenvolvimento, a planta se beneficia de aduba\u00e7\u00f5es peri\u00f3dicas, poda de forma\u00e7\u00e3o e controle de pragas, podendo ser conduzida com podas para manter porte mais adequado em \u00e1reas urbanas.<\/p>\n\n\n\n<ol class=\"wp-block-list\">\n<li><strong>Escolha da muda:<\/strong> optar por mudas saud\u00e1veis, com ra\u00edzes bem formadas e sem sinais de pragas.<\/li>\n\n\n\n<li><strong>Preparo do solo:<\/strong> utilizar solo profundo, bem drenado e rico em mat\u00e9ria org\u00e2nica.<\/li>\n\n\n\n<li><strong>Cova de plantio:<\/strong> abrir cova ampla, misturando terra com composto org\u00e2nico ou esterco bem curtido.<\/li>\n\n\n\n<li><strong>Plantio:<\/strong> posicionar a muda no centro da cova, mantendo o colo da planta no n\u00edvel do solo.<\/li>\n\n\n\n<li><strong>Irriga\u00e7\u00e3o inicial:<\/strong> regar bem ap\u00f3s o plantio e manter o solo \u00famido, sem encharcar.<\/li>\n<\/ol>\n\n\n\n<h2 class=\"wp-block-heading\">Qual \u00e9 o clima ideal para cultivar abacate em casa<\/h2>\n\n\n\n<p>O <strong>clima ideal para o cultivo de abacate<\/strong> costuma ser o subtropical ou tropical ameno, com temperaturas moderadas e sem geadas severas. Em regi\u00f5es muito frias, a planta pode sofrer danos, principalmente em fases jovens, enquanto calor excessivo e seca prolongada exigem irriga\u00e7\u00e3o e sombreamento inicial.<\/p>\n\n\n\n<p>De forma geral, o abacateiro prefere locais com boa incid\u00eancia de luz solar, chuvas bem distribu\u00eddas e solos com drenagem eficiente. Em \u00e1reas sujeitas a ventos fortes, o tutoramento das mudas e o plantio pr\u00f3ximo a barreiras naturais podem reduzir o risco de tombamento e favorecer o desenvolvimento saud\u00e1vel da copa.<\/p>\n\n\n\n<div style=\"font-family: 'Segoe UI', Tahoma, Geneva, Verdana, sans-serif; max-width: 1000px; margin: 20px auto; border: 2px solid #722f37; border-radius: 30px; overflow: hidden; background-color: #ffffff; box-shadow: 0 4px 15px rgba(114, 47, 55, 0.1);\">\n    <table style=\"width: 100%; border-collapse: collapse; text-align: left; font-size: 14px;\">\n        <thead>\n            <tr style=\"background-color: #722f37;\">\n                <th style=\"padding: 15px; color: #ffffff; border-bottom: 2px solid #f9d8e6; width: 35%;\">Fator<\/th>\n                <th style=\"padding: 15px; color: #ffffff; border-bottom: 2px solid #f9d8e6; width: 65%;\">Condi\u00e7\u00e3o recomendada<\/th>\n            <\/tr>\n        <\/thead>\n        <tbody>\n            <tr>\n                <td style=\"padding: 12px 15px; border-bottom: 1px solid #ffe3ee; color: #4a4a4a; font-weight: bold;\">Temperatura m\u00e9dia<\/td>\n                <td style=\"padding: 12px 15px; border-bottom: 1px solid #ffe3ee; color: #4a4a4a;\">Aproximadamente 18\u00b0C a 28\u00b0C<\/td>\n            <\/tr>\n            <tr style=\"background-color: #fffafa;\">\n                <td style=\"padding: 12px 15px; border-bottom: 1px solid #ffe3ee; color: #4a4a4a; font-weight: bold;\">Ocorr\u00eancia de geadas<\/td>\n                <td style=\"padding: 12px 15px; border-bottom: 1px solid #ffe3ee; color: #4a4a4a;\">Preferencialmente inexistentes ou muito leves<\/td>\n            <\/tr>\n            <tr>\n                <td style=\"padding: 12px 15px; border-bottom: 1px solid #ffe3ee; color: #4a4a4a; font-weight: bold;\">Luz solar<\/td>\n                <td style=\"padding: 12px 15px; border-bottom: 1px solid #ffe3ee; color: #4a4a4a;\">Pleno sol, com boa luminosidade di\u00e1ria<\/td>\n            <\/tr>\n            <tr style=\"background-color: #fffafa;\">\n                <td style=\"padding: 12px 15px; border-bottom: 1px solid #ffe3ee; color: #4a4a4a; font-weight: bold;\">Umidade<\/td>\n                <td style=\"padding: 12px 15px; border-bottom: 1px solid #ffe3ee; color: #4a4a4a;\">Moderada, com irriga\u00e7\u00e3o em per\u00edodos secos<\/td>\n            <\/tr>\n            <tr>\n                <td style=\"padding: 12px 15px; color: #4a4a4a; font-weight: bold;\">Tipo de solo<\/td>\n                <td style=\"padding: 12px 15px; color: #4a4a4a;\">Profundo, f\u00e9rtil e bem drenado<\/td>\n            <\/tr>\n        <\/tbody>\n    <\/table>\n<\/div>\n\n\n\n<p>Em \u00e1reas que fogem um pouco dessas condi\u00e7\u00f5es, o manejo cuidadoso de irriga\u00e7\u00e3o, escolha de variedades adaptadas e prote\u00e7\u00e3o contra frio intenso pode permitir o cultivo dom\u00e9stico. Assim, o abacateiro se torna uma alternativa interessante para quem pretende colher em casa um fruto associado a benef\u00edcios para o cora\u00e7\u00e3o e valorizar o espa\u00e7o verde da propriedade.<\/p>\n","protected":false},"excerpt":{"rendered":"<p>O abacate tem ganhado espa\u00e7o nas mesas e nos quintais de muitas fam\u00edlias, especialmente por causa da rela\u00e7\u00e3o entre suas propriedades nutricionais e a sa\u00fade do cora\u00e7\u00e3o. Al\u00e9m de ser um fruto vers\u00e1til na cozinha, o abacateiro pode ser cultivado em casa, desde que algumas condi\u00e7\u00f5es b\u00e1sicas de solo, clima e manejo sejam respeitadas, permitindo [&hellip;]<\/p>\n","protected":false},"author":9,"featured_media":160011,"comment_status":"open","ping_status":"open","sticky":false,"template":"","format":"standard","meta":{"_yoast_wpseo_focuskw":"cultivar abacate em casa","_yoast_wpseo_title":"","_yoast_wpseo_metadesc":"Fruto rico em boas gorduras, fibras e antioxidantes, ideal para apoiar o cora\u00e7\u00e3o e cultivar em casa com manejo simples.","jnews-multi-image_gallery":[],"jnews_single_post":{"format":"standard"},"jnews_primary_category":[],"jnews_social_meta":[],"jnews_override_counter":[],"footnotes":""},"categories":[119,136],"post_tag":[1558,14362,4309],"class_list":["post-180386","post","type-post","status-publish","format-standard","has-post-thumbnail","hentry","category-bem-estar","category-jardinagem","tag-abacate","tag-cultivo-de-abacate-em-casa","tag-plantar-abacate"],"yoast_head":"<!-- This site is optimized with the Yoast SEO plugin v24.6 - https:\/\/yoast.com\/wordpress\/plugins\/seo\/ -->\n<title>A fruta cremosa que fortalece o cora\u00e7\u00e3o e cresce com facilidade at\u00e9 em quintais pequenos - Correio Braziliense - Radar<\/title>\n<meta name=\"description\" content=\"Fruto rico em boas gorduras, fibras e antioxidantes, ideal para apoiar o cora\u00e7\u00e3o e cultivar em casa com manejo simples.\" \/>\n<meta name=\"robots\" content=\"index, follow, max-snippet:-1, max-image-preview:large, max-video-preview:-1\" \/>\n<link rel=\"canonical\" href=\"https:\/\/www.correiobraziliense.com.br\/cbradar\/a-fruta-cremosa-que-fortalece-o-coracao-e-cresce-com-facilidade-ate-em-quintais-pequenos\/\" \/>\n<meta property=\"og:locale\" content=\"pt_BR\" \/>\n<meta property=\"og:type\" content=\"article\" \/>\n<meta property=\"og:title\" content=\"A fruta cremosa que fortalece o cora\u00e7\u00e3o e cresce com facilidade at\u00e9 em quintais pequenos - Correio Braziliense - Radar\" \/>\n<meta property=\"og:description\" content=\"Fruto rico em boas gorduras, fibras e antioxidantes, ideal para apoiar o cora\u00e7\u00e3o e cultivar em casa com manejo simples.\" \/>\n<meta property=\"og:url\" content=\"https:\/\/www.correiobraziliense.com.br\/cbradar\/a-fruta-cremosa-que-fortalece-o-coracao-e-cresce-com-facilidade-ate-em-quintais-pequenos\/\" \/>\n<meta property=\"og:site_name\" content=\"Correio Braziliense - Radar\" \/>\n<meta property=\"article:published_time\" content=\"2026-01-25T19:25:12+00:00\" \/>\n<meta property=\"og:image\" content=\"https:\/\/www.correiobraziliense.com.br\/cbradar\/wp-content\/uploads\/2025\/12\/Gemini_Generated_Image_x83umhx83umhx83u-1.png\" \/>\n\t<meta property=\"og:image:width\" content=\"1280\" \/>\n\t<meta property=\"og:image:height\" content=\"720\" \/>\n\t<meta property=\"og:image:type\" content=\"image\/png\" \/>\n<meta name=\"author\" content=\"Daniely Cardoso\" \/>\n<meta name=\"twitter:card\" content=\"summary_large_image\" \/>\n<meta name=\"twitter:label1\" content=\"Escrito por\" \/>\n\t<meta name=\"twitter:data1\" content=\"Daniely Cardoso\" \/>\n\t<meta name=\"twitter:label2\" content=\"Est. tempo de leitura\" \/>\n\t<meta name=\"twitter:data2\" content=\"5 minutos\" \/>\n<!-- \/ Yoast SEO plugin. -->","yoast_head_json":{"title":"A fruta cremosa que fortalece o cora\u00e7\u00e3o e cresce com facilidade at\u00e9 em quintais pequenos - Correio Braziliense - Radar","description":"Fruto rico em boas gorduras, fibras e antioxidantes, ideal para apoiar o cora\u00e7\u00e3o e cultivar em casa com manejo simples.","robots":{"index":"index","follow":"follow","max-snippet":"max-snippet:-1","max-image-preview":"max-image-preview:large","max-video-preview":"max-video-preview:-1"},"canonical":"https:\/\/www.correiobraziliense.com.br\/cbradar\/a-fruta-cremosa-que-fortalece-o-coracao-e-cresce-com-facilidade-ate-em-quintais-pequenos\/","og_locale":"pt_BR","og_type":"article","og_title":"A fruta cremosa que fortalece o cora\u00e7\u00e3o e cresce com facilidade at\u00e9 em quintais pequenos - Correio Braziliense - Radar","og_description":"Fruto rico em boas gorduras, fibras e antioxidantes, ideal para apoiar o cora\u00e7\u00e3o e cultivar em casa com manejo simples.","og_url":"https:\/\/www.correiobraziliense.com.br\/cbradar\/a-fruta-cremosa-que-fortalece-o-coracao-e-cresce-com-facilidade-ate-em-quintais-pequenos\/","og_site_name":"Correio Braziliense - Radar","article_published_time":"2026-01-25T19:25:12+00:00","og_image":[{"width":1280,"height":720,"url":"https:\/\/www.correiobraziliense.com.br\/cbradar\/wp-content\/uploads\/2025\/12\/Gemini_Generated_Image_x83umhx83umhx83u-1.png","type":"image\/png"}],"author":"Daniely Cardoso","twitter_card":"summary_large_image","twitter_misc":{"Escrito por":"Daniely Cardoso","Est. tempo de leitura":"5 minutos"},"schema":{"@context":"https:\/\/schema.org","@graph":[{"@type":"WebPage","@id":"https:\/\/www.correiobraziliense.com.br\/cbradar\/a-fruta-cremosa-que-fortalece-o-coracao-e-cresce-com-facilidade-ate-em-quintais-pequenos\/","url":"https:\/\/www.correiobraziliense.com.br\/cbradar\/a-fruta-cremosa-que-fortalece-o-coracao-e-cresce-com-facilidade-ate-em-quintais-pequenos\/","name":"A fruta cremosa que fortalece o cora\u00e7\u00e3o e cresce com facilidade at\u00e9 em quintais pequenos - Correio Braziliense - Radar","isPartOf":{"@id":"https:\/\/www.correiobraziliense.com.br\/cbradar\/#website"},"primaryImageOfPage":{"@id":"https:\/\/www.correiobraziliense.com.br\/cbradar\/a-fruta-cremosa-que-fortalece-o-coracao-e-cresce-com-facilidade-ate-em-quintais-pequenos\/#primaryimage"},"image":{"@id":"https:\/\/www.correiobraziliense.com.br\/cbradar\/a-fruta-cremosa-que-fortalece-o-coracao-e-cresce-com-facilidade-ate-em-quintais-pequenos\/#primaryimage"},"thumbnailUrl":"https:\/\/www.correiobraziliense.com.br\/cbradar\/wp-content\/uploads\/2025\/12\/Gemini_Generated_Image_x83umhx83umhx83u-1.png","datePublished":"2026-01-25T19:25:12+00:00","author":{"@id":"https:\/\/www.correiobraziliense.com.br\/cbradar\/#\/schema\/person\/7356666e12ec0ee53f348ee5db227032"},"description":"Fruto rico em boas gorduras, fibras e antioxidantes, ideal para apoiar o cora\u00e7\u00e3o e cultivar em casa com manejo simples.","breadcrumb":{"@id":"https:\/\/www.correiobraziliense.com.br\/cbradar\/a-fruta-cremosa-que-fortalece-o-coracao-e-cresce-com-facilidade-ate-em-quintais-pequenos\/#breadcrumb"},"inLanguage":"pt-BR","potentialAction":[{"@type":"ReadAction","target":["https:\/\/www.correiobraziliense.com.br\/cbradar\/a-fruta-cremosa-que-fortalece-o-coracao-e-cresce-com-facilidade-ate-em-quintais-pequenos\/"]}]},{"@type":"ImageObject","inLanguage":"pt-BR","@id":"https:\/\/www.correiobraziliense.com.br\/cbradar\/a-fruta-cremosa-que-fortalece-o-coracao-e-cresce-com-facilidade-ate-em-quintais-pequenos\/#primaryimage","url":"https:\/\/www.correiobraziliense.com.br\/cbradar\/wp-content\/uploads\/2025\/12\/Gemini_Generated_Image_x83umhx83umhx83u-1.png","contentUrl":"https:\/\/www.correiobraziliense.com.br\/cbradar\/wp-content\/uploads\/2025\/12\/Gemini_Generated_Image_x83umhx83umhx83u-1.png","width":1280,"height":720,"caption":"Depois de estabelecido, o abacateiro pode atingir grande porte e produzir por muitos anos"},{"@type":"BreadcrumbList","@id":"https:\/\/www.correiobraziliense.com.br\/cbradar\/a-fruta-cremosa-que-fortalece-o-coracao-e-cresce-com-facilidade-ate-em-quintais-pequenos\/#breadcrumb","itemListElement":[{"@type":"ListItem","position":1,"name":"In\u00edcio","item":"https:\/\/www.correiobraziliense.com.br\/cbradar\/"},{"@type":"ListItem","position":2,"name":"A fruta cremosa que fortalece o cora\u00e7\u00e3o e cresce com facilidade at\u00e9 em quintais pequenos"}]},{"@type":"WebSite","@id":"https:\/\/www.correiobraziliense.com.br\/cbradar\/#website","url":"https:\/\/www.correiobraziliense.com.br\/cbradar\/","name":"Correio Braziliense - Radar","description":"Acompanhe as \u00faltimas not\u00edcias e fique bem informado sobre tudo o que acontece no Brasil e no mundo.","potentialAction":[{"@type":"SearchAction","target":{"@type":"EntryPoint","urlTemplate":"https:\/\/www.correiobraziliense.com.br\/cbradar\/?s={search_term_string}"},"query-input":{"@type":"PropertyValueSpecification","valueRequired":true,"valueName":"search_term_string"}}],"inLanguage":"pt-BR"},{"@type":"Person","@id":"https:\/\/www.correiobraziliense.com.br\/cbradar\/#\/schema\/person\/7356666e12ec0ee53f348ee5db227032","name":"Daniely Cardoso","image":{"@type":"ImageObject","inLanguage":"pt-BR","@id":"https:\/\/www.correiobraziliense.com.br\/cbradar\/#\/schema\/person\/image\/","url":"https:\/\/secure.gravatar.com\/avatar\/4b80ddbd124d1f071b626d52d62e5dff?s=96&d=mm&r=g","contentUrl":"https:\/\/secure.gravatar.com\/avatar\/4b80ddbd124d1f071b626d52d62e5dff?s=96&d=mm&r=g","caption":"Daniely Cardoso"},"description":"Redatora nos portais CB Radar e EM Foco, formada pela Universidade Federal de Goi\u00e1s, em Goi\u00e2nia. Apaixonada por comunica\u00e7\u00e3o, arte, decora\u00e7\u00e3o e tend\u00eancias, atuo na produ\u00e7\u00e3o de conte\u00fados envolventes sobre curiosidades, moda, beleza e paisagismo, sempre com um olhar atento \u00e0s novidades do momento.","sameAs":["https:\/\/www.correiobraziliense.com.br\/cbradar"],"url":"https:\/\/www.correiobraziliense.com.br\/cbradar\/author\/danielymyth\/"}]}},"_links":{"self":[{"href":"https:\/\/www.correiobraziliense.com.br\/cbradar\/wp-json\/wp\/v2\/posts\/180386","targetHints":{"allow":["GET"]}}],"collection":[{"href":"https:\/\/www.correiobraziliense.com.br\/cbradar\/wp-json\/wp\/v2\/posts"}],"about":[{"href":"https:\/\/www.correiobraziliense.com.br\/cbradar\/wp-json\/wp\/v2\/types\/post"}],"author":[{"embeddable":true,"href":"https:\/\/www.correiobraziliense.com.br\/cbradar\/wp-json\/wp\/v2\/users\/9"}],"replies":[{"embeddable":true,"href":"https:\/\/www.correiobraziliense.com.br\/cbradar\/wp-json\/wp\/v2\/comments?post=180386"}],"version-history":[{"count":2,"href":"https:\/\/www.correiobraziliense.com.br\/cbradar\/wp-json\/wp\/v2\/posts\/180386\/revisions"}],"predecessor-version":[{"id":180611,"href":"https:\/\/www.correiobraziliense.com.br\/cbradar\/wp-json\/wp\/v2\/posts\/180386\/revisions\/180611"}],"wp:featuredmedia":[{"embeddable":true,"href":"https:\/\/www.correiobraziliense.com.br\/cbradar\/wp-json\/wp\/v2\/media\/160011"}],"wp:attachment":[{"href":"https:\/\/www.correiobraziliense.com.br\/cbradar\/wp-json\/wp\/v2\/media?parent=180386"}],"wp:term":[{"taxonomy":"category","embeddable":true,"href":"https:\/\/www.correiobraziliense.com.br\/cbradar\/wp-json\/wp\/v2\/categories?post=180386"},{"taxonomy":"post_tag","embeddable":true,"href":"https:\/\/www.correiobraziliense.com.br\/cbradar\/wp-json\/wp\/v2\/post_tag?post=180386"}],"curies":[{"name":"wp","href":"https:\/\/api.w.org\/{rel}","templated":true}]}}