{"id":180620,"date":"2026-01-27T15:45:00","date_gmt":"2026-01-27T18:45:00","guid":{"rendered":"https:\/\/www.correiobraziliense.com.br\/cbradar\/?p=180620"},"modified":"2026-01-26T16:40:21","modified_gmt":"2026-01-26T19:40:21","slug":"o-que-acontece-com-o-seu-corpo-quando-voce-come-amendoas-regularmente","status":"publish","type":"post","link":"https:\/\/www.correiobraziliense.com.br\/cbradar\/o-que-acontece-com-o-seu-corpo-quando-voce-come-amendoas-regularmente\/","title":{"rendered":"O que acontece com o seu corpo quando voc\u00ea come am\u00eandoas regularmente?"},"content":{"rendered":"\n<p>Rica em nutrientes e vers\u00e1til na cozinha, a <strong>am\u00eandoa<\/strong> (<strong>Prunus dulcis<\/strong>) vem ganhando espa\u00e7o na alimenta\u00e7\u00e3o de quem busca mais sa\u00fade no dia a dia. Esse fruto seco concentra <strong>gorduras saud\u00e1veis<\/strong>, <strong>prote\u00ednas vegetais<\/strong>, <strong>fibras<\/strong>, <strong>vitaminas<\/strong> e <strong>minerais<\/strong> em pequenas por\u00e7\u00f5es, sendo apontado como aliado na <strong>preven\u00e7\u00e3o de doen\u00e7as cr\u00f4nicas<\/strong> e no cuidado com o <strong>bem-estar ao longo da vida<\/strong>, al\u00e9m de se destacar como um poss\u00edvel <strong>superalimento<\/strong>.<\/p>\n\n\n\n<h2 class=\"wp-block-heading\">O que torna a am\u00eandoa um alimento nutritivo e funcional<\/h2>\n\n\n\n<p>A am\u00eandoa \u00e9 considerada nutritiva por ser rica em gorduras boas, prote\u00ednas, fibras, vitaminas e minerais como magn\u00e9sio e vitamina E. Esses nutrientes contribuem para sa\u00fade cardiovascular, controle do colesterol e funcionamento muscular. Seu consumo auxilia na saciedade e no equil\u00edbrio metab\u00f3lico di\u00e1rio de forma natural, como trouxe a pesquisa <a href=\"https:\/\/www.mdpi.com\/2072-6643\/12\/3\/672\" target=\"_blank\" rel=\"noreferrer noopener\">&#8220;Almonds (<em>Prunus Dulcis<\/em>\u00a0Mill. D. A. Webb): A Source of Nutrients and Health-Promoting Compounds&#8221;.<\/a><\/p>\n\n\n\n<p>Al\u00e9m disso, a am\u00eandoa \u00e9 funcional porque seus compostos antioxidantes e anti-inflamat\u00f3rios ajudam a proteger c\u00e9lulas contra danos. Ela favorece a sa\u00fade intestinal, o controle glic\u00eamico e a preven\u00e7\u00e3o de doen\u00e7as cr\u00f4nicas. Por unir nutri\u00e7\u00e3o e benef\u00edcio fisiol\u00f3gico, torna-se alimento estrat\u00e9gico em dietas equilibradas e preventivas modernas.<\/p>\n\n\n\n<h2 class=\"wp-block-heading\">Quais s\u00e3o os benef\u00edcios das am\u00eandoas para cora\u00e7\u00e3o intestino e peso<\/h2>\n\n\n\n<p>Entre os benef\u00edcios das <strong>am\u00eandoas<\/strong>, destacam-se efeitos sobre o <strong>sistema cardiovascular<\/strong>, a <strong>sa\u00fade intestinal<\/strong> e o <strong>controle do peso corporal<\/strong>. Estudos observacionais e ensaios cl\u00ednicos at\u00e9 2024 indicam que o consumo frequente, dentro de um padr\u00e3o alimentar equilibrado, est\u00e1 ligado a menor risco de <strong>hipertens\u00e3o<\/strong>, <strong>diabetes tipo 2<\/strong> e altera\u00e7\u00f5es de <strong>colesterol<\/strong>.<\/p>\n\n\n\n<p>No cora\u00e7\u00e3o, gorduras insaturadas, fibras e <strong>compostos antioxidantes<\/strong> favorecem a redu\u00e7\u00e3o do <strong>colesterol LDL<\/strong> e a manuten\u00e7\u00e3o ou leve aumento do <strong>HDL<\/strong>, com apoio do <strong>magn\u00e9sio<\/strong> na regula\u00e7\u00e3o da press\u00e3o arterial. No intestino, a casca rica em fibras exerce efeito <strong>prebi\u00f3tico<\/strong>, alimentando bact\u00e9rias ben\u00e9ficas e auxiliando a produ\u00e7\u00e3o de <strong>\u00e1cidos graxos de cadeia curta<\/strong> como o butirato, al\u00e9m de contribuir para redu\u00e7\u00e3o de <strong>circunfer\u00eancia abdominal<\/strong> e melhora do <strong>\u00edndice de massa corporal<\/strong> quando consumida em por\u00e7\u00f5es controladas.<\/p>\n\n\n\n<p>Para aprofundarmos no tema, trouxemos o v\u00eddeo do nutricionista Jardel Bartoni, especialista em dicas de alimentos para incluir na sua dieta, publicado no perfil @jardelbartoni:<\/p>\n\n\n\n<blockquote class=\"tiktok-embed\" cite=\"https:\/\/www.tiktok.com\/@jardelbartolini\/video\/7187752397219859717\" data-video-id=\"7187752397219859717\" style=\"max-width: 605px;min-width: 325px;\" > <section> <a target=\"_blank\" title=\"@jardelbartolini\" href=\"https:\/\/www.tiktok.com\/@jardelbartolini?refer=embed\">@jardelbartolini<\/a> <a title=\"amendoas\" target=\"_blank\" href=\"https:\/\/www.tiktok.com\/tag\/amendoas?refer=embed\">#amendoas<\/a> <a title=\"nutricao\" target=\"_blank\" href=\"https:\/\/www.tiktok.com\/tag\/nutricao?refer=embed\">#nutricao<\/a> <a title=\"vitaminas\" target=\"_blank\" href=\"https:\/\/www.tiktok.com\/tag\/vitaminas?refer=embed\">#vitaminas<\/a> <a title=\"nutrientes\" target=\"_blank\" href=\"https:\/\/www.tiktok.com\/tag\/nutrientes?refer=embed\">#nutrientes<\/a> <a title=\"cuidados\" target=\"_blank\" href=\"https:\/\/www.tiktok.com\/tag\/cuidados?refer=embed\">#cuidados<\/a> <a title=\"saude\" target=\"_blank\" href=\"https:\/\/www.tiktok.com\/tag\/saude?refer=embed\">#saude<\/a> <a target=\"_blank\" title=\"\u266c Suspense, horror, piano and music box - takaya\" href=\"https:\/\/www.tiktok.com\/music\/Suspense-horror-piano-and-music-box-6817193198436255745?refer=embed\">\u266c Suspense, horror, piano and music box &#8211; takaya<\/a> <\/section> <\/blockquote> <script async src=\"https:\/\/www.tiktok.com\/embed.js\"><\/script>\n\n\n\n<h2 class=\"wp-block-heading\">Como incluir am\u00eandoas de forma pr\u00e1tica na alimenta\u00e7\u00e3o di\u00e1ria<\/h2>\n\n\n\n<p>Ao pensar em <strong>como consumir am\u00eandoas<\/strong>, \u00e9 poss\u00edvel adapt\u00e1-las a diferentes rotinas, objetivos e prefer\u00eancias alimentares. Em geral, uma por\u00e7\u00e3o de refer\u00eancia varia de <strong>20 a 30 gramas<\/strong> (cerca de 12 a 20 unidades), que pode ser distribu\u00edda ao longo do dia em lanches ou refei\u00e7\u00f5es principais, substituindo outros snacks ultraprocessados.<\/p>\n\n\n\n<p>Algumas formas pr\u00e1ticas de usar <strong>am\u00eandoas<\/strong> no cotidiano, aproveitando suas gorduras boas, fibras e prote\u00ednas, incluem combina\u00e7\u00f5es doces e salgadas em prepara\u00e7\u00f5es r\u00e1pidas e tamb\u00e9m em receitas mais elaboradas:<\/p>\n\n\n\n<ul class=\"wp-block-list\">\n<li><strong>Lanche r\u00e1pido:<\/strong> am\u00eandoas cruas ou torradas combinadas com frutas frescas ou secas.<\/li>\n\n\n\n<li><strong>No caf\u00e9 da manh\u00e3:<\/strong> am\u00eandoas picadas em iogurtes, mingaus, aveia ou vitaminas.<\/li>\n\n\n\n<li><strong>Em prepara\u00e7\u00f5es salgadas:<\/strong> l\u00e2minas de am\u00eandoas sobre saladas, legumes assados ou arroz integral.<\/li>\n\n\n\n<li><strong>Como pasta:<\/strong> manteiga de am\u00eandoas em p\u00e3es, torradas ou como base de molhos.<\/li>\n\n\n\n<li><strong>Bebida vegetal:<\/strong> \u201cleite\u201d de am\u00eandoas usado em caf\u00e9s, receitas e prepara\u00e7\u00f5es doces.<\/li>\n<\/ul>\n\n\n\n<figure class=\"wp-block-image size-large\"><img decoding=\"async\" width=\"1024\" height=\"576\" src=\"https:\/\/www.correiobraziliense.com.br\/cbradar\/wp-content\/uploads\/2026\/01\/\u2705-BANNER-MYTH-12-17-1024x576.png\" alt=\"O que acontece com o seu corpo quando voc\u00ea come am\u00eandoas regularmente?\" class=\"wp-image-180622\" srcset=\"https:\/\/www.correiobraziliense.com.br\/cbradar\/wp-content\/uploads\/2026\/01\/\u2705-BANNER-MYTH-12-17-1024x576.png 1024w, https:\/\/www.correiobraziliense.com.br\/cbradar\/wp-content\/uploads\/2026\/01\/\u2705-BANNER-MYTH-12-17-300x169.png 300w, https:\/\/www.correiobraziliense.com.br\/cbradar\/wp-content\/uploads\/2026\/01\/\u2705-BANNER-MYTH-12-17-768x432.png 768w, https:\/\/www.correiobraziliense.com.br\/cbradar\/wp-content\/uploads\/2026\/01\/\u2705-BANNER-MYTH-12-17-750x422.png 750w, https:\/\/www.correiobraziliense.com.br\/cbradar\/wp-content\/uploads\/2026\/01\/\u2705-BANNER-MYTH-12-17-1140x641.png 1140w, https:\/\/www.correiobraziliense.com.br\/cbradar\/wp-content\/uploads\/2026\/01\/\u2705-BANNER-MYTH-12-17.png 1280w\" sizes=\"(max-width: 1024px) 100vw, 1024px\" \/><figcaption class=\"wp-element-caption\">Adote am\u00eandoas para vitalidade: nutriente poderoso que impulsiona bem-estar, previne cr\u00f4nicos e eleva energia com sabor natural eterno.<\/figcaption><\/figure>\n\n\n\n<h2 class=\"wp-block-heading\">Quais cuidados s\u00e3o importantes no consumo adequado de am\u00eandoas<\/h2>\n\n\n\n<p>Apesar dos benef\u00edcios, o consumo de <strong>am\u00eandoas<\/strong> exige aten\u00e7\u00e3o a poss\u00edveis <strong>alergias<\/strong> a frutos de casca rija, que podem causar rea\u00e7\u00f5es intensas. Em crian\u00e7as pequenas, principalmente menores de 4 anos, o formato duro e inteiro aumenta o risco de <strong>engasgo<\/strong>, sendo mais seguro oferecer em forma de <strong>farinhas<\/strong>, <strong>pastas<\/strong> ou prepara\u00e7\u00f5es bem trituradas, sempre em quantidades adequadas.<\/p>\n\n\n\n<p>Por serem alimentos <strong>caloricamente densos<\/strong>, as am\u00eandoas pedem cuidado com a <strong>por\u00e7\u00e3o di\u00e1ria<\/strong>, especialmente em dietas com outras fontes de gordura como azeite, abacate e castanhas. Diretrizes internacionais at\u00e9 2025 recomendam variabilidade nas fontes de <strong>prote\u00edna<\/strong>, e as am\u00eandoas surgem como op\u00e7\u00e3o pr\u00e1tica de <strong>prote\u00edna vegetal<\/strong> para reduzir ultraprocessados, preferindo vers\u00f5es <strong>cruas ou torradas sem sal<\/strong> e consumindo-as com modera\u00e7\u00e3o e diversidade alimentar.<\/p>\n","protected":false},"excerpt":{"rendered":"<p>Am\u00eandoas: superalimento que protege o cora\u00e7\u00e3o, cuida do intestino e ajuda no controle de peso, oferecendo nutrientes e antioxidantes poderosos.<\/p>\n","protected":false},"author":3,"featured_media":182320,"comment_status":"open","ping_status":"open","sticky":false,"template":"","format":"standard","meta":{"_yoast_wpseo_focuskw":"benef\u00edcios am\u00eandoas","_yoast_wpseo_title":"%%title%%","_yoast_wpseo_metadesc":"Am\u00eandoas: superalimento que protege o cora\u00e7\u00e3o, cuida do intestino e ajuda no controle de peso, oferecendo nutrientes e antioxidantes poderosos.","jnews-multi-image_gallery":[],"jnews_single_post":{"format":"standard"},"jnews_primary_category":[],"jnews_social_meta":[],"jnews_override_counter":[],"footnotes":""},"categories":[112],"tags":[281,1423,9424,144,565],"class_list":["post-180620","post","type-post","status-publish","format-standard","has-post-thumbnail","hentry","category-curiosidades","tag-alimentacao","tag-alimentos","tag-amendoa","tag-curiosidades","tag-saude"],"yoast_head":"<!-- This site is optimized with the Yoast SEO plugin v24.6 - https:\/\/yoast.com\/wordpress\/plugins\/seo\/ -->\n<title>O que acontece com o seu corpo quando voc\u00ea come am\u00eandoas regularmente?<\/title>\n<meta name=\"description\" content=\"Am\u00eandoas: superalimento que protege o cora\u00e7\u00e3o, cuida do intestino e ajuda no controle de peso, oferecendo nutrientes e antioxidantes poderosos.\" \/>\n<meta name=\"robots\" content=\"index, follow, max-snippet:-1, max-image-preview:large, max-video-preview:-1\" \/>\n<link rel=\"canonical\" href=\"https:\/\/www.correiobraziliense.com.br\/cbradar\/o-que-acontece-com-o-seu-corpo-quando-voce-come-amendoas-regularmente\/\" \/>\n<meta property=\"og:locale\" content=\"pt_BR\" \/>\n<meta property=\"og:type\" content=\"article\" \/>\n<meta property=\"og:title\" content=\"O que acontece com o seu corpo quando voc\u00ea come am\u00eandoas regularmente?\" \/>\n<meta property=\"og:description\" content=\"Am\u00eandoas: superalimento que protege o cora\u00e7\u00e3o, cuida do intestino e ajuda no controle de peso, oferecendo nutrientes e antioxidantes poderosos.\" \/>\n<meta property=\"og:url\" content=\"https:\/\/www.correiobraziliense.com.br\/cbradar\/o-que-acontece-com-o-seu-corpo-quando-voce-come-amendoas-regularmente\/\" \/>\n<meta property=\"og:site_name\" content=\"Correio Braziliense - Radar\" \/>\n<meta property=\"article:published_time\" content=\"2026-01-27T18:45:00+00:00\" \/>\n<meta property=\"og:image\" content=\"https:\/\/www.correiobraziliense.com.br\/cbradar\/wp-content\/uploads\/2026\/01\/freepik__imagem-realista-de-uma-pessoa-brasileira-mos-e-boc__48520.jpeg\" \/>\n\t<meta property=\"og:image:width\" content=\"1280\" \/>\n\t<meta property=\"og:image:height\" content=\"720\" \/>\n\t<meta property=\"og:image:type\" content=\"image\/jpeg\" \/>\n<meta name=\"author\" content=\"Larissa Carvalho\" \/>\n<meta name=\"twitter:card\" content=\"summary_large_image\" \/>\n<meta name=\"twitter:label1\" content=\"Escrito por\" \/>\n\t<meta name=\"twitter:data1\" content=\"Larissa Carvalho\" \/>\n\t<meta name=\"twitter:label2\" content=\"Est. tempo de leitura\" \/>\n\t<meta name=\"twitter:data2\" content=\"4 minutos\" \/>\n<!-- \/ Yoast SEO plugin. -->","yoast_head_json":{"title":"O que acontece com o seu corpo quando voc\u00ea come am\u00eandoas regularmente?","description":"Am\u00eandoas: superalimento que protege o cora\u00e7\u00e3o, cuida do intestino e ajuda no controle de peso, oferecendo nutrientes e antioxidantes poderosos.","robots":{"index":"index","follow":"follow","max-snippet":"max-snippet:-1","max-image-preview":"max-image-preview:large","max-video-preview":"max-video-preview:-1"},"canonical":"https:\/\/www.correiobraziliense.com.br\/cbradar\/o-que-acontece-com-o-seu-corpo-quando-voce-come-amendoas-regularmente\/","og_locale":"pt_BR","og_type":"article","og_title":"O que acontece com o seu corpo quando voc\u00ea come am\u00eandoas regularmente?","og_description":"Am\u00eandoas: superalimento que protege o cora\u00e7\u00e3o, cuida do intestino e ajuda no controle de peso, oferecendo nutrientes e antioxidantes poderosos.","og_url":"https:\/\/www.correiobraziliense.com.br\/cbradar\/o-que-acontece-com-o-seu-corpo-quando-voce-come-amendoas-regularmente\/","og_site_name":"Correio Braziliense - Radar","article_published_time":"2026-01-27T18:45:00+00:00","og_image":[{"width":1280,"height":720,"url":"https:\/\/www.correiobraziliense.com.br\/cbradar\/wp-content\/uploads\/2026\/01\/freepik__imagem-realista-de-uma-pessoa-brasileira-mos-e-boc__48520.jpeg","type":"image\/jpeg"}],"author":"Larissa Carvalho","twitter_card":"summary_large_image","twitter_misc":{"Escrito por":"Larissa Carvalho","Est. tempo de leitura":"4 minutos"},"schema":{"@context":"https:\/\/schema.org","@graph":[{"@type":"WebPage","@id":"https:\/\/www.correiobraziliense.com.br\/cbradar\/o-que-acontece-com-o-seu-corpo-quando-voce-come-amendoas-regularmente\/","url":"https:\/\/www.correiobraziliense.com.br\/cbradar\/o-que-acontece-com-o-seu-corpo-quando-voce-come-amendoas-regularmente\/","name":"O que acontece com o seu corpo quando voc\u00ea come am\u00eandoas regularmente?","isPartOf":{"@id":"https:\/\/www.correiobraziliense.com.br\/cbradar\/#website"},"primaryImageOfPage":{"@id":"https:\/\/www.correiobraziliense.com.br\/cbradar\/o-que-acontece-com-o-seu-corpo-quando-voce-come-amendoas-regularmente\/#primaryimage"},"image":{"@id":"https:\/\/www.correiobraziliense.com.br\/cbradar\/o-que-acontece-com-o-seu-corpo-quando-voce-come-amendoas-regularmente\/#primaryimage"},"thumbnailUrl":"https:\/\/www.correiobraziliense.com.br\/cbradar\/wp-content\/uploads\/2026\/01\/freepik__imagem-realista-de-uma-pessoa-brasileira-mos-e-boc__48520.jpeg","datePublished":"2026-01-27T18:45:00+00:00","author":{"@id":"https:\/\/www.correiobraziliense.com.br\/cbradar\/#\/schema\/person\/58422787644df994b53a19d3e56c1513"},"description":"Am\u00eandoas: superalimento que protege o cora\u00e7\u00e3o, cuida do intestino e ajuda no controle de peso, oferecendo nutrientes e antioxidantes poderosos.","breadcrumb":{"@id":"https:\/\/www.correiobraziliense.com.br\/cbradar\/o-que-acontece-com-o-seu-corpo-quando-voce-come-amendoas-regularmente\/#breadcrumb"},"inLanguage":"pt-BR","potentialAction":[{"@type":"ReadAction","target":["https:\/\/www.correiobraziliense.com.br\/cbradar\/o-que-acontece-com-o-seu-corpo-quando-voce-come-amendoas-regularmente\/"]}]},{"@type":"ImageObject","inLanguage":"pt-BR","@id":"https:\/\/www.correiobraziliense.com.br\/cbradar\/o-que-acontece-com-o-seu-corpo-quando-voce-come-amendoas-regularmente\/#primaryimage","url":"https:\/\/www.correiobraziliense.com.br\/cbradar\/wp-content\/uploads\/2026\/01\/freepik__imagem-realista-de-uma-pessoa-brasileira-mos-e-boc__48520.jpeg","contentUrl":"https:\/\/www.correiobraziliense.com.br\/cbradar\/wp-content\/uploads\/2026\/01\/freepik__imagem-realista-de-uma-pessoa-brasileira-mos-e-boc__48520.jpeg","width":1280,"height":720,"caption":"Fonte de gorduras saud\u00e1veis que contribuem para a sa\u00fade cardiovascular"},{"@type":"BreadcrumbList","@id":"https:\/\/www.correiobraziliense.com.br\/cbradar\/o-que-acontece-com-o-seu-corpo-quando-voce-come-amendoas-regularmente\/#breadcrumb","itemListElement":[{"@type":"ListItem","position":1,"name":"In\u00edcio","item":"https:\/\/www.correiobraziliense.com.br\/cbradar\/"},{"@type":"ListItem","position":2,"name":"O que acontece com o seu corpo quando voc\u00ea come am\u00eandoas regularmente?"}]},{"@type":"WebSite","@id":"https:\/\/www.correiobraziliense.com.br\/cbradar\/#website","url":"https:\/\/www.correiobraziliense.com.br\/cbradar\/","name":"Correio Braziliense - Radar","description":"Acompanhe as \u00faltimas not\u00edcias e fique bem informado sobre tudo o que acontece no Brasil e no mundo.","potentialAction":[{"@type":"SearchAction","target":{"@type":"EntryPoint","urlTemplate":"https:\/\/www.correiobraziliense.com.br\/cbradar\/?s={search_term_string}"},"query-input":{"@type":"PropertyValueSpecification","valueRequired":true,"valueName":"search_term_string"}}],"inLanguage":"pt-BR"},{"@type":"Person","@id":"https:\/\/www.correiobraziliense.com.br\/cbradar\/#\/schema\/person\/58422787644df994b53a19d3e56c1513","name":"Larissa Carvalho","image":{"@type":"ImageObject","inLanguage":"pt-BR","@id":"https:\/\/www.correiobraziliense.com.br\/cbradar\/#\/schema\/person\/image\/","url":"https:\/\/secure.gravatar.com\/avatar\/fe4f91a0de32b52a838d0d612abdc1aa?s=96&d=mm&r=g","contentUrl":"https:\/\/secure.gravatar.com\/avatar\/fe4f91a0de32b52a838d0d612abdc1aa?s=96&d=mm&r=g","caption":"Larissa Carvalho"},"url":"https:\/\/www.correiobraziliense.com.br\/cbradar\/author\/larissamyth\/"}]}},"_links":{"self":[{"href":"https:\/\/www.correiobraziliense.com.br\/cbradar\/wp-json\/wp\/v2\/posts\/180620","targetHints":{"allow":["GET"]}}],"collection":[{"href":"https:\/\/www.correiobraziliense.com.br\/cbradar\/wp-json\/wp\/v2\/posts"}],"about":[{"href":"https:\/\/www.correiobraziliense.com.br\/cbradar\/wp-json\/wp\/v2\/types\/post"}],"author":[{"embeddable":true,"href":"https:\/\/www.correiobraziliense.com.br\/cbradar\/wp-json\/wp\/v2\/users\/3"}],"replies":[{"embeddable":true,"href":"https:\/\/www.correiobraziliense.com.br\/cbradar\/wp-json\/wp\/v2\/comments?post=180620"}],"version-history":[{"count":4,"href":"https:\/\/www.correiobraziliense.com.br\/cbradar\/wp-json\/wp\/v2\/posts\/180620\/revisions"}],"predecessor-version":[{"id":182193,"href":"https:\/\/www.correiobraziliense.com.br\/cbradar\/wp-json\/wp\/v2\/posts\/180620\/revisions\/182193"}],"wp:featuredmedia":[{"embeddable":true,"href":"https:\/\/www.correiobraziliense.com.br\/cbradar\/wp-json\/wp\/v2\/media\/182320"}],"wp:attachment":[{"href":"https:\/\/www.correiobraziliense.com.br\/cbradar\/wp-json\/wp\/v2\/media?parent=180620"}],"wp:term":[{"taxonomy":"category","embeddable":true,"href":"https:\/\/www.correiobraziliense.com.br\/cbradar\/wp-json\/wp\/v2\/categories?post=180620"},{"taxonomy":"post_tag","embeddable":true,"href":"https:\/\/www.correiobraziliense.com.br\/cbradar\/wp-json\/wp\/v2\/tags?post=180620"}],"curies":[{"name":"wp","href":"https:\/\/api.w.org\/{rel}","templated":true}]}}