{"id":180623,"date":"2026-01-25T06:15:18","date_gmt":"2026-01-25T09:15:18","guid":{"rendered":"https:\/\/www.correiobraziliense.com.br\/cbradar\/?p=180623"},"modified":"2026-01-24T12:04:06","modified_gmt":"2026-01-24T15:04:06","slug":"o-vegetal-leve-que-ajuda-a-reduzir-o-inchaco-e-traz-sensacao-de-barriga-mais-confortavel","status":"publish","type":"post","link":"https:\/\/www.correiobraziliense.com.br\/cbradar\/o-vegetal-leve-que-ajuda-a-reduzir-o-inchaco-e-traz-sensacao-de-barriga-mais-confortavel\/","title":{"rendered":"O vegetal leve que ajuda a reduzir o incha\u00e7o e traz sensa\u00e7\u00e3o de barriga mais confort\u00e1vel"},"content":{"rendered":"\n<p>Voc\u00ea j\u00e1 teve aquela sensa\u00e7\u00e3o de barriga estufada no fim do dia e ficou se perguntando se algum alimento poderia ajudar de forma mais natural? O <strong>aipo<\/strong>, presente em saladas, sucos ou ch\u00e1s, vem ganhando espa\u00e7o justamente por isso: \u00e9 leve, cheio de \u00e1gua, tem poucas calorias e \u00e9 visto como um aliado no al\u00edvio do incha\u00e7o e no cuidado com a <strong>gordura<\/strong> no f\u00edgado, sempre como complemento a um estilo de vida mais equilibrado.<\/p>\n\n\n\n<h2 class=\"wp-block-heading\">Como o aipo pode ajudar a diminuir a barriga inchada<\/h2>\n\n\n\n<p>Quando se fala em <strong>aipo<\/strong> para barriga inchada, muita gente pensa logo em \u201cdesincha\u00e7o\u201d. Isso faz sentido, j\u00e1 que o vegetal \u00e9 composto basicamente por \u00e1gua, fibras e pot\u00e1ssio, o que favorece um leve efeito diur\u00e9tico e pode reduzir a sensa\u00e7\u00e3o de peso e volume abdominal em algumas pessoas.<\/p>\n\n\n\n<p>No intestino, as fibras do <strong>aipo<\/strong> ajudam o tr\u00e2nsito a ficar mais regular, diminuindo gases e aquele desconforto de barriga estufada. Com o uso frequente em saladas, sucos ou ch\u00e1s, algumas pessoas relatam se sentir mais leves e com menos reten\u00e7\u00e3o, desde que mantenham tamb\u00e9m boa hidrata\u00e7\u00e3o ao longo do dia.<\/p>\n\n\n<div class=\"wp-block-image\">\n<figure class=\"aligncenter size-large\"><img decoding=\"async\" width=\"1024\" height=\"576\" src=\"https:\/\/www.correiobraziliense.com.br\/cbradar\/wp-content\/uploads\/2025\/09\/aipo_1758984287893-1024x576.jpg\" alt=\"\" class=\"wp-image-110390\" srcset=\"https:\/\/www.correiobraziliense.com.br\/cbradar\/wp-content\/uploads\/2025\/09\/aipo_1758984287893-1024x576.jpg 1024w, https:\/\/www.correiobraziliense.com.br\/cbradar\/wp-content\/uploads\/2025\/09\/aipo_1758984287893-300x169.jpg 300w, https:\/\/www.correiobraziliense.com.br\/cbradar\/wp-content\/uploads\/2025\/09\/aipo_1758984287893-768x432.jpg 768w, https:\/\/www.correiobraziliense.com.br\/cbradar\/wp-content\/uploads\/2025\/09\/aipo_1758984287893-750x422.jpg 750w, https:\/\/www.correiobraziliense.com.br\/cbradar\/wp-content\/uploads\/2025\/09\/aipo_1758984287893-1140x641.jpg 1140w, https:\/\/www.correiobraziliense.com.br\/cbradar\/wp-content\/uploads\/2025\/09\/aipo_1758984287893.jpg 1280w\" sizes=\"(max-width: 1024px) 100vw, 1024px\" \/><figcaption class=\"wp-element-caption\">Aipo cont\u00e9m s\u00f3dio em pequenas quantidades, equilibrado pelo pot\u00e1ssio &#8211; Cr\u00e9ditos: depositphotos.com \/ york010<\/figcaption><\/figure><\/div>\n\n\n<p>Leia tamb\u00e9m:&nbsp;<a href=\"https:\/\/www.correiobraziliense.com.br\/cbradar\/o-verde-digestivo-que-virou-queridinho-das-hortas-por-ser-simples-de-plantar\/\" target=\"_blank\" rel=\"noopener\">O verde digestivo que virou queridinho das hortas por ser simples de plantar<\/a><\/p>\n\n\n\n<h2 class=\"wp-block-heading\">Como o aipo age na digest\u00e3o e na sensa\u00e7\u00e3o de estufamento<\/h2>\n\n\n\n<p>O funcionamento do intestino influencia diretamente na apar\u00eancia e conforto da barriga. As fibras sol\u00faveis e insol\u00faveis do <strong>aipo<\/strong> ajudam na forma\u00e7\u00e3o do bolo fecal, facilitam a evacua\u00e7\u00e3o e podem reduzir a sensa\u00e7\u00e3o de distens\u00e3o e gases, principalmente quando o consumo \u00e9 acompanhado de \u00e1gua.<\/p>\n\n\n\n<p>Al\u00e9m disso, por ser um alimento de <strong>baixa<\/strong> caloria e com boa croc\u00e2ncia, o aipo aumenta a mastiga\u00e7\u00e3o, o que melhora a digest\u00e3o desde o in\u00edcio da refei\u00e7\u00e3o. Isso pode contribuir para uma sensa\u00e7\u00e3o de saciedade maior, ajudando quem busca controlar o peso e o ac\u00famulo de gordura abdominal ao longo do tempo.<\/p>\n\n\n\n<h2 class=\"wp-block-heading\">O aipo realmente ajuda na gordura no f\u00edgado<\/h2>\n\n\n\n<p>Quando o assunto \u00e9 <strong>aipo<\/strong> e gordura no f\u00edgado, \u00e9 importante ter clareza: ele n\u00e3o \u00e9 rem\u00e9dio, nem faz milagre sozinho. A esteatose hep\u00e1tica costuma estar ligada a excesso de peso, resist\u00eancia \u00e0 insulina, \u00e1lcool em excesso e alimenta\u00e7\u00e3o rica em gorduras ruins e a\u00e7\u00facar.<\/p>\n\n\n\n<p>Por outro lado, o <strong>aipo<\/strong> pode somar pontos em um plano alimentar voltado ao f\u00edgado por ser leve, ter antioxidantes e ajudar no controle de colesterol e triglicer\u00eddeos. Assim, entra como coadjuvante, junto com outros vegetais, atividade f\u00edsica regular e acompanhamento profissional para monitorar exames e ajustar o tratamento. Se voc\u00ea gosta de ouvir opini\u00e3o de profissionais, separamos esse v\u00eddeo da <a href=\"https:\/\/www.youtube.com\/@AngelaXavier\" target=\"_blank\" rel=\"noreferrer noopener\">Angela Xavier<\/a> mostrando os benef\u00edcios do aipo:<\/p>\n\n\n\n<figure class=\"wp-block-embed is-type-video is-provider-youtube wp-block-embed-youtube wp-embed-aspect-16-9 wp-has-aspect-ratio\"><div class=\"wp-block-embed__wrapper\">\n<div class=\"jeg_video_container jeg_video_content\"><iframe loading=\"lazy\" title=\"O que acontece com seu corpo se voc\u00ea usar aipo?\" width=\"500\" height=\"281\" src=\"https:\/\/www.youtube.com\/embed\/7-v4_VKNRw4?feature=oembed\" frameborder=\"0\" allow=\"accelerometer; autoplay; clipboard-write; encrypted-media; gyroscope; picture-in-picture; web-share\" referrerpolicy=\"strict-origin-when-cross-origin\" allowfullscreen><\/iframe><\/div>\n<\/div><\/figure>\n\n\n\n<h2 class=\"wp-block-heading\">Como consumir aipo no dia a dia para ter mais benef\u00edcios<\/h2>\n\n\n\n<p>Para quem quer incluir o <strong>aipo<\/strong> na rotina, o segredo n\u00e3o \u00e9 exagerar em um \u00fanico dia, mas consumi-lo com frequ\u00eancia ao longo da semana. Quanto menos processado ele for, mais fibras e nutrientes se mant\u00eam, seja cru, em sucos, sopas ou refogados simples.<\/p>\n\n\n\n<p>Veja algumas formas pr\u00e1ticas de usar o <strong>aipo<\/strong> nas refei\u00e7\u00f5es do dia a dia, tornando o consumo mais variado e f\u00e1cil de manter a longo prazo:<\/p>\n\n\n\n<ul class=\"wp-block-list\">\n<li>Saladas cruas, combinado com folhas, tomate e cenoura;<\/li>\n\n\n\n<li>Sopas e caldos, oferecendo sabor e volume ao prato;<\/li>\n\n\n\n<li>Sucos e smoothies com frutas e outras hortali\u00e7as;<\/li>\n\n\n\n<li>Ch\u00e1s e infus\u00f5es, especialmente usando talos e folhas.<\/li>\n<\/ul>\n\n\n\n<h2 class=\"wp-block-heading\">Quais cuidados s\u00e3o importantes ao usar o aipo como diur\u00e9tico natural<\/h2>\n\n\n\n<p>Mesmo sendo um alimento natural, o uso frequente de <strong>aipo<\/strong> com foco em \u201cdesinchar\u201d merece aten\u00e7\u00e3o em alguns casos. Pessoas com problemas renais, em uso de medicamentos diur\u00e9ticos ou com restri\u00e7\u00f5es de pot\u00e1ssio precisam de orienta\u00e7\u00e3o individualizada para evitar desequil\u00edbrios de l\u00edquidos e eletr\u00f3litos.<\/p>\n\n\n\n<p>Tamb\u00e9m \u00e9 essencial lembrar que o <strong>aipo<\/strong> n\u00e3o substitui tratamentos m\u00e9dicos, principalmente em casos de doen\u00e7a hep\u00e1tica diagnosticada. Ele entra como um apoio alimentar, ao lado de redu\u00e7\u00e3o de \u00e1lcool, controle de a\u00e7\u00facar, diminui\u00e7\u00e3o de frituras e acompanhamento com m\u00e9dico e nutricionista.<\/p>\n\n\n\n<h2 class=\"wp-block-heading\">Quais s\u00e3o os principais nutrientes do aipo<\/h2>\n\n\n\n<p>Do ponto de vista nutricional, o <strong>aipo<\/strong> se destaca por ter poucas calorias, muita \u00e1gua e alguns micronutrientes que ajudam na hidrata\u00e7\u00e3o e no bem-estar intestinal. A tabela a seguir mostra uma estimativa de sua composi\u00e7\u00e3o por 100 g de aipo cru, podendo variar conforme origem, solo e forma de cultivo.<\/p>\n\n\n\n<div style=\"font-family: 'Segoe UI', Tahoma, Geneva, Verdana, sans-serif; max-width: 1000px; margin: 20px auto; border: 2px solid #722f37; border-radius: 30px; overflow: hidden; background-color: #ffffff; box-shadow: 0 4px 15px rgba(114, 47, 55, 0.1);\">\n    <table style=\"width: 100%; border-collapse: collapse; text-align: left; font-size: 14px;\">\n        <thead>\n            <tr style=\"background-color: #722f37;\">\n                <th style=\"padding: 15px; color: #ffffff; border-bottom: 2px solid #f9d8e6; width: 50%;\">Nutriente<\/th>\n                <th style=\"padding: 15px; color: #ffffff; border-bottom: 2px solid #f9d8e6; width: 50%;\">Quantidade aproximada por 100 g de aipo cru<\/th>\n            <\/tr>\n        <\/thead>\n        <tbody>\n            <tr>\n                <td style=\"padding: 12px 15px; border-bottom: 1px solid #ffe3ee; color: #4a4a4a; font-weight: bold;\">Calorias<\/td>\n                <td style=\"padding: 12px 15px; border-bottom: 1px solid #ffe3ee; color: #4a4a4a;\">14 kcal<\/td>\n            <\/tr>\n            <tr style=\"background-color: #fffafa;\">\n                <td style=\"padding: 12px 15px; border-bottom: 1px solid #ffe3ee; color: #4a4a4a; font-weight: bold;\">Carboidratos totais<\/td>\n                <td style=\"padding: 12px 15px; border-bottom: 1px solid #ffe3ee; color: #4a4a4a;\">3 g<\/td>\n            <\/tr>\n            <tr>\n                <td style=\"padding: 12px 15px; border-bottom: 1px solid #ffe3ee; color: #4a4a4a; font-weight: bold;\">Fibras alimentares<\/td>\n                <td style=\"padding: 12px 15px; border-bottom: 1px solid #ffe3ee; color: #4a4a4a;\">1,5 a 2 g<\/td>\n            <\/tr>\n            <tr style=\"background-color: #fffafa;\">\n                <td style=\"padding: 12px 15px; border-bottom: 1px solid #ffe3ee; color: #4a4a4a; font-weight: bold;\">Prote\u00ednas<\/td>\n                <td style=\"padding: 12px 15px; border-bottom: 1px solid #ffe3ee; color: #4a4a4a;\">0,7 g<\/td>\n            <\/tr>\n            <tr>\n                <td style=\"padding: 12px 15px; border-bottom: 1px solid #ffe3ee; color: #4a4a4a; font-weight: bold;\">Gorduras totais<\/td>\n                <td style=\"padding: 12px 15px; border-bottom: 1px solid #ffe3ee; color: #4a4a4a;\">0,1 g<\/td>\n            <\/tr>\n            <tr style=\"background-color: #fffafa;\">\n                <td style=\"padding: 12px 15px; border-bottom: 1px solid #ffe3ee; color: #4a4a4a; font-weight: bold;\">\u00c1gua<\/td>\n                <td style=\"padding: 12px 15px; border-bottom: 1px solid #ffe3ee; color: #4a4a4a;\">cerca de 95 g<\/td>\n            <\/tr>\n            <tr>\n                <td style=\"padding: 12px 15px; border-bottom: 1px solid #ffe3ee; color: #4a4a4a; font-weight: bold;\">Pot\u00e1ssio<\/td>\n                <td style=\"padding: 12px 15px; border-bottom: 1px solid #ffe3ee; color: #4a4a4a;\">250 a 260 mg<\/td>\n            <\/tr>\n            <tr style=\"background-color: #fffafa;\">\n                <td style=\"padding: 12px 15px; border-bottom: 1px solid #ffe3ee; color: #4a4a4a; font-weight: bold;\">S\u00f3dio<\/td>\n                <td style=\"padding: 12px 15px; border-bottom: 1px solid #ffe3ee; color: #4a4a4a;\">70 a 80 mg (natural do alimento)<\/td>\n            <\/tr>\n            <tr>\n                <td style=\"padding: 12px 15px; border-bottom: 1px solid #ffe3ee; color: #4a4a4a; font-weight: bold;\">Vitamina K<\/td>\n                <td style=\"padding: 12px 15px; border-bottom: 1px solid #ffe3ee; color: #4a4a4a;\">25 a 30 \u00b5g<\/td>\n            <\/tr>\n            <tr style=\"background-color: #fffafa;\">\n                <td style=\"padding: 12px 15px; border-bottom: 1px solid #ffe3ee; color: #4a4a4a; font-weight: bold;\">Vitamina C<\/td>\n                <td style=\"padding: 12px 15px; border-bottom: 1px solid #ffe3ee; color: #4a4a4a;\">3 a 4 mg<\/td>\n            <\/tr>\n            <tr style=\"background-color: #ffffff;\">\n                <td style=\"padding: 12px 15px; color: #4a4a4a; font-weight: bold;\">Folato (vitamina B9)<\/td>\n                <td style=\"padding: 12px 15px; color: #4a4a4a;\">30 a 40 \u00b5g<\/td>\n            <\/tr>\n        <\/tbody>\n    <\/table>\n<\/div>\n\n\n\n<p>Esses componentes ajudam a explicar por que o <strong>aipo<\/strong> costuma ser associado a hidrata\u00e7\u00e3o, apoio digestivo e poss\u00edvel aux\u00edlio no equil\u00edbrio de l\u00edquidos. Em rela\u00e7\u00e3o \u00e0 gordura no f\u00edgado, ele contribui dentro de um contexto de alimenta\u00e7\u00e3o mais leve, rica em vegetais e h\u00e1bitos que favorecem a sa\u00fade metab\u00f3lica ao longo do tempo.<\/p>\n\n\n\n<h2 class=\"wp-block-heading\">Pr\u00f3ximos passos para usar o aipo a seu favor<\/h2>\n\n\n\n<p>Se a sua meta \u00e9 aliviar a barriga inchada e cuidar melhor do <strong>f\u00edgado<\/strong>, o aipo pode ser um aliado simples, barato e f\u00e1cil de incluir na rotina. Ele n\u00e3o \u00e9 solu\u00e7\u00e3o m\u00e1gica, mas, somado a outras escolhas saud\u00e1veis, ajuda a construir um cen\u00e1rio mais favor\u00e1vel para o seu bem-estar digestivo e metab\u00f3lico.<\/p>\n\n\n\n<p>Para dar o pr\u00f3ximo passo, experimente incluir o <strong>aipo<\/strong> em pelo menos uma refei\u00e7\u00e3o do dia e observe como seu corpo reage nas pr\u00f3ximas semanas. Se voc\u00ea j\u00e1 tem diagn\u00f3stico de esteatose ou outros problemas de sa\u00fade, busque o acompanhamento de um nutricionista ou m\u00e9dico para montar um plano personalizado que una alimenta\u00e7\u00e3o, exames e, se necess\u00e1rio, tratamento espec\u00edfico.<\/p>\n","protected":false},"excerpt":{"rendered":"<p>Voc\u00ea j\u00e1 teve aquela sensa\u00e7\u00e3o de barriga estufada no fim do dia e ficou se perguntando se algum alimento poderia ajudar de forma mais natural? O aipo, presente em saladas, sucos ou ch\u00e1s, vem ganhando espa\u00e7o justamente por isso: \u00e9 leve, cheio de \u00e1gua, tem poucas calorias e \u00e9 visto como um aliado no al\u00edvio [&hellip;]<\/p>\n","protected":false},"author":9,"featured_media":144111,"comment_status":"open","ping_status":"open","sticky":false,"template":"","format":"standard","meta":{"_yoast_wpseo_focuskw":"Como o aipo age na digest\u00e3o","_yoast_wpseo_title":"","_yoast_wpseo_metadesc":"Vegetal leve e hidratante que ajuda no desincha\u00e7o, melhora a digest\u00e3o e apoia o bem-estar intestinal quando consumido com regularidade.","jnews-multi-image_gallery":[],"jnews_single_post":{"format":"standard"},"jnews_primary_category":[],"jnews_social_meta":[],"jnews_override_counter":[],"footnotes":""},"categories":[119,4404],"tags":[1401,11206,14373],"class_list":["post-180623","post","type-post","status-publish","format-standard","has-post-thumbnail","hentry","category-bem-estar","category-saude","tag-aipo","tag-barriga-inchada","tag-beneficios-do-aipo"],"yoast_head":"<!-- This site is optimized with the Yoast SEO plugin v24.6 - https:\/\/yoast.com\/wordpress\/plugins\/seo\/ -->\n<title>O vegetal leve que ajuda a reduzir o incha\u00e7o e traz sensa\u00e7\u00e3o de barriga mais confort\u00e1vel - Correio Braziliense - Radar<\/title>\n<meta name=\"description\" content=\"Vegetal leve e hidratante que ajuda no desincha\u00e7o, melhora a digest\u00e3o e apoia o bem-estar intestinal quando consumido com regularidade.\" \/>\n<meta name=\"robots\" content=\"index, follow, max-snippet:-1, max-image-preview:large, max-video-preview:-1\" \/>\n<link rel=\"canonical\" href=\"https:\/\/www.correiobraziliense.com.br\/cbradar\/o-vegetal-leve-que-ajuda-a-reduzir-o-inchaco-e-traz-sensacao-de-barriga-mais-confortavel\/\" \/>\n<meta property=\"og:locale\" content=\"pt_BR\" \/>\n<meta property=\"og:type\" content=\"article\" \/>\n<meta property=\"og:title\" content=\"O vegetal leve que ajuda a reduzir o incha\u00e7o e traz sensa\u00e7\u00e3o de barriga mais confort\u00e1vel - Correio Braziliense - Radar\" \/>\n<meta property=\"og:description\" content=\"Vegetal leve e hidratante que ajuda no desincha\u00e7o, melhora a digest\u00e3o e apoia o bem-estar intestinal quando consumido com regularidade.\" \/>\n<meta property=\"og:url\" content=\"https:\/\/www.correiobraziliense.com.br\/cbradar\/o-vegetal-leve-que-ajuda-a-reduzir-o-inchaco-e-traz-sensacao-de-barriga-mais-confortavel\/\" \/>\n<meta property=\"og:site_name\" content=\"Correio Braziliense - Radar\" \/>\n<meta property=\"article:published_time\" content=\"2026-01-25T09:15:18+00:00\" \/>\n<meta property=\"og:image\" content=\"https:\/\/www.correiobraziliense.com.br\/cbradar\/wp-content\/uploads\/2025\/11\/Gemini_Generated_Image_1h1vno1h1vno1h1v.png\" \/>\n\t<meta property=\"og:image:width\" content=\"1280\" \/>\n\t<meta property=\"og:image:height\" content=\"720\" \/>\n\t<meta property=\"og:image:type\" content=\"image\/png\" \/>\n<meta name=\"author\" content=\"Daniely Cardoso\" \/>\n<meta name=\"twitter:card\" content=\"summary_large_image\" \/>\n<meta name=\"twitter:label1\" content=\"Escrito por\" \/>\n\t<meta name=\"twitter:data1\" content=\"Daniely Cardoso\" \/>\n\t<meta name=\"twitter:label2\" content=\"Est. tempo de leitura\" \/>\n\t<meta name=\"twitter:data2\" content=\"6 minutos\" \/>\n<!-- \/ Yoast SEO plugin. -->","yoast_head_json":{"title":"O vegetal leve que ajuda a reduzir o incha\u00e7o e traz sensa\u00e7\u00e3o de barriga mais confort\u00e1vel - Correio Braziliense - Radar","description":"Vegetal leve e hidratante que ajuda no desincha\u00e7o, melhora a digest\u00e3o e apoia o bem-estar intestinal quando consumido com regularidade.","robots":{"index":"index","follow":"follow","max-snippet":"max-snippet:-1","max-image-preview":"max-image-preview:large","max-video-preview":"max-video-preview:-1"},"canonical":"https:\/\/www.correiobraziliense.com.br\/cbradar\/o-vegetal-leve-que-ajuda-a-reduzir-o-inchaco-e-traz-sensacao-de-barriga-mais-confortavel\/","og_locale":"pt_BR","og_type":"article","og_title":"O vegetal leve que ajuda a reduzir o incha\u00e7o e traz sensa\u00e7\u00e3o de barriga mais confort\u00e1vel - Correio Braziliense - Radar","og_description":"Vegetal leve e hidratante que ajuda no desincha\u00e7o, melhora a digest\u00e3o e apoia o bem-estar intestinal quando consumido com regularidade.","og_url":"https:\/\/www.correiobraziliense.com.br\/cbradar\/o-vegetal-leve-que-ajuda-a-reduzir-o-inchaco-e-traz-sensacao-de-barriga-mais-confortavel\/","og_site_name":"Correio Braziliense - Radar","article_published_time":"2026-01-25T09:15:18+00:00","og_image":[{"width":1280,"height":720,"url":"https:\/\/www.correiobraziliense.com.br\/cbradar\/wp-content\/uploads\/2025\/11\/Gemini_Generated_Image_1h1vno1h1vno1h1v.png","type":"image\/png"}],"author":"Daniely Cardoso","twitter_card":"summary_large_image","twitter_misc":{"Escrito por":"Daniely Cardoso","Est. tempo de leitura":"6 minutos"},"schema":{"@context":"https:\/\/schema.org","@graph":[{"@type":"WebPage","@id":"https:\/\/www.correiobraziliense.com.br\/cbradar\/o-vegetal-leve-que-ajuda-a-reduzir-o-inchaco-e-traz-sensacao-de-barriga-mais-confortavel\/","url":"https:\/\/www.correiobraziliense.com.br\/cbradar\/o-vegetal-leve-que-ajuda-a-reduzir-o-inchaco-e-traz-sensacao-de-barriga-mais-confortavel\/","name":"O vegetal leve que ajuda a reduzir o incha\u00e7o e traz sensa\u00e7\u00e3o de barriga mais confort\u00e1vel - Correio Braziliense - Radar","isPartOf":{"@id":"https:\/\/www.correiobraziliense.com.br\/cbradar\/#website"},"primaryImageOfPage":{"@id":"https:\/\/www.correiobraziliense.com.br\/cbradar\/o-vegetal-leve-que-ajuda-a-reduzir-o-inchaco-e-traz-sensacao-de-barriga-mais-confortavel\/#primaryimage"},"image":{"@id":"https:\/\/www.correiobraziliense.com.br\/cbradar\/o-vegetal-leve-que-ajuda-a-reduzir-o-inchaco-e-traz-sensacao-de-barriga-mais-confortavel\/#primaryimage"},"thumbnailUrl":"https:\/\/www.correiobraziliense.com.br\/cbradar\/wp-content\/uploads\/2025\/11\/Gemini_Generated_Image_1h1vno1h1vno1h1v.png","datePublished":"2026-01-25T09:15:18+00:00","author":{"@id":"https:\/\/www.correiobraziliense.com.br\/cbradar\/#\/schema\/person\/7356666e12ec0ee53f348ee5db227032"},"description":"Vegetal leve e hidratante que ajuda no desincha\u00e7o, melhora a digest\u00e3o e apoia o bem-estar intestinal quando consumido com regularidade.","breadcrumb":{"@id":"https:\/\/www.correiobraziliense.com.br\/cbradar\/o-vegetal-leve-que-ajuda-a-reduzir-o-inchaco-e-traz-sensacao-de-barriga-mais-confortavel\/#breadcrumb"},"inLanguage":"pt-BR","potentialAction":[{"@type":"ReadAction","target":["https:\/\/www.correiobraziliense.com.br\/cbradar\/o-vegetal-leve-que-ajuda-a-reduzir-o-inchaco-e-traz-sensacao-de-barriga-mais-confortavel\/"]}]},{"@type":"ImageObject","inLanguage":"pt-BR","@id":"https:\/\/www.correiobraziliense.com.br\/cbradar\/o-vegetal-leve-que-ajuda-a-reduzir-o-inchaco-e-traz-sensacao-de-barriga-mais-confortavel\/#primaryimage","url":"https:\/\/www.correiobraziliense.com.br\/cbradar\/wp-content\/uploads\/2025\/11\/Gemini_Generated_Image_1h1vno1h1vno1h1v.png","contentUrl":"https:\/\/www.correiobraziliense.com.br\/cbradar\/wp-content\/uploads\/2025\/11\/Gemini_Generated_Image_1h1vno1h1vno1h1v.png","width":1280,"height":720,"caption":"A capacidade do aipo de aliviar a barriga inchada est\u00e1 diretamente ligada \u00e0 sua marcante propriedade diur\u00e9tica"},{"@type":"BreadcrumbList","@id":"https:\/\/www.correiobraziliense.com.br\/cbradar\/o-vegetal-leve-que-ajuda-a-reduzir-o-inchaco-e-traz-sensacao-de-barriga-mais-confortavel\/#breadcrumb","itemListElement":[{"@type":"ListItem","position":1,"name":"In\u00edcio","item":"https:\/\/www.correiobraziliense.com.br\/cbradar\/"},{"@type":"ListItem","position":2,"name":"O vegetal leve que ajuda a reduzir o incha\u00e7o e traz sensa\u00e7\u00e3o de barriga mais confort\u00e1vel"}]},{"@type":"WebSite","@id":"https:\/\/www.correiobraziliense.com.br\/cbradar\/#website","url":"https:\/\/www.correiobraziliense.com.br\/cbradar\/","name":"Correio Braziliense - Radar","description":"Acompanhe as \u00faltimas not\u00edcias e fique bem informado sobre tudo o que acontece no Brasil e no mundo.","potentialAction":[{"@type":"SearchAction","target":{"@type":"EntryPoint","urlTemplate":"https:\/\/www.correiobraziliense.com.br\/cbradar\/?s={search_term_string}"},"query-input":{"@type":"PropertyValueSpecification","valueRequired":true,"valueName":"search_term_string"}}],"inLanguage":"pt-BR"},{"@type":"Person","@id":"https:\/\/www.correiobraziliense.com.br\/cbradar\/#\/schema\/person\/7356666e12ec0ee53f348ee5db227032","name":"Daniely Cardoso","image":{"@type":"ImageObject","inLanguage":"pt-BR","@id":"https:\/\/www.correiobraziliense.com.br\/cbradar\/#\/schema\/person\/image\/","url":"https:\/\/secure.gravatar.com\/avatar\/4b80ddbd124d1f071b626d52d62e5dff?s=96&d=mm&r=g","contentUrl":"https:\/\/secure.gravatar.com\/avatar\/4b80ddbd124d1f071b626d52d62e5dff?s=96&d=mm&r=g","caption":"Daniely Cardoso"},"description":"Redatora nos portais CB Radar e EM Foco, formada pela Universidade Federal de Goi\u00e1s, em Goi\u00e2nia. Apaixonada por comunica\u00e7\u00e3o, arte, decora\u00e7\u00e3o e tend\u00eancias, atuo na produ\u00e7\u00e3o de conte\u00fados envolventes sobre curiosidades, moda, beleza e paisagismo, sempre com um olhar atento \u00e0s novidades do momento.","sameAs":["https:\/\/www.correiobraziliense.com.br\/cbradar"],"url":"https:\/\/www.correiobraziliense.com.br\/cbradar\/author\/danielymyth\/"}]}},"_links":{"self":[{"href":"https:\/\/www.correiobraziliense.com.br\/cbradar\/wp-json\/wp\/v2\/posts\/180623","targetHints":{"allow":["GET"]}}],"collection":[{"href":"https:\/\/www.correiobraziliense.com.br\/cbradar\/wp-json\/wp\/v2\/posts"}],"about":[{"href":"https:\/\/www.correiobraziliense.com.br\/cbradar\/wp-json\/wp\/v2\/types\/post"}],"author":[{"embeddable":true,"href":"https:\/\/www.correiobraziliense.com.br\/cbradar\/wp-json\/wp\/v2\/users\/9"}],"replies":[{"embeddable":true,"href":"https:\/\/www.correiobraziliense.com.br\/cbradar\/wp-json\/wp\/v2\/comments?post=180623"}],"version-history":[{"count":2,"href":"https:\/\/www.correiobraziliense.com.br\/cbradar\/wp-json\/wp\/v2\/posts\/180623\/revisions"}],"predecessor-version":[{"id":180707,"href":"https:\/\/www.correiobraziliense.com.br\/cbradar\/wp-json\/wp\/v2\/posts\/180623\/revisions\/180707"}],"wp:featuredmedia":[{"embeddable":true,"href":"https:\/\/www.correiobraziliense.com.br\/cbradar\/wp-json\/wp\/v2\/media\/144111"}],"wp:attachment":[{"href":"https:\/\/www.correiobraziliense.com.br\/cbradar\/wp-json\/wp\/v2\/media?parent=180623"}],"wp:term":[{"taxonomy":"category","embeddable":true,"href":"https:\/\/www.correiobraziliense.com.br\/cbradar\/wp-json\/wp\/v2\/categories?post=180623"},{"taxonomy":"post_tag","embeddable":true,"href":"https:\/\/www.correiobraziliense.com.br\/cbradar\/wp-json\/wp\/v2\/tags?post=180623"}],"curies":[{"name":"wp","href":"https:\/\/api.w.org\/{rel}","templated":true}]}}