{"id":180625,"date":"2026-01-25T07:05:28","date_gmt":"2026-01-25T10:05:28","guid":{"rendered":"https:\/\/www.correiobraziliense.com.br\/cbradar\/?p=180625"},"modified":"2026-01-24T12:09:01","modified_gmt":"2026-01-24T15:09:01","slug":"o-alimento-que-substitui-o-acucar-e-ajuda-a-controlar-a-fome-ao-longo-do-dia","status":"publish","type":"post","link":"https:\/\/www.correiobraziliense.com.br\/cbradar\/o-alimento-que-substitui-o-acucar-e-ajuda-a-controlar-a-fome-ao-longo-do-dia\/","title":{"rendered":"O alimento que substitui o a\u00e7\u00facar e ajuda a controlar a fome ao longo do dia"},"content":{"rendered":"\n<p>Quem nunca sentiu aquela queda de energia no meio da tarde e correu atr\u00e1s de um doce para resolver o problema na hora? A t\u00e2mara surge justamente como uma forma mais <strong>natural<\/strong> e <strong>equilibrada<\/strong> de matar a vontade de a\u00e7\u00facar, ao mesmo tempo em que ajuda a manter a disposi\u00e7\u00e3o por mais tempo.<\/p>\n\n\n\n<h2 class=\"wp-block-heading\">Por que a t\u00e2mara \u00e9 aliada para energia limpa e saciedade ao longo do dia<\/h2>\n\n\n\n<p>A t\u00e2mara tem ganhado espa\u00e7o na alimenta\u00e7\u00e3o de quem busca <strong>energia limpa<\/strong> e saciedade ao longo do dia. Esse fruto, origin\u00e1rio de regi\u00f5es des\u00e9rticas, \u00e9 consumido h\u00e1 s\u00e9culos e hoje aparece tanto em lanches r\u00e1pidos quanto em prepara\u00e7\u00f5es mais elaboradas.<\/p>\n\n\n\n<p>Gra\u00e7as ao seu perfil nutricional, a t\u00e2mara se tornou alternativa frequente ao <strong>a\u00e7\u00facar refinado<\/strong> e a outros doces industrializados. Ela ajuda a manter o paladar satisfeito, reduz a vontade de guloseimas e combina bem com uma rotina corrida, seja no trabalho, nos estudos ou em treinos.<\/p>\n\n\n<div class=\"wp-block-image\">\n<figure class=\"aligncenter size-large\"><img decoding=\"async\" width=\"1024\" height=\"576\" src=\"https:\/\/www.correiobraziliense.com.br\/cbradar\/wp-content\/uploads\/2025\/05\/tamaras-_1747855067589-1024x576.jpg\" alt=\"Cultive em casa um dos frutos mais antigos do mundo\" class=\"wp-image-40685\" srcset=\"https:\/\/www.correiobraziliense.com.br\/cbradar\/wp-content\/uploads\/2025\/05\/tamaras-_1747855067589-1024x576.jpg 1024w, https:\/\/www.correiobraziliense.com.br\/cbradar\/wp-content\/uploads\/2025\/05\/tamaras-_1747855067589-300x169.jpg 300w, https:\/\/www.correiobraziliense.com.br\/cbradar\/wp-content\/uploads\/2025\/05\/tamaras-_1747855067589-768x432.jpg 768w, https:\/\/www.correiobraziliense.com.br\/cbradar\/wp-content\/uploads\/2025\/05\/tamaras-_1747855067589-750x422.jpg 750w, https:\/\/www.correiobraziliense.com.br\/cbradar\/wp-content\/uploads\/2025\/05\/tamaras-_1747855067589-1140x641.jpg 1140w, https:\/\/www.correiobraziliense.com.br\/cbradar\/wp-content\/uploads\/2025\/05\/tamaras-_1747855067589.jpg 1280w\" sizes=\"(max-width: 1024px) 100vw, 1024px\" \/><figcaption class=\"wp-element-caption\">As t\u00e2maras s\u00e3o conhecidas por seu sabor doce, que se deve \u00e0 sua alta concentra\u00e7\u00e3o de a\u00e7\u00facares naturais &#8211; Cr\u00e9ditos: depositphotos.com \/ igorr1<\/figcaption><\/figure><\/div>\n\n\n<p>Leia tamb\u00e9m:&nbsp;<a href=\"https:\/\/www.correiobraziliense.com.br\/cbradar\/o-verde-digestivo-que-virou-queridinho-das-hortas-por-ser-simples-de-plantar\/\" target=\"_blank\" rel=\"noopener\">O verde digestivo que virou queridinho das hortas por ser simples de plantar<\/a><\/p>\n\n\n\n<h2 class=\"wp-block-heading\">Como a t\u00e2mara ajuda na energia limpa e na sensa\u00e7\u00e3o de saciedade<\/h2>\n\n\n\n<p>A express\u00e3o <strong>t\u00e2mara<\/strong> para energia limpa e saciedade se relaciona \u00e0 forma como esse fruto libera energia no organismo. Os a\u00e7\u00facares naturais presentes na t\u00e2mara, como glicose e frutose, v\u00eam junto com boa quantidade de fibras sol\u00faveis e insol\u00faveis, o que deixa a digest\u00e3o mais lenta.<\/p>\n\n\n\n<p>Isso evita picos bruscos de glicemia e prolonga a sensa\u00e7\u00e3o de est\u00f4mago confort\u00e1vel por mais tempo. Assim, a t\u00e2mara pode ajudar a controlar a fome entre as refei\u00e7\u00f5es e reduzir o impulso por lanches menos nutritivos, especialmente em momentos de cansa\u00e7o ou estresse.<\/p>\n\n\n\n<h2 class=\"wp-block-heading\">Quais s\u00e3o os principais nutrientes e benef\u00edcios da t\u00e2mara para o dia a dia<\/h2>\n\n\n\n<p>A t\u00e2mara \u00e9 considerada uma <strong>fonte<\/strong> de fibras e minerais, al\u00e9m de conter vitaminas do complexo B, pequenas quantidades de prote\u00edna e compostos antioxidantes. As fibras presentes ajudam no tr\u00e2nsito intestinal e na regula\u00e7\u00e3o da absor\u00e7\u00e3o de glicose de forma mais gradual.<\/p>\n\n\n\n<p>J\u00e1 os minerais, como <strong>pot\u00e1ssio<\/strong>, c\u00e1lcio, magn\u00e9sio, ferro e zinco, participam do funcionamento dos m\u00fasculos, da hidrata\u00e7\u00e3o do corpo e do equil\u00edbrio do sistema nervoso. Esse conjunto faz da t\u00e2mara um alimento interessante para quem busca energia constante sem abrir m\u00e3o da qualidade nutricional.<\/p>\n\n\n\n<div style=\"font-family: 'Segoe UI', Tahoma, Geneva, Verdana, sans-serif; max-width: 1000px; margin: 20px auto; border: 2px solid #722f37; border-radius: 30px; overflow: hidden; background-color: #ffffff; box-shadow: 0 4px 15px rgba(114, 47, 55, 0.1);\">\n    <table style=\"width: 100%; border-collapse: collapse; text-align: left; font-size: 14px;\">\n        <thead>\n            <tr style=\"background-color: #722f37;\">\n                <th style=\"padding: 15px; color: #ffffff; border-bottom: 2px solid #f9d8e6; width: 50%;\">Nutriente<\/th>\n                <th style=\"padding: 15px; color: #ffffff; border-bottom: 2px solid #f9d8e6; width: 50%;\">Quantidade (por 100 g de t\u00e2mara seca)<\/th>\n            <\/tr>\n        <\/thead>\n        <tbody>\n            <tr>\n                <td style=\"padding: 12px 15px; border-bottom: 1px solid #ffe3ee; color: #4a4a4a; font-weight: bold;\">Energia<\/td>\n                <td style=\"padding: 12px 15px; border-bottom: 1px solid #ffe3ee; color: #4a4a4a;\">\u2248 280 kcal<\/td>\n            <\/tr>\n            <tr style=\"background-color: #fffafa;\">\n                <td style=\"padding: 12px 15px; border-bottom: 1px solid #ffe3ee; color: #4a4a4a; font-weight: bold;\">Carboidratos totais<\/td>\n                <td style=\"padding: 12px 15px; border-bottom: 1px solid #ffe3ee; color: #4a4a4a;\">\u2248 75 g<\/td>\n            <\/tr>\n            <tr>\n                <td style=\"padding: 12px 15px; border-bottom: 1px solid #ffe3ee; color: #4a4a4a; font-weight: bold;\">A\u00e7\u00facares naturais<\/td>\n                <td style=\"padding: 12px 15px; border-bottom: 1px solid #ffe3ee; color: #4a4a4a;\">\u2248 63\u201366 g<\/td>\n            <\/tr>\n            <tr style=\"background-color: #fffafa;\">\n                <td style=\"padding: 12px 15px; border-bottom: 1px solid #ffe3ee; color: #4a4a4a; font-weight: bold;\">Fibras alimentares<\/td>\n                <td style=\"padding: 12px 15px; border-bottom: 1px solid #ffe3ee; color: #4a4a4a;\">\u2248 7\u20138 g<\/td>\n            <\/tr>\n            <tr>\n                <td style=\"padding: 12px 15px; border-bottom: 1px solid #ffe3ee; color: #4a4a4a; font-weight: bold;\">Prote\u00ednas<\/td>\n                <td style=\"padding: 12px 15px; border-bottom: 1px solid #ffe3ee; color: #4a4a4a;\">\u2248 2 g<\/td>\n            <\/tr>\n            <tr style=\"background-color: #fffafa;\">\n                <td style=\"padding: 12px 15px; border-bottom: 1px solid #ffe3ee; color: #4a4a4a; font-weight: bold;\">Gorduras totais<\/td>\n                <td style=\"padding: 12px 15px; border-bottom: 1px solid #ffe3ee; color: #4a4a4a;\">\u2248 0,4 g<\/td>\n            <\/tr>\n            <tr>\n                <td style=\"padding: 12px 15px; border-bottom: 1px solid #ffe3ee; color: #4a4a4a; font-weight: bold;\">Pot\u00e1ssio<\/td>\n                <td style=\"padding: 12px 15px; border-bottom: 1px solid #ffe3ee; color: #4a4a4a;\">\u2248 650\u2013700 mg<\/td>\n            <\/tr>\n            <tr style=\"background-color: #fffafa;\">\n                <td style=\"padding: 12px 15px; border-bottom: 1px solid #ffe3ee; color: #4a4a4a; font-weight: bold;\">Magn\u00e9sio<\/td>\n                <td style=\"padding: 12px 15px; border-bottom: 1px solid #ffe3ee; color: #4a4a4a;\">\u2248 50\u201355 mg<\/td>\n            <\/tr>\n            <tr>\n                <td style=\"padding: 12px 15px; border-bottom: 1px solid #ffe3ee; color: #4a4a4a; font-weight: bold;\">C\u00e1lcio<\/td>\n                <td style=\"padding: 12px 15px; border-bottom: 1px solid #ffe3ee; color: #4a4a4a;\">\u2248 60\u201365 mg<\/td>\n            <\/tr>\n            <tr style=\"background-color: #fffafa;\">\n                <td style=\"padding: 12px 15px; border-bottom: 1px solid #ffe3ee; color: #4a4a4a; font-weight: bold;\">Ferro<\/td>\n                <td style=\"padding: 12px 15px; border-bottom: 1px solid #ffe3ee; color: #4a4a4a;\">\u2248 1\u20131,5 mg<\/td>\n            <\/tr>\n            <tr>\n                <td style=\"padding: 12px 15px; border-bottom: 1px solid #ffe3ee; color: #4a4a4a; font-weight: bold;\">Zinco<\/td>\n                <td style=\"padding: 12px 15px; border-bottom: 1px solid #ffe3ee; color: #4a4a4a;\">\u2248 0,3\u20130,4 mg<\/td>\n            <\/tr>\n            <tr style=\"background-color: #fffafa;\">\n                <td style=\"padding: 12px 15px; color: #4a4a4a; font-weight: bold;\">Vitamina B6<\/td>\n                <td style=\"padding: 12px 15px; color: #4a4a4a;\">\u2248 0,2 mg<\/td>\n            <\/tr>\n        <\/tbody>\n    <\/table>\n<\/div>\n\n\n\n<p>Esses dados mostram que a t\u00e2mara concentra bastante <strong>energia<\/strong> em pequeno volume, o que requer aten\u00e7\u00e3o \u00e0 quantidade ingerida. Ao mesmo tempo, o teor de fibras, pot\u00e1ssio e outros minerais torna o alimento atrativo para quem quer unir praticidade e nutri\u00e7\u00e3o em um \u00fanico fruto.<\/p>\n\n\n\n<h2 class=\"wp-block-heading\">Como incluir a t\u00e2mara na rotina para obter mais energia e saciedade<\/h2>\n\n\n\n<p>A t\u00e2mara pode ser usada de forma simples no dia a dia, tanto em lanches r\u00e1pidos quanto em receitas mais elaboradas. O fruto inteiro, sem caro\u00e7o, \u00e9 pr\u00e1tico para carregar na bolsa ou na lancheira, funcionando bem como lanche entre refei\u00e7\u00f5es ou antes de atividades f\u00edsicas.<\/p>\n\n\n\n<p>Para ajudar na criatividade na cozinha e facilitar o uso da t\u00e2mara, confira algumas formas comuns de consumo que combinam sabor, praticidade e boa saciedade:<\/p>\n\n\n\n<ul class=\"wp-block-list\">\n<li><strong>Lanches r\u00e1pidos:<\/strong> combina\u00e7\u00e3o de t\u00e2maras com oleaginosas (castanhas, nozes, am\u00eandoas) para aumentar a saciedade.<\/li>\n\n\n\n<li><strong>Vitaminas e shakes:<\/strong> uso da t\u00e2mara batida com leite ou bebidas vegetais, frutas e aveia.<\/li>\n\n\n\n<li><strong>Receitas doces:<\/strong> base de tortas, trufas e bolos ado\u00e7ados com t\u00e2mara no lugar do a\u00e7\u00facar branco.<\/li>\n\n\n\n<li><strong>Pastas e cremes:<\/strong> pasta de t\u00e2mara para passar em p\u00e3es e torradas, misturada a manteiga de amendoim ou de castanhas.<\/li>\n<\/ul>\n\n\n\n<p>Se voc\u00ea gosta de ouvir opini\u00e3o de especialistas, separamos esse v\u00eddeo da <a href=\"https:\/\/www.youtube.com\/@NutricionistaPatriciaLeite\" target=\"_blank\" rel=\"noreferrer noopener\">Nutricionista Patricia Leite<\/a> falando sobre os benef\u00edcios da t\u00e2mara: <\/p>\n\n\n\n<figure class=\"wp-block-embed is-type-video is-provider-youtube wp-block-embed-youtube wp-embed-aspect-16-9 wp-has-aspect-ratio\"><div class=\"wp-block-embed__wrapper\">\n<div class=\"jeg_video_container jeg_video_content\"><iframe loading=\"lazy\" title=\"Olha O QUE ACONTECE quando voc\u00ea come T\u00c2MARA - Benef\u00edcios, Como Comer Certo e Cuidados\" width=\"500\" height=\"281\" src=\"https:\/\/www.youtube.com\/embed\/UR3BFNVOFDg?feature=oembed\" frameborder=\"0\" allow=\"accelerometer; autoplay; clipboard-write; encrypted-media; gyroscope; picture-in-picture; web-share\" referrerpolicy=\"strict-origin-when-cross-origin\" allowfullscreen><\/iframe><\/div>\n<\/div><\/figure>\n\n\n\n<h2 class=\"wp-block-heading\">Quais cuidados s\u00e3o importantes ao consumir t\u00e2mara no dia a dia<\/h2>\n\n\n\n<p>Apesar de ser um alimento natural, a t\u00e2mara \u00e9 densa em calorias e em <strong>carboidratos<\/strong>, por isso a modera\u00e7\u00e3o \u00e9 fundamental. Em situa\u00e7\u00f5es espec\u00edficas, como diabetes ou estrat\u00e9gias de controle de peso, \u00e9 comum que o consumo seja ajustado com acompanhamento profissional.<\/p>\n\n\n\n<p>Tamb\u00e9m vale ficar atento aos r\u00f3tulos, pois algumas vers\u00f5es industrializadas trazem adi\u00e7\u00e3o de xarope de glicose ou outros a\u00e7\u00facares. Para aproveitar melhor os benef\u00edcios da t\u00e2mara, vale combin\u00e1-la com fontes de gordura boa e prote\u00edna, prolongando a sensa\u00e7\u00e3o de saciedade sem exagerar nas quantidades.<\/p>\n","protected":false},"excerpt":{"rendered":"<p>Quem nunca sentiu aquela queda de energia no meio da tarde e correu atr\u00e1s de um doce para resolver o problema na hora? A t\u00e2mara surge justamente como uma forma mais natural e equilibrada de matar a vontade de a\u00e7\u00facar, ao mesmo tempo em que ajuda a manter a disposi\u00e7\u00e3o por mais tempo. Por que [&hellip;]<\/p>\n","protected":false},"author":9,"featured_media":141198,"comment_status":"open","ping_status":"open","sticky":false,"template":"","format":"standard","meta":{"_yoast_wpseo_focuskw":"benef\u00edcios da t\u00e2mara","_yoast_wpseo_title":"","_yoast_wpseo_metadesc":"Doce natural que oferece energia gradual, reduz a fome entre refei\u00e7\u00f5es e ajuda a controlar a vontade de a\u00e7\u00facar no dia a dia.","jnews-multi-image_gallery":[],"jnews_single_post":{"format":"standard"},"jnews_primary_category":[],"jnews_social_meta":[],"jnews_override_counter":[],"footnotes":""},"categories":[119,4404],"tags":[12324,11096,1851],"class_list":["post-180625","post","type-post","status-publish","format-standard","has-post-thumbnail","hentry","category-bem-estar","category-saude","tag-beneficios-das-tamaras","tag-saciedade","tag-tamara"],"yoast_head":"<!-- This site is optimized with the Yoast SEO plugin v24.6 - https:\/\/yoast.com\/wordpress\/plugins\/seo\/ -->\n<title>O alimento que substitui o a\u00e7\u00facar e ajuda a controlar a fome ao longo do dia - Correio Braziliense - Radar<\/title>\n<meta name=\"description\" content=\"Doce natural que oferece energia gradual, reduz a fome entre refei\u00e7\u00f5es e ajuda a controlar a vontade de a\u00e7\u00facar no dia a dia.\" \/>\n<meta name=\"robots\" content=\"index, follow, max-snippet:-1, max-image-preview:large, max-video-preview:-1\" \/>\n<link rel=\"canonical\" href=\"https:\/\/www.correiobraziliense.com.br\/cbradar\/o-alimento-que-substitui-o-acucar-e-ajuda-a-controlar-a-fome-ao-longo-do-dia\/\" \/>\n<meta property=\"og:locale\" content=\"pt_BR\" \/>\n<meta property=\"og:type\" content=\"article\" \/>\n<meta property=\"og:title\" content=\"O alimento que substitui o a\u00e7\u00facar e ajuda a controlar a fome ao longo do dia - Correio Braziliense - Radar\" \/>\n<meta property=\"og:description\" content=\"Doce natural que oferece energia gradual, reduz a fome entre refei\u00e7\u00f5es e ajuda a controlar a vontade de a\u00e7\u00facar no dia a dia.\" \/>\n<meta property=\"og:url\" content=\"https:\/\/www.correiobraziliense.com.br\/cbradar\/o-alimento-que-substitui-o-acucar-e-ajuda-a-controlar-a-fome-ao-longo-do-dia\/\" \/>\n<meta property=\"og:site_name\" content=\"Correio Braziliense - Radar\" \/>\n<meta property=\"article:published_time\" content=\"2026-01-25T10:05:28+00:00\" \/>\n<meta property=\"og:image\" content=\"https:\/\/www.correiobraziliense.com.br\/cbradar\/wp-content\/uploads\/2025\/11\/Design-sem-nome-69.png\" \/>\n\t<meta property=\"og:image:width\" content=\"1280\" \/>\n\t<meta property=\"og:image:height\" content=\"720\" \/>\n\t<meta property=\"og:image:type\" content=\"image\/png\" \/>\n<meta name=\"author\" content=\"Daniely Cardoso\" \/>\n<meta name=\"twitter:card\" content=\"summary_large_image\" \/>\n<meta name=\"twitter:label1\" content=\"Escrito por\" \/>\n\t<meta name=\"twitter:data1\" content=\"Daniely Cardoso\" \/>\n\t<meta name=\"twitter:label2\" content=\"Est. tempo de leitura\" \/>\n\t<meta name=\"twitter:data2\" content=\"5 minutos\" \/>\n<!-- \/ Yoast SEO plugin. -->","yoast_head_json":{"title":"O alimento que substitui o a\u00e7\u00facar e ajuda a controlar a fome ao longo do dia - Correio Braziliense - Radar","description":"Doce natural que oferece energia gradual, reduz a fome entre refei\u00e7\u00f5es e ajuda a controlar a vontade de a\u00e7\u00facar no dia a dia.","robots":{"index":"index","follow":"follow","max-snippet":"max-snippet:-1","max-image-preview":"max-image-preview:large","max-video-preview":"max-video-preview:-1"},"canonical":"https:\/\/www.correiobraziliense.com.br\/cbradar\/o-alimento-que-substitui-o-acucar-e-ajuda-a-controlar-a-fome-ao-longo-do-dia\/","og_locale":"pt_BR","og_type":"article","og_title":"O alimento que substitui o a\u00e7\u00facar e ajuda a controlar a fome ao longo do dia - Correio Braziliense - Radar","og_description":"Doce natural que oferece energia gradual, reduz a fome entre refei\u00e7\u00f5es e ajuda a controlar a vontade de a\u00e7\u00facar no dia a dia.","og_url":"https:\/\/www.correiobraziliense.com.br\/cbradar\/o-alimento-que-substitui-o-acucar-e-ajuda-a-controlar-a-fome-ao-longo-do-dia\/","og_site_name":"Correio Braziliense - Radar","article_published_time":"2026-01-25T10:05:28+00:00","og_image":[{"width":1280,"height":720,"url":"https:\/\/www.correiobraziliense.com.br\/cbradar\/wp-content\/uploads\/2025\/11\/Design-sem-nome-69.png","type":"image\/png"}],"author":"Daniely Cardoso","twitter_card":"summary_large_image","twitter_misc":{"Escrito por":"Daniely Cardoso","Est. tempo de leitura":"5 minutos"},"schema":{"@context":"https:\/\/schema.org","@graph":[{"@type":"WebPage","@id":"https:\/\/www.correiobraziliense.com.br\/cbradar\/o-alimento-que-substitui-o-acucar-e-ajuda-a-controlar-a-fome-ao-longo-do-dia\/","url":"https:\/\/www.correiobraziliense.com.br\/cbradar\/o-alimento-que-substitui-o-acucar-e-ajuda-a-controlar-a-fome-ao-longo-do-dia\/","name":"O alimento que substitui o a\u00e7\u00facar e ajuda a controlar a fome ao longo do dia - Correio Braziliense - Radar","isPartOf":{"@id":"https:\/\/www.correiobraziliense.com.br\/cbradar\/#website"},"primaryImageOfPage":{"@id":"https:\/\/www.correiobraziliense.com.br\/cbradar\/o-alimento-que-substitui-o-acucar-e-ajuda-a-controlar-a-fome-ao-longo-do-dia\/#primaryimage"},"image":{"@id":"https:\/\/www.correiobraziliense.com.br\/cbradar\/o-alimento-que-substitui-o-acucar-e-ajuda-a-controlar-a-fome-ao-longo-do-dia\/#primaryimage"},"thumbnailUrl":"https:\/\/www.correiobraziliense.com.br\/cbradar\/wp-content\/uploads\/2025\/11\/Design-sem-nome-69.png","datePublished":"2026-01-25T10:05:28+00:00","author":{"@id":"https:\/\/www.correiobraziliense.com.br\/cbradar\/#\/schema\/person\/7356666e12ec0ee53f348ee5db227032"},"description":"Doce natural que oferece energia gradual, reduz a fome entre refei\u00e7\u00f5es e ajuda a controlar a vontade de a\u00e7\u00facar no dia a dia.","breadcrumb":{"@id":"https:\/\/www.correiobraziliense.com.br\/cbradar\/o-alimento-que-substitui-o-acucar-e-ajuda-a-controlar-a-fome-ao-longo-do-dia\/#breadcrumb"},"inLanguage":"pt-BR","potentialAction":[{"@type":"ReadAction","target":["https:\/\/www.correiobraziliense.com.br\/cbradar\/o-alimento-que-substitui-o-acucar-e-ajuda-a-controlar-a-fome-ao-longo-do-dia\/"]}]},{"@type":"ImageObject","inLanguage":"pt-BR","@id":"https:\/\/www.correiobraziliense.com.br\/cbradar\/o-alimento-que-substitui-o-acucar-e-ajuda-a-controlar-a-fome-ao-longo-do-dia\/#primaryimage","url":"https:\/\/www.correiobraziliense.com.br\/cbradar\/wp-content\/uploads\/2025\/11\/Design-sem-nome-69.png","contentUrl":"https:\/\/www.correiobraziliense.com.br\/cbradar\/wp-content\/uploads\/2025\/11\/Design-sem-nome-69.png","width":1280,"height":720,"caption":"A presen\u00e7a significativa de fibras nas t\u00e2maras, especialmente as sol\u00faveis, prolonga a sensa\u00e7\u00e3o de saciedade"},{"@type":"BreadcrumbList","@id":"https:\/\/www.correiobraziliense.com.br\/cbradar\/o-alimento-que-substitui-o-acucar-e-ajuda-a-controlar-a-fome-ao-longo-do-dia\/#breadcrumb","itemListElement":[{"@type":"ListItem","position":1,"name":"In\u00edcio","item":"https:\/\/www.correiobraziliense.com.br\/cbradar\/"},{"@type":"ListItem","position":2,"name":"O alimento que substitui o a\u00e7\u00facar e ajuda a controlar a fome ao longo do dia"}]},{"@type":"WebSite","@id":"https:\/\/www.correiobraziliense.com.br\/cbradar\/#website","url":"https:\/\/www.correiobraziliense.com.br\/cbradar\/","name":"Correio Braziliense - Radar","description":"Acompanhe as \u00faltimas not\u00edcias e fique bem informado sobre tudo o que acontece no Brasil e no mundo.","potentialAction":[{"@type":"SearchAction","target":{"@type":"EntryPoint","urlTemplate":"https:\/\/www.correiobraziliense.com.br\/cbradar\/?s={search_term_string}"},"query-input":{"@type":"PropertyValueSpecification","valueRequired":true,"valueName":"search_term_string"}}],"inLanguage":"pt-BR"},{"@type":"Person","@id":"https:\/\/www.correiobraziliense.com.br\/cbradar\/#\/schema\/person\/7356666e12ec0ee53f348ee5db227032","name":"Daniely Cardoso","image":{"@type":"ImageObject","inLanguage":"pt-BR","@id":"https:\/\/www.correiobraziliense.com.br\/cbradar\/#\/schema\/person\/image\/","url":"https:\/\/secure.gravatar.com\/avatar\/4b80ddbd124d1f071b626d52d62e5dff?s=96&d=mm&r=g","contentUrl":"https:\/\/secure.gravatar.com\/avatar\/4b80ddbd124d1f071b626d52d62e5dff?s=96&d=mm&r=g","caption":"Daniely Cardoso"},"description":"Redatora nos portais CB Radar e EM Foco, formada pela Universidade Federal de Goi\u00e1s, em Goi\u00e2nia. Apaixonada por comunica\u00e7\u00e3o, arte, decora\u00e7\u00e3o e tend\u00eancias, atuo na produ\u00e7\u00e3o de conte\u00fados envolventes sobre curiosidades, moda, beleza e paisagismo, sempre com um olhar atento \u00e0s novidades do momento.","sameAs":["https:\/\/www.correiobraziliense.com.br\/cbradar"],"url":"https:\/\/www.correiobraziliense.com.br\/cbradar\/author\/danielymyth\/"}]}},"_links":{"self":[{"href":"https:\/\/www.correiobraziliense.com.br\/cbradar\/wp-json\/wp\/v2\/posts\/180625","targetHints":{"allow":["GET"]}}],"collection":[{"href":"https:\/\/www.correiobraziliense.com.br\/cbradar\/wp-json\/wp\/v2\/posts"}],"about":[{"href":"https:\/\/www.correiobraziliense.com.br\/cbradar\/wp-json\/wp\/v2\/types\/post"}],"author":[{"embeddable":true,"href":"https:\/\/www.correiobraziliense.com.br\/cbradar\/wp-json\/wp\/v2\/users\/9"}],"replies":[{"embeddable":true,"href":"https:\/\/www.correiobraziliense.com.br\/cbradar\/wp-json\/wp\/v2\/comments?post=180625"}],"version-history":[{"count":3,"href":"https:\/\/www.correiobraziliense.com.br\/cbradar\/wp-json\/wp\/v2\/posts\/180625\/revisions"}],"predecessor-version":[{"id":180716,"href":"https:\/\/www.correiobraziliense.com.br\/cbradar\/wp-json\/wp\/v2\/posts\/180625\/revisions\/180716"}],"wp:featuredmedia":[{"embeddable":true,"href":"https:\/\/www.correiobraziliense.com.br\/cbradar\/wp-json\/wp\/v2\/media\/141198"}],"wp:attachment":[{"href":"https:\/\/www.correiobraziliense.com.br\/cbradar\/wp-json\/wp\/v2\/media?parent=180625"}],"wp:term":[{"taxonomy":"category","embeddable":true,"href":"https:\/\/www.correiobraziliense.com.br\/cbradar\/wp-json\/wp\/v2\/categories?post=180625"},{"taxonomy":"post_tag","embeddable":true,"href":"https:\/\/www.correiobraziliense.com.br\/cbradar\/wp-json\/wp\/v2\/tags?post=180625"}],"curies":[{"name":"wp","href":"https:\/\/api.w.org\/{rel}","templated":true}]}}