{"id":180626,"date":"2026-01-25T10:45:38","date_gmt":"2026-01-25T13:45:38","guid":{"rendered":"https:\/\/www.correiobraziliense.com.br\/cbradar\/?p=180626"},"modified":"2026-01-24T12:17:44","modified_gmt":"2026-01-24T15:17:44","slug":"o-alimento-do-dia-a-dia-que-ajuda-o-intestino-a-funcionar-sem-esforco","status":"publish","type":"post","link":"https:\/\/www.correiobraziliense.com.br\/cbradar\/o-alimento-do-dia-a-dia-que-ajuda-o-intestino-a-funcionar-sem-esforco\/","title":{"rendered":"O alimento do dia a dia que ajuda o intestino a funcionar sem esfor\u00e7o"},"content":{"rendered":"\n<p>Quem nunca ouviu algu\u00e9m dizer que come\u00e7ou a comer mais <strong>pera<\/strong> para \u201csoltar o intestino\u201d? Esse h\u00e1bito \u00e9 comum em muitas fam\u00edlias e faz sentido: a fruta \u00e9 conhecida por ajudar no bom funcionamento do intestino, principalmente por causa da alta presen\u00e7a de <strong>fibras sol\u00faveis<\/strong>, sendo uma aliada simples e acess\u00edvel para quem quer cuidar melhor da digest\u00e3o no dia a dia.<\/p>\n\n\n\n<h2 class=\"wp-block-heading\">Por que a pera \u00e9 t\u00e3o interessante para a sa\u00fade digestiva<\/h2>\n\n\n\n<p>Ao mesmo tempo, a pera se destaca por trazer \u00e1gua, vitaminas e minerais que contribuem para o metabolismo geral do organismo. Consumida com casca, tende a fornecer uma combina\u00e7\u00e3o interessante de fibras sol\u00faveis e insol\u00faveis, o que pode potencializar o efeito de limpeza intestinal.<\/p>\n\n\n\n<p>Por isso, costuma ser indicada em card\u00e1pios voltados \u00e0 sa\u00fade digestiva, ao controle do peso e \u00e0 preven\u00e7\u00e3o de desconfortos como constipa\u00e7\u00e3o leve. Inserida em uma rotina alimentar mais natural, a pera ajuda a manter o intestino \u201cem movimento\u201d de forma suave e gradual.<\/p>\n\n\n<div class=\"wp-block-image\">\n<figure class=\"aligncenter size-large\"><img decoding=\"async\" width=\"1024\" height=\"576\" src=\"https:\/\/www.correiobraziliense.com.br\/cbradar\/wp-content\/uploads\/2025\/12\/Pyrus-communis_1765455980710-1024x576.jpg\" alt=\"\" class=\"wp-image-154336\" srcset=\"https:\/\/www.correiobraziliense.com.br\/cbradar\/wp-content\/uploads\/2025\/12\/Pyrus-communis_1765455980710-1024x576.jpg 1024w, https:\/\/www.correiobraziliense.com.br\/cbradar\/wp-content\/uploads\/2025\/12\/Pyrus-communis_1765455980710-300x169.jpg 300w, https:\/\/www.correiobraziliense.com.br\/cbradar\/wp-content\/uploads\/2025\/12\/Pyrus-communis_1765455980710-768x432.jpg 768w, https:\/\/www.correiobraziliense.com.br\/cbradar\/wp-content\/uploads\/2025\/12\/Pyrus-communis_1765455980710-750x422.jpg 750w, https:\/\/www.correiobraziliense.com.br\/cbradar\/wp-content\/uploads\/2025\/12\/Pyrus-communis_1765455980710-1140x641.jpg 1140w, https:\/\/www.correiobraziliense.com.br\/cbradar\/wp-content\/uploads\/2025\/12\/Pyrus-communis_1765455980710.jpg 1280w\" sizes=\"(max-width: 1024px) 100vw, 1024px\" \/><figcaption class=\"wp-element-caption\">A pera \u00e9 uma das frutas com maior teor de fibras diet\u00e9ticas, sendo especialmente rica em pectina &#8211; Cr\u00e9ditos: depositphotos.com \/ neillangan<\/figcaption><\/figure><\/div>\n\n\n<p>Leia tamb\u00e9m:&nbsp;<a href=\"https:\/\/www.correiobraziliense.com.br\/cbradar\/o-verde-digestivo-que-virou-queridinho-das-hortas-por-ser-simples-de-plantar\/\" target=\"_blank\" rel=\"noopener\">O verde digestivo que virou queridinho das hortas por ser simples de plantar<\/a><\/p>\n\n\n\n<h2 class=\"wp-block-heading\">Como a pera ajuda a regular o intestino de forma natural<\/h2>\n\n\n\n<p>O papel da pera na regula\u00e7\u00e3o intestinal est\u00e1 diretamente ligado \u00e0 quantidade de <strong>fibras alimentares<\/strong>, com destaque para a <em>pectina<\/em>, um tipo de fibra sol\u00favel. Em contato com a \u00e1gua presente no intestino, essa subst\u00e2ncia forma um gel viscoso que aumenta o volume do bolo fecal e deixa as fezes mais macias.<\/p>\n\n\n\n<p>Esse processo facilita a evacua\u00e7\u00e3o e ajuda a manter um ritmo intestinal mais est\u00e1vel ao longo dos dias. Em muitas pessoas, comer pera regularmente, junto com \u00e1gua, j\u00e1 traz al\u00edvio de forma simples, sem necessidade de grandes mudan\u00e7as na rotina.<\/p>\n\n\n\n<h2 class=\"wp-block-heading\">Como as fibras da pera se relacionam com a microbiota intestinal<\/h2>\n\n\n\n<p>Al\u00e9m disso, parte dessas fibras sol\u00faveis chega intacta ao intestino grosso, onde serve de substrato para bact\u00e9rias ben\u00e9ficas da microbiota. Essa fermenta\u00e7\u00e3o pode favorecer um ambiente intestinal mais equilibrado, o que tende a colaborar com a redu\u00e7\u00e3o de epis\u00f3dios de pris\u00e3o de ventre.<\/p>\n\n\n\n<p>O consumo regular da fruta, dentro de uma alimenta\u00e7\u00e3o variada, \u00e9 visto como uma estrat\u00e9gia simples para melhorar o h\u00e1bito intestinal. Em combina\u00e7\u00e3o com outros alimentos ricos em fibras, a pera ajuda a nutrir essas bact\u00e9rias \u201cdo bem\u201d, que t\u00eam papel importante em todo o sistema digestivo. Se voc\u00ea gosta de ouvir especialistas, separamos esse v\u00eddeo da <a href=\"https:\/\/www.youtube.com\/@NutricionistaPatriciaLeite\" target=\"_blank\" rel=\"noreferrer noopener\">Nutricionista Patricia Leite<\/a> mostrando os benef\u00edcios da pera:<\/p>\n\n\n\n<figure class=\"wp-block-embed is-type-video is-provider-youtube wp-block-embed-youtube wp-embed-aspect-16-9 wp-has-aspect-ratio\"><div class=\"wp-block-embed__wrapper\">\n<div class=\"jeg_video_container jeg_video_content\"><iframe loading=\"lazy\" title=\"Benef\u00edcios da Pera - Para Que Serve? Solta o Intestino? Melhor que Ma\u00e7\u00e3? [DICAS]\" width=\"500\" height=\"281\" src=\"https:\/\/www.youtube.com\/embed\/m2Vi4qFhU0k?feature=oembed\" frameborder=\"0\" allow=\"accelerometer; autoplay; clipboard-write; encrypted-media; gyroscope; picture-in-picture; web-share\" referrerpolicy=\"strict-origin-when-cross-origin\" allowfullscreen><\/iframe><\/div>\n<\/div><\/figure>\n\n\n\n<h2 class=\"wp-block-heading\">Quais s\u00e3o os principais benef\u00edcios das fibras sol\u00faveis da pera<\/h2>\n\n\n\n<p>As <strong>fibras sol\u00faveis<\/strong> da pera participam de diferentes processos no organismo, n\u00e3o apenas ligados ao intestino. No sistema digestivo, contribuem para diversos efeitos positivos pr\u00e1ticos no dia a dia, especialmente quando a fruta \u00e9 consumida com certa regularidade.<\/p>\n\n\n\n<ul class=\"wp-block-list\">\n<li>Aumentar a sensa\u00e7\u00e3o de saciedade, o que pode auxiliar em planos de controle de peso.<\/li>\n\n\n\n<li>Regular a consist\u00eancia das fezes, evitando tanto a constipa\u00e7\u00e3o quanto as altera\u00e7\u00f5es bruscas do h\u00e1bito intestinal.<\/li>\n\n\n\n<li>Atuar como prebi\u00f3tico, servindo de alimento para bact\u00e9rias ben\u00e9ficas do intestino.<\/li>\n<\/ul>\n\n\n\n<h2 class=\"wp-block-heading\">Como as fibras da pera podem influenciar glicose e colesterol<\/h2>\n\n\n\n<p>H\u00e1 ainda outros efeitos associados ao consumo rotineiro de fibras sol\u00faveis, como a poss\u00edvel ajuda no controle de n\u00edveis de glicose e colesterol sangu\u00edneo dentro de estrat\u00e9gias nutricionais mais amplas. Esse ponto \u00e9 especialmente interessante para quem j\u00e1 acompanha a sa\u00fade com um profissional.<\/p>\n\n\n\n<p>Essa atua\u00e7\u00e3o m\u00faltipla torna a pera um alimento bastante vers\u00e1til na alimenta\u00e7\u00e3o di\u00e1ria. Para aproveitar ao m\u00e1ximo esse potencial, costuma-se recomendar o consumo da fruta fresca, de prefer\u00eancia com casca bem higienizada, respeitando sempre a orienta\u00e7\u00e3o de um nutricionista ou m\u00e9dico de confian\u00e7a.<\/p>\n\n\n\n<h2 class=\"wp-block-heading\">Qual a tabela nutricional aproximada da pera com casca<\/h2>\n\n\n\n<p>A tabela a seguir apresenta valores m\u00e9dios estimados para uma pera m\u00e9dia, com cerca de 100 g. Os n\u00fameros podem variar de acordo com o tamanho da fruta, variedade e condi\u00e7\u00f5es de cultivo, mas servem como refer\u00eancia geral para entender o aporte de nutrientes e, em especial, de fibras sol\u00faveis e totais.<\/p>\n\n\n\n<div style=\"font-family: 'Segoe UI', Tahoma, Geneva, Verdana, sans-serif; max-width: 1000px; margin: 20px auto; border: 2px solid #722f37; border-radius: 30px; overflow: hidden; background-color: #ffffff; box-shadow: 0 4px 15px rgba(114, 47, 55, 0.1);\">\n    <table style=\"width: 100%; border-collapse: collapse; text-align: left; font-size: 14px;\">\n        <thead>\n            <tr style=\"background-color: #722f37;\">\n                <th style=\"padding: 15px; color: #ffffff; border-bottom: 2px solid #f9d8e6; width: 50%;\">Componente<\/th>\n                <th style=\"padding: 15px; color: #ffffff; border-bottom: 2px solid #f9d8e6; width: 50%;\">Quantidade por 100 g<\/th>\n            <\/tr>\n        <\/thead>\n        <tbody>\n            <tr>\n                <td style=\"padding: 12px 15px; border-bottom: 1px solid #ffe3ee; color: #4a4a4a; font-weight: bold;\">Energia<\/td>\n                <td style=\"padding: 12px 15px; border-bottom: 1px solid #ffe3ee; color: #4a4a4a;\">\u2248 57 kcal<\/td>\n            <\/tr>\n            <tr style=\"background-color: #fffafa;\">\n                <td style=\"padding: 12px 15px; border-bottom: 1px solid #ffe3ee; color: #4a4a4a; font-weight: bold;\">Carboidratos totais<\/td>\n                <td style=\"padding: 12px 15px; border-bottom: 1px solid #ffe3ee; color: #4a4a4a;\">\u2248 15 g<\/td>\n            <\/tr>\n            <tr>\n                <td style=\"padding: 12px 15px; border-bottom: 1px solid #ffe3ee; color: #4a4a4a; font-weight: bold;\">A\u00e7\u00facares naturais<\/td>\n                <td style=\"padding: 12px 15px; border-bottom: 1px solid #ffe3ee; color: #4a4a4a;\">\u2248 9\u201310 g<\/td>\n            <\/tr>\n            <tr style=\"background-color: #fffafa;\">\n                <td style=\"padding: 12px 15px; border-bottom: 1px solid #ffe3ee; color: #4a4a4a; font-weight: bold;\">Prote\u00ednas<\/td>\n                <td style=\"padding: 12px 15px; border-bottom: 1px solid #ffe3ee; color: #4a4a4a;\">\u2248 0,3 g<\/td>\n            <\/tr>\n            <tr>\n                <td style=\"padding: 12px 15px; border-bottom: 1px solid #ffe3ee; color: #4a4a4a; font-weight: bold;\">Gorduras totais<\/td>\n                <td style=\"padding: 12px 15px; border-bottom: 1px solid #ffe3ee; color: #4a4a4a;\">\u2248 0,1 g<\/td>\n            <\/tr>\n            <tr style=\"background-color: #fffafa;\">\n                <td style=\"padding: 12px 15px; border-bottom: 1px solid #ffe3ee; color: #4a4a4a; font-weight: bold;\">Fibras totais<\/td>\n                <td style=\"padding: 12px 15px; border-bottom: 1px solid #ffe3ee; color: #4a4a4a;\">\u2248 3,0\u20133,5 g<\/td>\n            <\/tr>\n            <tr>\n                <td style=\"padding: 12px 15px; border-bottom: 1px solid #ffe3ee; color: #4a4a4a; font-weight: bold;\">Fibras sol\u00faveis (principalmente pectina)<\/td>\n                <td style=\"padding: 12px 15px; border-bottom: 1px solid #ffe3ee; color: #4a4a4a;\">\u2248 1,0\u20131,5 g<\/td>\n            <\/tr>\n            <tr style=\"background-color: #fffafa;\">\n                <td style=\"padding: 12px 15px; border-bottom: 1px solid #ffe3ee; color: #4a4a4a; font-weight: bold;\">\u00c1gua<\/td>\n                <td style=\"padding: 12px 15px; border-bottom: 1px solid #ffe3ee; color: #4a4a4a;\">\u2248 84 g<\/td>\n            <\/tr>\n            <tr>\n                <td style=\"padding: 12px 15px; border-bottom: 1px solid #ffe3ee; color: #4a4a4a; font-weight: bold;\">Vitamina C<\/td>\n                <td style=\"padding: 12px 15px; border-bottom: 1px solid #ffe3ee; color: #4a4a4a;\">\u2248 4\u20135 mg<\/td>\n            <\/tr>\n            <tr style=\"background-color: #fffafa;\">\n                <td style=\"padding: 12px 15px; color: #4a4a4a; font-weight: bold;\">Pot\u00e1ssio<\/td>\n                <td style=\"padding: 12px 15px; color: #4a4a4a;\">\u2248 115\u2013120 mg<\/td>\n            <\/tr>\n        <\/tbody>\n    <\/table>\n<\/div>\n\n\n\n<p>Com essas caracter\u00edsticas, a pera aparece como um alimento simples, acess\u00edvel e que pode fortalecer a ingest\u00e3o di\u00e1ria de fibras sol\u00faveis. Inserida de forma constante em uma alimenta\u00e7\u00e3o variada, contribui para o equil\u00edbrio do intestino, favorece a elimina\u00e7\u00e3o de res\u00edduos e apoia rotinas voltadas \u00e0 manuten\u00e7\u00e3o da sa\u00fade digestiva ao longo do tempo.<\/p>\n","protected":false},"excerpt":{"rendered":"<p>Quem nunca ouviu algu\u00e9m dizer que come\u00e7ou a comer mais pera para \u201csoltar o intestino\u201d? Esse h\u00e1bito \u00e9 comum em muitas fam\u00edlias e faz sentido: a fruta \u00e9 conhecida por ajudar no bom funcionamento do intestino, principalmente por causa da alta presen\u00e7a de fibras sol\u00faveis, sendo uma aliada simples e acess\u00edvel para quem quer cuidar [&hellip;]<\/p>\n","protected":false},"author":9,"featured_media":180729,"comment_status":"open","ping_status":"open","sticky":false,"template":"","format":"standard","meta":{"_yoast_wpseo_focuskw":"fruta pera","_yoast_wpseo_title":"","_yoast_wpseo_metadesc":"Rico em fibras e \u00e1gua, esse alimento ajuda a melhorar o tr\u00e2nsito intestinal, nutrir a microbiota e aliviar desconfortos da digest\u00e3o.","jnews-multi-image_gallery":[],"jnews_single_post":{"format":"standard","override":[{"template":"2","parallax":"1","fullscreen":"1","layout":"right-sidebar","sidebar":"default-sidebar","second_sidebar":"default-sidebar","sticky_sidebar":"1","share_position":"topbottom","share_float_style":"share-monocrhome","show_featured":"1","show_post_meta":"1","show_post_author":"1","show_post_date":"1","post_date_format":"custom","post_date_format_custom":"d\/m\/Y","show_post_category":"1","show_post_reading_time":"0","post_reading_time_wpm":"300","post_calculate_word_method":"str_word_count","show_zoom_button":"0","zoom_button_out_step":"2","zoom_button_in_step":"3","show_post_tag":"1","show_comment_section":"1","number_popup_post":"3","show_inline_post_related":"1"}],"image_override":[{"single_post_thumbnail_size":"crop-500","single_post_gallery_size":"crop-500"}],"trending_post_position":"meta","trending_post_label":"Trending","sponsored_post_label":"Sponsored by","disable_ad":"0"},"jnews_primary_category":[],"jnews_social_meta":[],"jnews_override_counter":{"view_counter_number":"0","share_counter_number":"0","like_counter_number":"0","dislike_counter_number":"0"},"footnotes":""},"categories":[119,4404],"tags":[3051,1422,2766,565],"class_list":["post-180626","post","type-post","status-publish","format-standard","has-post-thumbnail","hentry","category-bem-estar","category-saude","tag-digestao","tag-intestino","tag-pera","tag-saude"],"yoast_head":"<!-- This site is optimized with the Yoast SEO plugin v24.6 - https:\/\/yoast.com\/wordpress\/plugins\/seo\/ -->\n<title>O alimento do dia a dia que ajuda o intestino a funcionar sem esfor\u00e7o - Correio Braziliense - Radar<\/title>\n<meta name=\"description\" content=\"Rico em fibras e \u00e1gua, esse alimento ajuda a melhorar o tr\u00e2nsito intestinal, nutrir a microbiota e aliviar desconfortos da digest\u00e3o.\" \/>\n<meta name=\"robots\" content=\"index, follow, max-snippet:-1, max-image-preview:large, max-video-preview:-1\" \/>\n<link rel=\"canonical\" href=\"https:\/\/www.correiobraziliense.com.br\/cbradar\/o-alimento-do-dia-a-dia-que-ajuda-o-intestino-a-funcionar-sem-esforco\/\" \/>\n<meta property=\"og:locale\" content=\"pt_BR\" \/>\n<meta property=\"og:type\" content=\"article\" \/>\n<meta property=\"og:title\" content=\"O alimento do dia a dia que ajuda o intestino a funcionar sem esfor\u00e7o - Correio Braziliense - Radar\" \/>\n<meta property=\"og:description\" content=\"Rico em fibras e \u00e1gua, esse alimento ajuda a melhorar o tr\u00e2nsito intestinal, nutrir a microbiota e aliviar desconfortos da digest\u00e3o.\" \/>\n<meta property=\"og:url\" content=\"https:\/\/www.correiobraziliense.com.br\/cbradar\/o-alimento-do-dia-a-dia-que-ajuda-o-intestino-a-funcionar-sem-esforco\/\" \/>\n<meta property=\"og:site_name\" content=\"Correio Braziliense - Radar\" \/>\n<meta property=\"article:published_time\" content=\"2026-01-25T13:45:38+00:00\" \/>\n<meta property=\"og:image\" content=\"https:\/\/www.correiobraziliense.com.br\/cbradar\/wp-content\/uploads\/2026\/01\/Gemini_Generated_Image_a4abzwa4abzwa4ab-1.png\" \/>\n\t<meta property=\"og:image:width\" content=\"1280\" \/>\n\t<meta property=\"og:image:height\" content=\"720\" \/>\n\t<meta property=\"og:image:type\" content=\"image\/png\" \/>\n<meta name=\"author\" content=\"Daniely Cardoso\" \/>\n<meta name=\"twitter:card\" content=\"summary_large_image\" \/>\n<meta name=\"twitter:label1\" content=\"Escrito por\" \/>\n\t<meta name=\"twitter:data1\" content=\"Daniely Cardoso\" \/>\n\t<meta name=\"twitter:label2\" content=\"Est. tempo de leitura\" \/>\n\t<meta name=\"twitter:data2\" content=\"5 minutos\" \/>\n<!-- \/ Yoast SEO plugin. -->","yoast_head_json":{"title":"O alimento do dia a dia que ajuda o intestino a funcionar sem esfor\u00e7o - Correio Braziliense - Radar","description":"Rico em fibras e \u00e1gua, esse alimento ajuda a melhorar o tr\u00e2nsito intestinal, nutrir a microbiota e aliviar desconfortos da digest\u00e3o.","robots":{"index":"index","follow":"follow","max-snippet":"max-snippet:-1","max-image-preview":"max-image-preview:large","max-video-preview":"max-video-preview:-1"},"canonical":"https:\/\/www.correiobraziliense.com.br\/cbradar\/o-alimento-do-dia-a-dia-que-ajuda-o-intestino-a-funcionar-sem-esforco\/","og_locale":"pt_BR","og_type":"article","og_title":"O alimento do dia a dia que ajuda o intestino a funcionar sem esfor\u00e7o - Correio Braziliense - Radar","og_description":"Rico em fibras e \u00e1gua, esse alimento ajuda a melhorar o tr\u00e2nsito intestinal, nutrir a microbiota e aliviar desconfortos da digest\u00e3o.","og_url":"https:\/\/www.correiobraziliense.com.br\/cbradar\/o-alimento-do-dia-a-dia-que-ajuda-o-intestino-a-funcionar-sem-esforco\/","og_site_name":"Correio Braziliense - Radar","article_published_time":"2026-01-25T13:45:38+00:00","og_image":[{"width":1280,"height":720,"url":"https:\/\/www.correiobraziliense.com.br\/cbradar\/wp-content\/uploads\/2026\/01\/Gemini_Generated_Image_a4abzwa4abzwa4ab-1.png","type":"image\/png"}],"author":"Daniely Cardoso","twitter_card":"summary_large_image","twitter_misc":{"Escrito por":"Daniely Cardoso","Est. tempo de leitura":"5 minutos"},"schema":{"@context":"https:\/\/schema.org","@graph":[{"@type":"WebPage","@id":"https:\/\/www.correiobraziliense.com.br\/cbradar\/o-alimento-do-dia-a-dia-que-ajuda-o-intestino-a-funcionar-sem-esforco\/","url":"https:\/\/www.correiobraziliense.com.br\/cbradar\/o-alimento-do-dia-a-dia-que-ajuda-o-intestino-a-funcionar-sem-esforco\/","name":"O alimento do dia a dia que ajuda o intestino a funcionar sem esfor\u00e7o - Correio Braziliense - Radar","isPartOf":{"@id":"https:\/\/www.correiobraziliense.com.br\/cbradar\/#website"},"primaryImageOfPage":{"@id":"https:\/\/www.correiobraziliense.com.br\/cbradar\/o-alimento-do-dia-a-dia-que-ajuda-o-intestino-a-funcionar-sem-esforco\/#primaryimage"},"image":{"@id":"https:\/\/www.correiobraziliense.com.br\/cbradar\/o-alimento-do-dia-a-dia-que-ajuda-o-intestino-a-funcionar-sem-esforco\/#primaryimage"},"thumbnailUrl":"https:\/\/www.correiobraziliense.com.br\/cbradar\/wp-content\/uploads\/2026\/01\/Gemini_Generated_Image_a4abzwa4abzwa4ab-1.png","datePublished":"2026-01-25T13:45:38+00:00","author":{"@id":"https:\/\/www.correiobraziliense.com.br\/cbradar\/#\/schema\/person\/7356666e12ec0ee53f348ee5db227032"},"description":"Rico em fibras e \u00e1gua, esse alimento ajuda a melhorar o tr\u00e2nsito intestinal, nutrir a microbiota e aliviar desconfortos da digest\u00e3o.","breadcrumb":{"@id":"https:\/\/www.correiobraziliense.com.br\/cbradar\/o-alimento-do-dia-a-dia-que-ajuda-o-intestino-a-funcionar-sem-esforco\/#breadcrumb"},"inLanguage":"pt-BR","potentialAction":[{"@type":"ReadAction","target":["https:\/\/www.correiobraziliense.com.br\/cbradar\/o-alimento-do-dia-a-dia-que-ajuda-o-intestino-a-funcionar-sem-esforco\/"]}]},{"@type":"ImageObject","inLanguage":"pt-BR","@id":"https:\/\/www.correiobraziliense.com.br\/cbradar\/o-alimento-do-dia-a-dia-que-ajuda-o-intestino-a-funcionar-sem-esforco\/#primaryimage","url":"https:\/\/www.correiobraziliense.com.br\/cbradar\/wp-content\/uploads\/2026\/01\/Gemini_Generated_Image_a4abzwa4abzwa4ab-1.png","contentUrl":"https:\/\/www.correiobraziliense.com.br\/cbradar\/wp-content\/uploads\/2026\/01\/Gemini_Generated_Image_a4abzwa4abzwa4ab-1.png","width":1280,"height":720,"caption":"Ao mesmo tempo, a pera se destaca por trazer \u00e1gua, vitaminas e minerais que contribuem para o metabolismo geral do organismo"},{"@type":"BreadcrumbList","@id":"https:\/\/www.correiobraziliense.com.br\/cbradar\/o-alimento-do-dia-a-dia-que-ajuda-o-intestino-a-funcionar-sem-esforco\/#breadcrumb","itemListElement":[{"@type":"ListItem","position":1,"name":"In\u00edcio","item":"https:\/\/www.correiobraziliense.com.br\/cbradar\/"},{"@type":"ListItem","position":2,"name":"O alimento do dia a dia que ajuda o intestino a funcionar sem esfor\u00e7o"}]},{"@type":"WebSite","@id":"https:\/\/www.correiobraziliense.com.br\/cbradar\/#website","url":"https:\/\/www.correiobraziliense.com.br\/cbradar\/","name":"Correio Braziliense - Radar","description":"Acompanhe as \u00faltimas not\u00edcias e fique bem informado sobre tudo o que acontece no Brasil e no mundo.","potentialAction":[{"@type":"SearchAction","target":{"@type":"EntryPoint","urlTemplate":"https:\/\/www.correiobraziliense.com.br\/cbradar\/?s={search_term_string}"},"query-input":{"@type":"PropertyValueSpecification","valueRequired":true,"valueName":"search_term_string"}}],"inLanguage":"pt-BR"},{"@type":"Person","@id":"https:\/\/www.correiobraziliense.com.br\/cbradar\/#\/schema\/person\/7356666e12ec0ee53f348ee5db227032","name":"Daniely Cardoso","image":{"@type":"ImageObject","inLanguage":"pt-BR","@id":"https:\/\/www.correiobraziliense.com.br\/cbradar\/#\/schema\/person\/image\/","url":"https:\/\/secure.gravatar.com\/avatar\/4b80ddbd124d1f071b626d52d62e5dff?s=96&d=mm&r=g","contentUrl":"https:\/\/secure.gravatar.com\/avatar\/4b80ddbd124d1f071b626d52d62e5dff?s=96&d=mm&r=g","caption":"Daniely Cardoso"},"description":"Redatora nos portais CB Radar e EM Foco, formada pela Universidade Federal de Goi\u00e1s, em Goi\u00e2nia. Apaixonada por comunica\u00e7\u00e3o, arte, decora\u00e7\u00e3o e tend\u00eancias, atuo na produ\u00e7\u00e3o de conte\u00fados envolventes sobre curiosidades, moda, beleza e paisagismo, sempre com um olhar atento \u00e0s novidades do momento.","sameAs":["https:\/\/www.correiobraziliense.com.br\/cbradar"],"url":"https:\/\/www.correiobraziliense.com.br\/cbradar\/author\/danielymyth\/"}]}},"_links":{"self":[{"href":"https:\/\/www.correiobraziliense.com.br\/cbradar\/wp-json\/wp\/v2\/posts\/180626","targetHints":{"allow":["GET"]}}],"collection":[{"href":"https:\/\/www.correiobraziliense.com.br\/cbradar\/wp-json\/wp\/v2\/posts"}],"about":[{"href":"https:\/\/www.correiobraziliense.com.br\/cbradar\/wp-json\/wp\/v2\/types\/post"}],"author":[{"embeddable":true,"href":"https:\/\/www.correiobraziliense.com.br\/cbradar\/wp-json\/wp\/v2\/users\/9"}],"replies":[{"embeddable":true,"href":"https:\/\/www.correiobraziliense.com.br\/cbradar\/wp-json\/wp\/v2\/comments?post=180626"}],"version-history":[{"count":2,"href":"https:\/\/www.correiobraziliense.com.br\/cbradar\/wp-json\/wp\/v2\/posts\/180626\/revisions"}],"predecessor-version":[{"id":180730,"href":"https:\/\/www.correiobraziliense.com.br\/cbradar\/wp-json\/wp\/v2\/posts\/180626\/revisions\/180730"}],"wp:featuredmedia":[{"embeddable":true,"href":"https:\/\/www.correiobraziliense.com.br\/cbradar\/wp-json\/wp\/v2\/media\/180729"}],"wp:attachment":[{"href":"https:\/\/www.correiobraziliense.com.br\/cbradar\/wp-json\/wp\/v2\/media?parent=180626"}],"wp:term":[{"taxonomy":"category","embeddable":true,"href":"https:\/\/www.correiobraziliense.com.br\/cbradar\/wp-json\/wp\/v2\/categories?post=180626"},{"taxonomy":"post_tag","embeddable":true,"href":"https:\/\/www.correiobraziliense.com.br\/cbradar\/wp-json\/wp\/v2\/tags?post=180626"}],"curies":[{"name":"wp","href":"https:\/\/api.w.org\/{rel}","templated":true}]}}