{"id":180663,"date":"2026-01-25T11:55:54","date_gmt":"2026-01-25T14:55:54","guid":{"rendered":"https:\/\/www.correiobraziliense.com.br\/cbradar\/?p=180663"},"modified":"2026-01-24T12:22:10","modified_gmt":"2026-01-24T15:22:10","slug":"o-cha-natural-que-muita-gente-esta-usando-para-acalmar-a-mente-antes-de-dormir","status":"publish","type":"post","link":"https:\/\/www.correiobraziliense.com.br\/cbradar\/o-cha-natural-que-muita-gente-esta-usando-para-acalmar-a-mente-antes-de-dormir\/","title":{"rendered":"O ch\u00e1 natural que muita gente est\u00e1 usando para acalmar a mente antes de dormir"},"content":{"rendered":"\n<p>Depois de um dia cheio, muita gente recorre a um chazinho antes de dormir para tentar acalmar a mente e o corpo. Entre as op\u00e7\u00f5es naturais, o <strong>ch\u00e1 de maracuj\u00e1<\/strong> feito com as folhas da planta aparece como um aliado para quem sente dificuldade para relaxar, enfrenta momentos de <strong>ansiedade<\/strong> ou sofre com noites mal dormidas.<\/p>\n\n\n\n<h2 class=\"wp-block-heading\">O que \u00e9 o ch\u00e1 de maracuj\u00e1 em folhas e por que ele \u00e9 considerado calmante<\/h2>\n\n\n\n<p>O ch\u00e1 de maracuj\u00e1 de folhas \u00e9 preparado a partir da parte a\u00e9rea do <strong>maracujazeiro<\/strong>, principalmente com <strong>folhas frescas<\/strong> ou secas. Essas folhas concentram subst\u00e2ncias naturais que podem ajudar a acalmar, sendo muito usadas em receitas caseiras para relaxar, aliviar a mente e preparar o corpo para dormir.<\/p>\n\n\n\n<p>Diferente do suco da fruta, famoso pelo sabor e pelos nutrientes, o ch\u00e1 das folhas \u00e9 mais buscado pelo poss\u00edvel efeito calmante. Costuma ser consumido \u00e0 noite, em momentos de <strong>tens\u00e3o emocional<\/strong> ou quando a cabe\u00e7a est\u00e1 muito agitada, servindo como um apoio simples e acess\u00edvel no dia a dia.<\/p>\n\n\n<div class=\"wp-block-image\">\n<figure class=\"aligncenter size-large\"><img decoding=\"async\" width=\"1024\" height=\"576\" src=\"https:\/\/www.correiobraziliense.com.br\/cbradar\/wp-content\/uploads\/2025\/11\/cha-de-maracuja-com-mel_1762954376857-1024x576.jpg\" alt=\"\" class=\"wp-image-136252\" srcset=\"https:\/\/www.correiobraziliense.com.br\/cbradar\/wp-content\/uploads\/2025\/11\/cha-de-maracuja-com-mel_1762954376857-1024x576.jpg 1024w, https:\/\/www.correiobraziliense.com.br\/cbradar\/wp-content\/uploads\/2025\/11\/cha-de-maracuja-com-mel_1762954376857-300x169.jpg 300w, https:\/\/www.correiobraziliense.com.br\/cbradar\/wp-content\/uploads\/2025\/11\/cha-de-maracuja-com-mel_1762954376857-768x432.jpg 768w, https:\/\/www.correiobraziliense.com.br\/cbradar\/wp-content\/uploads\/2025\/11\/cha-de-maracuja-com-mel_1762954376857-750x422.jpg 750w, https:\/\/www.correiobraziliense.com.br\/cbradar\/wp-content\/uploads\/2025\/11\/cha-de-maracuja-com-mel_1762954376857-1140x641.jpg 1140w, https:\/\/www.correiobraziliense.com.br\/cbradar\/wp-content\/uploads\/2025\/11\/cha-de-maracuja-com-mel_1762954376857.jpg 1280w\" sizes=\"(max-width: 1024px) 100vw, 1024px\" \/><figcaption class=\"wp-element-caption\">Al\u00e9m do sabor reconfortante, este ch\u00e1 \u00e9 aclamado por favorecer o sono reparador, reduzir a press\u00e3o arterial e proporcionar relaxamento &#8211; Cr\u00e9ditos: depositphotos.com \/ unixx.0.gmail.com<\/figcaption><\/figure><\/div>\n\n\n<p>Leia tamb\u00e9m:&nbsp;<a href=\"https:\/\/www.correiobraziliense.com.br\/cbradar\/o-verde-digestivo-que-virou-queridinho-das-hortas-por-ser-simples-de-plantar\/\" target=\"_blank\" rel=\"noopener\">O verde digestivo que virou queridinho das hortas por ser simples de plantar<\/a><\/p>\n\n\n\n<h2 class=\"wp-block-heading\">Como o ch\u00e1 de maracuj\u00e1 pode ajudar na ins\u00f4nia e na ansiedade<\/h2>\n\n\n\n<p>Quando se fala em <strong>ch\u00e1 de maracuj\u00e1<\/strong>, muita gente pensa logo em ins\u00f4nia e ansiedade, porque a principal inten\u00e7\u00e3o \u00e9 acalmar a mente e facilitar o sono. Relatos populares indicam que o consumo moderado dessa infus\u00e3o pode trazer uma sensa\u00e7\u00e3o de relaxamento geral, ajudando o corpo a desacelerar antes de deitar.<\/p>\n\n\n\n<p>No contexto da <strong>ansiedade<\/strong>, o ch\u00e1 de folhas de maracuj\u00e1 pode ajudar a diminuir a inquieta\u00e7\u00e3o e a sensa\u00e7\u00e3o de \u201cmente acelerada\u201d. Ele n\u00e3o substitui tratamento m\u00e9dico, mas pode ser um suporte em per\u00edodos de estresse, prazos apertados ou situa\u00e7\u00f5es emocionais mais desafiadoras do dia a dia.<\/p>\n\n\n\n<h2 class=\"wp-block-heading\">Quais benef\u00edcios pr\u00e1ticos o ch\u00e1 de maracuj\u00e1 em folhas pode trazer<\/h2>\n\n\n\n<p>Para quem est\u00e1 montando uma rotina mais tranquila \u00e0 noite, o ch\u00e1 de folhas de <strong>maracuj\u00e1<\/strong> pode ser um dos pequenos h\u00e1bitos que, somados, fazem diferen\u00e7a. Abaixo, alguns dos efeitos mais comentados por quem usa a bebida como parte do ritual de descanso e de cuidado com a sa\u00fade emocional.<\/p>\n\n\n\n<ul class=\"wp-block-list\">\n<li>Ajuda a preparar o corpo para o sono;<\/li>\n\n\n\n<li>Pode reduzir a agita\u00e7\u00e3o mental antes de dormir;<\/li>\n\n\n\n<li>Funciona como apoio em momentos de tens\u00e3o;<\/li>\n\n\n\n<li>Contribui para uma rotina noturna mais calma.<\/li>\n<\/ul>\n\n\n\n<p>Se voc\u00ea gosta de ouvir opini\u00e3o de especialistas, separamos esse v\u00eddeo do canal <a href=\"https:\/\/www.youtube.com\/@saudedamente1548\" target=\"_blank\" rel=\"noreferrer noopener\">Sa\u00fade da Mente<\/a> falando sobre os ben\u00e9ficos do ch\u00e1 de maracuj\u00e1:<\/p>\n\n\n\n<figure class=\"wp-block-embed is-type-video is-provider-youtube wp-block-embed-youtube wp-embed-aspect-16-9 wp-has-aspect-ratio\"><div class=\"wp-block-embed__wrapper\">\n<div class=\"jeg_video_container jeg_video_content\"><iframe loading=\"lazy\" title=\"8 BENEF\u00cdCIOS que o CH\u00c1 DE MARACUJ\u00c1 tem para sua sa\u00fade mental\" width=\"500\" height=\"281\" src=\"https:\/\/www.youtube.com\/embed\/VGrhRYN7hUs?feature=oembed\" frameborder=\"0\" allow=\"accelerometer; autoplay; clipboard-write; encrypted-media; gyroscope; picture-in-picture; web-share\" referrerpolicy=\"strict-origin-when-cross-origin\" allowfullscreen><\/iframe><\/div>\n<\/div><\/figure>\n\n\n\n<h2 class=\"wp-block-heading\">Quais cuidados s\u00e3o importantes ao usar o ch\u00e1 de maracuj\u00e1 como calmante natural<\/h2>\n\n\n\n<p>Mesmo sendo visto como um calmante mais <strong>natural<\/strong>, o ch\u00e1 de maracuj\u00e1 feito com folhas pede aten\u00e7\u00e3o no uso. O consumo em excesso pode provocar sonol\u00eancia intensa, queda de press\u00e3o em pessoas sens\u00edveis ou at\u00e9 intera\u00e7\u00e3o com alguns <strong>medicamentos<\/strong>, como ansiol\u00edticos e antidepressivos de uso cont\u00ednuo.<\/p>\n\n\n\n<p>Gestantes, lactantes, crian\u00e7as, idosos e pessoas com doen\u00e7as cr\u00f4nicas devem sempre conversar com um <strong>m\u00e9dico<\/strong> antes de incluir o ch\u00e1 na rotina. Se surgirem sintomas como tontura, mal-estar, palpita\u00e7\u00f5es ou alergias, \u00e9 importante interromper o uso e buscar orienta\u00e7\u00e3o, lembrando que o ch\u00e1 \u00e9 apenas um complemento a um estilo de vida mais equilibrado.<\/p>\n\n\n\n<h2 class=\"wp-block-heading\">Quais s\u00e3o as principais informa\u00e7\u00f5es sobre o ch\u00e1 de maracuj\u00e1 em folhas para ins\u00f4nia e ansiedade<\/h2>\n\n\n\n<p>A tabela abaixo re\u00fane alguns pontos centrais sobre o uso do <strong>ch\u00e1 de maracuj\u00e1<\/strong> em folhas como calmante natural. Essas informa\u00e7\u00f5es ajudam a ter uma vis\u00e3o r\u00e1pida de como ele costuma ser usado e em quais situa\u00e7\u00f5es pode ser mais interessante inseri-lo na rotina com seguran\u00e7a.<\/p>\n\n\n\n<figure class=\"wp-block-table\"><table class=\"has-fixed-layout\"><tbody><tr><th>Aspecto<\/th><th>Descri\u00e7\u00e3o<\/th><\/tr><tr><td>Parte utilizada<\/td><td>Folhas do maracujazeiro, frescas ou secas, higienizadas<\/td><\/tr><tr><td>Uso principal<\/td><td>Apoio no al\u00edvio de ins\u00f4nia leve e quadros de ansiedade moderada<\/td><\/tr><tr><td>Poss\u00edvel efeito<\/td><td>A\u00e7\u00e3o calmante, relaxamento muscular e facilita\u00e7\u00e3o do sono<\/td><\/tr><tr><td>Hor\u00e1rio mais comum<\/td><td>Final da tarde ou \u00e0 noite, cerca de 30 a 60 minutos antes de dormir<\/td><\/tr><tr><td>Cuidados importantes<\/td><td>Evitar excesso, observar intera\u00e7\u00f5es com medicamentos e condi\u00e7\u00f5es pr\u00e9-existentes<\/td><\/tr><tr><td>Contraindica\u00e7\u00f5es<\/td><td>Gestantes, lactantes, crian\u00e7as e pessoas com doen\u00e7as cr\u00f4nicas devem buscar orienta\u00e7\u00e3o m\u00e9dica<\/td><\/tr><tr><td>Tipo de recurso<\/td><td>Medida complementar, sem substituir tratamento m\u00e9dico para ins\u00f4nia e ansiedade<\/td><\/tr><\/tbody><\/table><\/figure>\n\n\n\n<p>Usado com consci\u00eancia, o ch\u00e1 de <strong>maracuj\u00e1<\/strong> em folhas pode ser um aliado a mais na rotina de cuidado com o sono e a sa\u00fade emocional. A combina\u00e7\u00e3o entre informa\u00e7\u00e3o, bom senso e acompanhamento <strong>profissional<\/strong> quando necess\u00e1rio torna esse recurso natural mais seguro e alinhado a outros h\u00e1bitos saud\u00e1veis.<\/p>\n\n\n\n<h2 class=\"wp-block-heading\">Conclus\u00e3o e pr\u00f3ximos passos para usar o ch\u00e1 de maracuj\u00e1 com seguran\u00e7a<\/h2>\n\n\n\n<p>Incluir o <strong>ch\u00e1 de maracuj\u00e1<\/strong> em folhas na sua noite pode ser um gesto simples, mas poderoso, para sinalizar ao corpo que \u00e9 hora de desacelerar. Observe como voc\u00ea se sente, comece devagar e, se j\u00e1 faz algum tratamento para <strong>ansiedade<\/strong> ou ins\u00f4nia, converse com um profissional de sa\u00fade antes de inserir a bebida na rotina.<\/p>\n\n\n\n<p>Se voc\u00ea quer melhorar o sono e cuidar melhor da sua <strong>sa\u00fade mental<\/strong>, experimente montar um pequeno ritual noturno com o ch\u00e1, luz mais baixa e menos telas. E, se poss\u00edvel, busque orienta\u00e7\u00e3o de um <strong>profissional<\/strong> de confian\u00e7a para criar um plano completo de autocuidado, unindo recursos naturais, h\u00e1bitos saud\u00e1veis e acompanhamento adequado.<\/p>\n","protected":false},"excerpt":{"rendered":"<p>Depois de um dia cheio, muita gente recorre a um chazinho antes de dormir para tentar acalmar a mente e o corpo. Entre as op\u00e7\u00f5es naturais, o ch\u00e1 de maracuj\u00e1 feito com as folhas da planta aparece como um aliado para quem sente dificuldade para relaxar, enfrenta momentos de ansiedade ou sofre com noites mal [&hellip;]<\/p>\n","protected":false},"author":9,"featured_media":180737,"comment_status":"open","ping_status":"open","sticky":false,"template":"","format":"standard","meta":{"_yoast_wpseo_focuskw":"ben\u00e9ficos do ch\u00e1 de maracuj\u00e1","_yoast_wpseo_title":"","_yoast_wpseo_metadesc":"A infus\u00e3o das folhas traz efeito calmante, ajuda a reduzir a agita\u00e7\u00e3o e pode apoiar noites mais tranquilas quando usada com modera\u00e7\u00e3o.","jnews-multi-image_gallery":[],"jnews_single_post":{"format":"standard"},"jnews_primary_category":[],"jnews_social_meta":[],"jnews_override_counter":[],"footnotes":""},"categories":[119,4404],"tags":[14375,2145,886],"class_list":["post-180663","post","type-post","status-publish","format-standard","has-post-thumbnail","hentry","category-bem-estar","category-saude","tag-cha-de-folha-de-maracuja","tag-insonia","tag-maracuja"],"yoast_head":"<!-- This site is optimized with the Yoast SEO plugin v24.6 - https:\/\/yoast.com\/wordpress\/plugins\/seo\/ -->\n<title>O ch\u00e1 natural que muita gente est\u00e1 usando para acalmar a mente antes de dormir - Correio Braziliense - Radar<\/title>\n<meta name=\"description\" content=\"A infus\u00e3o das folhas traz efeito calmante, ajuda a reduzir a agita\u00e7\u00e3o e pode apoiar noites mais tranquilas quando usada com modera\u00e7\u00e3o.\" \/>\n<meta name=\"robots\" content=\"index, follow, max-snippet:-1, max-image-preview:large, max-video-preview:-1\" \/>\n<link rel=\"canonical\" href=\"https:\/\/www.correiobraziliense.com.br\/cbradar\/o-cha-natural-que-muita-gente-esta-usando-para-acalmar-a-mente-antes-de-dormir\/\" \/>\n<meta property=\"og:locale\" content=\"pt_BR\" \/>\n<meta property=\"og:type\" content=\"article\" \/>\n<meta property=\"og:title\" content=\"O ch\u00e1 natural que muita gente est\u00e1 usando para acalmar a mente antes de dormir - Correio Braziliense - Radar\" \/>\n<meta property=\"og:description\" content=\"A infus\u00e3o das folhas traz efeito calmante, ajuda a reduzir a agita\u00e7\u00e3o e pode apoiar noites mais tranquilas quando usada com modera\u00e7\u00e3o.\" \/>\n<meta property=\"og:url\" content=\"https:\/\/www.correiobraziliense.com.br\/cbradar\/o-cha-natural-que-muita-gente-esta-usando-para-acalmar-a-mente-antes-de-dormir\/\" \/>\n<meta property=\"og:site_name\" content=\"Correio Braziliense - Radar\" \/>\n<meta property=\"article:published_time\" content=\"2026-01-25T14:55:54+00:00\" \/>\n<meta property=\"og:image\" content=\"https:\/\/www.correiobraziliense.com.br\/cbradar\/wp-content\/uploads\/2026\/01\/Gemini_Generated_Image_dg36p7dg36p7dg36-1.png\" \/>\n\t<meta property=\"og:image:width\" content=\"1280\" \/>\n\t<meta property=\"og:image:height\" content=\"720\" \/>\n\t<meta property=\"og:image:type\" content=\"image\/png\" \/>\n<meta name=\"author\" content=\"Daniely Cardoso\" \/>\n<meta name=\"twitter:card\" content=\"summary_large_image\" \/>\n<meta name=\"twitter:label1\" content=\"Escrito por\" \/>\n\t<meta name=\"twitter:data1\" content=\"Daniely Cardoso\" \/>\n\t<meta name=\"twitter:label2\" content=\"Est. tempo de leitura\" \/>\n\t<meta name=\"twitter:data2\" content=\"6 minutos\" \/>\n<!-- \/ Yoast SEO plugin. -->","yoast_head_json":{"title":"O ch\u00e1 natural que muita gente est\u00e1 usando para acalmar a mente antes de dormir - Correio Braziliense - Radar","description":"A infus\u00e3o das folhas traz efeito calmante, ajuda a reduzir a agita\u00e7\u00e3o e pode apoiar noites mais tranquilas quando usada com modera\u00e7\u00e3o.","robots":{"index":"index","follow":"follow","max-snippet":"max-snippet:-1","max-image-preview":"max-image-preview:large","max-video-preview":"max-video-preview:-1"},"canonical":"https:\/\/www.correiobraziliense.com.br\/cbradar\/o-cha-natural-que-muita-gente-esta-usando-para-acalmar-a-mente-antes-de-dormir\/","og_locale":"pt_BR","og_type":"article","og_title":"O ch\u00e1 natural que muita gente est\u00e1 usando para acalmar a mente antes de dormir - Correio Braziliense - Radar","og_description":"A infus\u00e3o das folhas traz efeito calmante, ajuda a reduzir a agita\u00e7\u00e3o e pode apoiar noites mais tranquilas quando usada com modera\u00e7\u00e3o.","og_url":"https:\/\/www.correiobraziliense.com.br\/cbradar\/o-cha-natural-que-muita-gente-esta-usando-para-acalmar-a-mente-antes-de-dormir\/","og_site_name":"Correio Braziliense - Radar","article_published_time":"2026-01-25T14:55:54+00:00","og_image":[{"width":1280,"height":720,"url":"https:\/\/www.correiobraziliense.com.br\/cbradar\/wp-content\/uploads\/2026\/01\/Gemini_Generated_Image_dg36p7dg36p7dg36-1.png","type":"image\/png"}],"author":"Daniely Cardoso","twitter_card":"summary_large_image","twitter_misc":{"Escrito por":"Daniely Cardoso","Est. tempo de leitura":"6 minutos"},"schema":{"@context":"https:\/\/schema.org","@graph":[{"@type":"WebPage","@id":"https:\/\/www.correiobraziliense.com.br\/cbradar\/o-cha-natural-que-muita-gente-esta-usando-para-acalmar-a-mente-antes-de-dormir\/","url":"https:\/\/www.correiobraziliense.com.br\/cbradar\/o-cha-natural-que-muita-gente-esta-usando-para-acalmar-a-mente-antes-de-dormir\/","name":"O ch\u00e1 natural que muita gente est\u00e1 usando para acalmar a mente antes de dormir - Correio Braziliense - Radar","isPartOf":{"@id":"https:\/\/www.correiobraziliense.com.br\/cbradar\/#website"},"primaryImageOfPage":{"@id":"https:\/\/www.correiobraziliense.com.br\/cbradar\/o-cha-natural-que-muita-gente-esta-usando-para-acalmar-a-mente-antes-de-dormir\/#primaryimage"},"image":{"@id":"https:\/\/www.correiobraziliense.com.br\/cbradar\/o-cha-natural-que-muita-gente-esta-usando-para-acalmar-a-mente-antes-de-dormir\/#primaryimage"},"thumbnailUrl":"https:\/\/www.correiobraziliense.com.br\/cbradar\/wp-content\/uploads\/2026\/01\/Gemini_Generated_Image_dg36p7dg36p7dg36-1.png","datePublished":"2026-01-25T14:55:54+00:00","author":{"@id":"https:\/\/www.correiobraziliense.com.br\/cbradar\/#\/schema\/person\/7356666e12ec0ee53f348ee5db227032"},"description":"A infus\u00e3o das folhas traz efeito calmante, ajuda a reduzir a agita\u00e7\u00e3o e pode apoiar noites mais tranquilas quando usada com modera\u00e7\u00e3o.","breadcrumb":{"@id":"https:\/\/www.correiobraziliense.com.br\/cbradar\/o-cha-natural-que-muita-gente-esta-usando-para-acalmar-a-mente-antes-de-dormir\/#breadcrumb"},"inLanguage":"pt-BR","potentialAction":[{"@type":"ReadAction","target":["https:\/\/www.correiobraziliense.com.br\/cbradar\/o-cha-natural-que-muita-gente-esta-usando-para-acalmar-a-mente-antes-de-dormir\/"]}]},{"@type":"ImageObject","inLanguage":"pt-BR","@id":"https:\/\/www.correiobraziliense.com.br\/cbradar\/o-cha-natural-que-muita-gente-esta-usando-para-acalmar-a-mente-antes-de-dormir\/#primaryimage","url":"https:\/\/www.correiobraziliense.com.br\/cbradar\/wp-content\/uploads\/2026\/01\/Gemini_Generated_Image_dg36p7dg36p7dg36-1.png","contentUrl":"https:\/\/www.correiobraziliense.com.br\/cbradar\/wp-content\/uploads\/2026\/01\/Gemini_Generated_Image_dg36p7dg36p7dg36-1.png","width":1280,"height":720,"caption":"O ch\u00e1 de maracuj\u00e1 de folhas \u00e9 preparado a partir da parte a\u00e9rea do maracujazeiro, principalmente com folhas frescas ou secas"},{"@type":"BreadcrumbList","@id":"https:\/\/www.correiobraziliense.com.br\/cbradar\/o-cha-natural-que-muita-gente-esta-usando-para-acalmar-a-mente-antes-de-dormir\/#breadcrumb","itemListElement":[{"@type":"ListItem","position":1,"name":"In\u00edcio","item":"https:\/\/www.correiobraziliense.com.br\/cbradar\/"},{"@type":"ListItem","position":2,"name":"O ch\u00e1 natural que muita gente est\u00e1 usando para acalmar a mente antes de dormir"}]},{"@type":"WebSite","@id":"https:\/\/www.correiobraziliense.com.br\/cbradar\/#website","url":"https:\/\/www.correiobraziliense.com.br\/cbradar\/","name":"Correio Braziliense - Radar","description":"Acompanhe as \u00faltimas not\u00edcias e fique bem informado sobre tudo o que acontece no Brasil e no mundo.","potentialAction":[{"@type":"SearchAction","target":{"@type":"EntryPoint","urlTemplate":"https:\/\/www.correiobraziliense.com.br\/cbradar\/?s={search_term_string}"},"query-input":{"@type":"PropertyValueSpecification","valueRequired":true,"valueName":"search_term_string"}}],"inLanguage":"pt-BR"},{"@type":"Person","@id":"https:\/\/www.correiobraziliense.com.br\/cbradar\/#\/schema\/person\/7356666e12ec0ee53f348ee5db227032","name":"Daniely Cardoso","image":{"@type":"ImageObject","inLanguage":"pt-BR","@id":"https:\/\/www.correiobraziliense.com.br\/cbradar\/#\/schema\/person\/image\/","url":"https:\/\/secure.gravatar.com\/avatar\/4b80ddbd124d1f071b626d52d62e5dff?s=96&d=mm&r=g","contentUrl":"https:\/\/secure.gravatar.com\/avatar\/4b80ddbd124d1f071b626d52d62e5dff?s=96&d=mm&r=g","caption":"Daniely Cardoso"},"description":"Redatora nos portais CB Radar e EM Foco, formada pela Universidade Federal de Goi\u00e1s, em Goi\u00e2nia. Apaixonada por comunica\u00e7\u00e3o, arte, decora\u00e7\u00e3o e tend\u00eancias, atuo na produ\u00e7\u00e3o de conte\u00fados envolventes sobre curiosidades, moda, beleza e paisagismo, sempre com um olhar atento \u00e0s novidades do momento.","sameAs":["https:\/\/www.correiobraziliense.com.br\/cbradar"],"url":"https:\/\/www.correiobraziliense.com.br\/cbradar\/author\/danielymyth\/"}]}},"_links":{"self":[{"href":"https:\/\/www.correiobraziliense.com.br\/cbradar\/wp-json\/wp\/v2\/posts\/180663","targetHints":{"allow":["GET"]}}],"collection":[{"href":"https:\/\/www.correiobraziliense.com.br\/cbradar\/wp-json\/wp\/v2\/posts"}],"about":[{"href":"https:\/\/www.correiobraziliense.com.br\/cbradar\/wp-json\/wp\/v2\/types\/post"}],"author":[{"embeddable":true,"href":"https:\/\/www.correiobraziliense.com.br\/cbradar\/wp-json\/wp\/v2\/users\/9"}],"replies":[{"embeddable":true,"href":"https:\/\/www.correiobraziliense.com.br\/cbradar\/wp-json\/wp\/v2\/comments?post=180663"}],"version-history":[{"count":2,"href":"https:\/\/www.correiobraziliense.com.br\/cbradar\/wp-json\/wp\/v2\/posts\/180663\/revisions"}],"predecessor-version":[{"id":180740,"href":"https:\/\/www.correiobraziliense.com.br\/cbradar\/wp-json\/wp\/v2\/posts\/180663\/revisions\/180740"}],"wp:featuredmedia":[{"embeddable":true,"href":"https:\/\/www.correiobraziliense.com.br\/cbradar\/wp-json\/wp\/v2\/media\/180737"}],"wp:attachment":[{"href":"https:\/\/www.correiobraziliense.com.br\/cbradar\/wp-json\/wp\/v2\/media?parent=180663"}],"wp:term":[{"taxonomy":"category","embeddable":true,"href":"https:\/\/www.correiobraziliense.com.br\/cbradar\/wp-json\/wp\/v2\/categories?post=180663"},{"taxonomy":"post_tag","embeddable":true,"href":"https:\/\/www.correiobraziliense.com.br\/cbradar\/wp-json\/wp\/v2\/tags?post=180663"}],"curies":[{"name":"wp","href":"https:\/\/api.w.org\/{rel}","templated":true}]}}