{"id":180664,"date":"2026-01-25T13:05:01","date_gmt":"2026-01-25T16:05:01","guid":{"rendered":"https:\/\/www.correiobraziliense.com.br\/cbradar\/?p=180664"},"modified":"2026-01-24T12:29:46","modified_gmt":"2026-01-24T15:29:46","slug":"o-alimento-simples-que-ajuda-a-controlar-a-fome-e-evita-beliscar-refeicoes-durante-o-dia","status":"publish","type":"post","link":"https:\/\/www.correiobraziliense.com.br\/cbradar\/o-alimento-simples-que-ajuda-a-controlar-a-fome-e-evita-beliscar-refeicoes-durante-o-dia\/","title":{"rendered":"O alimento simples que ajuda a controlar a fome e evita beliscar refei\u00e7\u00f5es durante o dia"},"content":{"rendered":"\n<p>J\u00e1 sentiu aquela fome voltando pouco tempo depois de comer e pensou em algo pr\u00e1tico para segurar mais a saciedade? O ovo cozido tem ganhado espa\u00e7o no dia a dia justamente por isso: \u00e9 barato, f\u00e1cil de preparar e ajuda muita gente a controlar a vontade de beliscar o tempo todo, seja no caf\u00e9 da manh\u00e3, nos lanches ou at\u00e9 no jantar.<\/p>\n\n\n\n<h2 class=\"wp-block-heading\">Como o ovo cozido ajuda na saciedade no dia a dia<\/h2>\n\n\n\n<p>O principal motivo pelo qual o <strong>ovo cozido<\/strong> aumenta a saciedade est\u00e1 na presen\u00e7a de prote\u00ednas de alta qualidade. A digest\u00e3o das prote\u00ednas \u00e9 mais lenta que a dos carboidratos simples, o que prolonga a sensa\u00e7\u00e3o de est\u00f4mago \u201ccheio\u201d e reduz a vontade de comer logo depois.<\/p>\n\n\n\n<p>Al\u00e9m disso, o ovo cont\u00e9m gorduras boas e nutrientes como a <strong>colina<\/strong>, que participam de processos metab\u00f3licos importantes. Um ovo cozido tem poucas calorias em rela\u00e7\u00e3o \u00e0 quantidade de nutrientes, e por n\u00e3o exigir \u00f3leo no preparo, o cozimento em \u00e1gua ajuda a manter o perfil cal\u00f3rico mais controlado.<\/p>\n\n\n<div class=\"wp-block-image\">\n<figure class=\"aligncenter size-large\"><img decoding=\"async\" width=\"1024\" height=\"576\" src=\"https:\/\/www.correiobraziliense.com.br\/cbradar\/wp-content\/uploads\/2026\/01\/ovo-cozido_1769268215193-1024x576.jpg\" alt=\"\" class=\"wp-image-180749\" srcset=\"https:\/\/www.correiobraziliense.com.br\/cbradar\/wp-content\/uploads\/2026\/01\/ovo-cozido_1769268215193-1024x576.jpg 1024w, https:\/\/www.correiobraziliense.com.br\/cbradar\/wp-content\/uploads\/2026\/01\/ovo-cozido_1769268215193-300x169.jpg 300w, https:\/\/www.correiobraziliense.com.br\/cbradar\/wp-content\/uploads\/2026\/01\/ovo-cozido_1769268215193-768x432.jpg 768w, https:\/\/www.correiobraziliense.com.br\/cbradar\/wp-content\/uploads\/2026\/01\/ovo-cozido_1769268215193-750x422.jpg 750w, https:\/\/www.correiobraziliense.com.br\/cbradar\/wp-content\/uploads\/2026\/01\/ovo-cozido_1769268215193-1140x641.jpg 1140w, https:\/\/www.correiobraziliense.com.br\/cbradar\/wp-content\/uploads\/2026\/01\/ovo-cozido_1769268215193.jpg 1280w\" sizes=\"(max-width: 1024px) 100vw, 1024px\" \/><figcaption class=\"wp-element-caption\">O principal motivo pelo qual o ovo cozido aumenta a saciedade est\u00e1 na presen\u00e7a de prote\u00ednas de alta qualidade &#8211; Cr\u00e9ditos: depositphotos.com \/ VadimVasenin<\/figcaption><\/figure><\/div>\n\n\n<p>Leia tamb\u00e9m:&nbsp;<a href=\"https:\/\/www.correiobraziliense.com.br\/cbradar\/o-classico-das-refeicoes-que-ganhou-atencao-por-possiveis-efeitos-na-pressao-e-na-saude-do-sangue\/\" target=\"_blank\" rel=\"noopener\">O cl\u00e1ssico das refei\u00e7\u00f5es que ganhou aten\u00e7\u00e3o por poss\u00edveis efeitos na press\u00e3o e na sa\u00fade do sangue<\/a><\/p>\n\n\n\n<h2 class=\"wp-block-heading\">Por que o ovo cozido pode ajudar no controle de peso<\/h2>\n\n\n\n<p>Refei\u00e7\u00f5es ricas em prote\u00edna, como as que incluem ovos, tendem a reduzir a fome nas horas seguintes. No caf\u00e9 da manh\u00e3, por exemplo, a inclus\u00e3o de <strong>ovos cozidos<\/strong> pode diminuir a ingest\u00e3o cal\u00f3rica nas pr\u00f3ximas refei\u00e7\u00f5es, justamente pela maior sensa\u00e7\u00e3o de plenitude e menor vontade de beliscar.<\/p>\n\n\n\n<p>Esse efeito, por\u00e9m, depende do contexto da alimenta\u00e7\u00e3o como um todo e de h\u00e1bitos individuais. De nada adianta comer ovo para saciedade e exagerar em ultraprocessados, frituras e bebidas a\u00e7ucaradas ao longo do dia, pois isso pode anular os benef\u00edcios.<\/p>\n\n\n\n<h2 class=\"wp-block-heading\">Qual \u00e9 a melhor forma de consumir ovo cozido para saciedade<\/h2>\n\n\n\n<p>Para aproveitar o <strong>ovo cozido<\/strong> para saciedade, a forma de inseri-lo na rotina faz diferen\u00e7a. Em geral, ele aparece em tr\u00eas momentos principais: caf\u00e9 da manh\u00e3, lanches entre as refei\u00e7\u00f5es e refei\u00e7\u00f5es principais, como almo\u00e7o ou jantar, sempre combinado com outros alimentos.<\/p>\n\n\n\n<p>No caf\u00e9 da manh\u00e3, o ovo cozido costuma ser combinado com fontes de fibras, como p\u00e3es integrais, frutas ou aveia. Em lanches intermedi\u00e1rios, ele pode substituir op\u00e7\u00f5es mais pobres em nutrientes, como biscoitos recheados, oferecendo maior sustenta\u00e7\u00e3o por mais tempo sem pesar tanto na quantidade de calorias. Se voc\u00ea gosta de ouvir opini\u00e3o de especialistas, separamos esse v\u00eddeo do Dr. Andr\u00e9 Wambier do canal <a href=\"https:\/\/www.youtube.com\/@CardioDF\">Cardio DF<\/a> falando sobre comer ovos todos os dias:<\/p>\n\n\n\n<figure class=\"wp-block-embed is-type-video is-provider-youtube wp-block-embed-youtube wp-embed-aspect-16-9 wp-has-aspect-ratio\"><div class=\"wp-block-embed__wrapper\">\n<div class=\"jeg_video_container jeg_video_content\"><iframe loading=\"lazy\" title=\"COMA OVOS TODOS OS DIAS e VEJA O QUE ACONTECE COM SEU CORPO (8 BENEF\u00cdCIOS PROVADOS PELA CI\u00caNCIA)\" width=\"500\" height=\"281\" src=\"https:\/\/www.youtube.com\/embed\/tdv94HhAKJ4?feature=oembed\" frameborder=\"0\" allow=\"accelerometer; autoplay; clipboard-write; encrypted-media; gyroscope; picture-in-picture; web-share\" referrerpolicy=\"strict-origin-when-cross-origin\" allowfullscreen><\/iframe><\/div>\n<\/div><\/figure>\n\n\n\n<h2 class=\"wp-block-heading\">Quais cuidados ter ao usar o ovo cozido para controlar a fome<\/h2>\n\n\n\n<p>Apesar dos benef\u00edcios, o uso do <strong>ovo cozido<\/strong> como estrat\u00e9gia de saciedade requer alguns cuidados. Em muitos casos, o consumo de um a dois ovos por dia \u00e9 considerado adequado para pessoas saud\u00e1veis, desde que inserido em um plano alimentar equilibrado e variado.<\/p>\n\n\n\n<p>Pessoas com hist\u00f3rico de problemas cardiovasculares, altera\u00e7\u00f5es importantes de colesterol ou doen\u00e7as espec\u00edficas devem receber avalia\u00e7\u00e3o individualizada. Embora diretrizes atuais indiquem que o consumo moderado de ovos n\u00e3o eleva o colesterol em grande parte da popula\u00e7\u00e3o, o acompanhamento com nutricionista ou m\u00e9dico \u00e9 sempre uma escolha segura.<\/p>\n\n\n\n<h2 class=\"wp-block-heading\">Quais s\u00e3o os principais nutrientes do ovo cozido para a sa\u00fade<\/h2>\n\n\n\n<p>Al\u00e9m de favorecer a saciedade, o ovo cozido oferece uma combina\u00e7\u00e3o de nutrientes relevantes. Ele cont\u00e9m prote\u00ednas com todos os amino\u00e1cidos essenciais, gorduras, vitaminas do complexo B, vitamina D e minerais como ferro, f\u00f3sforo e sel\u00eanio, importantes para o corpo funcionar bem.<\/p>\n\n\n\n<p>A gema concentra boa parte das vitaminas e minerais, enquanto a clara \u00e9 rica em prote\u00edna. Por isso, consumir o ovo inteiro, quando poss\u00edvel e liberado pelo profissional de sa\u00fade, ajuda a aproveitar melhor o valor nutricional desse alimento t\u00e3o presente na rotina.<\/p>\n\n\n\n<p>A seguir, um exemplo aproximado de composi\u00e7\u00e3o nutricional de um ovo de galinha cozido m\u00e9dio (cerca de 50 g):<\/p>\n\n\n\n<figure class=\"wp-block-table\"><table class=\"has-fixed-layout\"><tbody><tr><th>Nutriente<\/th><th>Quantidade aproximada por ovo (50 g)<\/th><\/tr><tr><td>Calorias<\/td><td>cerca de 70 kcal<\/td><\/tr><tr><td>Prote\u00ednas<\/td><td>entre 6 g e 7 g<\/td><\/tr><tr><td>Gorduras totais<\/td><td>cerca de 5 g<\/td><\/tr><tr><td>Carboidratos<\/td><td>menos de 1 g<\/td><\/tr><tr><td>Colesterol<\/td><td>cerca de 185 mg<\/td><\/tr><tr><td>Vitamina B12<\/td><td>aprox. 0,6 \u00b5g<\/td><\/tr><tr><td>Vitamina D<\/td><td>em torno de 1 a 2 \u00b5g<\/td><\/tr><tr><td>Ferro<\/td><td>cerca de 0,8 mg<\/td><\/tr><\/tbody><\/table><\/figure>\n\n\n\n<p>Esses valores podem variar de acordo com o tamanho do ovo e com a alimenta\u00e7\u00e3o da galinha, mas d\u00e3o uma ideia geral da densidade nutricional. Quando o ovo cozido \u00e9 utilizado de forma planejada, associado a outros grupos alimentares, contribui para maior saciedade e para um aporte nutricional mais completo ao longo do dia.<\/p>\n\n\n\n<h2 class=\"wp-block-heading\">Sobre o ovo cozido para saciedade e convite para cuidar da alimenta\u00e7\u00e3o<\/h2>\n\n\n\n<p>Usar o <strong>ovo cozido<\/strong> para aumentar a saciedade pode ser uma estrat\u00e9gia simples, barata e eficaz para quem busca controlar melhor a fome. Combinado com frutas, legumes, gr\u00e3os integrais e uma boa hidrata\u00e7\u00e3o, ele ajuda a montar refei\u00e7\u00f5es mais equilibradas e sustenta por mais tempo.<\/p>\n\n\n\n<p>Se voc\u00ea quer organizar melhor a rotina alimentar, perder peso com sa\u00fade ou apenas sentir menos vontade de beliscar, considere incluir o <strong>ovo cozido<\/strong> de forma planejada no seu dia a dia. E, sempre que poss\u00edvel, busque o apoio de um nutricionista para montar um plano adequado aos seus objetivos e \u00e0 sua realidade.<\/p>\n","protected":false},"excerpt":{"rendered":"<p>J\u00e1 sentiu aquela fome voltando pouco tempo depois de comer e pensou em algo pr\u00e1tico para segurar mais a saciedade? O ovo cozido tem ganhado espa\u00e7o no dia a dia justamente por isso: \u00e9 barato, f\u00e1cil de preparar e ajuda muita gente a controlar a vontade de beliscar o tempo todo, seja no caf\u00e9 da [&hellip;]<\/p>\n","protected":false},"author":9,"featured_media":180756,"comment_status":"open","ping_status":"open","sticky":false,"template":"","format":"standard","meta":{"_yoast_wpseo_focuskw":"ovo cozido para saciedade","_yoast_wpseo_title":"","_yoast_wpseo_metadesc":"O alimento prolonga a saciedade, reduz beliscos e apoia o controle de peso quando usado em refei\u00e7\u00f5es equilibradas.","jnews-multi-image_gallery":[],"jnews_single_post":{"format":"standard"},"jnews_primary_category":[],"jnews_social_meta":[],"jnews_override_counter":[],"footnotes":""},"categories":[119,4404],"tags":[14376,6054,565],"class_list":["post-180664","post","type-post","status-publish","format-standard","has-post-thumbnail","hentry","category-bem-estar","category-saude","tag-beneficios-do-ovo-cozido","tag-ovo-cozido","tag-saude"],"yoast_head":"<!-- This site is optimized with the Yoast SEO plugin v24.6 - https:\/\/yoast.com\/wordpress\/plugins\/seo\/ -->\n<title>O alimento simples que ajuda a controlar a fome e evita beliscar refei\u00e7\u00f5es durante o dia - Correio Braziliense - Radar<\/title>\n<meta name=\"description\" content=\"O alimento prolonga a saciedade, reduz beliscos e apoia o controle de peso quando usado em refei\u00e7\u00f5es equilibradas.\" \/>\n<meta name=\"robots\" content=\"index, follow, max-snippet:-1, max-image-preview:large, max-video-preview:-1\" \/>\n<link rel=\"canonical\" href=\"https:\/\/www.correiobraziliense.com.br\/cbradar\/o-alimento-simples-que-ajuda-a-controlar-a-fome-e-evita-beliscar-refeicoes-durante-o-dia\/\" \/>\n<meta property=\"og:locale\" content=\"pt_BR\" \/>\n<meta property=\"og:type\" content=\"article\" \/>\n<meta property=\"og:title\" content=\"O alimento simples que ajuda a controlar a fome e evita beliscar refei\u00e7\u00f5es durante o dia - Correio Braziliense - Radar\" \/>\n<meta property=\"og:description\" content=\"O alimento prolonga a saciedade, reduz beliscos e apoia o controle de peso quando usado em refei\u00e7\u00f5es equilibradas.\" \/>\n<meta property=\"og:url\" content=\"https:\/\/www.correiobraziliense.com.br\/cbradar\/o-alimento-simples-que-ajuda-a-controlar-a-fome-e-evita-beliscar-refeicoes-durante-o-dia\/\" \/>\n<meta property=\"og:site_name\" content=\"Correio Braziliense - Radar\" \/>\n<meta property=\"article:published_time\" content=\"2026-01-25T16:05:01+00:00\" \/>\n<meta property=\"og:image\" content=\"https:\/\/www.correiobraziliense.com.br\/cbradar\/wp-content\/uploads\/2026\/01\/Gemini_Generated_Image_aiggaoaiggaoaigg-1.png\" \/>\n\t<meta property=\"og:image:width\" content=\"1280\" \/>\n\t<meta property=\"og:image:height\" content=\"720\" \/>\n\t<meta property=\"og:image:type\" content=\"image\/png\" \/>\n<meta name=\"author\" content=\"Daniely Cardoso\" \/>\n<meta name=\"twitter:card\" content=\"summary_large_image\" \/>\n<meta name=\"twitter:label1\" content=\"Escrito por\" \/>\n\t<meta name=\"twitter:data1\" content=\"Daniely Cardoso\" \/>\n\t<meta name=\"twitter:label2\" content=\"Est. tempo de leitura\" \/>\n\t<meta name=\"twitter:data2\" content=\"6 minutos\" \/>\n<!-- \/ Yoast SEO plugin. -->","yoast_head_json":{"title":"O alimento simples que ajuda a controlar a fome e evita beliscar refei\u00e7\u00f5es durante o dia - Correio Braziliense - Radar","description":"O alimento prolonga a saciedade, reduz beliscos e apoia o controle de peso quando usado em refei\u00e7\u00f5es equilibradas.","robots":{"index":"index","follow":"follow","max-snippet":"max-snippet:-1","max-image-preview":"max-image-preview:large","max-video-preview":"max-video-preview:-1"},"canonical":"https:\/\/www.correiobraziliense.com.br\/cbradar\/o-alimento-simples-que-ajuda-a-controlar-a-fome-e-evita-beliscar-refeicoes-durante-o-dia\/","og_locale":"pt_BR","og_type":"article","og_title":"O alimento simples que ajuda a controlar a fome e evita beliscar refei\u00e7\u00f5es durante o dia - Correio Braziliense - Radar","og_description":"O alimento prolonga a saciedade, reduz beliscos e apoia o controle de peso quando usado em refei\u00e7\u00f5es equilibradas.","og_url":"https:\/\/www.correiobraziliense.com.br\/cbradar\/o-alimento-simples-que-ajuda-a-controlar-a-fome-e-evita-beliscar-refeicoes-durante-o-dia\/","og_site_name":"Correio Braziliense - Radar","article_published_time":"2026-01-25T16:05:01+00:00","og_image":[{"width":1280,"height":720,"url":"https:\/\/www.correiobraziliense.com.br\/cbradar\/wp-content\/uploads\/2026\/01\/Gemini_Generated_Image_aiggaoaiggaoaigg-1.png","type":"image\/png"}],"author":"Daniely Cardoso","twitter_card":"summary_large_image","twitter_misc":{"Escrito por":"Daniely Cardoso","Est. tempo de leitura":"6 minutos"},"schema":{"@context":"https:\/\/schema.org","@graph":[{"@type":"WebPage","@id":"https:\/\/www.correiobraziliense.com.br\/cbradar\/o-alimento-simples-que-ajuda-a-controlar-a-fome-e-evita-beliscar-refeicoes-durante-o-dia\/","url":"https:\/\/www.correiobraziliense.com.br\/cbradar\/o-alimento-simples-que-ajuda-a-controlar-a-fome-e-evita-beliscar-refeicoes-durante-o-dia\/","name":"O alimento simples que ajuda a controlar a fome e evita beliscar refei\u00e7\u00f5es durante o dia - Correio Braziliense - Radar","isPartOf":{"@id":"https:\/\/www.correiobraziliense.com.br\/cbradar\/#website"},"primaryImageOfPage":{"@id":"https:\/\/www.correiobraziliense.com.br\/cbradar\/o-alimento-simples-que-ajuda-a-controlar-a-fome-e-evita-beliscar-refeicoes-durante-o-dia\/#primaryimage"},"image":{"@id":"https:\/\/www.correiobraziliense.com.br\/cbradar\/o-alimento-simples-que-ajuda-a-controlar-a-fome-e-evita-beliscar-refeicoes-durante-o-dia\/#primaryimage"},"thumbnailUrl":"https:\/\/www.correiobraziliense.com.br\/cbradar\/wp-content\/uploads\/2026\/01\/Gemini_Generated_Image_aiggaoaiggaoaigg-1.png","datePublished":"2026-01-25T16:05:01+00:00","author":{"@id":"https:\/\/www.correiobraziliense.com.br\/cbradar\/#\/schema\/person\/7356666e12ec0ee53f348ee5db227032"},"description":"O alimento prolonga a saciedade, reduz beliscos e apoia o controle de peso quando usado em refei\u00e7\u00f5es equilibradas.","breadcrumb":{"@id":"https:\/\/www.correiobraziliense.com.br\/cbradar\/o-alimento-simples-que-ajuda-a-controlar-a-fome-e-evita-beliscar-refeicoes-durante-o-dia\/#breadcrumb"},"inLanguage":"pt-BR","potentialAction":[{"@type":"ReadAction","target":["https:\/\/www.correiobraziliense.com.br\/cbradar\/o-alimento-simples-que-ajuda-a-controlar-a-fome-e-evita-beliscar-refeicoes-durante-o-dia\/"]}]},{"@type":"ImageObject","inLanguage":"pt-BR","@id":"https:\/\/www.correiobraziliense.com.br\/cbradar\/o-alimento-simples-que-ajuda-a-controlar-a-fome-e-evita-beliscar-refeicoes-durante-o-dia\/#primaryimage","url":"https:\/\/www.correiobraziliense.com.br\/cbradar\/wp-content\/uploads\/2026\/01\/Gemini_Generated_Image_aiggaoaiggaoaigg-1.png","contentUrl":"https:\/\/www.correiobraziliense.com.br\/cbradar\/wp-content\/uploads\/2026\/01\/Gemini_Generated_Image_aiggaoaiggaoaigg-1.png","width":1280,"height":720,"caption":"Para aproveitar o ovo cozido para saciedade, a forma de inseri-lo na rotina faz diferen\u00e7a"},{"@type":"BreadcrumbList","@id":"https:\/\/www.correiobraziliense.com.br\/cbradar\/o-alimento-simples-que-ajuda-a-controlar-a-fome-e-evita-beliscar-refeicoes-durante-o-dia\/#breadcrumb","itemListElement":[{"@type":"ListItem","position":1,"name":"In\u00edcio","item":"https:\/\/www.correiobraziliense.com.br\/cbradar\/"},{"@type":"ListItem","position":2,"name":"O alimento simples que ajuda a controlar a fome e evita beliscar refei\u00e7\u00f5es durante o dia"}]},{"@type":"WebSite","@id":"https:\/\/www.correiobraziliense.com.br\/cbradar\/#website","url":"https:\/\/www.correiobraziliense.com.br\/cbradar\/","name":"Correio Braziliense - Radar","description":"Acompanhe as \u00faltimas not\u00edcias e fique bem informado sobre tudo o que acontece no Brasil e no mundo.","potentialAction":[{"@type":"SearchAction","target":{"@type":"EntryPoint","urlTemplate":"https:\/\/www.correiobraziliense.com.br\/cbradar\/?s={search_term_string}"},"query-input":{"@type":"PropertyValueSpecification","valueRequired":true,"valueName":"search_term_string"}}],"inLanguage":"pt-BR"},{"@type":"Person","@id":"https:\/\/www.correiobraziliense.com.br\/cbradar\/#\/schema\/person\/7356666e12ec0ee53f348ee5db227032","name":"Daniely Cardoso","image":{"@type":"ImageObject","inLanguage":"pt-BR","@id":"https:\/\/www.correiobraziliense.com.br\/cbradar\/#\/schema\/person\/image\/","url":"https:\/\/secure.gravatar.com\/avatar\/4b80ddbd124d1f071b626d52d62e5dff?s=96&d=mm&r=g","contentUrl":"https:\/\/secure.gravatar.com\/avatar\/4b80ddbd124d1f071b626d52d62e5dff?s=96&d=mm&r=g","caption":"Daniely Cardoso"},"description":"Redatora nos portais CB Radar e EM Foco, formada pela Universidade Federal de Goi\u00e1s, em Goi\u00e2nia. Apaixonada por comunica\u00e7\u00e3o, arte, decora\u00e7\u00e3o e tend\u00eancias, atuo na produ\u00e7\u00e3o de conte\u00fados envolventes sobre curiosidades, moda, beleza e paisagismo, sempre com um olhar atento \u00e0s novidades do momento.","sameAs":["https:\/\/www.correiobraziliense.com.br\/cbradar"],"url":"https:\/\/www.correiobraziliense.com.br\/cbradar\/author\/danielymyth\/"}]}},"_links":{"self":[{"href":"https:\/\/www.correiobraziliense.com.br\/cbradar\/wp-json\/wp\/v2\/posts\/180664","targetHints":{"allow":["GET"]}}],"collection":[{"href":"https:\/\/www.correiobraziliense.com.br\/cbradar\/wp-json\/wp\/v2\/posts"}],"about":[{"href":"https:\/\/www.correiobraziliense.com.br\/cbradar\/wp-json\/wp\/v2\/types\/post"}],"author":[{"embeddable":true,"href":"https:\/\/www.correiobraziliense.com.br\/cbradar\/wp-json\/wp\/v2\/users\/9"}],"replies":[{"embeddable":true,"href":"https:\/\/www.correiobraziliense.com.br\/cbradar\/wp-json\/wp\/v2\/comments?post=180664"}],"version-history":[{"count":2,"href":"https:\/\/www.correiobraziliense.com.br\/cbradar\/wp-json\/wp\/v2\/posts\/180664\/revisions"}],"predecessor-version":[{"id":180757,"href":"https:\/\/www.correiobraziliense.com.br\/cbradar\/wp-json\/wp\/v2\/posts\/180664\/revisions\/180757"}],"wp:featuredmedia":[{"embeddable":true,"href":"https:\/\/www.correiobraziliense.com.br\/cbradar\/wp-json\/wp\/v2\/media\/180756"}],"wp:attachment":[{"href":"https:\/\/www.correiobraziliense.com.br\/cbradar\/wp-json\/wp\/v2\/media?parent=180664"}],"wp:term":[{"taxonomy":"category","embeddable":true,"href":"https:\/\/www.correiobraziliense.com.br\/cbradar\/wp-json\/wp\/v2\/categories?post=180664"},{"taxonomy":"post_tag","embeddable":true,"href":"https:\/\/www.correiobraziliense.com.br\/cbradar\/wp-json\/wp\/v2\/tags?post=180664"}],"curies":[{"name":"wp","href":"https:\/\/api.w.org\/{rel}","templated":true}]}}