{"id":180665,"date":"2026-01-25T14:25:07","date_gmt":"2026-01-25T17:25:07","guid":{"rendered":"https:\/\/www.correiobraziliense.com.br\/cbradar\/?p=180665"},"modified":"2026-01-24T12:42:58","modified_gmt":"2026-01-24T15:42:58","slug":"a-bebida-noturna-que-muitas-pessoas-usam-para-acalmar-a-mente-e-ter-noites-menos-agitadas","status":"publish","type":"post","link":"https:\/\/www.correiobraziliense.com.br\/cbradar\/a-bebida-noturna-que-muitas-pessoas-usam-para-acalmar-a-mente-e-ter-noites-menos-agitadas\/","title":{"rendered":"A bebida noturna que muitas pessoas usam para acalmar a mente e ter noites menos agitadas"},"content":{"rendered":"\n<p>Depois de um dia corrido, cabe\u00e7a a mil e corpo cansado, muita gente s\u00f3 quer deitar e descansar \u2013 mas o sono n\u00e3o vem ou \u00e9 cheio de despertares. Nessa hora, o ch\u00e1 de <strong>capim-cidreira<\/strong> costuma entrar em cena como um cuidado simples, acolhedor e acess\u00edvel para deixar a noite mais tranquila, ajudando a criar um momento de pausa antes de dormir.<\/p>\n\n\n\n<h2 class=\"wp-block-heading\">Ch\u00e1 de capim-cidreira pode ajudar no sono agitado?<\/h2>\n\n\n\n<p>O <strong>capim-cidreira<\/strong>, tamb\u00e9m chamado de capim-lim\u00e3o, tem um aroma marcante e suave ao mesmo tempo, ligado a uma sensa\u00e7\u00e3o de calma leve. Quando consumido em forma de ch\u00e1 \u00e0 noite, ele pode favorecer o relaxamento e ajudar quem sente dificuldade em \u201cdesligar\u201d a mente na hora de dormir.<\/p>\n\n\n\n<p>Al\u00e9m disso, o pr\u00f3prio ritual de preparar uma bebida quente, em um ambiente mais silencioso e com pouca luz, j\u00e1 envia ao corpo o sinal de que \u00e9 hora de diminuir o ritmo. Esse cuidado simples pode se somar a outros h\u00e1bitos saud\u00e1veis e ajudar a reduzir o sono quebrado e as noites muito inquietas.<\/p>\n\n\n<div class=\"wp-block-image\">\n<figure class=\"aligncenter size-large\"><img decoding=\"async\" width=\"1024\" height=\"576\" src=\"https:\/\/www.correiobraziliense.com.br\/cbradar\/wp-content\/uploads\/2026\/01\/Gemini_Generated_Image_mromjhmromjhmrom-1-1024x576.png\" alt=\"\" class=\"wp-image-180764\" srcset=\"https:\/\/www.correiobraziliense.com.br\/cbradar\/wp-content\/uploads\/2026\/01\/Gemini_Generated_Image_mromjhmromjhmrom-1-1024x576.png 1024w, https:\/\/www.correiobraziliense.com.br\/cbradar\/wp-content\/uploads\/2026\/01\/Gemini_Generated_Image_mromjhmromjhmrom-1-300x169.png 300w, https:\/\/www.correiobraziliense.com.br\/cbradar\/wp-content\/uploads\/2026\/01\/Gemini_Generated_Image_mromjhmromjhmrom-1-768x432.png 768w, https:\/\/www.correiobraziliense.com.br\/cbradar\/wp-content\/uploads\/2026\/01\/Gemini_Generated_Image_mromjhmromjhmrom-1-750x422.png 750w, https:\/\/www.correiobraziliense.com.br\/cbradar\/wp-content\/uploads\/2026\/01\/Gemini_Generated_Image_mromjhmromjhmrom-1-1140x641.png 1140w, https:\/\/www.correiobraziliense.com.br\/cbradar\/wp-content\/uploads\/2026\/01\/Gemini_Generated_Image_mromjhmromjhmrom-1.png 1280w\" sizes=\"(max-width: 1024px) 100vw, 1024px\" \/><figcaption class=\"wp-element-caption\">O capim-cidreira, tamb\u00e9m chamado de capim-lim\u00e3o, tem um aroma marcante e suave ao mesmo tempo<\/figcaption><\/figure><\/div>\n\n\n<p>Leia tamb\u00e9m:&nbsp;<a href=\"https:\/\/www.correiobraziliense.com.br\/cbradar\/o-classico-das-refeicoes-que-ganhou-atencao-por-possiveis-efeitos-na-pressao-e-na-saude-do-sangue\/\" target=\"_blank\" rel=\"noopener\">O cl\u00e1ssico das refei\u00e7\u00f5es que ganhou aten\u00e7\u00e3o por poss\u00edveis efeitos na press\u00e3o e na sa\u00fade do sangue<\/a><\/p>\n\n\n\n<h2 class=\"wp-block-heading\">Como organizar a rotina noturna com ch\u00e1 de capim-cidreira<\/h2>\n\n\n\n<p>Para quem sofre com sono agitado, incluir o ch\u00e1 de <strong>capim-cidreira<\/strong> entre 30 e 60 minutos antes de deitar pode fazer parte de uma rotina noturna mais organizada. Beber o ch\u00e1 sempre em hor\u00e1rios parecidos ajuda o corpo a entender que aquele \u00e9 o momento de desacelerar.<\/p>\n\n\n\n<p>Muitas pessoas gostam de associar a bebida a pequenos gestos, como diminuir o uso de telas, baixar a ilumina\u00e7\u00e3o da casa e evitar refei\u00e7\u00f5es muito pesadas. Esse conjunto de atitudes simples favorece um sono mais cont\u00ednuo e pode reduzir despertares ligados ao estresse do dia a dia.<\/p>\n\n\n\n<h2 class=\"wp-block-heading\">Quais s\u00e3o os principais benef\u00edcios do capim-cidreira para o descanso<\/h2>\n\n\n\n<p>Al\u00e9m de ajudar no relaxamento, o ch\u00e1 de <strong>capim-cidreira<\/strong> \u00e9 lembrado por trazer conforto em outros momentos da rotina. \u00c9 um tipo de cuidado caseiro que muitas fam\u00edlias passam de gera\u00e7\u00e3o em gera\u00e7\u00e3o e que acompanha conversas de fim de noite, leitura e momentos de pausa.<\/p>\n\n\n\n<p>Veja a seguir alguns dos efeitos mais comentados no dia a dia, que ajudam a entender por que essa bebida se tornou t\u00e3o presente nas casas brasileiras:<\/p>\n\n\n\n<ul class=\"wp-block-list\">\n<li><strong>Relaxamento leve:<\/strong> auxilia a reduzir a tens\u00e3o do dia a dia, favorecendo um estado de calma.<\/li>\n\n\n\n<li><strong>Apoio ao sono:<\/strong> pode ajudar quem tem dificuldade para adormecer ou apresenta noites muito inquietas.<\/li>\n\n\n\n<li><strong>Al\u00edvio de desconfortos digestivos:<\/strong> muitas pessoas utilizam a infus\u00e3o ap\u00f3s refei\u00e7\u00f5es para aliviar sensa\u00e7\u00e3o de peso.<\/li>\n\n\n\n<li><strong>Ritual noturno:<\/strong> o h\u00e1bito de preparar o ch\u00e1 cria uma rotina que contribui para organizar o hor\u00e1rio de dormir.<\/li>\n<\/ul>\n\n\n\n<p>Se voc\u00ea gosta de ouvir opini\u00e3o de especialistas, separamos esse v\u00eddeo da <a href=\"https:\/\/www.youtube.com\/@AngelaXavier\" target=\"_blank\" rel=\"noreferrer noopener\">Angela Xavier<\/a> mostrando os benef\u00edcios da erva:<\/p>\n\n\n\n<figure class=\"wp-block-embed is-type-video is-provider-youtube wp-block-embed-youtube wp-embed-aspect-16-9 wp-has-aspect-ratio\"><div class=\"wp-block-embed__wrapper\">\n<div class=\"jeg_video_container jeg_video_content\"><iframe loading=\"lazy\" title=\"Erva cidreira, Capim Santo, Melissa: saiba as diferen\u00e7as!\" width=\"500\" height=\"281\" src=\"https:\/\/www.youtube.com\/embed\/ingHRw2sWts?feature=oembed\" frameborder=\"0\" allow=\"accelerometer; autoplay; clipboard-write; encrypted-media; gyroscope; picture-in-picture; web-share\" referrerpolicy=\"strict-origin-when-cross-origin\" allowfullscreen><\/iframe><\/div>\n<\/div><\/figure>\n\n\n\n<h2 class=\"wp-block-heading\">Quais cuidados ter ao usar ch\u00e1 de capim-cidreira para sono agitado<\/h2>\n\n\n\n<p>Apesar de ser uma bebida muito presente no dia a dia, o ch\u00e1 de <strong>capim-cidreira<\/strong> pede alguns cuidados. Em geral, o uso moderado \u00e9 bem aceito por adultos saud\u00e1veis, mas \u00e9 importante observar o pr\u00f3prio organismo e evitar exageros ao longo do dia.<\/p>\n\n\n\n<p>Gestantes, pessoas usando v\u00e1rios medicamentos ou com problemas de sa\u00fade espec\u00edficos devem conversar com um profissional antes de incluir qualquer ch\u00e1 calmante na rotina. Se surgirem sinais como mal-estar, alergia ou piora da qualidade do sono, \u00e9 fundamental interromper o consumo e buscar avalia\u00e7\u00e3o de um m\u00e9dico ou outro profissional de confian\u00e7a.<\/p>\n\n\n\n<p>Para quem enfrenta sono agitado com frequ\u00eancia e sente impacto na disposi\u00e7\u00e3o, no humor ou no rendimento, o ch\u00e1 de <strong>capim-cidreira<\/strong> n\u00e3o substitui um acompanhamento m\u00e9dico ou psicol\u00f3gico. Ele funciona melhor como parte de um cuidado mais amplo, que inclui higiene do sono, manejo de estresse e, quando necess\u00e1rio, tratamento espec\u00edfico.<\/p>\n\n\n\n<figure class=\"wp-block-table\"><table class=\"has-fixed-layout\"><tbody><tr><th>Aspecto<\/th><th>Informa\u00e7\u00e3o sobre o ch\u00e1 de capim-cidreira<\/th><\/tr><tr><td><strong>Nome popular<\/strong><\/td><td>Ch\u00e1 de <strong>capim-cidreira<\/strong> (capim-lim\u00e3o, erva-cidreira de capim)<\/td><\/tr><tr><td><strong>Uso tradicional<\/strong><\/td><td>Aux\u00edlio ao relaxamento, apoio ao sono e al\u00edvio de tens\u00e3o leve<\/td><\/tr><tr><td><strong>Hor\u00e1rio mais comum<\/strong><\/td><td>No per\u00edodo noturno, entre 30 e 60 minutos antes de dormir<\/td><\/tr><tr><td><strong>Forma de preparo<\/strong><\/td><td>Infus\u00e3o de folhas frescas ou secas em \u00e1gua quente, por 5 a 10 minutos<\/td><\/tr><tr><td><strong>Principais cuidados<\/strong><\/td><td>Uso moderado; aten\u00e7\u00e3o em gestantes, pessoas em tratamento m\u00e9dico ou com alergias<\/td><\/tr><tr><td><strong>Papel no sono agitado<\/strong><\/td><td>Atua como apoio complementar, associado a h\u00e1bitos de higiene do sono<\/td><\/tr><\/tbody><\/table><\/figure>\n\n\n\n<h2 class=\"wp-block-heading\">Como incluir o ch\u00e1 de capim-cidreira na sua rotina<\/h2>\n\n\n\n<p>O ch\u00e1 de <strong>capim-cidreira<\/strong> \u00e9 uma alternativa simples para quem quer cuidar melhor do descanso e criar um fim de noite mais calmo. Quando inserido em uma rotina organizada, com aten\u00e7\u00e3o ao ambiente, \u00e0 alimenta\u00e7\u00e3o e ao estresse, ele tende a contribuir para noites mais tranquilas e um despertar com sensa\u00e7\u00e3o de descanso verdadeiro.<\/p>\n\n\n\n<p>Se voc\u00ea vem enfrentando <strong>sono<\/strong> agitado, experimente reservar alguns minutos antes de dormir para preparar seu ch\u00e1, desligar telas e se desconectar aos poucos. Caso os sintomas persistam ou piorem, procure um profissional de sa\u00fade para uma avalia\u00e7\u00e3o completa e use o ch\u00e1 como um aliado dentro de um plano de cuidado mais amplo.<\/p>\n","protected":false},"excerpt":{"rendered":"<p>Depois de um dia corrido, cabe\u00e7a a mil e corpo cansado, muita gente s\u00f3 quer deitar e descansar \u2013 mas o sono n\u00e3o vem ou \u00e9 cheio de despertares. Nessa hora, o ch\u00e1 de capim-cidreira costuma entrar em cena como um cuidado simples, acolhedor e acess\u00edvel para deixar a noite mais tranquila, ajudando a criar [&hellip;]<\/p>\n","protected":false},"author":9,"featured_media":180774,"comment_status":"open","ping_status":"open","sticky":false,"template":"","format":"standard","meta":{"_yoast_wpseo_focuskw":"Ch\u00e1 de capim-cidreira","_yoast_wpseo_title":"","_yoast_wpseo_metadesc":"A bebida ajuda a reduzir a agita\u00e7\u00e3o antes de dormir e pode favorecer noites mais tranquilas dentro de uma rotina organizada.","jnews-multi-image_gallery":[],"jnews_single_post":{"format":"standard"},"jnews_primary_category":[],"jnews_social_meta":[],"jnews_override_counter":[],"footnotes":""},"categories":[119,4404],"tags":[14378,6159,10839],"class_list":["post-180665","post","type-post","status-publish","format-standard","has-post-thumbnail","hentry","category-bem-estar","category-saude","tag-cha-de-capim-cidreira","tag-saude-do-sono","tag-sono-reparador"],"yoast_head":"<!-- This site is optimized with the Yoast SEO plugin v24.6 - https:\/\/yoast.com\/wordpress\/plugins\/seo\/ -->\n<title>A bebida noturna que muitas pessoas usam para acalmar a mente e ter noites menos agitadas - Correio Braziliense - Radar<\/title>\n<meta name=\"description\" content=\"A bebida ajuda a reduzir a agita\u00e7\u00e3o antes de dormir e pode favorecer noites mais tranquilas dentro de uma rotina organizada.\" \/>\n<meta name=\"robots\" content=\"index, follow, max-snippet:-1, max-image-preview:large, max-video-preview:-1\" \/>\n<link rel=\"canonical\" href=\"https:\/\/www.correiobraziliense.com.br\/cbradar\/a-bebida-noturna-que-muitas-pessoas-usam-para-acalmar-a-mente-e-ter-noites-menos-agitadas\/\" \/>\n<meta property=\"og:locale\" content=\"pt_BR\" \/>\n<meta property=\"og:type\" content=\"article\" \/>\n<meta property=\"og:title\" content=\"A bebida noturna que muitas pessoas usam para acalmar a mente e ter noites menos agitadas - Correio Braziliense - Radar\" \/>\n<meta property=\"og:description\" content=\"A bebida ajuda a reduzir a agita\u00e7\u00e3o antes de dormir e pode favorecer noites mais tranquilas dentro de uma rotina organizada.\" \/>\n<meta property=\"og:url\" content=\"https:\/\/www.correiobraziliense.com.br\/cbradar\/a-bebida-noturna-que-muitas-pessoas-usam-para-acalmar-a-mente-e-ter-noites-menos-agitadas\/\" \/>\n<meta property=\"og:site_name\" content=\"Correio Braziliense - Radar\" \/>\n<meta property=\"article:published_time\" content=\"2026-01-25T17:25:07+00:00\" \/>\n<meta property=\"og:image\" content=\"https:\/\/www.correiobraziliense.com.br\/cbradar\/wp-content\/uploads\/2026\/01\/Gemini_Generated_Image_rhic1grhic1grhic-1.png\" \/>\n\t<meta property=\"og:image:width\" content=\"1280\" \/>\n\t<meta property=\"og:image:height\" content=\"720\" \/>\n\t<meta property=\"og:image:type\" content=\"image\/png\" \/>\n<meta name=\"author\" content=\"Daniely Cardoso\" \/>\n<meta name=\"twitter:card\" content=\"summary_large_image\" \/>\n<meta name=\"twitter:label1\" content=\"Escrito por\" \/>\n\t<meta name=\"twitter:data1\" content=\"Daniely Cardoso\" \/>\n\t<meta name=\"twitter:label2\" content=\"Est. tempo de leitura\" \/>\n\t<meta name=\"twitter:data2\" content=\"6 minutos\" \/>\n<!-- \/ Yoast SEO plugin. -->","yoast_head_json":{"title":"A bebida noturna que muitas pessoas usam para acalmar a mente e ter noites menos agitadas - Correio Braziliense - Radar","description":"A bebida ajuda a reduzir a agita\u00e7\u00e3o antes de dormir e pode favorecer noites mais tranquilas dentro de uma rotina organizada.","robots":{"index":"index","follow":"follow","max-snippet":"max-snippet:-1","max-image-preview":"max-image-preview:large","max-video-preview":"max-video-preview:-1"},"canonical":"https:\/\/www.correiobraziliense.com.br\/cbradar\/a-bebida-noturna-que-muitas-pessoas-usam-para-acalmar-a-mente-e-ter-noites-menos-agitadas\/","og_locale":"pt_BR","og_type":"article","og_title":"A bebida noturna que muitas pessoas usam para acalmar a mente e ter noites menos agitadas - Correio Braziliense - Radar","og_description":"A bebida ajuda a reduzir a agita\u00e7\u00e3o antes de dormir e pode favorecer noites mais tranquilas dentro de uma rotina organizada.","og_url":"https:\/\/www.correiobraziliense.com.br\/cbradar\/a-bebida-noturna-que-muitas-pessoas-usam-para-acalmar-a-mente-e-ter-noites-menos-agitadas\/","og_site_name":"Correio Braziliense - Radar","article_published_time":"2026-01-25T17:25:07+00:00","og_image":[{"width":1280,"height":720,"url":"https:\/\/www.correiobraziliense.com.br\/cbradar\/wp-content\/uploads\/2026\/01\/Gemini_Generated_Image_rhic1grhic1grhic-1.png","type":"image\/png"}],"author":"Daniely Cardoso","twitter_card":"summary_large_image","twitter_misc":{"Escrito por":"Daniely Cardoso","Est. tempo de leitura":"6 minutos"},"schema":{"@context":"https:\/\/schema.org","@graph":[{"@type":"WebPage","@id":"https:\/\/www.correiobraziliense.com.br\/cbradar\/a-bebida-noturna-que-muitas-pessoas-usam-para-acalmar-a-mente-e-ter-noites-menos-agitadas\/","url":"https:\/\/www.correiobraziliense.com.br\/cbradar\/a-bebida-noturna-que-muitas-pessoas-usam-para-acalmar-a-mente-e-ter-noites-menos-agitadas\/","name":"A bebida noturna que muitas pessoas usam para acalmar a mente e ter noites menos agitadas - Correio Braziliense - Radar","isPartOf":{"@id":"https:\/\/www.correiobraziliense.com.br\/cbradar\/#website"},"primaryImageOfPage":{"@id":"https:\/\/www.correiobraziliense.com.br\/cbradar\/a-bebida-noturna-que-muitas-pessoas-usam-para-acalmar-a-mente-e-ter-noites-menos-agitadas\/#primaryimage"},"image":{"@id":"https:\/\/www.correiobraziliense.com.br\/cbradar\/a-bebida-noturna-que-muitas-pessoas-usam-para-acalmar-a-mente-e-ter-noites-menos-agitadas\/#primaryimage"},"thumbnailUrl":"https:\/\/www.correiobraziliense.com.br\/cbradar\/wp-content\/uploads\/2026\/01\/Gemini_Generated_Image_rhic1grhic1grhic-1.png","datePublished":"2026-01-25T17:25:07+00:00","author":{"@id":"https:\/\/www.correiobraziliense.com.br\/cbradar\/#\/schema\/person\/7356666e12ec0ee53f348ee5db227032"},"description":"A bebida ajuda a reduzir a agita\u00e7\u00e3o antes de dormir e pode favorecer noites mais tranquilas dentro de uma rotina organizada.","breadcrumb":{"@id":"https:\/\/www.correiobraziliense.com.br\/cbradar\/a-bebida-noturna-que-muitas-pessoas-usam-para-acalmar-a-mente-e-ter-noites-menos-agitadas\/#breadcrumb"},"inLanguage":"pt-BR","potentialAction":[{"@type":"ReadAction","target":["https:\/\/www.correiobraziliense.com.br\/cbradar\/a-bebida-noturna-que-muitas-pessoas-usam-para-acalmar-a-mente-e-ter-noites-menos-agitadas\/"]}]},{"@type":"ImageObject","inLanguage":"pt-BR","@id":"https:\/\/www.correiobraziliense.com.br\/cbradar\/a-bebida-noturna-que-muitas-pessoas-usam-para-acalmar-a-mente-e-ter-noites-menos-agitadas\/#primaryimage","url":"https:\/\/www.correiobraziliense.com.br\/cbradar\/wp-content\/uploads\/2026\/01\/Gemini_Generated_Image_rhic1grhic1grhic-1.png","contentUrl":"https:\/\/www.correiobraziliense.com.br\/cbradar\/wp-content\/uploads\/2026\/01\/Gemini_Generated_Image_rhic1grhic1grhic-1.png","width":1280,"height":720,"caption":"Para quem sofre com sono agitado, incluir o ch\u00e1 de capim-cidreira entre 30 e 60 minutos antes de deitar"},{"@type":"BreadcrumbList","@id":"https:\/\/www.correiobraziliense.com.br\/cbradar\/a-bebida-noturna-que-muitas-pessoas-usam-para-acalmar-a-mente-e-ter-noites-menos-agitadas\/#breadcrumb","itemListElement":[{"@type":"ListItem","position":1,"name":"In\u00edcio","item":"https:\/\/www.correiobraziliense.com.br\/cbradar\/"},{"@type":"ListItem","position":2,"name":"A bebida noturna que muitas pessoas usam para acalmar a mente e ter noites menos agitadas"}]},{"@type":"WebSite","@id":"https:\/\/www.correiobraziliense.com.br\/cbradar\/#website","url":"https:\/\/www.correiobraziliense.com.br\/cbradar\/","name":"Correio Braziliense - Radar","description":"Acompanhe as \u00faltimas not\u00edcias e fique bem informado sobre tudo o que acontece no Brasil e no mundo.","potentialAction":[{"@type":"SearchAction","target":{"@type":"EntryPoint","urlTemplate":"https:\/\/www.correiobraziliense.com.br\/cbradar\/?s={search_term_string}"},"query-input":{"@type":"PropertyValueSpecification","valueRequired":true,"valueName":"search_term_string"}}],"inLanguage":"pt-BR"},{"@type":"Person","@id":"https:\/\/www.correiobraziliense.com.br\/cbradar\/#\/schema\/person\/7356666e12ec0ee53f348ee5db227032","name":"Daniely Cardoso","image":{"@type":"ImageObject","inLanguage":"pt-BR","@id":"https:\/\/www.correiobraziliense.com.br\/cbradar\/#\/schema\/person\/image\/","url":"https:\/\/secure.gravatar.com\/avatar\/4b80ddbd124d1f071b626d52d62e5dff?s=96&d=mm&r=g","contentUrl":"https:\/\/secure.gravatar.com\/avatar\/4b80ddbd124d1f071b626d52d62e5dff?s=96&d=mm&r=g","caption":"Daniely Cardoso"},"description":"Redatora nos portais CB Radar e EM Foco, formada pela Universidade Federal de Goi\u00e1s, em Goi\u00e2nia. Apaixonada por comunica\u00e7\u00e3o, arte, decora\u00e7\u00e3o e tend\u00eancias, atuo na produ\u00e7\u00e3o de conte\u00fados envolventes sobre curiosidades, moda, beleza e paisagismo, sempre com um olhar atento \u00e0s novidades do momento.","sameAs":["https:\/\/www.correiobraziliense.com.br\/cbradar"],"url":"https:\/\/www.correiobraziliense.com.br\/cbradar\/author\/danielymyth\/"}]}},"_links":{"self":[{"href":"https:\/\/www.correiobraziliense.com.br\/cbradar\/wp-json\/wp\/v2\/posts\/180665","targetHints":{"allow":["GET"]}}],"collection":[{"href":"https:\/\/www.correiobraziliense.com.br\/cbradar\/wp-json\/wp\/v2\/posts"}],"about":[{"href":"https:\/\/www.correiobraziliense.com.br\/cbradar\/wp-json\/wp\/v2\/types\/post"}],"author":[{"embeddable":true,"href":"https:\/\/www.correiobraziliense.com.br\/cbradar\/wp-json\/wp\/v2\/users\/9"}],"replies":[{"embeddable":true,"href":"https:\/\/www.correiobraziliense.com.br\/cbradar\/wp-json\/wp\/v2\/comments?post=180665"}],"version-history":[{"count":2,"href":"https:\/\/www.correiobraziliense.com.br\/cbradar\/wp-json\/wp\/v2\/posts\/180665\/revisions"}],"predecessor-version":[{"id":180775,"href":"https:\/\/www.correiobraziliense.com.br\/cbradar\/wp-json\/wp\/v2\/posts\/180665\/revisions\/180775"}],"wp:featuredmedia":[{"embeddable":true,"href":"https:\/\/www.correiobraziliense.com.br\/cbradar\/wp-json\/wp\/v2\/media\/180774"}],"wp:attachment":[{"href":"https:\/\/www.correiobraziliense.com.br\/cbradar\/wp-json\/wp\/v2\/media?parent=180665"}],"wp:term":[{"taxonomy":"category","embeddable":true,"href":"https:\/\/www.correiobraziliense.com.br\/cbradar\/wp-json\/wp\/v2\/categories?post=180665"},{"taxonomy":"post_tag","embeddable":true,"href":"https:\/\/www.correiobraziliense.com.br\/cbradar\/wp-json\/wp\/v2\/tags?post=180665"}],"curies":[{"name":"wp","href":"https:\/\/api.w.org\/{rel}","templated":true}]}}