{"id":180742,"date":"2026-01-27T21:35:00","date_gmt":"2026-01-28T00:35:00","guid":{"rendered":"https:\/\/www.correiobraziliense.com.br\/cbradar\/?p=180742"},"modified":"2026-01-26T17:20:12","modified_gmt":"2026-01-26T20:20:12","slug":"os-nomes-de-bebes-inspirados-em-paises-que-podem-ganhar-forca-em-2026","status":"publish","type":"post","link":"https:\/\/www.correiobraziliense.com.br\/cbradar\/os-nomes-de-bebes-inspirados-em-paises-que-podem-ganhar-forca-em-2026\/","title":{"rendered":"Os nomes de beb\u00eas inspirados em pa\u00edses que podem ganhar for\u00e7a em 2026"},"content":{"rendered":"\n<p>Entre pais que aguardam a chegada de um beb\u00ea, a escolha do nome costuma refletir muito mais do que gosto pessoal. Em 2026, uma tend\u00eancia crescente \u00e9 buscar inspira\u00e7\u00e3o em pa\u00edses e cidades do mundo, criando uma liga\u00e7\u00e3o simb\u00f3lica com culturas, paisagens e hist\u00f3rias diferentes. <\/p>\n\n\n\n<h2 class=\"wp-block-heading\">Por que os nomes de beb\u00eas inspirados em pa\u00edses est\u00e3o ganhando espa\u00e7o<\/h2>\n\n\n\n<p>Os <strong>nomes de beb\u00eas inspirados em pa\u00edses<\/strong> acompanham mudan\u00e7as sociais importantes, como o aumento de casamentos interculturais, a mobilidade internacional e o acesso facilitado \u00e0 informa\u00e7\u00e3o. Com isso, refer\u00eancias estrangeiras deixam de soar distantes e passam a fazer parte do cotidiano de fam\u00edlias conectadas com o mundo.<\/p>\n\n\n\n<p>Para muitos, escolher um nome ligado a um lugar \u00e9 uma forma discreta de celebrar <strong>origens familiares, viagens marcantes ou projetos de futuro<\/strong>. Tamb\u00e9m \u00e9 uma estrat\u00e9gia para criar um nome \u00fanico, com <strong>hist\u00f3ria, significado e sonoridade diferenciada<\/strong>, que ainda seja f\u00e1cil de usar no dia a dia.<\/p>\n\n\n\n<figure class=\"wp-block-image size-large\"><img decoding=\"async\" width=\"1024\" height=\"576\" src=\"https:\/\/www.correiobraziliense.com.br\/cbradar\/wp-content\/uploads\/2026\/01\/\u2705-BANNER-MYTH-22-8-1024x576.png\" alt=\"Os nomes de beb\u00eas inspirados em pa\u00edses que podem ganhar for\u00e7a em 2026\" class=\"wp-image-180746\" srcset=\"https:\/\/www.correiobraziliense.com.br\/cbradar\/wp-content\/uploads\/2026\/01\/\u2705-BANNER-MYTH-22-8-1024x576.png 1024w, https:\/\/www.correiobraziliense.com.br\/cbradar\/wp-content\/uploads\/2026\/01\/\u2705-BANNER-MYTH-22-8-300x169.png 300w, https:\/\/www.correiobraziliense.com.br\/cbradar\/wp-content\/uploads\/2026\/01\/\u2705-BANNER-MYTH-22-8-768x432.png 768w, https:\/\/www.correiobraziliense.com.br\/cbradar\/wp-content\/uploads\/2026\/01\/\u2705-BANNER-MYTH-22-8-750x422.png 750w, https:\/\/www.correiobraziliense.com.br\/cbradar\/wp-content\/uploads\/2026\/01\/\u2705-BANNER-MYTH-22-8-1140x641.png 1140w, https:\/\/www.correiobraziliense.com.br\/cbradar\/wp-content\/uploads\/2026\/01\/\u2705-BANNER-MYTH-22-8.png 1280w\" sizes=\"(max-width: 1024px) 100vw, 1024px\" \/><figcaption class=\"wp-element-caption\">Que tal Jord\u00e2nia ou N\u00edger? Nomes de pa\u00edses fofos e diferentes para beb\u00eas, f\u00e1ceis de amar e cheios de aventuras mundiais no dia a dia.<\/figcaption><\/figure>\n\n\n\n<h2 class=\"wp-block-heading\">Como a sonoridade influencia os nomes de pa\u00edses escolhidos<\/h2>\n\n\n\n<p>Outro ponto relevante \u00e9 a <strong>sonoridade<\/strong>. Pais costumam buscar nomes curtos, claros e que funcionem bem em mais de um idioma, evitando pron\u00fancias confusas ou grafias complicadas. Pa\u00edses como <strong>India<\/strong>, <strong>Chile<\/strong> ou cidades como <strong>Paris<\/strong> e <strong>Oslo<\/strong> entram nesse cen\u00e1rio por serem f\u00e1ceis de compreender e escrever.<\/p>\n\n\n\n<p>Isso facilita a adapta\u00e7\u00e3o da crian\u00e7a em <strong>ambientes escolares internacionais<\/strong> ou em mudan\u00e7as de pa\u00eds no futuro, al\u00e9m de tornar o nome mais pr\u00e1tico em documentos, viagens e intera\u00e7\u00f5es online. Assim, o nome mant\u00e9m seu toque global sem perder a funcionalidade no cotidiano.<\/p>\n\n\n\n<h2 class=\"wp-block-heading\">Quais s\u00e3o os nomes de beb\u00eas inspirados em pa\u00edses mais lembrados<\/h2>\n\n\n\n<p>Entre as op\u00e7\u00f5es mais citadas quando o assunto \u00e9 <strong>nome de beb\u00ea com inspira\u00e7\u00e3o geogr\u00e1fica<\/strong>, alguns se destacam pela familiaridade e pela sonoridade suave. Nomes ligados \u00e0 \u00cdndia, por exemplo, surgem tanto de forma direta quanto em vers\u00f5es que remetem a cidades tradicionais e refer\u00eancias espirituais.<\/p>\n\n\n\n<p>H\u00e1 tamb\u00e9m escolhas associadas a pa\u00edses europeus e da Am\u00e9rica Latina, que trazem uma mistura de <strong>hist\u00f3ria, modernidade e apelo internacional<\/strong>. Abaixo, alguns exemplos que ilustram essa tend\u00eancia de unir lugar, afeto e estilo em um \u00fanico nome:<\/p>\n\n\n\n<ul class=\"wp-block-list\">\n<li><strong>India<\/strong> \u2013 evoca diversidade cultural, espiritualidade e um forte senso de origem, sendo visto como um nome de identidade marcante.<\/li>\n\n\n\n<li><strong>Paris<\/strong> \u2013 associado \u00e0 capital francesa, carrega refer\u00eancias \u00e0 arte, romance e est\u00e9tica refinada.<\/li>\n\n\n\n<li><strong>Kenya<\/strong> \u2013 remete a natureza, saf\u00e1ris e paisagens abertas, com um som firme e contempor\u00e2neo.<\/li>\n\n\n\n<li><strong>Chile<\/strong> \u2013 ligado \u00e0 geografia singular do pa\u00eds andino, transmite a ideia de algo raro e pouco comum.<\/li>\n\n\n\n<li><strong>Rio<\/strong> \u2013 inspirado em \u201crio\u201d e em cidades como Rio de Janeiro, sugere movimento, fluidez e energia.<\/li>\n<\/ul>\n\n\n\n<p>Al\u00e9m de pa\u00edses, nomes baseados em <strong>cidades hist\u00f3ricas e paisagens ic\u00f4nicas<\/strong> tamb\u00e9m entram nessa tend\u00eancia, como <strong>Kashi<\/strong> e <strong>Siena<\/strong>. Embora n\u00e3o sejam pa\u00edses, mant\u00eam a mesma l\u00f3gica de homenagem a lugares com forte carga simb\u00f3lica, visual e cultural.<\/p>\n\n\n\n<p>Para trazer mais op\u00e7\u00f5es, trouxemos o v\u00eddeo do Ricky Farias, em que ele trouxe em seu perfil alguns nomes que podem ajudar a inspirar as ideias:<\/p>\n\n\n\n<blockquote class=\"tiktok-embed\" cite=\"https:\/\/www.tiktok.com\/@rickyyfarias\/video\/7254667296843500805\" data-video-id=\"7254667296843500805\" style=\"max-width: 605px;min-width: 325px;\" > <section> <a target=\"_blank\" title=\"@rickyyfarias\" href=\"https:\/\/www.tiktok.com\/@rickyyfarias?refer=embed\">@rickyyfarias<\/a> <a title=\"humor\" target=\"_blank\" href=\"https:\/\/www.tiktok.com\/tag\/humor?refer=embed\">#humor<\/a> <a title=\"paises\" target=\"_blank\" href=\"https:\/\/www.tiktok.com\/tag\/paises?refer=embed\">#paises<\/a> <a title=\"fyp\" target=\"_blank\" href=\"https:\/\/www.tiktok.com\/tag\/fyp?refer=embed\">#fyp<\/a> <a target=\"_blank\" title=\"\u266c sonido original - Ricardo\" href=\"https:\/\/www.tiktok.com\/music\/sonido-original-7203063224810998534?refer=embed\">\u266c sonido original &#8211; Ricardo<\/a> <\/section> <\/blockquote> <script async src=\"https:\/\/www.tiktok.com\/embed.js\"><\/script>\n\n\n\n<h2 class=\"wp-block-heading\">Como escolher nomes de beb\u00eas inspirados em pa\u00edses com cuidado<\/h2>\n\n\n\n<p>A escolha de <strong>nomes de beb\u00eas inspirados em pa\u00edses<\/strong> costuma envolver alguns cuidados pr\u00e1ticos, para equilibrar emo\u00e7\u00e3o e funcionalidade. Antes de decidir, muitas fam\u00edlias verificam significados, poss\u00edveis apelidos e pron\u00fancias em diferentes l\u00ednguas, evitando confus\u00f5es e interpreta\u00e7\u00f5es indesejadas.<\/p>\n\n\n\n<p>Essa pesquisa ajuda a transformar uma escolha afetiva em algo tamb\u00e9m pr\u00e1tico, respeitando <strong>contextos culturais, religiosos e lingu\u00edsticos<\/strong>. Alguns passos simples podem orientar esse processo de forma mais segura e consciente:<\/p>\n\n\n\n<ol class=\"wp-block-list\">\n<li><strong>Pesquisar o significado<\/strong>: entender a origem da palavra, sua hist\u00f3ria e poss\u00edveis interpreta\u00e7\u00f5es religiosas ou pol\u00edticas.<\/li>\n\n\n\n<li><strong>Testar a pron\u00fancia<\/strong>: falar o nome em voz alta junto com o sobrenome para avaliar ritmo, clareza e fluidez.<\/li>\n\n\n\n<li><strong>Checar outras l\u00ednguas<\/strong>: verificar se o nome n\u00e3o tem sentidos constrangedores em idiomas comuns, como ingl\u00eas, espanhol ou franc\u00eas.<\/li>\n\n\n\n<li><strong>Observar apelidos<\/strong>: identificar formas abreviadas que podem surgir na escola, na fam\u00edlia ou nas redes sociais.<\/li>\n\n\n\n<li><strong>Considerar o futuro<\/strong>: pensar se o nome ser\u00e1 funcional para a crian\u00e7a na fase adulta, em ambientes acad\u00eamicos e profissionais.<\/li>\n<\/ol>\n\n\n\n<h2 class=\"wp-block-heading\">Como nomes de pa\u00edses influenciam a identidade cultural da crian\u00e7a<\/h2>\n\n\n\n<p>Um ponto frequentemente discutido \u00e9 o impacto desses nomes na <strong>forma\u00e7\u00e3o da identidade<\/strong>. Ao crescer com um nome ligado a um pa\u00eds ou cidade, a crian\u00e7a pode se sentir instigada a conhecer a hist\u00f3ria do lugar, a cultura local, os idiomas e as tradi\u00e7\u00f5es, ampliando sua curiosidade e repert\u00f3rio.<\/p>\n\n\n\n<p>Em contextos multiculturais, um <strong>nome de beb\u00ea inspirado em pa\u00eds<\/strong> pode funcionar como ponte entre diferentes origens familiares, especialmente quando h\u00e1 ascend\u00eancia de mais de uma nacionalidade. Assim, esses nomes registram <strong>hist\u00f3rias, mem\u00f3rias e expectativas<\/strong>, aproximando a crian\u00e7a de um cen\u00e1rio global desde os primeiros dias de vida.<\/p>\n","protected":false},"excerpt":{"rendered":"<p>Nomes de beb\u00eas inspirados em pa\u00edses: descubra 10 op\u00e7\u00f5es modernas, significativas e f\u00e1ceis de pronunciar para fam\u00edlias indianas globais.<\/p>\n","protected":false},"author":3,"featured_media":182338,"comment_status":"open","ping_status":"open","sticky":false,"template":"","format":"standard","meta":{"_yoast_wpseo_focuskw":"nomes inspirados pa\u00edses","_yoast_wpseo_title":"%%title%%","_yoast_wpseo_metadesc":"Nomes de beb\u00eas inspirados em pa\u00edses: descubra 10 op\u00e7\u00f5es modernas, significativas e f\u00e1ceis de pronunciar para fam\u00edlias indianas globais.","jnews-multi-image_gallery":[],"jnews_single_post":{"format":"standard"},"jnews_primary_category":[],"jnews_social_meta":[],"jnews_override_counter":[],"footnotes":""},"categories":[112],"tags":[144,5202,11783,14368,2898],"class_list":["post-180742","post","type-post","status-publish","format-standard","has-post-thumbnail","hentry","category-curiosidades","tag-curiosidades","tag-nomes","tag-nomes-de-bebes","tag-nomes-de-criancas","tag-paises"],"yoast_head":"<!-- This site is optimized with the Yoast SEO plugin v24.6 - https:\/\/yoast.com\/wordpress\/plugins\/seo\/ -->\n<title>Os nomes de beb\u00eas inspirados em pa\u00edses que podem ganhar for\u00e7a em 2026<\/title>\n<meta name=\"description\" content=\"Nomes de beb\u00eas inspirados em pa\u00edses: descubra 10 op\u00e7\u00f5es modernas, significativas e f\u00e1ceis de pronunciar para fam\u00edlias indianas globais.\" \/>\n<meta name=\"robots\" content=\"index, follow, max-snippet:-1, max-image-preview:large, max-video-preview:-1\" \/>\n<link rel=\"canonical\" href=\"https:\/\/www.correiobraziliense.com.br\/cbradar\/os-nomes-de-bebes-inspirados-em-paises-que-podem-ganhar-forca-em-2026\/\" \/>\n<meta property=\"og:locale\" content=\"pt_BR\" \/>\n<meta property=\"og:type\" content=\"article\" \/>\n<meta property=\"og:title\" content=\"Os nomes de beb\u00eas inspirados em pa\u00edses que podem ganhar for\u00e7a em 2026\" \/>\n<meta property=\"og:description\" content=\"Nomes de beb\u00eas inspirados em pa\u00edses: descubra 10 op\u00e7\u00f5es modernas, significativas e f\u00e1ceis de pronunciar para fam\u00edlias indianas globais.\" \/>\n<meta property=\"og:url\" content=\"https:\/\/www.correiobraziliense.com.br\/cbradar\/os-nomes-de-bebes-inspirados-em-paises-que-podem-ganhar-forca-em-2026\/\" \/>\n<meta property=\"og:site_name\" content=\"Correio Braziliense - Radar\" \/>\n<meta property=\"article:published_time\" content=\"2026-01-28T00:35:00+00:00\" \/>\n<meta property=\"og:image\" content=\"https:\/\/www.correiobraziliense.com.br\/cbradar\/wp-content\/uploads\/2026\/01\/freepik__imagem-realista-de-um-beb-brasileiro__48529.jpeg\" \/>\n\t<meta property=\"og:image:width\" content=\"1280\" \/>\n\t<meta property=\"og:image:height\" content=\"720\" \/>\n\t<meta property=\"og:image:type\" content=\"image\/jpeg\" \/>\n<meta name=\"author\" content=\"Larissa Carvalho\" \/>\n<meta name=\"twitter:card\" content=\"summary_large_image\" \/>\n<meta name=\"twitter:label1\" content=\"Escrito por\" \/>\n\t<meta name=\"twitter:data1\" content=\"Larissa Carvalho\" \/>\n\t<meta name=\"twitter:label2\" content=\"Est. tempo de leitura\" \/>\n\t<meta name=\"twitter:data2\" content=\"5 minutos\" \/>\n<!-- \/ Yoast SEO plugin. -->","yoast_head_json":{"title":"Os nomes de beb\u00eas inspirados em pa\u00edses que podem ganhar for\u00e7a em 2026","description":"Nomes de beb\u00eas inspirados em pa\u00edses: descubra 10 op\u00e7\u00f5es modernas, significativas e f\u00e1ceis de pronunciar para fam\u00edlias indianas globais.","robots":{"index":"index","follow":"follow","max-snippet":"max-snippet:-1","max-image-preview":"max-image-preview:large","max-video-preview":"max-video-preview:-1"},"canonical":"https:\/\/www.correiobraziliense.com.br\/cbradar\/os-nomes-de-bebes-inspirados-em-paises-que-podem-ganhar-forca-em-2026\/","og_locale":"pt_BR","og_type":"article","og_title":"Os nomes de beb\u00eas inspirados em pa\u00edses que podem ganhar for\u00e7a em 2026","og_description":"Nomes de beb\u00eas inspirados em pa\u00edses: descubra 10 op\u00e7\u00f5es modernas, significativas e f\u00e1ceis de pronunciar para fam\u00edlias indianas globais.","og_url":"https:\/\/www.correiobraziliense.com.br\/cbradar\/os-nomes-de-bebes-inspirados-em-paises-que-podem-ganhar-forca-em-2026\/","og_site_name":"Correio Braziliense - Radar","article_published_time":"2026-01-28T00:35:00+00:00","og_image":[{"width":1280,"height":720,"url":"https:\/\/www.correiobraziliense.com.br\/cbradar\/wp-content\/uploads\/2026\/01\/freepik__imagem-realista-de-um-beb-brasileiro__48529.jpeg","type":"image\/jpeg"}],"author":"Larissa Carvalho","twitter_card":"summary_large_image","twitter_misc":{"Escrito por":"Larissa Carvalho","Est. tempo de leitura":"5 minutos"},"schema":{"@context":"https:\/\/schema.org","@graph":[{"@type":"WebPage","@id":"https:\/\/www.correiobraziliense.com.br\/cbradar\/os-nomes-de-bebes-inspirados-em-paises-que-podem-ganhar-forca-em-2026\/","url":"https:\/\/www.correiobraziliense.com.br\/cbradar\/os-nomes-de-bebes-inspirados-em-paises-que-podem-ganhar-forca-em-2026\/","name":"Os nomes de beb\u00eas inspirados em pa\u00edses que podem ganhar for\u00e7a em 2026","isPartOf":{"@id":"https:\/\/www.correiobraziliense.com.br\/cbradar\/#website"},"primaryImageOfPage":{"@id":"https:\/\/www.correiobraziliense.com.br\/cbradar\/os-nomes-de-bebes-inspirados-em-paises-que-podem-ganhar-forca-em-2026\/#primaryimage"},"image":{"@id":"https:\/\/www.correiobraziliense.com.br\/cbradar\/os-nomes-de-bebes-inspirados-em-paises-que-podem-ganhar-forca-em-2026\/#primaryimage"},"thumbnailUrl":"https:\/\/www.correiobraziliense.com.br\/cbradar\/wp-content\/uploads\/2026\/01\/freepik__imagem-realista-de-um-beb-brasileiro__48529.jpeg","datePublished":"2026-01-28T00:35:00+00:00","author":{"@id":"https:\/\/www.correiobraziliense.com.br\/cbradar\/#\/schema\/person\/58422787644df994b53a19d3e56c1513"},"description":"Nomes de beb\u00eas inspirados em pa\u00edses: descubra 10 op\u00e7\u00f5es modernas, significativas e f\u00e1ceis de pronunciar para fam\u00edlias indianas globais.","breadcrumb":{"@id":"https:\/\/www.correiobraziliense.com.br\/cbradar\/os-nomes-de-bebes-inspirados-em-paises-que-podem-ganhar-forca-em-2026\/#breadcrumb"},"inLanguage":"pt-BR","potentialAction":[{"@type":"ReadAction","target":["https:\/\/www.correiobraziliense.com.br\/cbradar\/os-nomes-de-bebes-inspirados-em-paises-que-podem-ganhar-forca-em-2026\/"]}]},{"@type":"ImageObject","inLanguage":"pt-BR","@id":"https:\/\/www.correiobraziliense.com.br\/cbradar\/os-nomes-de-bebes-inspirados-em-paises-que-podem-ganhar-forca-em-2026\/#primaryimage","url":"https:\/\/www.correiobraziliense.com.br\/cbradar\/wp-content\/uploads\/2026\/01\/freepik__imagem-realista-de-um-beb-brasileiro__48529.jpeg","contentUrl":"https:\/\/www.correiobraziliense.com.br\/cbradar\/wp-content\/uploads\/2026\/01\/freepik__imagem-realista-de-um-beb-brasileiro__48529.jpeg","width":1280,"height":720,"caption":"Nomes podem criar conex\u00e3o simb\u00f3lica com lugares e hist\u00f3rias"},{"@type":"BreadcrumbList","@id":"https:\/\/www.correiobraziliense.com.br\/cbradar\/os-nomes-de-bebes-inspirados-em-paises-que-podem-ganhar-forca-em-2026\/#breadcrumb","itemListElement":[{"@type":"ListItem","position":1,"name":"In\u00edcio","item":"https:\/\/www.correiobraziliense.com.br\/cbradar\/"},{"@type":"ListItem","position":2,"name":"Os nomes de beb\u00eas inspirados em pa\u00edses que podem ganhar for\u00e7a em 2026"}]},{"@type":"WebSite","@id":"https:\/\/www.correiobraziliense.com.br\/cbradar\/#website","url":"https:\/\/www.correiobraziliense.com.br\/cbradar\/","name":"Correio Braziliense - Radar","description":"Acompanhe as \u00faltimas not\u00edcias e fique bem informado sobre tudo o que acontece no Brasil e no mundo.","potentialAction":[{"@type":"SearchAction","target":{"@type":"EntryPoint","urlTemplate":"https:\/\/www.correiobraziliense.com.br\/cbradar\/?s={search_term_string}"},"query-input":{"@type":"PropertyValueSpecification","valueRequired":true,"valueName":"search_term_string"}}],"inLanguage":"pt-BR"},{"@type":"Person","@id":"https:\/\/www.correiobraziliense.com.br\/cbradar\/#\/schema\/person\/58422787644df994b53a19d3e56c1513","name":"Larissa Carvalho","image":{"@type":"ImageObject","inLanguage":"pt-BR","@id":"https:\/\/www.correiobraziliense.com.br\/cbradar\/#\/schema\/person\/image\/","url":"https:\/\/secure.gravatar.com\/avatar\/fe4f91a0de32b52a838d0d612abdc1aa?s=96&d=mm&r=g","contentUrl":"https:\/\/secure.gravatar.com\/avatar\/fe4f91a0de32b52a838d0d612abdc1aa?s=96&d=mm&r=g","caption":"Larissa Carvalho"},"url":"https:\/\/www.correiobraziliense.com.br\/cbradar\/author\/larissamyth\/"}]}},"_links":{"self":[{"href":"https:\/\/www.correiobraziliense.com.br\/cbradar\/wp-json\/wp\/v2\/posts\/180742","targetHints":{"allow":["GET"]}}],"collection":[{"href":"https:\/\/www.correiobraziliense.com.br\/cbradar\/wp-json\/wp\/v2\/posts"}],"about":[{"href":"https:\/\/www.correiobraziliense.com.br\/cbradar\/wp-json\/wp\/v2\/types\/post"}],"author":[{"embeddable":true,"href":"https:\/\/www.correiobraziliense.com.br\/cbradar\/wp-json\/wp\/v2\/users\/3"}],"replies":[{"embeddable":true,"href":"https:\/\/www.correiobraziliense.com.br\/cbradar\/wp-json\/wp\/v2\/comments?post=180742"}],"version-history":[{"count":3,"href":"https:\/\/www.correiobraziliense.com.br\/cbradar\/wp-json\/wp\/v2\/posts\/180742\/revisions"}],"predecessor-version":[{"id":182188,"href":"https:\/\/www.correiobraziliense.com.br\/cbradar\/wp-json\/wp\/v2\/posts\/180742\/revisions\/182188"}],"wp:featuredmedia":[{"embeddable":true,"href":"https:\/\/www.correiobraziliense.com.br\/cbradar\/wp-json\/wp\/v2\/media\/182338"}],"wp:attachment":[{"href":"https:\/\/www.correiobraziliense.com.br\/cbradar\/wp-json\/wp\/v2\/media?parent=180742"}],"wp:term":[{"taxonomy":"category","embeddable":true,"href":"https:\/\/www.correiobraziliense.com.br\/cbradar\/wp-json\/wp\/v2\/categories?post=180742"},{"taxonomy":"post_tag","embeddable":true,"href":"https:\/\/www.correiobraziliense.com.br\/cbradar\/wp-json\/wp\/v2\/tags?post=180742"}],"curies":[{"name":"wp","href":"https:\/\/api.w.org\/{rel}","templated":true}]}}