{"id":180765,"date":"2026-01-27T22:25:00","date_gmt":"2026-01-28T01:25:00","guid":{"rendered":"https:\/\/www.correiobraziliense.com.br\/cbradar\/?p=180765"},"modified":"2026-01-26T17:20:47","modified_gmt":"2026-01-26T20:20:47","slug":"poucos-sabem-o-melhor-jeito-de-lavar-jeans-para-evitar-que-estraguem","status":"publish","type":"post","link":"https:\/\/www.correiobraziliense.com.br\/cbradar\/poucos-sabem-o-melhor-jeito-de-lavar-jeans-para-evitar-que-estraguem\/","title":{"rendered":"Poucos sabem o melhor jeito de lavar jeans para evitar que estraguem"},"content":{"rendered":"\n<p>Entre todas as pe\u00e7as do guarda-roupa, o <strong>jeans<\/strong> ocupa um lugar de destaque. Cal\u00e7as, jaquetas e shorts acompanham o dia a dia do trabalho ao lazer e, justamente por serem t\u00e3o usados, acabam expostos a atrito, suor, poeira e lavagens frequentes, que podem comprometer a <strong>cor<\/strong> e o <strong>caimento<\/strong> se n\u00e3o forem feitos com cuidado.<\/p>\n\n\n\n<h2 class=\"wp-block-heading\">Como lavar jeans sem desbotar nem deformar<\/h2>\n\n\n\n<p>Lavar jeans corretamente ajuda a preservar a cor e o formato da pe\u00e7a. O ideal \u00e9 virar do avesso, fechar z\u00edperes e bot\u00f5es, utilizar \u00e1gua fria e escolher ciclo delicado. Detergente neutro, em pequena quantidade, reduz o atrito, protege as fibras e evita o desbotamento durante as lavagens dom\u00e9sticas frequentes.<\/p>\n\n\n\n<p>Para n\u00e3o deformar o jeans, evite torcer, centrifugar em excesso ou usar secadora. O ideal \u00e9 secar \u00e0 sombra, em superf\u00edcie plana ou no varal, mantendo o caimento natural. Lavar com menos frequ\u00eancia e intercalar os usos ajuda a conservar a estrutura, a elasticidade e a apar\u00eancia original por tempo.<\/p>\n\n\n\n<h2 class=\"wp-block-heading\">Qual \u00e9 o passo a passo para lavar jeans e manter a cor<\/h2>\n\n\n\n<p>Para organizar a rotina de cuidado, muitos especialistas sugerem um roteiro b\u00e1sico, que pode ser adaptado conforme o modelo, a cor e o n\u00edvel de sujeira. A seguir, um passo a passo simples e eficiente para manter o <strong>tom original<\/strong> e a <strong>estrutura do tecido<\/strong> por mais tempo:<\/p>\n\n\n\n<ol class=\"wp-block-list\">\n<li><strong>Avaliar a necessidade de lavagem:<\/strong> se o jeans n\u00e3o estiver manchado e apenas com odor leve, pode ser arejado em local ventilado antes de ir para a m\u00e1quina.<\/li>\n\n\n\n<li><strong>Separar por cor:<\/strong> pe\u00e7as escuras devem ficar longe de roupas claras para evitar transfer\u00eancia de pigmento.<\/li>\n\n\n\n<li><strong>Virar do avesso:<\/strong> essa medida protege o tom original e diminui o atrito nas \u00e1reas mais expostas, como coxas e joelhos.<\/li>\n\n\n\n<li><strong>Fechar z\u00edperes e bot\u00f5es:<\/strong> assim, a cal\u00e7a mant\u00e9m melhor o formato e n\u00e3o enrosca em outras roupas.<\/li>\n\n\n\n<li><strong>Escolher detergente suave:<\/strong> vers\u00f5es neutras, sem branqueadores \u00f3pticos e sem adi\u00e7\u00e3o de alvejante ajudam a preservar a cor.<\/li>\n\n\n\n<li><strong>Programar \u00e1gua fria e ciclo delicado:<\/strong> temperaturas baixas reduzem o encolhimento e o desbotamento do denim.<\/li>\n<\/ol>\n\n\n\n<p>O uso de <strong>amaciante<\/strong>, embora comum, costuma ser desaconselhado para jeans, pois cria uma pel\u00edcula sobre as fibras e altera a textura original. Para um toque mais macio, uma alternativa \u00e9 reduzir a rota\u00e7\u00e3o da <strong>centrifuga\u00e7\u00e3o<\/strong>, o que deixa o tecido menos r\u00edgido ap\u00f3s a lavagem, sem acumular odores ao longo do tempo.<\/p>\n\n\n\n<p>Para mostrar na pr\u00e1tica, trouxemos o v\u00eddeo da Isabelle Mesquita, publicado em seu perfil @isabellemmesquita que j\u00e1 conta com 340 mil seguidores:<\/p>\n\n\n\n<blockquote class=\"tiktok-embed\" cite=\"https:\/\/www.tiktok.com\/@isabellemmesquita\/video\/7496613786841844998\" data-video-id=\"7496613786841844998\" style=\"max-width: 605px;min-width: 325px;\" > <section> <a target=\"_blank\" title=\"@isabellemmesquita\" href=\"https:\/\/www.tiktok.com\/@isabellemmesquita?refer=embed\">@isabellemmesquita<\/a> COMO LAVAR ROUPA JEANS  \u2022Quando n\u00e3o tenho pe\u00e7as jeans em quantidade para bater juntas coloco elas com outras roupas da mesma cor. Ex.: Jeans escuro com pe\u00e7as pretas J\u00e1 salva e compartilha muito esse v\u00eddeo!  <a title=\"donadecasa\" target=\"_blank\" href=\"https:\/\/www.tiktok.com\/tag\/donadecasa?refer=embed\">#donadecasa<\/a> <a title=\"lavandoroupa\" target=\"_blank\" href=\"https:\/\/www.tiktok.com\/tag\/lavandoroupa?refer=embed\">#lavandoroupa<\/a> <a title=\"dicadonadecasa\" target=\"_blank\" href=\"https:\/\/www.tiktok.com\/tag\/dicadonadecasa?refer=embed\">#dicadonadecasa<\/a> <a title=\"organizandoacasa\" target=\"_blank\" href=\"https:\/\/www.tiktok.com\/tag\/organizandoacasa?refer=embed\">#organizandoacasa<\/a> <a title=\"limpezadecasa\" target=\"_blank\" href=\"https:\/\/www.tiktok.com\/tag\/limpezadecasa?refer=embed\">#limpezadecasa<\/a> <a title=\"lavandoroupadecama\" target=\"_blank\" href=\"https:\/\/www.tiktok.com\/tag\/lavandoroupadecama?refer=embed\">#lavandoroupadecama<\/a> <a title=\"camaposta\" target=\"_blank\" href=\"https:\/\/www.tiktok.com\/tag\/camaposta?refer=embed\">#camaposta<\/a> <a title=\"roupadecama\" target=\"_blank\" href=\"https:\/\/www.tiktok.com\/tag\/roupadecama?refer=embed\">#roupadecama<\/a> <a title=\"cronogramadelimpeza\" target=\"_blank\" href=\"https:\/\/www.tiktok.com\/tag\/cronogramadelimpeza?refer=embed\">#cronogramadelimpeza<\/a> <a title=\"limpezadacasarotina\" target=\"_blank\" href=\"https:\/\/www.tiktok.com\/tag\/limpezadacasarotina?refer=embed\">#limpezadacasarotina<\/a> <a target=\"_blank\" title=\"\u266c som original - isabelle mesquita\" href=\"https:\/\/www.tiktok.com\/music\/som-original-7496613982070196997?refer=embed\">\u266c som original &#8211; isabelle mesquita<\/a> <\/section> <\/blockquote> <script async src=\"https:\/\/www.tiktok.com\/embed.js\"><\/script>\n\n\n\n<h2 class=\"wp-block-heading\">Como secar jeans corretamente sem estragar o tecido<\/h2>\n\n\n\n<p>Depois de entender <strong>como lavar e secar jeans<\/strong> da forma adequada, \u00e9 hora de escolher o m\u00e9todo de secagem. A secadora \u00e9 pr\u00e1tica, mas o calor em excesso pode provocar <strong>encolhimento<\/strong> e deforma\u00e7\u00e3o, principalmente em modelos justos ou com <strong>elastano<\/strong>, por isso o ideal \u00e9 usar ciclos moderados, com temperatura baixa e tempo reduzido.<\/p>\n\n\n\n<p>No varal, \u00e9 preciso aten\u00e7\u00e3o \u00e0 forma de pendurar: prender o jeans pelo c\u00f3s com prendedores muito apertados pode marcar o tecido e distorcer o formato. Uma boa op\u00e7\u00e3o \u00e9 usar cabides resistentes ou prender a pe\u00e7a pelas pernas, distribuindo o peso e, sempre que poss\u00edvel, secar \u00e0 <strong>sombra<\/strong> em ambiente ventilado para evitar desbotamento pelo sol direto.<\/p>\n\n\n\n<ul class=\"wp-block-list\">\n<li><strong>Evitar tor\u00e7\u00f5es bruscas:<\/strong> torcer com for\u00e7a pode danificar fibras e costuras.<\/li>\n\n\n\n<li><strong>Alisar com as m\u00e3os ainda \u00famido:<\/strong> ajuda a reduzir vincos profundos e facilita na hora de guardar.<\/li>\n\n\n\n<li><strong>N\u00e3o apoiar em superf\u00edcies \u00e1speras:<\/strong> o contato prolongado pode marcar ou criar \u00e1reas esbranqui\u00e7adas.<\/li>\n<\/ul>\n\n\n\n<figure class=\"wp-block-image size-large\"><img decoding=\"async\" width=\"1024\" height=\"576\" src=\"https:\/\/www.correiobraziliense.com.br\/cbradar\/wp-content\/uploads\/2026\/01\/\u2705-BANNER-MYTH-24-8-1024x576.png\" alt=\"Poucos sabem o melhor jeito de lavar jeans para evitar que estraguem\" class=\"wp-image-180772\" srcset=\"https:\/\/www.correiobraziliense.com.br\/cbradar\/wp-content\/uploads\/2026\/01\/\u2705-BANNER-MYTH-24-8-1024x576.png 1024w, https:\/\/www.correiobraziliense.com.br\/cbradar\/wp-content\/uploads\/2026\/01\/\u2705-BANNER-MYTH-24-8-300x169.png 300w, https:\/\/www.correiobraziliense.com.br\/cbradar\/wp-content\/uploads\/2026\/01\/\u2705-BANNER-MYTH-24-8-768x432.png 768w, https:\/\/www.correiobraziliense.com.br\/cbradar\/wp-content\/uploads\/2026\/01\/\u2705-BANNER-MYTH-24-8-750x422.png 750w, https:\/\/www.correiobraziliense.com.br\/cbradar\/wp-content\/uploads\/2026\/01\/\u2705-BANNER-MYTH-24-8-1140x641.png 1140w, https:\/\/www.correiobraziliense.com.br\/cbradar\/wp-content\/uploads\/2026\/01\/\u2705-BANNER-MYTH-24-8.png 1280w\" sizes=\"(max-width: 1024px) 100vw, 1024px\" \/><figcaption class=\"wp-element-caption\">Jeans sofre com atrito e lavagens que desbotam cor e deformam caimento; lave menos, vire do avesso e use ciclo delicado para preservar tecido.<\/figcaption><\/figure>\n\n\n\n<h2 class=\"wp-block-heading\">Quais cuidados extras ajudam a prolongar a vida \u00fatil dos vaqueiros<\/h2>\n\n\n\n<p>Al\u00e9m do processo de lavar e secar jeans, alguns h\u00e1bitos di\u00e1rios contribuem para que as pe\u00e7as durem mais tempo. Evitar <strong>lavagens muito frequentes<\/strong> \u00e9 essencial: na aus\u00eancia de manchas vis\u00edveis ou odores fortes, basta arejar em local ventilado, o que preserva a cor e reduz o desgaste natural do tecido.<\/p>\n\n\n\n<p>Armazenar os vaqueiros tamb\u00e9m requer aten\u00e7\u00e3o, sempre totalmente secos, dobrados de forma suave e em local sem umidade para evitar mofo e odores desagrad\u00e1veis. Quem prefere pendur\u00e1-los pode usar cabides resistentes, e em modelos com <strong>aplica\u00e7\u00f5es, rasgos ou lavagens especiais<\/strong>, \u00e9 importante redobrar o cuidado e seguir sempre as instru\u00e7\u00f5es da <strong>etiqueta interna<\/strong>.<\/p>\n","protected":false},"excerpt":{"rendered":"<p>Como lavar e secar jeans para manter a cor e a forma: dicas simples para cuidar seus vaqueiros e evitar desgaste e desbotamento.<\/p>\n","protected":false},"author":3,"featured_media":182334,"comment_status":"open","ping_status":"open","sticky":false,"template":"","format":"standard","meta":{"_yoast_wpseo_focuskw":"como lavar jeans","_yoast_wpseo_title":"%%title%%","_yoast_wpseo_metadesc":"Como lavar e secar jeans para manter a cor e a forma: dicas simples para cuidar seus vaqueiros e evitar desgaste e desbotamento.","jnews-multi-image_gallery":[],"jnews_single_post":{"format":"standard"},"jnews_primary_category":[],"jnews_social_meta":[],"jnews_override_counter":[],"footnotes":""},"categories":[112],"tags":[4447,144,7110,8540,3967],"class_list":["post-180765","post","type-post","status-publish","format-standard","has-post-thumbnail","hentry","category-curiosidades","tag-calca-jeans","tag-curiosidades","tag-lavar-roupas","tag-poucos-sabem","tag-roupas"],"yoast_head":"<!-- This site is optimized with the Yoast SEO plugin v24.6 - https:\/\/yoast.com\/wordpress\/plugins\/seo\/ -->\n<title>Poucos sabem o melhor jeito de lavar jeans para evitar que estraguem<\/title>\n<meta name=\"description\" content=\"Como lavar e secar jeans para manter a cor e a forma: dicas simples para cuidar seus vaqueiros e evitar desgaste e desbotamento.\" \/>\n<meta name=\"robots\" content=\"index, follow, max-snippet:-1, max-image-preview:large, max-video-preview:-1\" \/>\n<link rel=\"canonical\" href=\"https:\/\/www.correiobraziliense.com.br\/cbradar\/poucos-sabem-o-melhor-jeito-de-lavar-jeans-para-evitar-que-estraguem\/\" \/>\n<meta property=\"og:locale\" content=\"pt_BR\" \/>\n<meta property=\"og:type\" content=\"article\" \/>\n<meta property=\"og:title\" content=\"Poucos sabem o melhor jeito de lavar jeans para evitar que estraguem\" \/>\n<meta property=\"og:description\" content=\"Como lavar e secar jeans para manter a cor e a forma: dicas simples para cuidar seus vaqueiros e evitar desgaste e desbotamento.\" \/>\n<meta property=\"og:url\" content=\"https:\/\/www.correiobraziliense.com.br\/cbradar\/poucos-sabem-o-melhor-jeito-de-lavar-jeans-para-evitar-que-estraguem\/\" \/>\n<meta property=\"og:site_name\" content=\"Correio Braziliense - Radar\" \/>\n<meta property=\"article:published_time\" content=\"2026-01-28T01:25:00+00:00\" \/>\n<meta property=\"og:image\" content=\"https:\/\/www.correiobraziliense.com.br\/cbradar\/wp-content\/uploads\/2026\/01\/freepik__imagem-realista-de-uma-jeans-sendo-lavado__48527.jpeg\" \/>\n\t<meta property=\"og:image:width\" content=\"1280\" \/>\n\t<meta property=\"og:image:height\" content=\"720\" \/>\n\t<meta property=\"og:image:type\" content=\"image\/jpeg\" \/>\n<meta name=\"author\" content=\"Larissa Carvalho\" \/>\n<meta name=\"twitter:card\" content=\"summary_large_image\" \/>\n<meta name=\"twitter:label1\" content=\"Escrito por\" \/>\n\t<meta name=\"twitter:data1\" content=\"Larissa Carvalho\" \/>\n\t<meta name=\"twitter:label2\" content=\"Est. tempo de leitura\" \/>\n\t<meta name=\"twitter:data2\" content=\"5 minutos\" \/>\n<!-- \/ Yoast SEO plugin. -->","yoast_head_json":{"title":"Poucos sabem o melhor jeito de lavar jeans para evitar que estraguem","description":"Como lavar e secar jeans para manter a cor e a forma: dicas simples para cuidar seus vaqueiros e evitar desgaste e desbotamento.","robots":{"index":"index","follow":"follow","max-snippet":"max-snippet:-1","max-image-preview":"max-image-preview:large","max-video-preview":"max-video-preview:-1"},"canonical":"https:\/\/www.correiobraziliense.com.br\/cbradar\/poucos-sabem-o-melhor-jeito-de-lavar-jeans-para-evitar-que-estraguem\/","og_locale":"pt_BR","og_type":"article","og_title":"Poucos sabem o melhor jeito de lavar jeans para evitar que estraguem","og_description":"Como lavar e secar jeans para manter a cor e a forma: dicas simples para cuidar seus vaqueiros e evitar desgaste e desbotamento.","og_url":"https:\/\/www.correiobraziliense.com.br\/cbradar\/poucos-sabem-o-melhor-jeito-de-lavar-jeans-para-evitar-que-estraguem\/","og_site_name":"Correio Braziliense - Radar","article_published_time":"2026-01-28T01:25:00+00:00","og_image":[{"width":1280,"height":720,"url":"https:\/\/www.correiobraziliense.com.br\/cbradar\/wp-content\/uploads\/2026\/01\/freepik__imagem-realista-de-uma-jeans-sendo-lavado__48527.jpeg","type":"image\/jpeg"}],"author":"Larissa Carvalho","twitter_card":"summary_large_image","twitter_misc":{"Escrito por":"Larissa Carvalho","Est. tempo de leitura":"5 minutos"},"schema":{"@context":"https:\/\/schema.org","@graph":[{"@type":"WebPage","@id":"https:\/\/www.correiobraziliense.com.br\/cbradar\/poucos-sabem-o-melhor-jeito-de-lavar-jeans-para-evitar-que-estraguem\/","url":"https:\/\/www.correiobraziliense.com.br\/cbradar\/poucos-sabem-o-melhor-jeito-de-lavar-jeans-para-evitar-que-estraguem\/","name":"Poucos sabem o melhor jeito de lavar jeans para evitar que estraguem","isPartOf":{"@id":"https:\/\/www.correiobraziliense.com.br\/cbradar\/#website"},"primaryImageOfPage":{"@id":"https:\/\/www.correiobraziliense.com.br\/cbradar\/poucos-sabem-o-melhor-jeito-de-lavar-jeans-para-evitar-que-estraguem\/#primaryimage"},"image":{"@id":"https:\/\/www.correiobraziliense.com.br\/cbradar\/poucos-sabem-o-melhor-jeito-de-lavar-jeans-para-evitar-que-estraguem\/#primaryimage"},"thumbnailUrl":"https:\/\/www.correiobraziliense.com.br\/cbradar\/wp-content\/uploads\/2026\/01\/freepik__imagem-realista-de-uma-jeans-sendo-lavado__48527.jpeg","datePublished":"2026-01-28T01:25:00+00:00","author":{"@id":"https:\/\/www.correiobraziliense.com.br\/cbradar\/#\/schema\/person\/58422787644df994b53a19d3e56c1513"},"description":"Como lavar e secar jeans para manter a cor e a forma: dicas simples para cuidar seus vaqueiros e evitar desgaste e desbotamento.","breadcrumb":{"@id":"https:\/\/www.correiobraziliense.com.br\/cbradar\/poucos-sabem-o-melhor-jeito-de-lavar-jeans-para-evitar-que-estraguem\/#breadcrumb"},"inLanguage":"pt-BR","potentialAction":[{"@type":"ReadAction","target":["https:\/\/www.correiobraziliense.com.br\/cbradar\/poucos-sabem-o-melhor-jeito-de-lavar-jeans-para-evitar-que-estraguem\/"]}]},{"@type":"ImageObject","inLanguage":"pt-BR","@id":"https:\/\/www.correiobraziliense.com.br\/cbradar\/poucos-sabem-o-melhor-jeito-de-lavar-jeans-para-evitar-que-estraguem\/#primaryimage","url":"https:\/\/www.correiobraziliense.com.br\/cbradar\/wp-content\/uploads\/2026\/01\/freepik__imagem-realista-de-uma-jeans-sendo-lavado__48527.jpeg","contentUrl":"https:\/\/www.correiobraziliense.com.br\/cbradar\/wp-content\/uploads\/2026\/01\/freepik__imagem-realista-de-uma-jeans-sendo-lavado__48527.jpeg","width":1280,"height":720,"caption":"Jeans \u00e9 um tecido resistente que suporta uso di\u00e1rio intenso"},{"@type":"BreadcrumbList","@id":"https:\/\/www.correiobraziliense.com.br\/cbradar\/poucos-sabem-o-melhor-jeito-de-lavar-jeans-para-evitar-que-estraguem\/#breadcrumb","itemListElement":[{"@type":"ListItem","position":1,"name":"In\u00edcio","item":"https:\/\/www.correiobraziliense.com.br\/cbradar\/"},{"@type":"ListItem","position":2,"name":"Poucos sabem o melhor jeito de lavar jeans para evitar que estraguem"}]},{"@type":"WebSite","@id":"https:\/\/www.correiobraziliense.com.br\/cbradar\/#website","url":"https:\/\/www.correiobraziliense.com.br\/cbradar\/","name":"Correio Braziliense - Radar","description":"Acompanhe as \u00faltimas not\u00edcias e fique bem informado sobre tudo o que acontece no Brasil e no mundo.","potentialAction":[{"@type":"SearchAction","target":{"@type":"EntryPoint","urlTemplate":"https:\/\/www.correiobraziliense.com.br\/cbradar\/?s={search_term_string}"},"query-input":{"@type":"PropertyValueSpecification","valueRequired":true,"valueName":"search_term_string"}}],"inLanguage":"pt-BR"},{"@type":"Person","@id":"https:\/\/www.correiobraziliense.com.br\/cbradar\/#\/schema\/person\/58422787644df994b53a19d3e56c1513","name":"Larissa Carvalho","image":{"@type":"ImageObject","inLanguage":"pt-BR","@id":"https:\/\/www.correiobraziliense.com.br\/cbradar\/#\/schema\/person\/image\/","url":"https:\/\/secure.gravatar.com\/avatar\/fe4f91a0de32b52a838d0d612abdc1aa?s=96&d=mm&r=g","contentUrl":"https:\/\/secure.gravatar.com\/avatar\/fe4f91a0de32b52a838d0d612abdc1aa?s=96&d=mm&r=g","caption":"Larissa Carvalho"},"url":"https:\/\/www.correiobraziliense.com.br\/cbradar\/author\/larissamyth\/"}]}},"_links":{"self":[{"href":"https:\/\/www.correiobraziliense.com.br\/cbradar\/wp-json\/wp\/v2\/posts\/180765","targetHints":{"allow":["GET"]}}],"collection":[{"href":"https:\/\/www.correiobraziliense.com.br\/cbradar\/wp-json\/wp\/v2\/posts"}],"about":[{"href":"https:\/\/www.correiobraziliense.com.br\/cbradar\/wp-json\/wp\/v2\/types\/post"}],"author":[{"embeddable":true,"href":"https:\/\/www.correiobraziliense.com.br\/cbradar\/wp-json\/wp\/v2\/users\/3"}],"replies":[{"embeddable":true,"href":"https:\/\/www.correiobraziliense.com.br\/cbradar\/wp-json\/wp\/v2\/comments?post=180765"}],"version-history":[{"count":3,"href":"https:\/\/www.correiobraziliense.com.br\/cbradar\/wp-json\/wp\/v2\/posts\/180765\/revisions"}],"predecessor-version":[{"id":182199,"href":"https:\/\/www.correiobraziliense.com.br\/cbradar\/wp-json\/wp\/v2\/posts\/180765\/revisions\/182199"}],"wp:featuredmedia":[{"embeddable":true,"href":"https:\/\/www.correiobraziliense.com.br\/cbradar\/wp-json\/wp\/v2\/media\/182334"}],"wp:attachment":[{"href":"https:\/\/www.correiobraziliense.com.br\/cbradar\/wp-json\/wp\/v2\/media?parent=180765"}],"wp:term":[{"taxonomy":"category","embeddable":true,"href":"https:\/\/www.correiobraziliense.com.br\/cbradar\/wp-json\/wp\/v2\/categories?post=180765"},{"taxonomy":"post_tag","embeddable":true,"href":"https:\/\/www.correiobraziliense.com.br\/cbradar\/wp-json\/wp\/v2\/tags?post=180765"}],"curies":[{"name":"wp","href":"https:\/\/api.w.org\/{rel}","templated":true}]}}