{"id":180782,"date":"2026-01-25T08:15:57","date_gmt":"2026-01-25T11:15:57","guid":{"rendered":"https:\/\/www.correiobraziliense.com.br\/cbradar\/?p=180782"},"modified":"2026-01-24T13:34:45","modified_gmt":"2026-01-24T16:34:45","slug":"o-que-significa-sonhar-que-perdeu-a-voz","status":"publish","type":"post","link":"https:\/\/www.correiobraziliense.com.br\/cbradar\/o-que-significa-sonhar-que-perdeu-a-voz\/","title":{"rendered":"O que significa sonhar que perdeu a voz?"},"content":{"rendered":"\n<p>Sonhar que perdeu a voz costuma chamar a aten\u00e7\u00e3o de quem acorda com a sensa\u00e7\u00e3o de bloqueio ou sil\u00eancio for\u00e7ado. Esse tipo de sonho, em geral, est\u00e1 associado \u00e0 dificuldade de express\u00e3o, ao medo de n\u00e3o ser ouvido ou \u00e0 sensa\u00e7\u00e3o de que a pr\u00f3pria opini\u00e3o n\u00e3o tem espa\u00e7o em determinadas situa\u00e7\u00f5es da vida real, podendo ainda refletir momentos de inseguran\u00e7a, timidez ou receio de falar algo que gere conflitos e rompimentos.<\/p>\n\n\n\n<h2 class=\"wp-block-heading\">O que significa sonhar que perdeu a voz<\/h2>\n\n\n\n<p>O significado mais comum de sonhar que perdeu a voz est\u00e1 ligado \u00e0 sensa\u00e7\u00e3o de impot\u00eancia ou de <strong>silenciamento.<\/strong> A pessoa pode estar passando por uma fase em que sente que suas palavras n\u00e3o t\u00eam impacto ou s\u00e3o frequentemente ignoradas, ou ainda em que precisa falar, mas trava no momento decisivo.<\/p>\n\n\n\n<p>De forma simb\u00f3lica, a voz representa identidade, posicionamento e capacidade de se comunicar com o mundo. Quando ela some no sonho, o inconsciente pode estar sinalizando que a pessoa sente que n\u00e3o consegue dizer o que pensa em contextos como trabalho, fam\u00edlia, relacionamentos amorosos ou amizades, sem que isso seja necessariamente uma previs\u00e3o do futuro.<\/p>\n\n\n<div class=\"wp-block-image\">\n<figure class=\"aligncenter size-large\"><img decoding=\"async\" width=\"1024\" height=\"576\" src=\"https:\/\/www.correiobraziliense.com.br\/cbradar\/wp-content\/uploads\/2026\/01\/Gemini_Generated_Image_vbkpiwvbkpiwvbkp-1-1024x576.png\" alt=\"\" class=\"wp-image-180790\" srcset=\"https:\/\/www.correiobraziliense.com.br\/cbradar\/wp-content\/uploads\/2026\/01\/Gemini_Generated_Image_vbkpiwvbkpiwvbkp-1-1024x576.png 1024w, https:\/\/www.correiobraziliense.com.br\/cbradar\/wp-content\/uploads\/2026\/01\/Gemini_Generated_Image_vbkpiwvbkpiwvbkp-1-300x169.png 300w, https:\/\/www.correiobraziliense.com.br\/cbradar\/wp-content\/uploads\/2026\/01\/Gemini_Generated_Image_vbkpiwvbkpiwvbkp-1-768x432.png 768w, https:\/\/www.correiobraziliense.com.br\/cbradar\/wp-content\/uploads\/2026\/01\/Gemini_Generated_Image_vbkpiwvbkpiwvbkp-1-750x422.png 750w, https:\/\/www.correiobraziliense.com.br\/cbradar\/wp-content\/uploads\/2026\/01\/Gemini_Generated_Image_vbkpiwvbkpiwvbkp-1-1140x641.png 1140w, https:\/\/www.correiobraziliense.com.br\/cbradar\/wp-content\/uploads\/2026\/01\/Gemini_Generated_Image_vbkpiwvbkpiwvbkp-1.png 1280w\" sizes=\"(max-width: 1024px) 100vw, 1024px\" \/><figcaption class=\"wp-element-caption\">O significado mais comum de sonhar que perdeu a voz est\u00e1 ligado \u00e0 sensa\u00e7\u00e3o de impot\u00eancia ou de silenciamento<\/figcaption><\/figure><\/div>\n\n\n<p>Leia tamb\u00e9m:&nbsp;<a href=\"https:\/\/www.correiobraziliense.com.br\/cbradar\/o-que-significa-quando-uma-borboleta-pousa-em-voce\/\" target=\"_blank\" rel=\"noopener\">O que significa quando uma borboleta pousa em voc\u00ea?<\/a><\/p>\n\n\n\n<h2 class=\"wp-block-heading\">Quais situa\u00e7\u00f5es podem estar ligadas a sonhar que perdeu a voz<\/h2>\n\n\n\n<p>Em muitos casos, o sonho de perder a voz est\u00e1 relacionado a <strong>experi\u00eancias<\/strong> recentes em que a pessoa se sentiu calada ou sem espa\u00e7o de fala. Podem ser epis\u00f3dios pontuais, como uma reuni\u00e3o em que ningu\u00e9m ouviu suas ideias, ou situa\u00e7\u00f5es prolongadas, como relacionamentos em que a opini\u00e3o \u00e9 sempre desvalorizada.<\/p>\n\n\n\n<p>Esses contextos costumam envolver medo de exposi\u00e7\u00e3o, conflitos evitados ou autocensura. A seguir, alguns exemplos de viv\u00eancias cotidianas que podem aparecer simbolicamente como perda de voz nos sonhos:<\/p>\n\n\n\n<ul class=\"wp-block-list\">\n<li><strong>Medo de se expor<\/strong>, seja em p\u00fablico, em reuni\u00f5es ou conversas delicadas;<\/li>\n\n\n\n<li><strong>Conflitos n\u00e3o resolvidos<\/strong>, em que a pessoa prefere se calar para evitar discuss\u00f5es;<\/li>\n\n\n\n<li><strong>Autocensura<\/strong>, quando algu\u00e9m reprime a pr\u00f3pria opini\u00e3o por achar que n\u00e3o \u00e9 boa o suficiente;<\/li>\n\n\n\n<li><strong>Experi\u00eancias recentes de interrup\u00e7\u00e3o<\/strong>, como ser cortado no meio da fala ou n\u00e3o ter espa\u00e7o para participar;<\/li>\n\n\n\n<li><strong>Sentimento de desvaloriza\u00e7\u00e3o<\/strong>, quando a fala n\u00e3o \u00e9 levada em conta por pessoas importantes.<\/li>\n<\/ul>\n\n\n\n<h2 class=\"wp-block-heading\">Quais interpreta\u00e7\u00f5es s\u00e3o mais comuns para sonhar que perdeu a voz<\/h2>\n\n\n\n<p>As interpreta\u00e7\u00f5es de sonhar que<strong> perdeu a voz<\/strong> variam de acordo com o contexto do sonho e com o momento de vida de quem sonha. Uma leitura recorrente \u00e9 a de que esse sonho simboliza dificuldade de defender ideias, necessidades emocionais e limites pessoais, indicando que a pessoa pode estar cedendo demais ou deixando que outros decidam por ela. Se voc\u00ea gosta de curiosidades espirituais, separamos esse v\u00eddeo do canal <a href=\"https:\/\/www.youtube.com\/@tonycalado\" target=\"_blank\" rel=\"noreferrer noopener\">verbovivoTv<\/a> falando sobre esse significado:<\/p>\n\n\n\n<figure class=\"wp-block-embed is-type-video is-provider-youtube wp-block-embed-youtube wp-embed-aspect-16-9 wp-has-aspect-ratio\"><div class=\"wp-block-embed__wrapper\">\n<div class=\"jeg_video_container jeg_video_content\"><iframe loading=\"lazy\" title=\"O Que Significa A Voz N\u00e3o Sair No Sonho | Tony Calado\" width=\"500\" height=\"281\" src=\"https:\/\/www.youtube.com\/embed\/cAcLult4C7M?feature=oembed\" frameborder=\"0\" allow=\"accelerometer; autoplay; clipboard-write; encrypted-media; gyroscope; picture-in-picture; web-share\" referrerpolicy=\"strict-origin-when-cross-origin\" allowfullscreen><\/iframe><\/div>\n<\/div><\/figure>\n\n\n\n<p>Entre os significados mais citados, aparecem ideias ligadas ao medo de julgamento, \u00e0 sensa\u00e7\u00e3o de n\u00e3o ter poder de escolha e \u00e0s tens\u00f5es em ambientes como trabalho ou grupos sociais. Algumas leituras ainda relacionam o sonho com momentos em que a pessoa \u201cengole\u201d respostas, aceita cr\u00edticas em sil\u00eancio ou n\u00e3o consegue pedir ajuda mesmo quando precisa.<\/p>\n\n\n\n<h2 class=\"wp-block-heading\">O que esse sonho pode revelar sobre a vida emocional<\/h2>\n\n\n\n<p>Sonhar que perdeu a voz costuma revelar um funcionamento emocional marcado por conten\u00e7\u00e3o e autocontrole, em que descontentamentos, medos ou discord\u00e2ncias s\u00e3o guardados. O sonho funciona como um alerta de que esse sil\u00eancio interno est\u00e1 se acumulando, podendo gerar ansiedade, somatiza\u00e7\u00f5es e sensa\u00e7\u00e3o de invisibilidade.<\/p>\n\n\n\n<p>Esse tipo de sonho tamb\u00e9m pode surgir em fases de alta cobran\u00e7a, em que a pessoa sente que precisa ser perfeita, falar sempre do jeito certo e evitar qualquer falha. Nesses per\u00edodos, a fala se torna tensa e vigiada, e o inconsciente traduz essa press\u00e3o como perda tempor\u00e1ria da voz, sugerindo a necessidade de mais acolhimento e autenticidade emocional.<\/p>\n","protected":false},"excerpt":{"rendered":"<p>Sonhar que perdeu a voz costuma chamar a aten\u00e7\u00e3o de quem acorda com a sensa\u00e7\u00e3o de bloqueio ou sil\u00eancio for\u00e7ado. Esse tipo de sonho, em geral, est\u00e1 associado \u00e0 dificuldade de express\u00e3o, ao medo de n\u00e3o ser ouvido ou \u00e0 sensa\u00e7\u00e3o de que a pr\u00f3pria opini\u00e3o n\u00e3o tem espa\u00e7o em determinadas situa\u00e7\u00f5es da vida real, [&hellip;]<\/p>\n","protected":false},"author":9,"featured_media":180791,"comment_status":"open","ping_status":"open","sticky":false,"template":"","format":"standard","meta":{"_yoast_wpseo_focuskw":"sonhar que perdeu a voz","_yoast_wpseo_title":"","_yoast_wpseo_metadesc":"O sonho pode refletir dificuldade de express\u00e3o, autocensura e sensa\u00e7\u00e3o de n\u00e3o ser ouvido em momentos importantes da vida.","jnews-multi-image_gallery":[],"jnews_single_post":{"format":"standard"},"jnews_primary_category":[],"jnews_social_meta":[],"jnews_override_counter":[],"footnotes":""},"categories":[112],"post_tag":[5812,3907,14382],"class_list":["post-180782","post","type-post","status-publish","format-standard","has-post-thumbnail","hentry","category-curiosidades","tag-significado","tag-sonhar","tag-sonhar-que-perdeu-a-voz"],"yoast_head":"<!-- This site is optimized with the Yoast SEO plugin v24.6 - https:\/\/yoast.com\/wordpress\/plugins\/seo\/ -->\n<title>O que significa sonhar que perdeu a voz? - Correio Braziliense - Radar<\/title>\n<meta name=\"description\" content=\"O sonho pode refletir dificuldade de express\u00e3o, autocensura e sensa\u00e7\u00e3o de n\u00e3o ser ouvido em momentos importantes da vida.\" \/>\n<meta name=\"robots\" content=\"index, follow, max-snippet:-1, max-image-preview:large, max-video-preview:-1\" \/>\n<link rel=\"canonical\" href=\"https:\/\/www.correiobraziliense.com.br\/cbradar\/o-que-significa-sonhar-que-perdeu-a-voz\/\" \/>\n<meta property=\"og:locale\" content=\"pt_BR\" \/>\n<meta property=\"og:type\" content=\"article\" \/>\n<meta property=\"og:title\" content=\"O que significa sonhar que perdeu a voz? - Correio Braziliense - Radar\" \/>\n<meta property=\"og:description\" content=\"O sonho pode refletir dificuldade de express\u00e3o, autocensura e sensa\u00e7\u00e3o de n\u00e3o ser ouvido em momentos importantes da vida.\" \/>\n<meta property=\"og:url\" content=\"https:\/\/www.correiobraziliense.com.br\/cbradar\/o-que-significa-sonhar-que-perdeu-a-voz\/\" \/>\n<meta property=\"og:site_name\" content=\"Correio Braziliense - Radar\" \/>\n<meta property=\"article:published_time\" content=\"2026-01-25T11:15:57+00:00\" \/>\n<meta property=\"og:image\" content=\"https:\/\/www.correiobraziliense.com.br\/cbradar\/wp-content\/uploads\/2026\/01\/Gemini_Generated_Image_kj8wu0kj8wu0kj8w-1.png\" \/>\n\t<meta property=\"og:image:width\" content=\"1280\" \/>\n\t<meta property=\"og:image:height\" content=\"720\" \/>\n\t<meta property=\"og:image:type\" content=\"image\/png\" \/>\n<meta name=\"author\" content=\"Daniely Cardoso\" \/>\n<meta name=\"twitter:card\" content=\"summary_large_image\" \/>\n<meta name=\"twitter:label1\" content=\"Escrito por\" \/>\n\t<meta name=\"twitter:data1\" content=\"Daniely Cardoso\" \/>\n\t<meta name=\"twitter:label2\" content=\"Est. tempo de leitura\" \/>\n\t<meta name=\"twitter:data2\" content=\"4 minutos\" \/>\n<!-- \/ Yoast SEO plugin. -->","yoast_head_json":{"title":"O que significa sonhar que perdeu a voz? - Correio Braziliense - Radar","description":"O sonho pode refletir dificuldade de express\u00e3o, autocensura e sensa\u00e7\u00e3o de n\u00e3o ser ouvido em momentos importantes da vida.","robots":{"index":"index","follow":"follow","max-snippet":"max-snippet:-1","max-image-preview":"max-image-preview:large","max-video-preview":"max-video-preview:-1"},"canonical":"https:\/\/www.correiobraziliense.com.br\/cbradar\/o-que-significa-sonhar-que-perdeu-a-voz\/","og_locale":"pt_BR","og_type":"article","og_title":"O que significa sonhar que perdeu a voz? - Correio Braziliense - Radar","og_description":"O sonho pode refletir dificuldade de express\u00e3o, autocensura e sensa\u00e7\u00e3o de n\u00e3o ser ouvido em momentos importantes da vida.","og_url":"https:\/\/www.correiobraziliense.com.br\/cbradar\/o-que-significa-sonhar-que-perdeu-a-voz\/","og_site_name":"Correio Braziliense - Radar","article_published_time":"2026-01-25T11:15:57+00:00","og_image":[{"width":1280,"height":720,"url":"https:\/\/www.correiobraziliense.com.br\/cbradar\/wp-content\/uploads\/2026\/01\/Gemini_Generated_Image_kj8wu0kj8wu0kj8w-1.png","type":"image\/png"}],"author":"Daniely Cardoso","twitter_card":"summary_large_image","twitter_misc":{"Escrito por":"Daniely Cardoso","Est. tempo de leitura":"4 minutos"},"schema":{"@context":"https:\/\/schema.org","@graph":[{"@type":"WebPage","@id":"https:\/\/www.correiobraziliense.com.br\/cbradar\/o-que-significa-sonhar-que-perdeu-a-voz\/","url":"https:\/\/www.correiobraziliense.com.br\/cbradar\/o-que-significa-sonhar-que-perdeu-a-voz\/","name":"O que significa sonhar que perdeu a voz? - Correio Braziliense - Radar","isPartOf":{"@id":"https:\/\/www.correiobraziliense.com.br\/cbradar\/#website"},"primaryImageOfPage":{"@id":"https:\/\/www.correiobraziliense.com.br\/cbradar\/o-que-significa-sonhar-que-perdeu-a-voz\/#primaryimage"},"image":{"@id":"https:\/\/www.correiobraziliense.com.br\/cbradar\/o-que-significa-sonhar-que-perdeu-a-voz\/#primaryimage"},"thumbnailUrl":"https:\/\/www.correiobraziliense.com.br\/cbradar\/wp-content\/uploads\/2026\/01\/Gemini_Generated_Image_kj8wu0kj8wu0kj8w-1.png","datePublished":"2026-01-25T11:15:57+00:00","author":{"@id":"https:\/\/www.correiobraziliense.com.br\/cbradar\/#\/schema\/person\/7356666e12ec0ee53f348ee5db227032"},"description":"O sonho pode refletir dificuldade de express\u00e3o, autocensura e sensa\u00e7\u00e3o de n\u00e3o ser ouvido em momentos importantes da vida.","breadcrumb":{"@id":"https:\/\/www.correiobraziliense.com.br\/cbradar\/o-que-significa-sonhar-que-perdeu-a-voz\/#breadcrumb"},"inLanguage":"pt-BR","potentialAction":[{"@type":"ReadAction","target":["https:\/\/www.correiobraziliense.com.br\/cbradar\/o-que-significa-sonhar-que-perdeu-a-voz\/"]}]},{"@type":"ImageObject","inLanguage":"pt-BR","@id":"https:\/\/www.correiobraziliense.com.br\/cbradar\/o-que-significa-sonhar-que-perdeu-a-voz\/#primaryimage","url":"https:\/\/www.correiobraziliense.com.br\/cbradar\/wp-content\/uploads\/2026\/01\/Gemini_Generated_Image_kj8wu0kj8wu0kj8w-1.png","contentUrl":"https:\/\/www.correiobraziliense.com.br\/cbradar\/wp-content\/uploads\/2026\/01\/Gemini_Generated_Image_kj8wu0kj8wu0kj8w-1.png","width":1280,"height":720,"caption":"Em muitos casos, o sonho de perder a voz est\u00e1 relacionado a experi\u00eancias recentes em que a pessoa se sentiu calada"},{"@type":"BreadcrumbList","@id":"https:\/\/www.correiobraziliense.com.br\/cbradar\/o-que-significa-sonhar-que-perdeu-a-voz\/#breadcrumb","itemListElement":[{"@type":"ListItem","position":1,"name":"In\u00edcio","item":"https:\/\/www.correiobraziliense.com.br\/cbradar\/"},{"@type":"ListItem","position":2,"name":"O que significa sonhar que perdeu a voz?"}]},{"@type":"WebSite","@id":"https:\/\/www.correiobraziliense.com.br\/cbradar\/#website","url":"https:\/\/www.correiobraziliense.com.br\/cbradar\/","name":"Correio Braziliense - Radar","description":"Acompanhe as \u00faltimas not\u00edcias e fique bem informado sobre tudo o que acontece no Brasil e no mundo.","potentialAction":[{"@type":"SearchAction","target":{"@type":"EntryPoint","urlTemplate":"https:\/\/www.correiobraziliense.com.br\/cbradar\/?s={search_term_string}"},"query-input":{"@type":"PropertyValueSpecification","valueRequired":true,"valueName":"search_term_string"}}],"inLanguage":"pt-BR"},{"@type":"Person","@id":"https:\/\/www.correiobraziliense.com.br\/cbradar\/#\/schema\/person\/7356666e12ec0ee53f348ee5db227032","name":"Daniely Cardoso","image":{"@type":"ImageObject","inLanguage":"pt-BR","@id":"https:\/\/www.correiobraziliense.com.br\/cbradar\/#\/schema\/person\/image\/","url":"https:\/\/secure.gravatar.com\/avatar\/4b80ddbd124d1f071b626d52d62e5dff?s=96&d=mm&r=g","contentUrl":"https:\/\/secure.gravatar.com\/avatar\/4b80ddbd124d1f071b626d52d62e5dff?s=96&d=mm&r=g","caption":"Daniely Cardoso"},"description":"Redatora nos portais CB Radar e EM Foco, formada pela Universidade Federal de Goi\u00e1s, em Goi\u00e2nia. Apaixonada por comunica\u00e7\u00e3o, arte, decora\u00e7\u00e3o e tend\u00eancias, atuo na produ\u00e7\u00e3o de conte\u00fados envolventes sobre curiosidades, moda, beleza e paisagismo, sempre com um olhar atento \u00e0s novidades do momento.","sameAs":["https:\/\/www.correiobraziliense.com.br\/cbradar"],"url":"https:\/\/www.correiobraziliense.com.br\/cbradar\/author\/danielymyth\/"}]}},"_links":{"self":[{"href":"https:\/\/www.correiobraziliense.com.br\/cbradar\/wp-json\/wp\/v2\/posts\/180782","targetHints":{"allow":["GET"]}}],"collection":[{"href":"https:\/\/www.correiobraziliense.com.br\/cbradar\/wp-json\/wp\/v2\/posts"}],"about":[{"href":"https:\/\/www.correiobraziliense.com.br\/cbradar\/wp-json\/wp\/v2\/types\/post"}],"author":[{"embeddable":true,"href":"https:\/\/www.correiobraziliense.com.br\/cbradar\/wp-json\/wp\/v2\/users\/9"}],"replies":[{"embeddable":true,"href":"https:\/\/www.correiobraziliense.com.br\/cbradar\/wp-json\/wp\/v2\/comments?post=180782"}],"version-history":[{"count":2,"href":"https:\/\/www.correiobraziliense.com.br\/cbradar\/wp-json\/wp\/v2\/posts\/180782\/revisions"}],"predecessor-version":[{"id":180792,"href":"https:\/\/www.correiobraziliense.com.br\/cbradar\/wp-json\/wp\/v2\/posts\/180782\/revisions\/180792"}],"wp:featuredmedia":[{"embeddable":true,"href":"https:\/\/www.correiobraziliense.com.br\/cbradar\/wp-json\/wp\/v2\/media\/180791"}],"wp:attachment":[{"href":"https:\/\/www.correiobraziliense.com.br\/cbradar\/wp-json\/wp\/v2\/media?parent=180782"}],"wp:term":[{"taxonomy":"category","embeddable":true,"href":"https:\/\/www.correiobraziliense.com.br\/cbradar\/wp-json\/wp\/v2\/categories?post=180782"},{"taxonomy":"post_tag","embeddable":true,"href":"https:\/\/www.correiobraziliense.com.br\/cbradar\/wp-json\/wp\/v2\/post_tag?post=180782"}],"curies":[{"name":"wp","href":"https:\/\/api.w.org\/{rel}","templated":true}]}}