{"id":180870,"date":"2026-01-26T08:25:00","date_gmt":"2026-01-26T11:25:00","guid":{"rendered":"https:\/\/www.correiobraziliense.com.br\/cbradar\/?p=180870"},"modified":"2026-01-24T21:21:31","modified_gmt":"2026-01-25T00:21:31","slug":"uma-cidade-em-um-deserto-de-agua-doce-e-areias-brancas-no-brasil-que-conquista-quem-busca-um-paraiso-diferente","status":"publish","type":"post","link":"https:\/\/www.correiobraziliense.com.br\/cbradar\/uma-cidade-em-um-deserto-de-agua-doce-e-areias-brancas-no-brasil-que-conquista-quem-busca-um-paraiso-diferente\/","title":{"rendered":"Uma cidade em um deserto de \u00e1gua doce e areias brancas no Brasil que conquista quem busca um para\u00edso diferente"},"content":{"rendered":"\n<p><strong>Barreirinhas<\/strong>, a 250 km de <strong>S\u00e3o Lu\u00eds<\/strong>, \u00e9 a principal base para explorar o <strong>Parque Nacional dos Len\u00e7\u00f3is Maranhenses<\/strong>. Embora seja a cidade com mais infraestrutura (hot\u00e9is, restaurantes e bancos), ela serve, na pr\u00e1tica, como dormit\u00f3rio. A verdadeira atra\u00e7\u00e3o est\u00e1 nas dunas, cujo acesso \u00e9 rigidamente controlado e fisicamente desgastante para quem busca conforto de resort.<\/p>\n\n\n\n<h2 class=\"wp-block-heading\">Por que visitar em dezembro \u00e9 um erro estrat\u00e9gico?<\/h2>\n\n\n\n<p><strong>O maior risco do turista desavisado \u00e9 ignorar o ciclo das \u00e1guas. <\/strong>As lagoas s\u00e3o formadas pela \u00e1gua da chuva acumulada no primeiro semestre. Viajar entre <strong>outubro e janeiro<\/strong> (\u00e9poca da seca) significa encontrar a maioria das lagoas vazias ou com n\u00edvel de \u00e1gua muito baixo, transformando a paisagem paradis\u00edaca em um deserto de areia comum.<\/p>\n\n\n\n<p>Para ver o cart\u00e3o-postal cl\u00e1ssico (dunas brancas com piscinas azuis), a janela \u00e9 estreita: de <strong>junho a setembro<\/strong>. Fora desse per\u00edodo, salvam-se apenas as lagoas perenes, como a da <strong>Esperan\u00e7a<\/strong> ou do <strong>Peixe<\/strong>, que, embora bonitas, n\u00e3o t\u00eam a cor vibrante das sazonais.<\/p>\n\n\n<div class=\"wp-block-image\">\n<figure class=\"aligncenter size-large\"><img decoding=\"async\" width=\"1024\" height=\"576\" src=\"https:\/\/www.correiobraziliense.com.br\/cbradar\/wp-content\/uploads\/2025\/12\/Lencois-Maranhenses_1767163270112-1024x576.jpg\" alt=\"\" class=\"wp-image-166137\" srcset=\"https:\/\/www.correiobraziliense.com.br\/cbradar\/wp-content\/uploads\/2025\/12\/Lencois-Maranhenses_1767163270112-1024x576.jpg 1024w, https:\/\/www.correiobraziliense.com.br\/cbradar\/wp-content\/uploads\/2025\/12\/Lencois-Maranhenses_1767163270112-300x169.jpg 300w, https:\/\/www.correiobraziliense.com.br\/cbradar\/wp-content\/uploads\/2025\/12\/Lencois-Maranhenses_1767163270112-768x432.jpg 768w, https:\/\/www.correiobraziliense.com.br\/cbradar\/wp-content\/uploads\/2025\/12\/Lencois-Maranhenses_1767163270112-750x422.jpg 750w, https:\/\/www.correiobraziliense.com.br\/cbradar\/wp-content\/uploads\/2025\/12\/Lencois-Maranhenses_1767163270112-1140x641.jpg 1140w, https:\/\/www.correiobraziliense.com.br\/cbradar\/wp-content\/uploads\/2025\/12\/Lencois-Maranhenses_1767163270112.jpg 1280w\" sizes=\"(max-width: 1024px) 100vw, 1024px\" \/><figcaption class=\"wp-element-caption\">Deslize pelas dunas dos Len\u00e7\u00f3is Maranhenses e encontre o\u00e1sis de \u00e1guas cristalinas que renovam alma e esp\u00edrito aventureiro. \/\/ Cr\u00e9ditos: depositphotos.com \/ Cristian_Lourenco<\/figcaption><\/figure><\/div>\n\n\n<h2 class=\"wp-block-heading\">Posso entrar no Parque com meu 4&#215;4?<\/h2>\n\n\n\n<p><strong>N\u00e3o.<\/strong> A regra \u00e9 federal e rigorosa: <strong>ve\u00edculos particulares s\u00e3o proibidos nas dunas<\/strong>. Seu carro, mesmo que seja um off-road de luxo, ficar\u00e1 estacionado na cidade ou na balsa. O transporte at\u00e9 as lagoas \u00e9 feito exclusivamente por ve\u00edculos credenciados (geralmente caminhonetes adaptadas chamadas de &#8220;jardineiras&#8221;).<\/p>\n\n\n\n<p><strong>Alerta de conforto:<\/strong> O trajeto nas jardineiras \u00e9 duro. Voc\u00ea viaja na ca\u00e7amba adaptada, balan\u00e7ando muito por trilhas de areia fofa e cruzando rios, num percurso que pode levar de 40 minutos a mais de uma hora. Pessoas com problemas graves de coluna ou mobilidade reduzida devem avaliar bem esse desgaste.<\/p>\n\n\n\n<p>Descubra tudo o que <strong>Barreirinhas <\/strong>tem a oferecer como a principal porta de entrada para os deslumbrantes <strong>Len\u00e7\u00f3is Maranhenses.<\/strong> O v\u00eddeo \u00e9 do canal <strong>Bru e Badila Viagens<\/strong>, que conta com mais de <strong>315 mil inscritos<\/strong>, e apresenta um guia completo sobre o que fazer, onde comer e onde se hospedar na cidade, destacando passeios cl\u00e1ssicos como o Circuito da Lagoa Bonita, a gastronomia t\u00edpica do Rio Pregui\u00e7as e dicas pr\u00e1ticas de transporte e infraestrutura:<\/p>\n\n\n\n<figure class=\"wp-block-embed aligncenter is-type-video is-provider-youtube wp-block-embed-youtube wp-embed-aspect-16-9 wp-has-aspect-ratio\"><div class=\"wp-block-embed__wrapper\">\n<div class=\"jeg_video_container jeg_video_content\"><iframe loading=\"lazy\" title=\"Barreirinhas Len\u00e7\u00f3is Maranhenses | O que fazer, Onde comer, Onde ficar | Com pre\u00e7os | Maranh\u00e3o\" width=\"500\" height=\"281\" src=\"https:\/\/www.youtube.com\/embed\/D5tO1FtJf9I?feature=oembed\" frameborder=\"0\" allow=\"accelerometer; autoplay; clipboard-write; encrypted-media; gyroscope; picture-in-picture; web-share\" referrerpolicy=\"strict-origin-when-cross-origin\" allowfullscreen><\/iframe><\/div>\n<\/div><\/figure>\n\n\n\n<h2 class=\"wp-block-heading\">Atins ou Barreirinhas: onde ficar?<\/h2>\n\n\n\n<p>Barreirinhas oferece estrutura urbana e pre\u00e7os acess\u00edveis. <strong>Atins<\/strong> \u00e9 um vilarejo de pescadores &#8220;p\u00e9 na areia&#8221; na foz do Rio Pregui\u00e7as, muito mais r\u00fastico e charmoso, mas com log\u00edstica complexa (acesso apenas de barco ou 4&#215;4 credenciado) e custo de vida elevado.<\/p>\n\n\n\n<p>Se optar por Barreirinhas, o Rio Pregui\u00e7as \u00e9 sua avenida principal. Os restaurantes da orla (Beira-Rio) s\u00e3o seguros e movimentados, mas recuse ofertas de passeios de ambulantes na rua. Exija sempre o voucher oficial da ag\u00eancia, que garante o seguro e o credenciamento do motorista.<\/p>\n\n\n\n<p><strong>Leia tamb\u00e9m: <a href=\"https:\/\/www.correiobraziliense.com.br\/cbradar\/o-que-acontece-com-o-seu-corpo-quando-voce-come-presunto-regularmente\/\" target=\"_blank\" rel=\"noreferrer noopener\">O que acontece com o seu corpo quando voc\u00ea come presunto regularmente?<\/a><\/strong><\/p>\n\n\n<div class=\"wp-block-image\">\n<figure class=\"aligncenter size-large\"><img decoding=\"async\" width=\"1024\" height=\"576\" src=\"https:\/\/www.correiobraziliense.com.br\/cbradar\/wp-content\/uploads\/2025\/12\/canva-2025-12-26T022758.291-1024x576.png\" alt=\"O deserto de \u00e1gua doce e areias brancas no Brasil que conquista quem busca um para\u00edso diferente\" class=\"wp-image-162782\" srcset=\"https:\/\/www.correiobraziliense.com.br\/cbradar\/wp-content\/uploads\/2025\/12\/canva-2025-12-26T022758.291-1024x576.png 1024w, https:\/\/www.correiobraziliense.com.br\/cbradar\/wp-content\/uploads\/2025\/12\/canva-2025-12-26T022758.291-300x169.png 300w, https:\/\/www.correiobraziliense.com.br\/cbradar\/wp-content\/uploads\/2025\/12\/canva-2025-12-26T022758.291-768x432.png 768w, https:\/\/www.correiobraziliense.com.br\/cbradar\/wp-content\/uploads\/2025\/12\/canva-2025-12-26T022758.291-750x422.png 750w, https:\/\/www.correiobraziliense.com.br\/cbradar\/wp-content\/uploads\/2025\/12\/canva-2025-12-26T022758.291-1140x641.png 1140w, https:\/\/www.correiobraziliense.com.br\/cbradar\/wp-content\/uploads\/2025\/12\/canva-2025-12-26T022758.291.png 1280w\" sizes=\"(max-width: 1024px) 100vw, 1024px\" \/><figcaption class=\"wp-element-caption\">Barreirinhas, MA, portal dos Len\u00e7\u00f3is Maranhenses, revela dunas brancas e lagoas cristalinas no Parque Nacional, com Rio Pregui\u00e7as e Pequenos Len\u00e7\u00f3is como destaques ecotur\u00edsticos. \/\/ Cr\u00e9ditos: Wikip\u00e9dia<\/figcaption><\/figure><\/div>\n\n\n<h2 class=\"wp-block-heading\">O sol do Maranh\u00e3o \u00e9 perigoso?<\/h2>\n\n\n\n<p><strong>Extremamente. <\/strong>As dunas branca refletem a luz solar como um espelho (&#8220;efeito rebatedor&#8221;), potencializando a queimadura mesmo na sombra. \u00d3culos escuros com prote\u00e7\u00e3o UV e chap\u00e9u com amarra (venta muito) n\u00e3o s\u00e3o acess\u00f3rios de moda, s\u00e3o equipamentos de prote\u00e7\u00e3o individual obrigat\u00f3rios.<\/p>\n\n\n\n<p>Planeje sua viagem com base na chuva e no sol:<\/p>\n\n\n\n<div class=\"clima-container-senku\">\n    <style>\n        .clima-container-senku {\n            font-family: 'Open Sans', sans-serif, Arial;\n            margin: 30px auto;\n            max-width: 900px;\n            color: #2c3e50;\n        }\n        .clima-table {\n            width: 100%;\n            border-collapse: separate;\n            border-spacing: 0;\n            background: #ffffff;\n            border-radius: 12px;\n            overflow: hidden;\n            box-shadow: 0 15px 40px rgba(0,0,0,0.12);\n            border: 1px solid #e0e6ed;\n        }\n        .clima-table thead {\n            background: linear-gradient(90deg, #026b52 0%, #01415b 100%);\n            color: #ffffff;\n        }\n        .clima-table th {\n            padding: 20px;\n            text-align: left;\n            text-transform: uppercase;\n            font-size: 13px;\n            letter-spacing: 1.2px;\n            font-weight: 700;\n        }\n        .clima-table td {\n            padding: 20px;\n            border-bottom: 1px solid #f0f4f8;\n            vertical-align: middle;\n            font-size: 15px;\n        }\n        .clima-table tr:last-child td {\n            border-bottom: none;\n        }\n        .clima-table tr:hover {\n            background-color: #f4f9f8;\n        }\n        .status-badge {\n            display: inline-block;\n            font-weight: 800;\n            color: #01415b;\n            font-size: 1.05em;\n            margin-bottom: 4px;\n        }\n        .temp-valor {\n            display: inline-block;\n            background: #e8f5f1;\n            color: #026b52;\n            padding: 5px 12px;\n            border-radius: 6px;\n            font-weight: 700;\n            border: 1px solid #d1e7e0;\n        }\n        .info-desc {\n            color: #576574;\n            line-height: 1.6;\n        }\n\n        \/* Responsive Breakpoint: Mobile Cards *\/\n        @media screen and (max-width: 768px) {\n            .clima-table thead { display: none; }\n            .clima-table, .clima-table tbody, .clima-table tr, .clima-table td {\n                display: block;\n                width: 100%;\n            }\n            .clima-table tr {\n                margin-bottom: 20px;\n                border: 1px solid #dee2e6;\n                border-radius: 10px;\n            }\n            .clima-table td {\n                text-align: right;\n                padding-left: 45%;\n                position: relative;\n                border-bottom: 1px solid #f1f1f1;\n            }\n            .clima-table td::before {\n                content: attr(data-label);\n                position: absolute;\n                left: 15px;\n                width: 40%;\n                font-weight: 700;\n                text-align: left;\n                color: #94a3b8;\n                text-transform: uppercase;\n                font-size: 0.7em;\n            }\n            .clima-table td:last-child {\n                text-align: left;\n                padding: 15px;\n                background: #f8fafc;\n            }\n            .clima-table td:last-child::before {\n                position: static;\n                display: block;\n                margin-bottom: 8px;\n            }\n        }\n    <\/style>\n\n    <table class=\"clima-table\">\n        <thead>\n            <tr>\n                <th>Esta\u00e7\u00e3o \/ Meses<\/th>\n                <th>Temperatura<\/th>\n                <th>O que esperar<\/th>\n            <\/tr>\n        <\/thead>\n        <tbody>\n            <tr>\n                <td data-label=\"Esta\u00e7\u00e3o \/ Meses\">\n                    <span class=\"status-badge\">Jun a Set (Alta)<\/span><br>\n                    <small style=\"color: #27ae60;\">\ud83d\udc8e Melhor \u00c9poca<\/small>\n                <\/td>\n                <td data-label=\"Temperatura\">\n                    <span class=\"temp-valor\">26\u00b0C a 34\u00b0C<\/span>\n                <\/td>\n                <td data-label=\"O que esperar\" class=\"info-desc\">\n                    Lagoas no auge da capacidade, \u00e1guas cristalinas e sol forte; prepare-se para uma cidade vibrante e lotada.\n                <\/td>\n            <\/tr>\n            <tr>\n                <td data-label=\"Esta\u00e7\u00e3o \/ Meses\">\n                    <span class=\"status-badge\">Out a Dez (Seca)<\/span><br>\n                    <small style=\"color: #e67e22;\">\u26f5 Ideal para Kitesurf<\/small>\n                <\/td>\n                <td data-label=\"Temperatura\">\n                    <span class=\"temp-valor\">27\u00b0C a 36\u00b0C<\/span>\n                <\/td>\n                <td data-label=\"O que esperar\" class=\"info-desc\">\n                    Ventos fortes e constantes atraem esportistas; as lagoas come\u00e7am a secar e o calor torna-se mais intenso.\n                <\/td>\n            <\/tr>\n            <tr>\n                <td data-label=\"Esta\u00e7\u00e3o \/ Meses\">\n                    <span class=\"status-badge\">Jan a Mai (Chuva)<\/span><br>\n                    <small style=\"color: #2980b9;\">\ud83c\udf27\ufe0f \u00c9poca de Renova\u00e7\u00e3o<\/small>\n                <\/td>\n                <td data-label=\"Temperatura\">\n                    <span class=\"temp-valor\">24\u00b0C a 32\u00b0C<\/span>\n                <\/td>\n                <td data-label=\"O que esperar\" class=\"info-desc\">\n                    Chuvas torrenciais di\u00e1rias essenciais para encher as lagoas; estradas de terra podem apresentar lama e acesso dif\u00edcil.\n                <\/td>\n            <\/tr>\n        <\/tbody>\n    <\/table>\n<\/div>\n\n\n\n<p><em>Baseado em m\u00e9dias climatol\u00f3gicas hist\u00f3ricas para Barreirinhas (fonte: <strong><a href=\"https:\/\/www.climatempo.com.br\/previsao-do-tempo\/cidade\/1037\/barreirinhas-ma\" target=\"_blank\" rel=\"noreferrer noopener\">Climatempo<\/a><\/strong>).<\/em><\/p>\n\n\n\n<h2 class=\"wp-block-heading\">Barreirinhas \u00e9 a log\u00edstica necess\u00e1ria para o para\u00edso<\/h2>\n\n\n\n<p>Visitar os Len\u00e7\u00f3is exige resigna\u00e7\u00e3o com o transporte r\u00fastico e precis\u00e3o no calend\u00e1rio:<\/p>\n\n\n\n<ul class=\"wp-block-list\">\n<li>S\u00f3 v\u00e1 entre junho e setembro se o objetivo for ver as lagoas azuis.<\/li>\n\n\n\n<li>Leve dinheiro em esp\u00e9cie se for atravessar para Atins, onde o sinal de internet falha.<\/li>\n\n\n\n<li>Compre passeios apenas em ag\u00eancias com loja f\u00edsica para evitar o &#8220;golpe da van fantasma&#8221;.<\/li>\n<\/ul>\n\n\n\n<p>Voc\u00ea precisa comer um camar\u00e3o da mal\u00e1sia grelhado na Beira-Rio ap\u00f3s o passeio.<\/p>\n","protected":false},"excerpt":{"rendered":"<p>Barreirinhas, a 250 km de S\u00e3o Lu\u00eds, \u00e9 a principal base para explorar o Parque Nacional dos Len\u00e7\u00f3is Maranhenses. Embora seja a cidade com mais infraestrutura (hot\u00e9is, restaurantes e bancos), ela serve, na pr\u00e1tica, como dormit\u00f3rio. A verdadeira atra\u00e7\u00e3o est\u00e1 nas dunas, cujo acesso \u00e9 rigidamente controlado e fisicamente desgastante para quem busca conforto de [&hellip;]<\/p>\n","protected":false},"author":8,"featured_media":180918,"comment_status":"open","ping_status":"open","sticky":false,"template":"","format":"standard","meta":{"_yoast_wpseo_focuskw":"cidade em deserto","_yoast_wpseo_title":"","_yoast_wpseo_metadesc":"Essa regi\u00e3o brasileira ficou conhecida como deserto de \u00e1gua doce por reunir dunas de areia branca e lagoas cristalinas.","jnews-multi-image_gallery":[],"jnews_single_post":{"format":"standard"},"jnews_primary_category":[],"jnews_social_meta":[],"jnews_override_counter":[],"footnotes":""},"categories":[108,111],"tags":[13170,14388,8504],"class_list":["post-180870","post","type-post","status-publish","format-standard","has-post-thumbnail","hentry","category-cidades","category-turismo","tag-barreirinhas","tag-parque-nacional-dos-lencois","tag-sao-luis"],"yoast_head":"<!-- This site is optimized with the Yoast SEO plugin v24.6 - https:\/\/yoast.com\/wordpress\/plugins\/seo\/ -->\n<title>Uma cidade em um deserto de \u00e1gua doce e areias brancas no Brasil que conquista quem busca um para\u00edso diferente - Correio Braziliense - Radar<\/title>\n<meta name=\"description\" content=\"Essa regi\u00e3o brasileira ficou conhecida como deserto de \u00e1gua doce por reunir dunas de areia branca e lagoas cristalinas.\" \/>\n<meta name=\"robots\" content=\"index, follow, max-snippet:-1, max-image-preview:large, max-video-preview:-1\" \/>\n<link rel=\"canonical\" href=\"https:\/\/www.correiobraziliense.com.br\/cbradar\/uma-cidade-em-um-deserto-de-agua-doce-e-areias-brancas-no-brasil-que-conquista-quem-busca-um-paraiso-diferente\/\" \/>\n<meta property=\"og:locale\" content=\"pt_BR\" \/>\n<meta property=\"og:type\" content=\"article\" \/>\n<meta property=\"og:title\" content=\"Uma cidade em um deserto de \u00e1gua doce e areias brancas no Brasil que conquista quem busca um para\u00edso diferente - Correio Braziliense - Radar\" \/>\n<meta property=\"og:description\" content=\"Essa regi\u00e3o brasileira ficou conhecida como deserto de \u00e1gua doce por reunir dunas de areia branca e lagoas cristalinas.\" \/>\n<meta property=\"og:url\" content=\"https:\/\/www.correiobraziliense.com.br\/cbradar\/uma-cidade-em-um-deserto-de-agua-doce-e-areias-brancas-no-brasil-que-conquista-quem-busca-um-paraiso-diferente\/\" \/>\n<meta property=\"og:site_name\" content=\"Correio Braziliense - Radar\" \/>\n<meta property=\"article:published_time\" content=\"2026-01-26T11:25:00+00:00\" \/>\n<meta property=\"og:image\" content=\"https:\/\/www.correiobraziliense.com.br\/cbradar\/wp-content\/uploads\/2026\/01\/aaa-2026-01-24T193929.173.png\" \/>\n\t<meta property=\"og:image:width\" content=\"1280\" \/>\n\t<meta property=\"og:image:height\" content=\"720\" \/>\n\t<meta property=\"og:image:type\" content=\"image\/png\" \/>\n<meta name=\"author\" content=\"Maura Pereira\" \/>\n<meta name=\"twitter:card\" content=\"summary_large_image\" \/>\n<meta name=\"twitter:label1\" content=\"Escrito por\" \/>\n\t<meta name=\"twitter:data1\" content=\"Maura Pereira\" \/>\n\t<meta name=\"twitter:label2\" content=\"Est. tempo de leitura\" \/>\n\t<meta name=\"twitter:data2\" content=\"5 minutos\" \/>\n<!-- \/ Yoast SEO plugin. -->","yoast_head_json":{"title":"Uma cidade em um deserto de \u00e1gua doce e areias brancas no Brasil que conquista quem busca um para\u00edso diferente - Correio Braziliense - Radar","description":"Essa regi\u00e3o brasileira ficou conhecida como deserto de \u00e1gua doce por reunir dunas de areia branca e lagoas cristalinas.","robots":{"index":"index","follow":"follow","max-snippet":"max-snippet:-1","max-image-preview":"max-image-preview:large","max-video-preview":"max-video-preview:-1"},"canonical":"https:\/\/www.correiobraziliense.com.br\/cbradar\/uma-cidade-em-um-deserto-de-agua-doce-e-areias-brancas-no-brasil-que-conquista-quem-busca-um-paraiso-diferente\/","og_locale":"pt_BR","og_type":"article","og_title":"Uma cidade em um deserto de \u00e1gua doce e areias brancas no Brasil que conquista quem busca um para\u00edso diferente - Correio Braziliense - Radar","og_description":"Essa regi\u00e3o brasileira ficou conhecida como deserto de \u00e1gua doce por reunir dunas de areia branca e lagoas cristalinas.","og_url":"https:\/\/www.correiobraziliense.com.br\/cbradar\/uma-cidade-em-um-deserto-de-agua-doce-e-areias-brancas-no-brasil-que-conquista-quem-busca-um-paraiso-diferente\/","og_site_name":"Correio Braziliense - Radar","article_published_time":"2026-01-26T11:25:00+00:00","og_image":[{"width":1280,"height":720,"url":"https:\/\/www.correiobraziliense.com.br\/cbradar\/wp-content\/uploads\/2026\/01\/aaa-2026-01-24T193929.173.png","type":"image\/png"}],"author":"Maura Pereira","twitter_card":"summary_large_image","twitter_misc":{"Escrito por":"Maura Pereira","Est. tempo de leitura":"5 minutos"},"schema":{"@context":"https:\/\/schema.org","@graph":[{"@type":"WebPage","@id":"https:\/\/www.correiobraziliense.com.br\/cbradar\/uma-cidade-em-um-deserto-de-agua-doce-e-areias-brancas-no-brasil-que-conquista-quem-busca-um-paraiso-diferente\/","url":"https:\/\/www.correiobraziliense.com.br\/cbradar\/uma-cidade-em-um-deserto-de-agua-doce-e-areias-brancas-no-brasil-que-conquista-quem-busca-um-paraiso-diferente\/","name":"Uma cidade em um deserto de \u00e1gua doce e areias brancas no Brasil que conquista quem busca um para\u00edso diferente - Correio Braziliense - Radar","isPartOf":{"@id":"https:\/\/www.correiobraziliense.com.br\/cbradar\/#website"},"primaryImageOfPage":{"@id":"https:\/\/www.correiobraziliense.com.br\/cbradar\/uma-cidade-em-um-deserto-de-agua-doce-e-areias-brancas-no-brasil-que-conquista-quem-busca-um-paraiso-diferente\/#primaryimage"},"image":{"@id":"https:\/\/www.correiobraziliense.com.br\/cbradar\/uma-cidade-em-um-deserto-de-agua-doce-e-areias-brancas-no-brasil-que-conquista-quem-busca-um-paraiso-diferente\/#primaryimage"},"thumbnailUrl":"https:\/\/www.correiobraziliense.com.br\/cbradar\/wp-content\/uploads\/2026\/01\/aaa-2026-01-24T193929.173.png","datePublished":"2026-01-26T11:25:00+00:00","author":{"@id":"https:\/\/www.correiobraziliense.com.br\/cbradar\/#\/schema\/person\/4053c651a9bfc785afc6f4cbc9032fd3"},"description":"Essa regi\u00e3o brasileira ficou conhecida como deserto de \u00e1gua doce por reunir dunas de areia branca e lagoas cristalinas.","breadcrumb":{"@id":"https:\/\/www.correiobraziliense.com.br\/cbradar\/uma-cidade-em-um-deserto-de-agua-doce-e-areias-brancas-no-brasil-que-conquista-quem-busca-um-paraiso-diferente\/#breadcrumb"},"inLanguage":"pt-BR","potentialAction":[{"@type":"ReadAction","target":["https:\/\/www.correiobraziliense.com.br\/cbradar\/uma-cidade-em-um-deserto-de-agua-doce-e-areias-brancas-no-brasil-que-conquista-quem-busca-um-paraiso-diferente\/"]}]},{"@type":"ImageObject","inLanguage":"pt-BR","@id":"https:\/\/www.correiobraziliense.com.br\/cbradar\/uma-cidade-em-um-deserto-de-agua-doce-e-areias-brancas-no-brasil-que-conquista-quem-busca-um-paraiso-diferente\/#primaryimage","url":"https:\/\/www.correiobraziliense.com.br\/cbradar\/wp-content\/uploads\/2026\/01\/aaa-2026-01-24T193929.173.png","contentUrl":"https:\/\/www.correiobraziliense.com.br\/cbradar\/wp-content\/uploads\/2026\/01\/aaa-2026-01-24T193929.173.png","width":1280,"height":720,"caption":"Caminhe pelas dunas brancas de Barreirinhas e mergulhe em lagoas turquesas dos Len\u00e7\u00f3is. Um para\u00edso natural que emociona e renova a alma no Maranh\u00e3o!"},{"@type":"BreadcrumbList","@id":"https:\/\/www.correiobraziliense.com.br\/cbradar\/uma-cidade-em-um-deserto-de-agua-doce-e-areias-brancas-no-brasil-que-conquista-quem-busca-um-paraiso-diferente\/#breadcrumb","itemListElement":[{"@type":"ListItem","position":1,"name":"In\u00edcio","item":"https:\/\/www.correiobraziliense.com.br\/cbradar\/"},{"@type":"ListItem","position":2,"name":"Uma cidade em um deserto de \u00e1gua doce e areias brancas no Brasil que conquista quem busca um para\u00edso diferente"}]},{"@type":"WebSite","@id":"https:\/\/www.correiobraziliense.com.br\/cbradar\/#website","url":"https:\/\/www.correiobraziliense.com.br\/cbradar\/","name":"Correio Braziliense - Radar","description":"Acompanhe as \u00faltimas not\u00edcias e fique bem informado sobre tudo o que acontece no Brasil e no mundo.","potentialAction":[{"@type":"SearchAction","target":{"@type":"EntryPoint","urlTemplate":"https:\/\/www.correiobraziliense.com.br\/cbradar\/?s={search_term_string}"},"query-input":{"@type":"PropertyValueSpecification","valueRequired":true,"valueName":"search_term_string"}}],"inLanguage":"pt-BR"},{"@type":"Person","@id":"https:\/\/www.correiobraziliense.com.br\/cbradar\/#\/schema\/person\/4053c651a9bfc785afc6f4cbc9032fd3","name":"Maura Pereira","image":{"@type":"ImageObject","inLanguage":"pt-BR","@id":"https:\/\/www.correiobraziliense.com.br\/cbradar\/#\/schema\/person\/image\/","url":"https:\/\/secure.gravatar.com\/avatar\/3effd6bdadfa447f15089c7f7144eaa6?s=96&d=mm&r=g","contentUrl":"https:\/\/secure.gravatar.com\/avatar\/3effd6bdadfa447f15089c7f7144eaa6?s=96&d=mm&r=g","caption":"Maura Pereira"},"sameAs":["https:\/\/www.correiobraziliense.com.br\/"],"url":"https:\/\/www.correiobraziliense.com.br\/cbradar\/author\/mauramyth\/"}]}},"_links":{"self":[{"href":"https:\/\/www.correiobraziliense.com.br\/cbradar\/wp-json\/wp\/v2\/posts\/180870","targetHints":{"allow":["GET"]}}],"collection":[{"href":"https:\/\/www.correiobraziliense.com.br\/cbradar\/wp-json\/wp\/v2\/posts"}],"about":[{"href":"https:\/\/www.correiobraziliense.com.br\/cbradar\/wp-json\/wp\/v2\/types\/post"}],"author":[{"embeddable":true,"href":"https:\/\/www.correiobraziliense.com.br\/cbradar\/wp-json\/wp\/v2\/users\/8"}],"replies":[{"embeddable":true,"href":"https:\/\/www.correiobraziliense.com.br\/cbradar\/wp-json\/wp\/v2\/comments?post=180870"}],"version-history":[{"count":14,"href":"https:\/\/www.correiobraziliense.com.br\/cbradar\/wp-json\/wp\/v2\/posts\/180870\/revisions"}],"predecessor-version":[{"id":180923,"href":"https:\/\/www.correiobraziliense.com.br\/cbradar\/wp-json\/wp\/v2\/posts\/180870\/revisions\/180923"}],"wp:featuredmedia":[{"embeddable":true,"href":"https:\/\/www.correiobraziliense.com.br\/cbradar\/wp-json\/wp\/v2\/media\/180918"}],"wp:attachment":[{"href":"https:\/\/www.correiobraziliense.com.br\/cbradar\/wp-json\/wp\/v2\/media?parent=180870"}],"wp:term":[{"taxonomy":"category","embeddable":true,"href":"https:\/\/www.correiobraziliense.com.br\/cbradar\/wp-json\/wp\/v2\/categories?post=180870"},{"taxonomy":"post_tag","embeddable":true,"href":"https:\/\/www.correiobraziliense.com.br\/cbradar\/wp-json\/wp\/v2\/tags?post=180870"}],"curies":[{"name":"wp","href":"https:\/\/api.w.org\/{rel}","templated":true}]}}