{"id":180873,"date":"2026-01-26T12:45:00","date_gmt":"2026-01-26T15:45:00","guid":{"rendered":"https:\/\/www.correiobraziliense.com.br\/cbradar\/?p=180873"},"modified":"2026-01-24T22:04:51","modified_gmt":"2026-01-25T01:04:51","slug":"a-miami-brasileira-se-destaca-no-pais-por-uma-orla-planejada-que-atrai-turistas-o-ano-inteiro","status":"publish","type":"post","link":"https:\/\/www.correiobraziliense.com.br\/cbradar\/a-miami-brasileira-se-destaca-no-pais-por-uma-orla-planejada-que-atrai-turistas-o-ano-inteiro\/","title":{"rendered":"A &#8220;Miami brasileira&#8221; se destaca no pa\u00eds por uma orla planejada que atrai turistas o ano inteiro"},"content":{"rendered":"\n<p><strong>Fortaleza<\/strong>, a capital do <strong>Cear\u00e1<\/strong>, \u00e9 uma das metr\u00f3poles mais densas e energ\u00e9ticas do pa\u00eds. Conhecida como &#8220;Terra da Luz&#8221; pela incid\u00eancia solar constante ou &#8220;Miami brasileira&#8221; pela arquitetura beira-mar, a cidade rompeu a barreira do turismo apenas de paisagem para se tornar um polo de entretenimento sofisticado, onde a orla urbanizada rivaliza com destinos internacionais em modernidade.<\/p>\n\n\n\n<h2 class=\"wp-block-heading\">Por que a cidade \u00e9 refer\u00eancia em turismo urbano no Nordeste?<\/h2>\n\n\n\n<p><strong>O munic\u00edpio investiu pesado na requalifica\u00e7\u00e3o de seus espa\u00e7os p\u00fablicos e na economia criativa. <\/strong>A cidade n\u00e3o para, oferecendo servi\u00e7os 24 horas e uma rede hoteleira robusta. Para comprovar essa excel\u00eancia, dados do<strong><a href=\"https:\/\/cidades.ibge.gov.br\/brasil\/ce\/fortaleza\/panorama\" target=\"_blank\" rel=\"noreferrer noopener\"> Instituto Brasileiro de Geografia e Estat\u00edstica (IBGE)<\/a> <\/strong>apontam um<strong> IDH de 0,754<\/strong>, \u00edndice que reflete o acesso a servi\u00e7os avan\u00e7ados de sa\u00fade e uma economia diversificada que vai muito al\u00e9m da praia.<\/p>\n\n\n\n<p>Morar ou visitar Fortaleza \u00e9 estar imerso em uma cultura cosmopolita. A nova Avenida Beira-Mar, com seu cal\u00e7ad\u00e3o largo, feirinha de artesanato organizada e seguran\u00e7a refor\u00e7ada, \u00e9 o s\u00edmbolo dessa qualidade de vida, servindo como ponto de encontro para esportistas e fam\u00edlias ao amanhecer e ao anoitecer.<\/p>\n\n\n<div class=\"wp-block-image\">\n<figure class=\"aligncenter size-large\"><img decoding=\"async\" width=\"1024\" height=\"576\" src=\"https:\/\/www.correiobraziliense.com.br\/cbradar\/wp-content\/uploads\/2025\/07\/Edicoes-2025-07-29T220943.177-1024x576.png\" alt=\"A &quot;Miami brasileira&quot; se destaca no pa\u00eds por uma orla planejada que atrai turistas o ano inteiro\" class=\"wp-image-77865\" srcset=\"https:\/\/www.correiobraziliense.com.br\/cbradar\/wp-content\/uploads\/2025\/07\/Edicoes-2025-07-29T220943.177-1024x576.png 1024w, https:\/\/www.correiobraziliense.com.br\/cbradar\/wp-content\/uploads\/2025\/07\/Edicoes-2025-07-29T220943.177-300x169.png 300w, https:\/\/www.correiobraziliense.com.br\/cbradar\/wp-content\/uploads\/2025\/07\/Edicoes-2025-07-29T220943.177-768x432.png 768w, https:\/\/www.correiobraziliense.com.br\/cbradar\/wp-content\/uploads\/2025\/07\/Edicoes-2025-07-29T220943.177-750x422.png 750w, https:\/\/www.correiobraziliense.com.br\/cbradar\/wp-content\/uploads\/2025\/07\/Edicoes-2025-07-29T220943.177-1140x641.png 1140w, https:\/\/www.correiobraziliense.com.br\/cbradar\/wp-content\/uploads\/2025\/07\/Edicoes-2025-07-29T220943.177.png 1280w\" sizes=\"(max-width: 1024px) 100vw, 1024px\" \/><figcaption class=\"wp-element-caption\">Fortaleza \u00e9 a capital do Cear\u00e1, com mais de 2,5 milh\u00f5es de habitantes e 34 km de belas praias. \/\/Cr\u00e9ditos: YouTube @TheTMax<\/figcaption><\/figure><\/div>\n\n\n<h2 class=\"wp-block-heading\">As &#8220;Mega Barracas&#8221; da Praia do Futuro s\u00e3o seguras?<\/h2>\n\n\n\n<p>A <strong>Praia do Futuro<\/strong> \u00e9 um fen\u00f4meno urban\u00edstico \u00fanico. Aqui, as &#8220;barracas&#8221; n\u00e3o s\u00e3o quiosques simples, mas verdadeiros complexos de lazer (beach clubs) com piscinas, palcos de shows, parques aqu\u00e1ticos infantis e seguran\u00e7a privada. Estruturas como a Crocobeach ou Chico do Caranguejo oferecem o conforto de um resort com o p\u00e9 na areia.<\/p>\n\n\n\n<p><strong>Aten\u00e7\u00e3o ao mar:<\/strong> Enquanto a estrutura em terra \u00e9 de elite, o mar na Praia do Futuro \u00e9 agitado e possui correntes fortes. O banho exige cautela, mas a experi\u00eancia de passar o dia sendo servido nas barracas \u00e9 o auge do bem-estar fortalezense.<\/p>\n\n\n\n<p><strong>Explore Fortaleza e o Cear\u00e1 com este guia completo para 2025 do canal Fabi Cassol | Minha Praia Viajar (150 mil subscritores)<\/strong>. O v\u00eddeo apresenta um roteiro detalhado com pre\u00e7os atualizados, destacando a Praia do Futuro como a melhor para banho, a feirinha da Beira-Mar para compras, o Beach Park em Aquiraz e as dunas de Jericoaquara:<\/p>\n\n\n\n<figure class=\"wp-block-embed aligncenter is-type-video is-provider-youtube wp-block-embed-youtube wp-embed-aspect-16-9 wp-has-aspect-ratio\"><div class=\"wp-block-embed__wrapper\">\n<div class=\"jeg_video_container jeg_video_content\"><iframe loading=\"lazy\" title=\"FORTALEZA CEAR\u00c1 2025: ROTEIRO COMPLETO COM PRE\u00c7OS | O QUE FAZER | MELHORES PRAIAS | COMO ECONOMIZAR\" width=\"500\" height=\"281\" src=\"https:\/\/www.youtube.com\/embed\/mAlPPWT6iQs?feature=oembed\" frameborder=\"0\" allow=\"accelerometer; autoplay; clipboard-write; encrypted-media; gyroscope; picture-in-picture; web-share\" referrerpolicy=\"strict-origin-when-cross-origin\" allowfullscreen><\/iframe><\/div>\n<\/div><\/figure>\n\n\n\n<h2 class=\"wp-block-heading\">Por que a quinta-feira \u00e9 sagrada na culin\u00e1ria local?<\/h2>\n\n\n\n<p>Em Fortaleza, quinta-feira \u00e9 dia oficial da <strong>Caranguejada<\/strong>. \u00c9 uma lei cultural n\u00e3o escrita: todas as barracas de praia e restaurantes servem o crust\u00e1ceo (toc-toc) ao som de m\u00fasica ao vivo e humoristas. \u00c9 o momento de socializa\u00e7\u00e3o da cidade.<\/p>\n\n\n\n<p>Al\u00e9m do caranguejo, a cidade \u00e9 um polo gastron\u00f4mico de frutos-do-mar. O <strong>Mercado dos Peixes<\/strong> no Mucuripe permite que voc\u00ea compre o camar\u00e3o ou a lagosta frescos nas bancas e pe\u00e7a para fritar na hora nos quiosques anexos, uma experi\u00eancia aut\u00eantica e deliciosa.<\/p>\n\n\n<div class=\"wp-block-image\">\n<figure class=\"aligncenter size-large\"><img decoding=\"async\" width=\"1024\" height=\"576\" src=\"https:\/\/www.correiobraziliense.com.br\/cbradar\/wp-content\/uploads\/2025\/03\/Fortaleza_1741916141532-1024x576.jpg\" alt=\"A &quot;Miami brasileira&quot; se destaca no pa\u00eds por uma orla planejada que atrai turistas o ano inteiro\" class=\"wp-image-12377\" srcset=\"https:\/\/www.correiobraziliense.com.br\/cbradar\/wp-content\/uploads\/2025\/03\/Fortaleza_1741916141532-1024x576.jpg 1024w, https:\/\/www.correiobraziliense.com.br\/cbradar\/wp-content\/uploads\/2025\/03\/Fortaleza_1741916141532-300x169.jpg 300w, https:\/\/www.correiobraziliense.com.br\/cbradar\/wp-content\/uploads\/2025\/03\/Fortaleza_1741916141532-768x432.jpg 768w, https:\/\/www.correiobraziliense.com.br\/cbradar\/wp-content\/uploads\/2025\/03\/Fortaleza_1741916141532-750x422.jpg 750w, https:\/\/www.correiobraziliense.com.br\/cbradar\/wp-content\/uploads\/2025\/03\/Fortaleza_1741916141532-1140x641.jpg 1140w, https:\/\/www.correiobraziliense.com.br\/cbradar\/wp-content\/uploads\/2025\/03\/Fortaleza_1741916141532.jpg 1280w\" sizes=\"(max-width: 1024px) 100vw, 1024px\" \/><figcaption class=\"wp-element-caption\">Fortaleza encanta com praias incr\u00edveis, cultura rica e clima acolhedor para todos os visitantes. \/\/ Cr\u00e9ditos: depositphotos.com \/ gustavofrazao<\/figcaption><\/figure><\/div>\n\n\n<h2 class=\"wp-block-heading\">O Cear\u00e1 \u00e9 mesmo a terra do humor?<\/h2>\n\n\n\n<p><strong>Sim, e isso \u00e9 tratado como ind\u00fastria.<\/strong> A cidade possui teatros dedicados exclusivamente a shows de humor, mantendo viva a tradi\u00e7\u00e3o de grandes nomes como Chico Anysio e Tom Cavalcante. Assistir a um show de stand-up local \u00e9 mergulhar na alma cearense, conhecida pela &#8220;molecagem&#8221; (o jeito espirituoso de encarar a vida).<\/p>\n\n\n\n<p>Para cultura mais erudita e arquitetura, o <strong>Centro Drag\u00e3o do Mar de Arte e Cultura<\/strong> oferece museus, cinema e um entorno repleto de bares em casar\u00f5es restaurados.<\/p>\n\n\n\n<p><strong>Leia tamb\u00e9m: <a href=\"https:\/\/www.correiobraziliense.com.br\/cbradar\/o-pensamento-de-aristoteles-sobre-a-excelencia-que-pode-mudar-sua-forma-de-se-cobrar\/\" target=\"_blank\" rel=\"noreferrer noopener\">O pensamento de Arist\u00f3teles sobre a excel\u00eancia que pode mudar sua forma de se cobrar<\/a><\/strong><\/p>\n\n\n<div class=\"wp-block-image\">\n<figure class=\"aligncenter size-large\"><img decoding=\"async\" width=\"1024\" height=\"576\" src=\"https:\/\/www.correiobraziliense.com.br\/cbradar\/wp-content\/uploads\/2025\/07\/Edicoes-2025-07-29T221124.236-1024x576.png\" alt=\"\" class=\"wp-image-77864\" srcset=\"https:\/\/www.correiobraziliense.com.br\/cbradar\/wp-content\/uploads\/2025\/07\/Edicoes-2025-07-29T221124.236-1024x576.png 1024w, https:\/\/www.correiobraziliense.com.br\/cbradar\/wp-content\/uploads\/2025\/07\/Edicoes-2025-07-29T221124.236-300x169.png 300w, https:\/\/www.correiobraziliense.com.br\/cbradar\/wp-content\/uploads\/2025\/07\/Edicoes-2025-07-29T221124.236-768x432.png 768w, https:\/\/www.correiobraziliense.com.br\/cbradar\/wp-content\/uploads\/2025\/07\/Edicoes-2025-07-29T221124.236-750x422.png 750w, https:\/\/www.correiobraziliense.com.br\/cbradar\/wp-content\/uploads\/2025\/07\/Edicoes-2025-07-29T221124.236-1140x641.png 1140w, https:\/\/www.correiobraziliense.com.br\/cbradar\/wp-content\/uploads\/2025\/07\/Edicoes-2025-07-29T221124.236.png 1280w\" sizes=\"(max-width: 1024px) 100vw, 1024px\" \/><figcaption class=\"wp-element-caption\"> Aproveite as praias, o artesanato e a culin\u00e1ria t\u00edpica de Fortaleza em um destino acolhedor e cheio de vida. \/\/Cr\u00e9ditos: YouTube @TheTMax<\/figcaption><\/figure><\/div>\n\n\n<h2 class=\"wp-block-heading\">O vento atrapalha ou ajuda?<\/h2>\n\n\n\n<p><strong>Depende do seu objetivo. <\/strong>Fortaleza venta muito, o que alivia a sensa\u00e7\u00e3o t\u00e9rmica do calor equatorial. Para os praticantes de Kitesurf e Windsurf, \u00e9 o para\u00edso mundial. Para o turista comum, o vento constante da &#8220;temporada dos ventos&#8221; pode levantar areia na praia.<\/p>\n\n\n\n<p>Consulte o regime de ventos e chuvas:<\/p>\n\n\n\n<figure class=\"wp-block-table\"><table class=\"has-fixed-layout\"><tbody><tr><th>Esta\u00e7\u00e3o\/Meses<\/th><th>Temperatura<\/th><th>O que esperar<\/th><\/tr><tr><td>Ago a Dez (Ventos)<\/td><td>26\u00b0C a 32\u00b0C<\/td><td>Ventos al\u00edsios fortes (Kitesurf), sol constante e c\u00e9u limpo. Melhor \u00e9poca.<\/td><\/tr><tr><td>Jan a Mai (Chuva)<\/td><td>24\u00b0C a 30\u00b0C<\/td><td>Quadra chuvosa, pancadas r\u00e1pidas e fortes, calor \u00famido.<\/td><\/tr><tr><td>Julho (Alta)<\/td><td>25\u00b0C a 31\u00b0C<\/td><td>Fortal (micareta), f\u00e9rias escolares e in\u00edcio da temporada de ventos.<\/td><\/tr><\/tbody><\/table><\/figure>\n\n\n\n<p><em>Baseado em m\u00e9dias climatol\u00f3gicas hist\u00f3ricas para Fortaleza (fonte: <a href=\"https:\/\/www.climatempo.com.br\/previsao-do-tempo\/cidade\/60\/fortaleza-ce\" target=\"_blank\" rel=\"noreferrer noopener\"><strong>Climatempo<\/strong><\/a>).<\/em><\/p>\n\n\n\n<h2 class=\"wp-block-heading\">Fortaleza \u00e9 sol, riso frouxo e caranguejo no prato<\/h2>\n\n\n\n<p>Escolher a capital cearense \u00e9 garantir divers\u00e3o urbana com infraestrutura de ponta:<\/p>\n\n\n\n<ul class=\"wp-block-list\">\n<li>Passe o dia em uma mega barraca na Praia do Futuro (mas cuidado com o mar bravo).<\/li>\n\n\n\n<li>Compre castanhas de caju e renda de bilro na Feirinha da Beira-Mar \u00e0 noite.<\/li>\n\n\n\n<li>Reserve um dia para ir ao <strong>Beach Park<\/strong> (no vizinho munic\u00edpio de Aquiraz), um dos melhores parques aqu\u00e1ticos do mundo.<\/li>\n<\/ul>\n\n\n\n<p>Voc\u00ea precisa quebrar um caranguejo na quinta-feira \u00e0 noite ouvindo uma piada local.<\/p>\n","protected":false},"excerpt":{"rendered":"<p>Fortaleza, a capital do Cear\u00e1, \u00e9 uma das metr\u00f3poles mais densas e energ\u00e9ticas do pa\u00eds. Conhecida como &#8220;Terra da Luz&#8221; pela incid\u00eancia solar constante ou &#8220;Miami brasileira&#8221; pela arquitetura beira-mar, a cidade rompeu a barreira do turismo apenas de paisagem para se tornar um polo de entretenimento sofisticado, onde a orla urbanizada rivaliza com destinos [&hellip;]<\/p>\n","protected":false},"author":8,"featured_media":180950,"comment_status":"open","ping_status":"open","sticky":false,"template":"","format":"standard","meta":{"_yoast_wpseo_focuskw":"Miami brasileira","_yoast_wpseo_title":"","_yoast_wpseo_metadesc":"Essa cidade conhecida como \"Miami brasileira\" chama aten\u00e7\u00e3o pela orla moderna \u00e0 beira-mar e pelo visual urbano impressionante.","jnews-multi-image_gallery":[],"jnews_single_post":{"format":"standard"},"jnews_primary_category":[],"jnews_social_meta":[],"jnews_override_counter":[],"footnotes":""},"categories":[108,111],"tags":[1460,1459],"class_list":["post-180873","post","type-post","status-publish","format-standard","has-post-thumbnail","hentry","category-cidades","category-turismo","tag-ceara","tag-fortaleza"],"yoast_head":"<!-- This site is optimized with the Yoast SEO plugin v24.6 - https:\/\/yoast.com\/wordpress\/plugins\/seo\/ -->\n<title>A &quot;Miami brasileira&quot; se destaca no pa\u00eds por uma orla planejada que atrai turistas o ano inteiro - Correio Braziliense - Radar<\/title>\n<meta name=\"description\" content=\"Essa cidade conhecida como &quot;Miami brasileira&quot; chama aten\u00e7\u00e3o pela orla moderna \u00e0 beira-mar e pelo visual urbano impressionante.\" \/>\n<meta name=\"robots\" content=\"index, follow, max-snippet:-1, max-image-preview:large, max-video-preview:-1\" \/>\n<link rel=\"canonical\" href=\"https:\/\/www.correiobraziliense.com.br\/cbradar\/a-miami-brasileira-se-destaca-no-pais-por-uma-orla-planejada-que-atrai-turistas-o-ano-inteiro\/\" \/>\n<meta property=\"og:locale\" content=\"pt_BR\" \/>\n<meta property=\"og:type\" content=\"article\" \/>\n<meta property=\"og:title\" content=\"A &quot;Miami brasileira&quot; se destaca no pa\u00eds por uma orla planejada que atrai turistas o ano inteiro - Correio Braziliense - Radar\" \/>\n<meta property=\"og:description\" content=\"Essa cidade conhecida como &quot;Miami brasileira&quot; chama aten\u00e7\u00e3o pela orla moderna \u00e0 beira-mar e pelo visual urbano impressionante.\" \/>\n<meta property=\"og:url\" content=\"https:\/\/www.correiobraziliense.com.br\/cbradar\/a-miami-brasileira-se-destaca-no-pais-por-uma-orla-planejada-que-atrai-turistas-o-ano-inteiro\/\" \/>\n<meta property=\"og:site_name\" content=\"Correio Braziliense - Radar\" \/>\n<meta property=\"article:published_time\" content=\"2026-01-26T15:45:00+00:00\" \/>\n<meta property=\"og:image\" content=\"https:\/\/www.correiobraziliense.com.br\/cbradar\/wp-content\/uploads\/2026\/01\/aaa-2026-01-24T215526.043.png\" \/>\n\t<meta property=\"og:image:width\" content=\"1280\" \/>\n\t<meta property=\"og:image:height\" content=\"720\" \/>\n\t<meta property=\"og:image:type\" content=\"image\/png\" \/>\n<meta name=\"author\" content=\"Maura Pereira\" \/>\n<meta name=\"twitter:card\" content=\"summary_large_image\" \/>\n<meta name=\"twitter:label1\" content=\"Escrito por\" \/>\n\t<meta name=\"twitter:data1\" content=\"Maura Pereira\" \/>\n\t<meta name=\"twitter:label2\" content=\"Est. tempo de leitura\" \/>\n\t<meta name=\"twitter:data2\" content=\"6 minutos\" \/>\n<!-- \/ Yoast SEO plugin. -->","yoast_head_json":{"title":"A \"Miami brasileira\" se destaca no pa\u00eds por uma orla planejada que atrai turistas o ano inteiro - Correio Braziliense - Radar","description":"Essa cidade conhecida como \"Miami brasileira\" chama aten\u00e7\u00e3o pela orla moderna \u00e0 beira-mar e pelo visual urbano impressionante.","robots":{"index":"index","follow":"follow","max-snippet":"max-snippet:-1","max-image-preview":"max-image-preview:large","max-video-preview":"max-video-preview:-1"},"canonical":"https:\/\/www.correiobraziliense.com.br\/cbradar\/a-miami-brasileira-se-destaca-no-pais-por-uma-orla-planejada-que-atrai-turistas-o-ano-inteiro\/","og_locale":"pt_BR","og_type":"article","og_title":"A \"Miami brasileira\" se destaca no pa\u00eds por uma orla planejada que atrai turistas o ano inteiro - Correio Braziliense - Radar","og_description":"Essa cidade conhecida como \"Miami brasileira\" chama aten\u00e7\u00e3o pela orla moderna \u00e0 beira-mar e pelo visual urbano impressionante.","og_url":"https:\/\/www.correiobraziliense.com.br\/cbradar\/a-miami-brasileira-se-destaca-no-pais-por-uma-orla-planejada-que-atrai-turistas-o-ano-inteiro\/","og_site_name":"Correio Braziliense - Radar","article_published_time":"2026-01-26T15:45:00+00:00","og_image":[{"width":1280,"height":720,"url":"https:\/\/www.correiobraziliense.com.br\/cbradar\/wp-content\/uploads\/2026\/01\/aaa-2026-01-24T215526.043.png","type":"image\/png"}],"author":"Maura Pereira","twitter_card":"summary_large_image","twitter_misc":{"Escrito por":"Maura Pereira","Est. tempo de leitura":"6 minutos"},"schema":{"@context":"https:\/\/schema.org","@graph":[{"@type":"WebPage","@id":"https:\/\/www.correiobraziliense.com.br\/cbradar\/a-miami-brasileira-se-destaca-no-pais-por-uma-orla-planejada-que-atrai-turistas-o-ano-inteiro\/","url":"https:\/\/www.correiobraziliense.com.br\/cbradar\/a-miami-brasileira-se-destaca-no-pais-por-uma-orla-planejada-que-atrai-turistas-o-ano-inteiro\/","name":"A \"Miami brasileira\" se destaca no pa\u00eds por uma orla planejada que atrai turistas o ano inteiro - Correio Braziliense - Radar","isPartOf":{"@id":"https:\/\/www.correiobraziliense.com.br\/cbradar\/#website"},"primaryImageOfPage":{"@id":"https:\/\/www.correiobraziliense.com.br\/cbradar\/a-miami-brasileira-se-destaca-no-pais-por-uma-orla-planejada-que-atrai-turistas-o-ano-inteiro\/#primaryimage"},"image":{"@id":"https:\/\/www.correiobraziliense.com.br\/cbradar\/a-miami-brasileira-se-destaca-no-pais-por-uma-orla-planejada-que-atrai-turistas-o-ano-inteiro\/#primaryimage"},"thumbnailUrl":"https:\/\/www.correiobraziliense.com.br\/cbradar\/wp-content\/uploads\/2026\/01\/aaa-2026-01-24T215526.043.png","datePublished":"2026-01-26T15:45:00+00:00","author":{"@id":"https:\/\/www.correiobraziliense.com.br\/cbradar\/#\/schema\/person\/4053c651a9bfc785afc6f4cbc9032fd3"},"description":"Essa cidade conhecida como \"Miami brasileira\" chama aten\u00e7\u00e3o pela orla moderna \u00e0 beira-mar e pelo visual urbano impressionante.","breadcrumb":{"@id":"https:\/\/www.correiobraziliense.com.br\/cbradar\/a-miami-brasileira-se-destaca-no-pais-por-uma-orla-planejada-que-atrai-turistas-o-ano-inteiro\/#breadcrumb"},"inLanguage":"pt-BR","potentialAction":[{"@type":"ReadAction","target":["https:\/\/www.correiobraziliense.com.br\/cbradar\/a-miami-brasileira-se-destaca-no-pais-por-uma-orla-planejada-que-atrai-turistas-o-ano-inteiro\/"]}]},{"@type":"ImageObject","inLanguage":"pt-BR","@id":"https:\/\/www.correiobraziliense.com.br\/cbradar\/a-miami-brasileira-se-destaca-no-pais-por-uma-orla-planejada-que-atrai-turistas-o-ano-inteiro\/#primaryimage","url":"https:\/\/www.correiobraziliense.com.br\/cbradar\/wp-content\/uploads\/2026\/01\/aaa-2026-01-24T215526.043.png","contentUrl":"https:\/\/www.correiobraziliense.com.br\/cbradar\/wp-content\/uploads\/2026\/01\/aaa-2026-01-24T215526.043.png","width":1280,"height":720,"caption":"Fortaleza \u00e9 a capital do Cear\u00e1 com belas praias. \/ Imagem ilustrativa"},{"@type":"BreadcrumbList","@id":"https:\/\/www.correiobraziliense.com.br\/cbradar\/a-miami-brasileira-se-destaca-no-pais-por-uma-orla-planejada-que-atrai-turistas-o-ano-inteiro\/#breadcrumb","itemListElement":[{"@type":"ListItem","position":1,"name":"In\u00edcio","item":"https:\/\/www.correiobraziliense.com.br\/cbradar\/"},{"@type":"ListItem","position":2,"name":"A &#8220;Miami brasileira&#8221; se destaca no pa\u00eds por uma orla planejada que atrai turistas o ano inteiro"}]},{"@type":"WebSite","@id":"https:\/\/www.correiobraziliense.com.br\/cbradar\/#website","url":"https:\/\/www.correiobraziliense.com.br\/cbradar\/","name":"Correio Braziliense - Radar","description":"Acompanhe as \u00faltimas not\u00edcias e fique bem informado sobre tudo o que acontece no Brasil e no mundo.","potentialAction":[{"@type":"SearchAction","target":{"@type":"EntryPoint","urlTemplate":"https:\/\/www.correiobraziliense.com.br\/cbradar\/?s={search_term_string}"},"query-input":{"@type":"PropertyValueSpecification","valueRequired":true,"valueName":"search_term_string"}}],"inLanguage":"pt-BR"},{"@type":"Person","@id":"https:\/\/www.correiobraziliense.com.br\/cbradar\/#\/schema\/person\/4053c651a9bfc785afc6f4cbc9032fd3","name":"Maura Pereira","image":{"@type":"ImageObject","inLanguage":"pt-BR","@id":"https:\/\/www.correiobraziliense.com.br\/cbradar\/#\/schema\/person\/image\/","url":"https:\/\/secure.gravatar.com\/avatar\/3effd6bdadfa447f15089c7f7144eaa6?s=96&d=mm&r=g","contentUrl":"https:\/\/secure.gravatar.com\/avatar\/3effd6bdadfa447f15089c7f7144eaa6?s=96&d=mm&r=g","caption":"Maura Pereira"},"sameAs":["https:\/\/www.correiobraziliense.com.br\/"],"url":"https:\/\/www.correiobraziliense.com.br\/cbradar\/author\/mauramyth\/"}]}},"_links":{"self":[{"href":"https:\/\/www.correiobraziliense.com.br\/cbradar\/wp-json\/wp\/v2\/posts\/180873","targetHints":{"allow":["GET"]}}],"collection":[{"href":"https:\/\/www.correiobraziliense.com.br\/cbradar\/wp-json\/wp\/v2\/posts"}],"about":[{"href":"https:\/\/www.correiobraziliense.com.br\/cbradar\/wp-json\/wp\/v2\/types\/post"}],"author":[{"embeddable":true,"href":"https:\/\/www.correiobraziliense.com.br\/cbradar\/wp-json\/wp\/v2\/users\/8"}],"replies":[{"embeddable":true,"href":"https:\/\/www.correiobraziliense.com.br\/cbradar\/wp-json\/wp\/v2\/comments?post=180873"}],"version-history":[{"count":13,"href":"https:\/\/www.correiobraziliense.com.br\/cbradar\/wp-json\/wp\/v2\/posts\/180873\/revisions"}],"predecessor-version":[{"id":180955,"href":"https:\/\/www.correiobraziliense.com.br\/cbradar\/wp-json\/wp\/v2\/posts\/180873\/revisions\/180955"}],"wp:featuredmedia":[{"embeddable":true,"href":"https:\/\/www.correiobraziliense.com.br\/cbradar\/wp-json\/wp\/v2\/media\/180950"}],"wp:attachment":[{"href":"https:\/\/www.correiobraziliense.com.br\/cbradar\/wp-json\/wp\/v2\/media?parent=180873"}],"wp:term":[{"taxonomy":"category","embeddable":true,"href":"https:\/\/www.correiobraziliense.com.br\/cbradar\/wp-json\/wp\/v2\/categories?post=180873"},{"taxonomy":"post_tag","embeddable":true,"href":"https:\/\/www.correiobraziliense.com.br\/cbradar\/wp-json\/wp\/v2\/tags?post=180873"}],"curies":[{"name":"wp","href":"https:\/\/api.w.org\/{rel}","templated":true}]}}