{"id":180874,"date":"2026-01-26T07:55:00","date_gmt":"2026-01-26T10:55:00","guid":{"rendered":"https:\/\/www.correiobraziliense.com.br\/cbradar\/?p=180874"},"modified":"2026-01-24T22:17:40","modified_gmt":"2026-01-25T01:17:40","slug":"a-manchester-catarinense-a-180-km-de-florianopolis-cresce-ao-lado-da-capital-e-conquista-novos-moradores-pela-qualidade-de-vida","status":"publish","type":"post","link":"https:\/\/www.correiobraziliense.com.br\/cbradar\/a-manchester-catarinense-a-180-km-de-florianopolis-cresce-ao-lado-da-capital-e-conquista-novos-moradores-pela-qualidade-de-vida\/","title":{"rendered":"A \u201cManchester Catarinense\u201d, a 180 km de Florian\u00f3polis, cresce ao lado da capital e conquista novos moradores pela qualidade de vida"},"content":{"rendered":"\n<p><strong>Joinville<\/strong>, a maior cidade de <strong>Santa Catarina<\/strong> (superando inclusive a capital em popula\u00e7\u00e3o e PIB), \u00e9 uma pot\u00eancia localizada no Norte do estado, estrategicamente posicionada entre a Serra do Mar e a Ba\u00eda da Babitonga a 180 km de Florian\u00f3polis. Conhecida como \u201cManchester Catarinense\u201d, &#8220;Cidades das Flores&#8221; e &#8220;da Dan\u00e7a&#8221;, ela mistura a disciplina industrial alem\u00e3 com uma sensibilidade art\u00edstica rara no Brasil.<\/p>\n\n\n\n<h2 class=\"wp-block-heading\">Por que a cidade \u00e9 o motor econ\u00f4mico e social do estado?<\/h2>\n\n\n\n<p>O munic\u00edpio n\u00e3o \u00e9 apenas um polo de metalmec\u00e2nica e tecnologia; \u00e9 um exemplo de como a riqueza econ\u00f4mica pode ser convertida em dignidade urbana. Para comprovar essa excel\u00eancia, dados do <strong><a href=\"https:\/\/cidades.ibge.gov.br\/brasil\/sc\/joinville\/panorama\" target=\"_blank\" rel=\"noreferrer noopener\">Instituto Brasileiro de Geografia e Estat\u00edstica (IBGE)<\/a> <\/strong>apontam um<strong> IDH de 0,809<\/strong>, um \u00edndice alt\u00edssimo que reflete padr\u00f5es de primeiro mundo em educa\u00e7\u00e3o e longevidade.<\/p>\n\n\n\n<p>Morar ou visitar Joinville \u00e9 encontrar uma cidade limpa, onde o jardim \u00e9 levado a s\u00e9rio (heran\u00e7a dos colonos) e os servi\u00e7os funcionam. A cidade atrai engenheiros, artistas e empreendedores que buscam uma metr\u00f3pole segura, com localiza\u00e7\u00e3o privilegiada pr\u00f3xima \u00e0s praias de S\u00e3o Francisco do Sul e \u00e0 serra de Curitiba.<\/p>\n\n\n\n<figure class=\"wp-block-image aligncenter size-large\"><img decoding=\"async\" width=\"1024\" height=\"576\" src=\"https:\/\/www.correiobraziliense.com.br\/cbradar\/wp-content\/uploads\/2025\/08\/Edicoes-2025-08-05T192604.619-1024x576.png\" alt=\"A \u201cManchester Catarinense\u201d, a 180 km de Florian\u00f3polis, cresce ao lado da capital e conquista novos moradores pela qualidade de vida\" class=\"wp-image-81580\" srcset=\"https:\/\/www.correiobraziliense.com.br\/cbradar\/wp-content\/uploads\/2025\/08\/Edicoes-2025-08-05T192604.619-1024x576.png 1024w, https:\/\/www.correiobraziliense.com.br\/cbradar\/wp-content\/uploads\/2025\/08\/Edicoes-2025-08-05T192604.619-300x169.png 300w, https:\/\/www.correiobraziliense.com.br\/cbradar\/wp-content\/uploads\/2025\/08\/Edicoes-2025-08-05T192604.619-768x432.png 768w, https:\/\/www.correiobraziliense.com.br\/cbradar\/wp-content\/uploads\/2025\/08\/Edicoes-2025-08-05T192604.619-750x422.png 750w, https:\/\/www.correiobraziliense.com.br\/cbradar\/wp-content\/uploads\/2025\/08\/Edicoes-2025-08-05T192604.619-1140x641.png 1140w, https:\/\/www.correiobraziliense.com.br\/cbradar\/wp-content\/uploads\/2025\/08\/Edicoes-2025-08-05T192604.619.png 1280w\" sizes=\"(max-width: 1024px) 100vw, 1024px\" \/><figcaption class=\"wp-element-caption\">Descubra Joinville, a cidade das flores que encanta com dan\u00e7a, natureza e inova\u00e7\u00e3o! \/\/ Cr\u00e9ditos: YouTube @BRASILVISTOPORDRONE\n<\/figcaption><\/figure>\n\n\n\n<h2 class=\"wp-block-heading\">O &#8220;Bolshoi&#8221; \u00e9 uma escola de verdade?<\/h2>\n\n\n\n<p>Sim, e \u00e9 motivo de orgulho nacional. A <strong>Escola do Teatro Bolshoi no Brasil<\/strong> \u00e9 a \u00fanica filial da famosa companhia russa no mundo. Ela n\u00e3o forma apenas bailarinos, mas cidad\u00e3os, oferecendo bolsas para crian\u00e7as de todo o pa\u00eds.<\/p>\n\n\n\n<p>Al\u00e9m da escola, a cidade respira dan\u00e7a. Em julho, acontece o <strong>Festival de Dan\u00e7a de Joinville<\/strong>, citado pelo <em>Guinness Book<\/em> como o maior do mundo em n\u00famero de participantes. Durante o evento, a cidade se transforma: palcos s\u00e3o montados em shoppings, pra\u00e7as e hospitais, e sapatilhas de ponta tornam-se parte do &#8220;uniforme&#8221; nas ruas.<\/p>\n\n\n\n<p><strong>Conhe\u00e7a Joinville, em Santa Catarina, a maior cidade do estado e uma pot\u00eancia econ\u00f4mica do Sul do Brasil.<\/strong> O v\u00eddeo do canal <strong>Coisas do Mundo<\/strong> (800 mil subscritores) destaca o seu crescimento colossal, a seguran\u00e7a e o t\u00edtulo de &#8220;Capital Nacional da Dan\u00e7a&#8221;, sendo a \u00fanica cidade fora da R\u00fassia a ter uma escola do Bal\u00e9 Bolshoi:<\/p>\n\n\n\n<figure class=\"wp-block-embed aligncenter is-type-video is-provider-youtube wp-block-embed-youtube wp-embed-aspect-16-9 wp-has-aspect-ratio\"><div class=\"wp-block-embed__wrapper\">\n<div class=\"jeg_video_container jeg_video_content\"><iframe loading=\"lazy\" title=\"JOINVILLE (SC). Cidade mais Rica de Santa Catarina \u00e9 ABSURDA! Crescimento Colossal, Emprego, Segura!\" width=\"500\" height=\"281\" src=\"https:\/\/www.youtube.com\/embed\/8InWp-3Xk84?feature=oembed\" frameborder=\"0\" allow=\"accelerometer; autoplay; clipboard-write; encrypted-media; gyroscope; picture-in-picture; web-share\" referrerpolicy=\"strict-origin-when-cross-origin\" allowfullscreen><\/iframe><\/div>\n<\/div><\/figure>\n\n\n\n<h2 class=\"wp-block-heading\">O apelido &#8220;Chuville&#8221; \u00e9 justo?<\/h2>\n\n\n\n<p><strong>Infelizmente, sim. <\/strong>A barreira geogr\u00e1fica da Serra do Mar ret\u00e9m a umidade que vem do oceano, fazendo de Joinville uma das cidades mais chuvosas do Brasil. O guarda-chuva \u00e9 um acess\u00f3rio indispens\u00e1vel para o morador.<\/p>\n\n\n\n<p>No entanto, essa umidade \u00e9 o segredo para o t\u00edtulo de &#8220;Cidade das Flores&#8221;. A cidade sedia a tradicional <strong>Festa das Flores<\/strong> em novembro, com exposi\u00e7\u00f5es de orqu\u00eddeas premiadas internacionalmente. O Parque dos Hemerocallis \u00e9 outro ponto tur\u00edstico florido que s\u00f3 existe gra\u00e7as a esse clima.<\/p>\n\n\n<div class=\"wp-block-image\">\n<figure class=\"aligncenter size-large\"><img decoding=\"async\" width=\"1024\" height=\"576\" src=\"https:\/\/www.correiobraziliense.com.br\/cbradar\/wp-content\/uploads\/2025\/07\/Edicoes-71-1-1024x576.png\" alt=\"A \u201cManchester Catarinense\u201d, a 180 km de Florian\u00f3polis, cresce mais que a capital e conquista novos moradores pela qualidade de vida\" class=\"wp-image-75689\" srcset=\"https:\/\/www.correiobraziliense.com.br\/cbradar\/wp-content\/uploads\/2025\/07\/Edicoes-71-1-1024x576.png 1024w, https:\/\/www.correiobraziliense.com.br\/cbradar\/wp-content\/uploads\/2025\/07\/Edicoes-71-1-300x169.png 300w, https:\/\/www.correiobraziliense.com.br\/cbradar\/wp-content\/uploads\/2025\/07\/Edicoes-71-1-768x432.png 768w, https:\/\/www.correiobraziliense.com.br\/cbradar\/wp-content\/uploads\/2025\/07\/Edicoes-71-1-750x422.png 750w, https:\/\/www.correiobraziliense.com.br\/cbradar\/wp-content\/uploads\/2025\/07\/Edicoes-71-1-1140x641.png 1140w, https:\/\/www.correiobraziliense.com.br\/cbradar\/wp-content\/uploads\/2025\/07\/Edicoes-71-1.png 1280w\" sizes=\"(max-width: 1024px) 100vw, 1024px\" \/><figcaption class=\"wp-element-caption\">Joinville \u00e9 a maior cidade de Santa Catarina, reconhecida pela ind\u00fastria e cultura vibrante. \/\/ Cr\u00e9ditos: YouTube @GuilhermeSpengler<\/figcaption><\/figure><\/div>\n\n\n<h2 class=\"wp-block-heading\">Onde vivenciar a heran\u00e7a alem\u00e3 (e a famosa Cuca)?<\/h2>\n\n\n\n<p>A alma germ\u00e2nica de Joinville n\u00e3o est\u00e1 apenas na ind\u00fastria, mas na \u00e1rea rural. A <strong>Estrada Bonita<\/strong> e a regi\u00e3o de Pira\u00ed s\u00e3o roteiros de turismo rural onde se encontram casas em estilo enxaimel aut\u00eanticas e caf\u00e9s coloniais fartos.<\/p>\n\n\n\n<p>O item obrigat\u00f3rio \u00e9 a <strong>Cuca<\/strong> (um bolo de tabuleiro com farofa doce e frutas, de origem alem\u00e3). Diferente de outros lugares, aqui a cuca \u00e9 uma institui\u00e7\u00e3o cultural, tendo at\u00e9 festival pr\u00f3prio. Outro cl\u00e1ssico gastron\u00f4mico \u00e9 a <strong>Empada Jerke<\/strong>, no centro, famosa por sua massa podre e recheios generosos, servida desde 1922.<\/p>\n\n\n\n<h2 class=\"wp-block-heading\">Como aproveitar o Mirante e a Ba\u00eda?<\/h2>\n\n\n\n<p>O <strong>Mirante do Morro da Boa Vista<\/strong> oferece a melhor panor\u00e2mica da cidade e da Ba\u00eda da Babitonga. O acesso \u00e9 feito apenas a p\u00e9, de bicicleta ou pelo \u00f4nibus oficial do parque (carros particulares s\u00e3o proibidos), garantindo a preserva\u00e7\u00e3o da Mata Atl\u00e2ntica no entorno. \u00c9 o local ideal para entender a geografia da cidade entre o mangue e a serra.<\/p>\n\n\n\n<p><strong>Leia tamb\u00e9m: <a href=\"https:\/\/www.correiobraziliense.com.br\/cbradar\/o-pensamento-de-aristoteles-sobre-a-excelencia-que-pode-mudar-sua-forma-de-se-cobrar\/\" target=\"_blank\" rel=\"noreferrer noopener\">O pensamento de Arist\u00f3teles sobre a excel\u00eancia que pode mudar sua forma de se cobrar<\/a><\/strong><\/p>\n\n\n<div class=\"wp-block-image\">\n<figure class=\"aligncenter size-large\"><img decoding=\"async\" width=\"1024\" height=\"576\" src=\"https:\/\/www.correiobraziliense.com.br\/cbradar\/wp-content\/uploads\/2025\/07\/Edicoes-70-1-1024x576.png\" alt=\"A &quot;Manchester Catarinense&quot; ganha for\u00e7a e conquista novos moradores com sua qualidade de vida\" class=\"wp-image-75688\" srcset=\"https:\/\/www.correiobraziliense.com.br\/cbradar\/wp-content\/uploads\/2025\/07\/Edicoes-70-1-1024x576.png 1024w, https:\/\/www.correiobraziliense.com.br\/cbradar\/wp-content\/uploads\/2025\/07\/Edicoes-70-1-300x169.png 300w, https:\/\/www.correiobraziliense.com.br\/cbradar\/wp-content\/uploads\/2025\/07\/Edicoes-70-1-768x432.png 768w, https:\/\/www.correiobraziliense.com.br\/cbradar\/wp-content\/uploads\/2025\/07\/Edicoes-70-1-750x422.png 750w, https:\/\/www.correiobraziliense.com.br\/cbradar\/wp-content\/uploads\/2025\/07\/Edicoes-70-1-1140x641.png 1140w, https:\/\/www.correiobraziliense.com.br\/cbradar\/wp-content\/uploads\/2025\/07\/Edicoes-70-1.png 1280w\" sizes=\"(max-width: 1024px) 100vw, 1024px\" \/><figcaption class=\"wp-element-caption\">Joinville conta com infraestrutura completa, aeroporto, ciclovias e excelente qualidade de vida. \/\/ Cr\u00e9ditos: YouTube @GuilhermeSpengler<\/figcaption><\/figure><\/div>\n\n\n<h2 class=\"wp-block-heading\">O clima \u00famido define a mala?<\/h2>\n\n\n\n<p><strong>Sempre.<\/strong> A umidade \u00e9 constante, o que aumenta a sensa\u00e7\u00e3o de calor no ver\u00e3o e de frio no inverno. As esta\u00e7\u00f5es s\u00e3o bem marcadas.<\/p>\n\n\n\n<p>Confira o que esperar al\u00e9m da chuva:<\/p>\n\n\n\n<figure class=\"wp-block-table\"><table class=\"has-fixed-layout\"><tbody><tr><th>Esta\u00e7\u00e3o\/Meses<\/th><th>Temperatura<\/th><th>O que esperar<\/th><\/tr><tr><td>Jul (Festival)<\/td><td>13\u00b0C a 22\u00b0C<\/td><td>Cidade lotada de bailarinos, dias cinzentos e noites frias.<\/td><\/tr><tr><td>Nov (Flores)<\/td><td>18\u00b0C a 28\u00b0C<\/td><td>Festa das Flores, primavera vibrante e pancadas de chuva frequentes.<\/td><\/tr><tr><td>Dez a Mar (Ver\u00e3o)<\/td><td>22\u00b0C a 33\u00b0C<\/td><td>Calor abafado (\u00famido), temporais de fim de tarde e fuga para as praias vizinhas.<\/td><\/tr><\/tbody><\/table><\/figure>\n\n\n\n<p><em>Baseado em m\u00e9dias climatol\u00f3gicas hist\u00f3ricas para Joinville (fonte: <\/em><strong><a href=\"https:\/\/www.climatempo.com.br\/previsao-do-tempo\/cidade\/381\/joinville-sc\" target=\"_blank\" rel=\"noreferrer noopener\"><em>Climatempo<\/em><\/a><\/strong><em>).<\/em><\/p>\n\n\n\n<h2 class=\"wp-block-heading\">Joinville \u00e9 trabalho s\u00e9rio e arte delicada<\/h2>\n\n\n\n<p>Escolher a maior cidade de SC \u00e9 vivenciar um ambiente urbano sofisticado e cultural:<\/p>\n\n\n\n<ul class=\"wp-block-list\">\n<li>Visite os bastidores da Escola Bolshoi (agendamento pr\u00e9vio) para ver a disciplina russa em solo brasileiro.<\/li>\n\n\n\n<li>Experimente uma cuca de banana com farofa rec\u00e9m-sa\u00edda do forno em um caf\u00e9 da Estrada Bonita.<\/li>\n\n\n\n<li>Conhe\u00e7a o <strong>Museu Nacional de Imigra\u00e7\u00e3o e Coloniza\u00e7\u00e3o<\/strong>, que fica no antigo Pal\u00e1cio dos Pr\u00edncipes, para entender a liga\u00e7\u00e3o da cidade com a fam\u00edlia real.<\/li>\n<\/ul>\n\n\n\n<p>Voc\u00ea precisa comer uma empada de palmito na Jerke acompanhada de um guaran\u00e1 local.<\/p>\n","protected":false},"excerpt":{"rendered":"<p>Joinville, a maior cidade de Santa Catarina (superando inclusive a capital em popula\u00e7\u00e3o e PIB), \u00e9 uma pot\u00eancia localizada no Norte do estado, estrategicamente posicionada entre a Serra do Mar e a Ba\u00eda da Babitonga a 180 km de Florian\u00f3polis. Conhecida como \u201cManchester Catarinense\u201d, &#8220;Cidades das Flores&#8221; e &#8220;da Dan\u00e7a&#8221;, ela mistura a disciplina industrial [&hellip;]<\/p>\n","protected":false},"author":8,"featured_media":180956,"comment_status":"open","ping_status":"open","sticky":false,"template":"","format":"standard","meta":{"_yoast_wpseo_focuskw":"manchester catarinense","_yoast_wpseo_title":"","_yoast_wpseo_metadesc":"Essa cidade catarinense conhecida como Manchester Catarinense cresce acima da m\u00e9dia e atrai moradores pela qualidade de vida.","jnews-multi-image_gallery":[],"jnews_single_post":{"format":"standard"},"jnews_primary_category":[],"jnews_social_meta":[],"jnews_override_counter":[],"footnotes":""},"categories":[108,111],"tags":[953,247,851],"class_list":["post-180874","post","type-post","status-publish","format-standard","has-post-thumbnail","hentry","category-cidades","category-turismo","tag-joinville","tag-qualidade-de-vida","tag-santa-catarina"],"yoast_head":"<!-- This site is optimized with the Yoast SEO plugin v24.6 - https:\/\/yoast.com\/wordpress\/plugins\/seo\/ -->\n<title>A \u201cManchester Catarinense\u201d, a 180 km de Florian\u00f3polis, cresce ao lado da capital e conquista novos moradores pela qualidade de vida - Correio Braziliense - Radar<\/title>\n<meta name=\"description\" content=\"Essa cidade catarinense conhecida como Manchester Catarinense cresce acima da m\u00e9dia e atrai moradores pela qualidade de vida.\" \/>\n<meta name=\"robots\" content=\"index, follow, max-snippet:-1, max-image-preview:large, max-video-preview:-1\" \/>\n<link rel=\"canonical\" href=\"https:\/\/www.correiobraziliense.com.br\/cbradar\/a-manchester-catarinense-a-180-km-de-florianopolis-cresce-ao-lado-da-capital-e-conquista-novos-moradores-pela-qualidade-de-vida\/\" \/>\n<meta property=\"og:locale\" content=\"pt_BR\" \/>\n<meta property=\"og:type\" content=\"article\" \/>\n<meta property=\"og:title\" content=\"A \u201cManchester Catarinense\u201d, a 180 km de Florian\u00f3polis, cresce ao lado da capital e conquista novos moradores pela qualidade de vida - Correio Braziliense - Radar\" \/>\n<meta property=\"og:description\" content=\"Essa cidade catarinense conhecida como Manchester Catarinense cresce acima da m\u00e9dia e atrai moradores pela qualidade de vida.\" \/>\n<meta property=\"og:url\" content=\"https:\/\/www.correiobraziliense.com.br\/cbradar\/a-manchester-catarinense-a-180-km-de-florianopolis-cresce-ao-lado-da-capital-e-conquista-novos-moradores-pela-qualidade-de-vida\/\" \/>\n<meta property=\"og:site_name\" content=\"Correio Braziliense - Radar\" \/>\n<meta property=\"article:published_time\" content=\"2026-01-26T10:55:00+00:00\" \/>\n<meta property=\"og:image\" content=\"https:\/\/www.correiobraziliense.com.br\/cbradar\/wp-content\/uploads\/2026\/01\/aaa-2026-01-24T220733.138.png\" \/>\n\t<meta property=\"og:image:width\" content=\"1280\" \/>\n\t<meta property=\"og:image:height\" content=\"720\" \/>\n\t<meta property=\"og:image:type\" content=\"image\/png\" \/>\n<meta name=\"author\" content=\"Maura Pereira\" \/>\n<meta name=\"twitter:card\" content=\"summary_large_image\" \/>\n<meta name=\"twitter:label1\" content=\"Escrito por\" \/>\n\t<meta name=\"twitter:data1\" content=\"Maura Pereira\" \/>\n\t<meta name=\"twitter:label2\" content=\"Est. tempo de leitura\" \/>\n\t<meta name=\"twitter:data2\" content=\"6 minutos\" \/>\n<!-- \/ Yoast SEO plugin. -->","yoast_head_json":{"title":"A \u201cManchester Catarinense\u201d, a 180 km de Florian\u00f3polis, cresce ao lado da capital e conquista novos moradores pela qualidade de vida - Correio Braziliense - Radar","description":"Essa cidade catarinense conhecida como Manchester Catarinense cresce acima da m\u00e9dia e atrai moradores pela qualidade de vida.","robots":{"index":"index","follow":"follow","max-snippet":"max-snippet:-1","max-image-preview":"max-image-preview:large","max-video-preview":"max-video-preview:-1"},"canonical":"https:\/\/www.correiobraziliense.com.br\/cbradar\/a-manchester-catarinense-a-180-km-de-florianopolis-cresce-ao-lado-da-capital-e-conquista-novos-moradores-pela-qualidade-de-vida\/","og_locale":"pt_BR","og_type":"article","og_title":"A \u201cManchester Catarinense\u201d, a 180 km de Florian\u00f3polis, cresce ao lado da capital e conquista novos moradores pela qualidade de vida - Correio Braziliense - Radar","og_description":"Essa cidade catarinense conhecida como Manchester Catarinense cresce acima da m\u00e9dia e atrai moradores pela qualidade de vida.","og_url":"https:\/\/www.correiobraziliense.com.br\/cbradar\/a-manchester-catarinense-a-180-km-de-florianopolis-cresce-ao-lado-da-capital-e-conquista-novos-moradores-pela-qualidade-de-vida\/","og_site_name":"Correio Braziliense - Radar","article_published_time":"2026-01-26T10:55:00+00:00","og_image":[{"width":1280,"height":720,"url":"https:\/\/www.correiobraziliense.com.br\/cbradar\/wp-content\/uploads\/2026\/01\/aaa-2026-01-24T220733.138.png","type":"image\/png"}],"author":"Maura Pereira","twitter_card":"summary_large_image","twitter_misc":{"Escrito por":"Maura Pereira","Est. tempo de leitura":"6 minutos"},"schema":{"@context":"https:\/\/schema.org","@graph":[{"@type":"WebPage","@id":"https:\/\/www.correiobraziliense.com.br\/cbradar\/a-manchester-catarinense-a-180-km-de-florianopolis-cresce-ao-lado-da-capital-e-conquista-novos-moradores-pela-qualidade-de-vida\/","url":"https:\/\/www.correiobraziliense.com.br\/cbradar\/a-manchester-catarinense-a-180-km-de-florianopolis-cresce-ao-lado-da-capital-e-conquista-novos-moradores-pela-qualidade-de-vida\/","name":"A \u201cManchester Catarinense\u201d, a 180 km de Florian\u00f3polis, cresce ao lado da capital e conquista novos moradores pela qualidade de vida - Correio Braziliense - Radar","isPartOf":{"@id":"https:\/\/www.correiobraziliense.com.br\/cbradar\/#website"},"primaryImageOfPage":{"@id":"https:\/\/www.correiobraziliense.com.br\/cbradar\/a-manchester-catarinense-a-180-km-de-florianopolis-cresce-ao-lado-da-capital-e-conquista-novos-moradores-pela-qualidade-de-vida\/#primaryimage"},"image":{"@id":"https:\/\/www.correiobraziliense.com.br\/cbradar\/a-manchester-catarinense-a-180-km-de-florianopolis-cresce-ao-lado-da-capital-e-conquista-novos-moradores-pela-qualidade-de-vida\/#primaryimage"},"thumbnailUrl":"https:\/\/www.correiobraziliense.com.br\/cbradar\/wp-content\/uploads\/2026\/01\/aaa-2026-01-24T220733.138.png","datePublished":"2026-01-26T10:55:00+00:00","author":{"@id":"https:\/\/www.correiobraziliense.com.br\/cbradar\/#\/schema\/person\/4053c651a9bfc785afc6f4cbc9032fd3"},"description":"Essa cidade catarinense conhecida como Manchester Catarinense cresce acima da m\u00e9dia e atrai moradores pela qualidade de vida.","breadcrumb":{"@id":"https:\/\/www.correiobraziliense.com.br\/cbradar\/a-manchester-catarinense-a-180-km-de-florianopolis-cresce-ao-lado-da-capital-e-conquista-novos-moradores-pela-qualidade-de-vida\/#breadcrumb"},"inLanguage":"pt-BR","potentialAction":[{"@type":"ReadAction","target":["https:\/\/www.correiobraziliense.com.br\/cbradar\/a-manchester-catarinense-a-180-km-de-florianopolis-cresce-ao-lado-da-capital-e-conquista-novos-moradores-pela-qualidade-de-vida\/"]}]},{"@type":"ImageObject","inLanguage":"pt-BR","@id":"https:\/\/www.correiobraziliense.com.br\/cbradar\/a-manchester-catarinense-a-180-km-de-florianopolis-cresce-ao-lado-da-capital-e-conquista-novos-moradores-pela-qualidade-de-vida\/#primaryimage","url":"https:\/\/www.correiobraziliense.com.br\/cbradar\/wp-content\/uploads\/2026\/01\/aaa-2026-01-24T220733.138.png","contentUrl":"https:\/\/www.correiobraziliense.com.br\/cbradar\/wp-content\/uploads\/2026\/01\/aaa-2026-01-24T220733.138.png","width":1280,"height":720,"caption":"Caminhe pela Rua das Palmeiras e sinta a hist\u00f3ria viva de Joinville: palmeiras centen\u00e1rias e arquitetura que inspiram orgulho e conex\u00e3o com a natureza. \/ Imagem Ilustrativa"},{"@type":"BreadcrumbList","@id":"https:\/\/www.correiobraziliense.com.br\/cbradar\/a-manchester-catarinense-a-180-km-de-florianopolis-cresce-ao-lado-da-capital-e-conquista-novos-moradores-pela-qualidade-de-vida\/#breadcrumb","itemListElement":[{"@type":"ListItem","position":1,"name":"In\u00edcio","item":"https:\/\/www.correiobraziliense.com.br\/cbradar\/"},{"@type":"ListItem","position":2,"name":"A \u201cManchester Catarinense\u201d, a 180 km de Florian\u00f3polis, cresce ao lado da capital e conquista novos moradores pela qualidade de vida"}]},{"@type":"WebSite","@id":"https:\/\/www.correiobraziliense.com.br\/cbradar\/#website","url":"https:\/\/www.correiobraziliense.com.br\/cbradar\/","name":"Correio Braziliense - Radar","description":"Acompanhe as \u00faltimas not\u00edcias e fique bem informado sobre tudo o que acontece no Brasil e no mundo.","potentialAction":[{"@type":"SearchAction","target":{"@type":"EntryPoint","urlTemplate":"https:\/\/www.correiobraziliense.com.br\/cbradar\/?s={search_term_string}"},"query-input":{"@type":"PropertyValueSpecification","valueRequired":true,"valueName":"search_term_string"}}],"inLanguage":"pt-BR"},{"@type":"Person","@id":"https:\/\/www.correiobraziliense.com.br\/cbradar\/#\/schema\/person\/4053c651a9bfc785afc6f4cbc9032fd3","name":"Maura Pereira","image":{"@type":"ImageObject","inLanguage":"pt-BR","@id":"https:\/\/www.correiobraziliense.com.br\/cbradar\/#\/schema\/person\/image\/","url":"https:\/\/secure.gravatar.com\/avatar\/3effd6bdadfa447f15089c7f7144eaa6?s=96&d=mm&r=g","contentUrl":"https:\/\/secure.gravatar.com\/avatar\/3effd6bdadfa447f15089c7f7144eaa6?s=96&d=mm&r=g","caption":"Maura Pereira"},"sameAs":["https:\/\/www.correiobraziliense.com.br\/"],"url":"https:\/\/www.correiobraziliense.com.br\/cbradar\/author\/mauramyth\/"}]}},"_links":{"self":[{"href":"https:\/\/www.correiobraziliense.com.br\/cbradar\/wp-json\/wp\/v2\/posts\/180874","targetHints":{"allow":["GET"]}}],"collection":[{"href":"https:\/\/www.correiobraziliense.com.br\/cbradar\/wp-json\/wp\/v2\/posts"}],"about":[{"href":"https:\/\/www.correiobraziliense.com.br\/cbradar\/wp-json\/wp\/v2\/types\/post"}],"author":[{"embeddable":true,"href":"https:\/\/www.correiobraziliense.com.br\/cbradar\/wp-json\/wp\/v2\/users\/8"}],"replies":[{"embeddable":true,"href":"https:\/\/www.correiobraziliense.com.br\/cbradar\/wp-json\/wp\/v2\/comments?post=180874"}],"version-history":[{"count":17,"href":"https:\/\/www.correiobraziliense.com.br\/cbradar\/wp-json\/wp\/v2\/posts\/180874\/revisions"}],"predecessor-version":[{"id":180969,"href":"https:\/\/www.correiobraziliense.com.br\/cbradar\/wp-json\/wp\/v2\/posts\/180874\/revisions\/180969"}],"wp:featuredmedia":[{"embeddable":true,"href":"https:\/\/www.correiobraziliense.com.br\/cbradar\/wp-json\/wp\/v2\/media\/180956"}],"wp:attachment":[{"href":"https:\/\/www.correiobraziliense.com.br\/cbradar\/wp-json\/wp\/v2\/media?parent=180874"}],"wp:term":[{"taxonomy":"category","embeddable":true,"href":"https:\/\/www.correiobraziliense.com.br\/cbradar\/wp-json\/wp\/v2\/categories?post=180874"},{"taxonomy":"post_tag","embeddable":true,"href":"https:\/\/www.correiobraziliense.com.br\/cbradar\/wp-json\/wp\/v2\/tags?post=180874"}],"curies":[{"name":"wp","href":"https:\/\/api.w.org\/{rel}","templated":true}]}}