{"id":180877,"date":"2026-01-26T21:05:00","date_gmt":"2026-01-27T00:05:00","guid":{"rendered":"https:\/\/www.correiobraziliense.com.br\/cbradar\/?p=180877"},"modified":"2026-01-24T23:05:54","modified_gmt":"2026-01-25T02:05:54","slug":"uma-antiga-vila-de-pescadores-com-um-simbolo-de-lua-esculpido-nos-paredoes-e-aguas-azuis-foi-descoberto-por-hippies-nos-anos-70","status":"publish","type":"post","link":"https:\/\/www.correiobraziliense.com.br\/cbradar\/uma-antiga-vila-de-pescadores-com-um-simbolo-de-lua-esculpido-nos-paredoes-e-aguas-azuis-foi-descoberto-por-hippies-nos-anos-70\/","title":{"rendered":"Uma antiga vila de pescadores descoberta por hippies nos anos 70 conquista com um s\u00edmbolo de lua esculpido nos pared\u00f5es e \u00e1guas azuis"},"content":{"rendered":"\n<p><strong>Canoa Quebrada<\/strong>, situada no munic\u00edpio de <strong>Aracati<\/strong> a cerca de 160 km de <strong>Fortaleza<\/strong>, \u00e9 mundialmente famosa pelo s\u00edmbolo da lua com a estrela esculpido nas fal\u00e9sias avermelhadas. Antiga vila de pescadores descoberta pelos hippies nos anos 70, o local hoje \u00e9 um destino de massa que exige planejamento para n\u00e3o virar uma maratona cansativa.<\/p>\n\n\n\n<h2 class=\"wp-block-heading\">O &#8220;Bate e Volta&#8221; de Fortaleza vale a pena?<\/h2>\n\n\n\n<p><strong>Este \u00e9 o erro mais comum.<\/strong> As ag\u00eancias de turismo vendem o passeio de um dia saindo da capital, mas a viagem dura cerca de 2h30 a 3h para ir e o mesmo para voltar. Voc\u00ea passa mais tempo dentro do \u00f4nibus\/van do que na praia.<\/p>\n\n\n\n<p>A estrat\u00e9gia blindada \u00e9: <strong>durma pelo menos uma noite na vila<\/strong>. Canoa Quebrada tem uma &#8220;vibe&#8221; noturna pr\u00f3pria e o nascer do sol nas dunas \u00e9 um espet\u00e1culo que o turista do &#8220;bate e volta&#8221; perde. Se for apenas para passar o dia, o cansa\u00e7o pode superar o encanto.<\/p>\n\n\n<div class=\"wp-block-image\">\n<figure class=\"aligncenter size-large\"><img decoding=\"async\" width=\"1024\" height=\"576\" src=\"https:\/\/www.correiobraziliense.com.br\/cbradar\/wp-content\/uploads\/2025\/12\/G-2025-12-12T191349.314-1024x576.png\" alt=\"O litoral no Cear\u00e1 pouco conhecido que est\u00e1 chamando a aten\u00e7\u00e3o de turistas pelas praias exuberantes e sua hist\u00f3ria\" class=\"wp-image-158331\" srcset=\"https:\/\/www.correiobraziliense.com.br\/cbradar\/wp-content\/uploads\/2025\/12\/G-2025-12-12T191349.314-1024x576.png 1024w, https:\/\/www.correiobraziliense.com.br\/cbradar\/wp-content\/uploads\/2025\/12\/G-2025-12-12T191349.314-300x169.png 300w, https:\/\/www.correiobraziliense.com.br\/cbradar\/wp-content\/uploads\/2025\/12\/G-2025-12-12T191349.314-768x432.png 768w, https:\/\/www.correiobraziliense.com.br\/cbradar\/wp-content\/uploads\/2025\/12\/G-2025-12-12T191349.314-750x422.png 750w, https:\/\/www.correiobraziliense.com.br\/cbradar\/wp-content\/uploads\/2025\/12\/G-2025-12-12T191349.314-1140x641.png 1140w, https:\/\/www.correiobraziliense.com.br\/cbradar\/wp-content\/uploads\/2025\/12\/G-2025-12-12T191349.314.png 1280w\" sizes=\"(max-width: 1024px) 100vw, 1024px\" \/><figcaption class=\"wp-element-caption\">Aracati une casar\u00f5es coloridos \u00e0s margens do Jaguaribe com praias como Canoa Quebrada, onde fal\u00e9sias avermelhadas encontram um mar verde-esmeralda de cart\u00e3o-postal. \/\/ Cr\u00e9ditos: Wikip\u00e9dia<\/figcaption><\/figure><\/div>\n\n\n<h2 class=\"wp-block-heading\">Por que \u00e9 proibido ficar embaixo das fal\u00e9sias?<\/h2>\n\n\n\n<p>As muralhas vermelhas que cercam a praia s\u00e3o <strong>fal\u00e9sias vivas<\/strong>, ou seja, est\u00e3o em constante processo de eros\u00e3o pelo vento e mar. O risco de desmoronamento \u00e9 real e fatal. Infelizmente, muitos turistas ignoram as placas de perigo em busca da &#8220;sombra perfeita&#8221;.<\/p>\n\n\n\n<p>A regra de seguran\u00e7a \u00e9 manter dist\u00e2ncia da base dos pared\u00f5es. Para fotos, utilize os mirantes e passarelas de madeira constru\u00eddos no topo, que oferecem o melhor \u00e2ngulo com seguran\u00e7a. Caminhar pelas passarelas tamb\u00e9m evita a degrada\u00e7\u00e3o do solo fr\u00e1gil.<\/p>\n\n\n\n<p><strong>Descubra o que fazer em Canoa Quebrada, um destino imperd\u00edvel no litoral leste do Cear\u00e1. <\/strong>O v\u00eddeo do canal <strong>Viagens Cine<\/strong> <strong>(315 mil subscritores) <\/strong>apresenta um guia completo com pre\u00e7os, destacando as famosas fal\u00e9sias, passeios de buggy por Morro Branco e Praia das Fontes, al\u00e9m de experi\u00eancias \u00fanicas como voar de parapente e explorar as grutas de Fortim:<\/p>\n\n\n\n<figure class=\"wp-block-embed aligncenter is-type-video is-provider-youtube wp-block-embed-youtube wp-embed-aspect-16-9 wp-has-aspect-ratio\"><div class=\"wp-block-embed__wrapper\">\n<div class=\"jeg_video_container jeg_video_content\"><iframe loading=\"lazy\" title=\"O que fazer em CANOA QUEBRADA (com pre\u00e7os): Morro Branco, Fortim e Litoral Leste do CEAR\u00c1\" width=\"500\" height=\"281\" src=\"https:\/\/www.youtube.com\/embed\/UA3cgcZD3O8?feature=oembed\" frameborder=\"0\" allow=\"accelerometer; autoplay; clipboard-write; encrypted-media; gyroscope; picture-in-picture; web-share\" referrerpolicy=\"strict-origin-when-cross-origin\" allowfullscreen><\/iframe><\/div>\n<\/div><\/figure>\n\n\n\n<h2 class=\"wp-block-heading\">O que esperar da &#8220;Broadway&#8221;?<\/h2>\n\n\n\n<p>A Rua Drag\u00e3o do Mar, conhecida como <strong>Broadway<\/strong>, \u00e9 o cal\u00e7ad\u00e3o onde tudo acontece. \u00c9 l\u00e1 que se concentra o caos e a beleza da vida noturna: restaurantes, bares com m\u00fasica alta, artes\u00e3os e baladas de forr\u00f3 e reggae.<\/p>\n\n\n\n<p>Se o seu objetivo \u00e9 dormir cedo e descansar, evite hospedar-se na pr\u00f3pria Broadway ou nas ruas imediatamente paralelas. O som reverbera at\u00e9 tarde. Por outro lado, se quer agito e gastronomia cosmopolita, \u00e9 o lugar certo.<\/p>\n\n\n\n<h2 class=\"wp-block-heading\">O vento atrapalha o banho de sol?<\/h2>\n\n\n\n<p>O Cear\u00e1 \u00e9 a terra do vento, e em Canoa ele sopra com for\u00e7a, muitas vezes levantando areia que &#8220;pica&#8221; a pele. \u00d3culos de sol s\u00e3o obrigat\u00f3rios para prote\u00e7\u00e3o (n\u00e3o apenas est\u00e9tica). Esse vento constante faz do local um para\u00edso para o <strong>parapente<\/strong> (voo duplo saindo das fal\u00e9sias) e para o Kitesurf, mas pode incomodar quem quer apenas ler um livro na areia.<\/p>\n\n\n\n<p><strong>Leia tamb\u00e9m: <a href=\"https:\/\/www.correiobraziliense.com.br\/cbradar\/o-pensamento-de-aristoteles-sobre-a-excelencia-que-pode-mudar-sua-forma-de-se-cobrar\/\" target=\"_blank\" rel=\"noreferrer noopener\">O pensamento de Arist\u00f3teles sobre a excel\u00eancia que pode mudar sua forma de se cobrar<\/a><\/strong><\/p>\n\n\n<div class=\"wp-block-image\">\n<figure class=\"aligncenter size-large\"><img decoding=\"async\" width=\"1024\" height=\"576\" src=\"https:\/\/www.correiobraziliense.com.br\/cbradar\/wp-content\/uploads\/2025\/12\/canva-2025-12-26T032839.598-1024x576.png\" alt=\"A antiga vila de pescadores que abriga uma praia do Nordeste famosa pela sua &quot;Broadway&quot; e belezas irresist\u00edveis\" class=\"wp-image-162866\" srcset=\"https:\/\/www.correiobraziliense.com.br\/cbradar\/wp-content\/uploads\/2025\/12\/canva-2025-12-26T032839.598-1024x576.png 1024w, https:\/\/www.correiobraziliense.com.br\/cbradar\/wp-content\/uploads\/2025\/12\/canva-2025-12-26T032839.598-300x169.png 300w, https:\/\/www.correiobraziliense.com.br\/cbradar\/wp-content\/uploads\/2025\/12\/canva-2025-12-26T032839.598-768x432.png 768w, https:\/\/www.correiobraziliense.com.br\/cbradar\/wp-content\/uploads\/2025\/12\/canva-2025-12-26T032839.598-750x422.png 750w, https:\/\/www.correiobraziliense.com.br\/cbradar\/wp-content\/uploads\/2025\/12\/canva-2025-12-26T032839.598-1140x641.png 1140w, https:\/\/www.correiobraziliense.com.br\/cbradar\/wp-content\/uploads\/2025\/12\/canva-2025-12-26T032839.598.png 1280w\" sizes=\"(max-width: 1024px) 100vw, 1024px\" \/><figcaption class=\"wp-element-caption\">Canoa Quebrada, CE, exibe fal\u00e9sia colorida ic\u00f4nica, praias de dunas e Lagoa do Cau\u00edpe no litoral leste cearense, point hist\u00f3rico de cinema internacional dos anos 70. \/\/ Cr\u00e9ditos: Wikip\u00e9dia<\/figcaption><\/figure><\/div>\n\n\n<h2 class=\"wp-block-heading\">Quando ir para evitar chuva e aproveitar o vento?<\/h2>\n\n\n\n<p>O clima \u00e9 semi\u00e1rido tropical, mas as esta\u00e7\u00f5es definem a cor do mar e a for\u00e7a do vento. Consulte o calend\u00e1rio para alinhar expectativas:<\/p>\n\n\n\n<figure class=\"wp-block-table\"><table class=\"has-fixed-layout\"><tbody><tr><th>Esta\u00e7\u00e3o\/Meses<\/th><th>Temperatura<\/th><th>O que esperar<\/th><\/tr><tr><td>Jul a Dez (Ventos)<\/td><td>26\u00b0C a 32\u00b0C<\/td><td>Melhor \u00e9poca. C\u00e9u azul, mar verde-esmeralda e ventos fortes (ideal para esportes).<\/td><\/tr><tr><td>Jan a Mar (Ver\u00e3o)<\/td><td>27\u00b0C a 33\u00b0C<\/td><td>Calor intenso, vila lotada na alta temporada e pancadas de chuva ocasionais.<\/td><\/tr><tr><td>Abr a Jun (Chuva)<\/td><td>24\u00b0C a 30\u00b0C<\/td><td>Baixa temporada. Risco de chuva, mar mais mexido e pre\u00e7os mais baixos.<\/td><\/tr><\/tbody><\/table><\/figure>\n\n\n\n<p><em>Baseado em m\u00e9dias climatol\u00f3gicas hist\u00f3ricas para Aracati (fonte: <strong><a href=\"https:\/\/www.climatempo.com.br\/previsao-do-tempo\/litoral\/877\/canoaquebrada-ce\" target=\"_blank\" rel=\"noreferrer noopener\">Climatempo<\/a><\/strong>).<\/em><\/p>\n\n\n\n<h2 class=\"wp-block-heading\">Canoa Quebrada \u00e9 m\u00edstica, mas exige cautela geol\u00f3gica<\/h2>\n\n\n\n<p>Visitar o litoral leste do Cear\u00e1 \u00e9 uma experi\u00eancia marcante se feita com respeito \u00e0 natureza:<\/p>\n\n\n\n<ul class=\"wp-block-list\">\n<li>N\u00e3o escreva seu nome nas fal\u00e9sias; isso acelera a eros\u00e3o e \u00e9 crime ambiental.<\/li>\n\n\n\n<li>Fa\u00e7a o passeio de buggy pelas dunas para ver o p\u00f4r do sol, mas exija bugueiro credenciado (placa vermelha).<\/li>\n\n\n\n<li>Experimente a culin\u00e1ria local na Broadway, que mistura pratos regionais com influ\u00eancias europeias trazidas pelos gringos que moram l\u00e1.<\/li>\n<\/ul>\n\n\n\n<p>Voc\u00ea precisa fazer um voo de parapente para ver o contraste do mar verde com a areia vermelha.<\/p>\n","protected":false},"excerpt":{"rendered":"<p>Canoa Quebrada, situada no munic\u00edpio de Aracati a cerca de 160 km de Fortaleza, \u00e9 mundialmente famosa pelo s\u00edmbolo da lua com a estrela esculpido nas fal\u00e9sias avermelhadas. Antiga vila de pescadores descoberta pelos hippies nos anos 70, o local hoje \u00e9 um destino de massa que exige planejamento para n\u00e3o virar uma maratona cansativa. [&hellip;]<\/p>\n","protected":false},"author":8,"featured_media":180995,"comment_status":"open","ping_status":"open","sticky":false,"template":"","format":"standard","meta":{"_yoast_wpseo_focuskw":"vila de pescadores","_yoast_wpseo_title":"","_yoast_wpseo_metadesc":"Essa regi\u00e3o do litoral do Cear\u00e1 chama aten\u00e7\u00e3o por praias exuberantes, pouco exploradas, e por uma hist\u00f3ria rica e preservada.","jnews-multi-image_gallery":[],"jnews_single_post":{"format":"standard"},"jnews_primary_category":[],"jnews_social_meta":[],"jnews_override_counter":[],"footnotes":""},"categories":[108,111],"tags":[13172,1460,13029],"class_list":["post-180877","post","type-post","status-publish","format-standard","has-post-thumbnail","hentry","category-cidades","category-turismo","tag-canoa-quebrada","tag-ceara","tag-vila-de-pescadores"],"yoast_head":"<!-- This site is optimized with the Yoast SEO plugin v24.6 - https:\/\/yoast.com\/wordpress\/plugins\/seo\/ -->\n<title>Uma antiga vila de pescadores descoberta por hippies nos anos 70 conquista com um s\u00edmbolo de lua esculpido nos pared\u00f5es e \u00e1guas azuis - Correio Braziliense - Radar<\/title>\n<meta name=\"description\" content=\"Essa regi\u00e3o do litoral do Cear\u00e1 chama aten\u00e7\u00e3o por praias exuberantes, pouco exploradas, e por uma hist\u00f3ria rica e preservada.\" \/>\n<meta name=\"robots\" content=\"index, follow, max-snippet:-1, max-image-preview:large, max-video-preview:-1\" \/>\n<link rel=\"canonical\" href=\"https:\/\/www.correiobraziliense.com.br\/cbradar\/uma-antiga-vila-de-pescadores-com-um-simbolo-de-lua-esculpido-nos-paredoes-e-aguas-azuis-foi-descoberto-por-hippies-nos-anos-70\/\" \/>\n<meta property=\"og:locale\" content=\"pt_BR\" \/>\n<meta property=\"og:type\" content=\"article\" \/>\n<meta property=\"og:title\" content=\"Uma antiga vila de pescadores descoberta por hippies nos anos 70 conquista com um s\u00edmbolo de lua esculpido nos pared\u00f5es e \u00e1guas azuis - Correio Braziliense - Radar\" \/>\n<meta property=\"og:description\" content=\"Essa regi\u00e3o do litoral do Cear\u00e1 chama aten\u00e7\u00e3o por praias exuberantes, pouco exploradas, e por uma hist\u00f3ria rica e preservada.\" \/>\n<meta property=\"og:url\" content=\"https:\/\/www.correiobraziliense.com.br\/cbradar\/uma-antiga-vila-de-pescadores-com-um-simbolo-de-lua-esculpido-nos-paredoes-e-aguas-azuis-foi-descoberto-por-hippies-nos-anos-70\/\" \/>\n<meta property=\"og:site_name\" content=\"Correio Braziliense - Radar\" \/>\n<meta property=\"article:published_time\" content=\"2026-01-27T00:05:00+00:00\" \/>\n<meta property=\"og:image\" content=\"https:\/\/www.correiobraziliense.com.br\/cbradar\/wp-content\/uploads\/2026\/01\/aaa-2026-01-24T224642.407.png\" \/>\n\t<meta property=\"og:image:width\" content=\"1280\" \/>\n\t<meta property=\"og:image:height\" content=\"720\" \/>\n\t<meta property=\"og:image:type\" content=\"image\/png\" \/>\n<meta name=\"author\" content=\"Maura Pereira\" \/>\n<meta name=\"twitter:card\" content=\"summary_large_image\" \/>\n<meta name=\"twitter:label1\" content=\"Escrito por\" \/>\n\t<meta name=\"twitter:data1\" content=\"Maura Pereira\" \/>\n\t<meta name=\"twitter:label2\" content=\"Est. tempo de leitura\" \/>\n\t<meta name=\"twitter:data2\" content=\"5 minutos\" \/>\n<!-- \/ Yoast SEO plugin. -->","yoast_head_json":{"title":"Uma antiga vila de pescadores descoberta por hippies nos anos 70 conquista com um s\u00edmbolo de lua esculpido nos pared\u00f5es e \u00e1guas azuis - Correio Braziliense - Radar","description":"Essa regi\u00e3o do litoral do Cear\u00e1 chama aten\u00e7\u00e3o por praias exuberantes, pouco exploradas, e por uma hist\u00f3ria rica e preservada.","robots":{"index":"index","follow":"follow","max-snippet":"max-snippet:-1","max-image-preview":"max-image-preview:large","max-video-preview":"max-video-preview:-1"},"canonical":"https:\/\/www.correiobraziliense.com.br\/cbradar\/uma-antiga-vila-de-pescadores-com-um-simbolo-de-lua-esculpido-nos-paredoes-e-aguas-azuis-foi-descoberto-por-hippies-nos-anos-70\/","og_locale":"pt_BR","og_type":"article","og_title":"Uma antiga vila de pescadores descoberta por hippies nos anos 70 conquista com um s\u00edmbolo de lua esculpido nos pared\u00f5es e \u00e1guas azuis - Correio Braziliense - Radar","og_description":"Essa regi\u00e3o do litoral do Cear\u00e1 chama aten\u00e7\u00e3o por praias exuberantes, pouco exploradas, e por uma hist\u00f3ria rica e preservada.","og_url":"https:\/\/www.correiobraziliense.com.br\/cbradar\/uma-antiga-vila-de-pescadores-com-um-simbolo-de-lua-esculpido-nos-paredoes-e-aguas-azuis-foi-descoberto-por-hippies-nos-anos-70\/","og_site_name":"Correio Braziliense - Radar","article_published_time":"2026-01-27T00:05:00+00:00","og_image":[{"width":1280,"height":720,"url":"https:\/\/www.correiobraziliense.com.br\/cbradar\/wp-content\/uploads\/2026\/01\/aaa-2026-01-24T224642.407.png","type":"image\/png"}],"author":"Maura Pereira","twitter_card":"summary_large_image","twitter_misc":{"Escrito por":"Maura Pereira","Est. tempo de leitura":"5 minutos"},"schema":{"@context":"https:\/\/schema.org","@graph":[{"@type":"WebPage","@id":"https:\/\/www.correiobraziliense.com.br\/cbradar\/uma-antiga-vila-de-pescadores-com-um-simbolo-de-lua-esculpido-nos-paredoes-e-aguas-azuis-foi-descoberto-por-hippies-nos-anos-70\/","url":"https:\/\/www.correiobraziliense.com.br\/cbradar\/uma-antiga-vila-de-pescadores-com-um-simbolo-de-lua-esculpido-nos-paredoes-e-aguas-azuis-foi-descoberto-por-hippies-nos-anos-70\/","name":"Uma antiga vila de pescadores descoberta por hippies nos anos 70 conquista com um s\u00edmbolo de lua esculpido nos pared\u00f5es e \u00e1guas azuis - Correio Braziliense - Radar","isPartOf":{"@id":"https:\/\/www.correiobraziliense.com.br\/cbradar\/#website"},"primaryImageOfPage":{"@id":"https:\/\/www.correiobraziliense.com.br\/cbradar\/uma-antiga-vila-de-pescadores-com-um-simbolo-de-lua-esculpido-nos-paredoes-e-aguas-azuis-foi-descoberto-por-hippies-nos-anos-70\/#primaryimage"},"image":{"@id":"https:\/\/www.correiobraziliense.com.br\/cbradar\/uma-antiga-vila-de-pescadores-com-um-simbolo-de-lua-esculpido-nos-paredoes-e-aguas-azuis-foi-descoberto-por-hippies-nos-anos-70\/#primaryimage"},"thumbnailUrl":"https:\/\/www.correiobraziliense.com.br\/cbradar\/wp-content\/uploads\/2026\/01\/aaa-2026-01-24T224642.407.png","datePublished":"2026-01-27T00:05:00+00:00","author":{"@id":"https:\/\/www.correiobraziliense.com.br\/cbradar\/#\/schema\/person\/4053c651a9bfc785afc6f4cbc9032fd3"},"description":"Essa regi\u00e3o do litoral do Cear\u00e1 chama aten\u00e7\u00e3o por praias exuberantes, pouco exploradas, e por uma hist\u00f3ria rica e preservada.","breadcrumb":{"@id":"https:\/\/www.correiobraziliense.com.br\/cbradar\/uma-antiga-vila-de-pescadores-com-um-simbolo-de-lua-esculpido-nos-paredoes-e-aguas-azuis-foi-descoberto-por-hippies-nos-anos-70\/#breadcrumb"},"inLanguage":"pt-BR","potentialAction":[{"@type":"ReadAction","target":["https:\/\/www.correiobraziliense.com.br\/cbradar\/uma-antiga-vila-de-pescadores-com-um-simbolo-de-lua-esculpido-nos-paredoes-e-aguas-azuis-foi-descoberto-por-hippies-nos-anos-70\/"]}]},{"@type":"ImageObject","inLanguage":"pt-BR","@id":"https:\/\/www.correiobraziliense.com.br\/cbradar\/uma-antiga-vila-de-pescadores-com-um-simbolo-de-lua-esculpido-nos-paredoes-e-aguas-azuis-foi-descoberto-por-hippies-nos-anos-70\/#primaryimage","url":"https:\/\/www.correiobraziliense.com.br\/cbradar\/wp-content\/uploads\/2026\/01\/aaa-2026-01-24T224642.407.png","contentUrl":"https:\/\/www.correiobraziliense.com.br\/cbradar\/wp-content\/uploads\/2026\/01\/aaa-2026-01-24T224642.407.png","width":1280,"height":720,"caption":"Essa antiga vila de pescadores chama aten\u00e7\u00e3o por \u00e1guas azuis intensas e por um s\u00edmbolo de lua esculpido nos pared\u00f5es."},{"@type":"BreadcrumbList","@id":"https:\/\/www.correiobraziliense.com.br\/cbradar\/uma-antiga-vila-de-pescadores-com-um-simbolo-de-lua-esculpido-nos-paredoes-e-aguas-azuis-foi-descoberto-por-hippies-nos-anos-70\/#breadcrumb","itemListElement":[{"@type":"ListItem","position":1,"name":"In\u00edcio","item":"https:\/\/www.correiobraziliense.com.br\/cbradar\/"},{"@type":"ListItem","position":2,"name":"Uma antiga vila de pescadores descoberta por hippies nos anos 70 conquista com um s\u00edmbolo de lua esculpido nos pared\u00f5es e \u00e1guas azuis"}]},{"@type":"WebSite","@id":"https:\/\/www.correiobraziliense.com.br\/cbradar\/#website","url":"https:\/\/www.correiobraziliense.com.br\/cbradar\/","name":"Correio Braziliense - Radar","description":"Acompanhe as \u00faltimas not\u00edcias e fique bem informado sobre tudo o que acontece no Brasil e no mundo.","potentialAction":[{"@type":"SearchAction","target":{"@type":"EntryPoint","urlTemplate":"https:\/\/www.correiobraziliense.com.br\/cbradar\/?s={search_term_string}"},"query-input":{"@type":"PropertyValueSpecification","valueRequired":true,"valueName":"search_term_string"}}],"inLanguage":"pt-BR"},{"@type":"Person","@id":"https:\/\/www.correiobraziliense.com.br\/cbradar\/#\/schema\/person\/4053c651a9bfc785afc6f4cbc9032fd3","name":"Maura Pereira","image":{"@type":"ImageObject","inLanguage":"pt-BR","@id":"https:\/\/www.correiobraziliense.com.br\/cbradar\/#\/schema\/person\/image\/","url":"https:\/\/secure.gravatar.com\/avatar\/3effd6bdadfa447f15089c7f7144eaa6?s=96&d=mm&r=g","contentUrl":"https:\/\/secure.gravatar.com\/avatar\/3effd6bdadfa447f15089c7f7144eaa6?s=96&d=mm&r=g","caption":"Maura Pereira"},"sameAs":["https:\/\/www.correiobraziliense.com.br\/"],"url":"https:\/\/www.correiobraziliense.com.br\/cbradar\/author\/mauramyth\/"}]}},"_links":{"self":[{"href":"https:\/\/www.correiobraziliense.com.br\/cbradar\/wp-json\/wp\/v2\/posts\/180877","targetHints":{"allow":["GET"]}}],"collection":[{"href":"https:\/\/www.correiobraziliense.com.br\/cbradar\/wp-json\/wp\/v2\/posts"}],"about":[{"href":"https:\/\/www.correiobraziliense.com.br\/cbradar\/wp-json\/wp\/v2\/types\/post"}],"author":[{"embeddable":true,"href":"https:\/\/www.correiobraziliense.com.br\/cbradar\/wp-json\/wp\/v2\/users\/8"}],"replies":[{"embeddable":true,"href":"https:\/\/www.correiobraziliense.com.br\/cbradar\/wp-json\/wp\/v2\/comments?post=180877"}],"version-history":[{"count":17,"href":"https:\/\/www.correiobraziliense.com.br\/cbradar\/wp-json\/wp\/v2\/posts\/180877\/revisions"}],"predecessor-version":[{"id":181011,"href":"https:\/\/www.correiobraziliense.com.br\/cbradar\/wp-json\/wp\/v2\/posts\/180877\/revisions\/181011"}],"wp:featuredmedia":[{"embeddable":true,"href":"https:\/\/www.correiobraziliense.com.br\/cbradar\/wp-json\/wp\/v2\/media\/180995"}],"wp:attachment":[{"href":"https:\/\/www.correiobraziliense.com.br\/cbradar\/wp-json\/wp\/v2\/media?parent=180877"}],"wp:term":[{"taxonomy":"category","embeddable":true,"href":"https:\/\/www.correiobraziliense.com.br\/cbradar\/wp-json\/wp\/v2\/categories?post=180877"},{"taxonomy":"post_tag","embeddable":true,"href":"https:\/\/www.correiobraziliense.com.br\/cbradar\/wp-json\/wp\/v2\/tags?post=180877"}],"curies":[{"name":"wp","href":"https:\/\/api.w.org\/{rel}","templated":true}]}}