{"id":180879,"date":"2026-01-26T15:25:00","date_gmt":"2026-01-26T18:25:00","guid":{"rendered":"https:\/\/www.correiobraziliense.com.br\/cbradar\/?p=180879"},"modified":"2026-01-24T23:38:22","modified_gmt":"2026-01-25T02:38:22","slug":"uma-cidade-do-rio-grande-do-sul-guarda-a-maior-praia-do-mundo-e-qualidade-de-vida-excelente","status":"publish","type":"post","link":"https:\/\/www.correiobraziliense.com.br\/cbradar\/uma-cidade-do-rio-grande-do-sul-guarda-a-maior-praia-do-mundo-e-qualidade-de-vida-excelente\/","title":{"rendered":"Uma cidade do Rio Grande do Sul guarda a maior praia do mundo e qualidade de vida excelente"},"content":{"rendered":"\n<p><strong>Rio Grande<\/strong>, a cidade mais antiga do <strong>Rio Grande do Sul<\/strong>, \u00e9 o ber\u00e7o da coloniza\u00e7\u00e3o portuguesa no estado. Sede do \u00fanico porto mar\u00edtimo ga\u00facho, a cidade respira a brisa do mar e a din\u00e2mica portu\u00e1ria, oferecendo uma infraestrutura urbana robusta impulsionada pela <strong>Universidade Federal do Rio Grande (FURG)<\/strong>. Diferente das praias de veraneio tradicionais, aqui o turismo mistura hist\u00f3ria, engenharia e vida selvagem.<\/p>\n\n\n\n<h2 class=\"wp-block-heading\">Por que a Praia do Cassino \u00e9 \u00fanica no planeta?<\/h2>\n\n\n\n<p>Com mais de 200 km de extens\u00e3o cont\u00ednua de areia, a <strong>Praia do Cassino<\/strong> det\u00e9m o t\u00edtulo de maior praia do mundo no <strong><em>Guinness Book<\/em>. <\/strong>Sua caracter\u00edstica mais marcante \u00e9 a permiss\u00e3o para tr\u00e1fego de carros na faixa de areia dura. \u00c9 uma &#8220;rodovia&#8221; natural que leva aventureiros at\u00e9 os confins do Chu\u00ed.<\/p>\n\n\n\n<p>Para o morador e o visitante, isso significa uma qualidade de vida \u00edmpar: voc\u00ea estaciona seu carro ao lado do guarda-sol, faz seu churrasco na areia e aprecia o horizonte infinito. A infraestrutura de servi\u00e7os \u00e9 completa no balne\u00e1rio, com hot\u00e9is, restaurantes e seguran\u00e7a, refletindo o <strong>IDH de 0,744<\/strong> dados do<a href=\"https:\/\/cidades.ibge.gov.br\/brasil\/rs\/rio-grande\/panorama\" target=\"_blank\" rel=\"noreferrer noopener\"> <strong>Instituto Brasileiro de Geografia e Estat\u00edstica<\/strong> <strong>&#8211; IBGE<\/strong><\/a> que posiciona a cidade como um polo de bem-estar regional.<\/p>\n\n\n<div class=\"wp-block-image\">\n<figure class=\"aligncenter size-large\"><img decoding=\"async\" width=\"1024\" height=\"576\" src=\"https:\/\/www.correiobraziliense.com.br\/cbradar\/wp-content\/uploads\/2025\/12\/Design-sem-nome-86-1024x576.png\" alt=\"Uma cidade do Rio Grande do Sul guarda a maior praia do mundo e quase ningu\u00e9m conhece\" class=\"wp-image-158751\" srcset=\"https:\/\/www.correiobraziliense.com.br\/cbradar\/wp-content\/uploads\/2025\/12\/Design-sem-nome-86-1024x576.png 1024w, https:\/\/www.correiobraziliense.com.br\/cbradar\/wp-content\/uploads\/2025\/12\/Design-sem-nome-86-300x169.png 300w, https:\/\/www.correiobraziliense.com.br\/cbradar\/wp-content\/uploads\/2025\/12\/Design-sem-nome-86-768x432.png 768w, https:\/\/www.correiobraziliense.com.br\/cbradar\/wp-content\/uploads\/2025\/12\/Design-sem-nome-86-750x422.png 750w, https:\/\/www.correiobraziliense.com.br\/cbradar\/wp-content\/uploads\/2025\/12\/Design-sem-nome-86-1140x641.png 1140w, https:\/\/www.correiobraziliense.com.br\/cbradar\/wp-content\/uploads\/2025\/12\/Design-sem-nome-86.png 1280w\" sizes=\"(max-width: 1024px) 100vw, 1024px\" \/><figcaption class=\"wp-element-caption\">Rio Grande-RS revela Praia do Cassino, Molhes da Barra e Porto Hist\u00f3rico no litoral ga\u00facho com centro colonial preservado. \/\/ Cr\u00e9ditos: YouTube @GuilhermeSpengler<\/figcaption><\/figure><\/div>\n\n\n<h2 class=\"wp-block-heading\">As vagonetas nos Molhes da Barra s\u00e3o seguras?<\/h2>\n\n\n\n<p><strong>Sim, e s\u00e3o patrim\u00f4nio imaterial da cidade. <\/strong>Os <strong>Molhes da Barra<\/strong> s\u00e3o gigantescas quebra-mares de pedras que avan\u00e7am 4 km oceano adentro. Para percorr\u00ea-los, utilizam-se as <strong>vagonetas<\/strong>, carrinhos sobre trilhos movidos a vela (pela for\u00e7a do vento Minuano) ou empurrados pelos vagoneteiros.<\/p>\n\n\n\n<p>O passeio \u00e9 uma imers\u00e3o na engenharia e na natureza. No final do trajeto, \u00e9 quase garantido avistar le\u00f5es e lobos-marinhos que descansam nas pedras, al\u00e9m de golfinhos que frequentam o canal. \u00c9 um &#8220;saf\u00e1ri marinho&#8221; acess\u00edvel e seguro para todas as idades.<\/p>\n\n\n\n<p>Assista a uma aventura impressionante pela <strong>maior praia do mundo<\/strong>. O v\u00eddeo do canal <strong>RoCa no Mundo<\/strong> (10 mil subscritores) apresenta a travessia da Praia do Cassino, no Rio Grande do Sul:<\/p>\n\n\n\n<figure class=\"wp-block-embed aligncenter is-type-video is-provider-youtube wp-block-embed-youtube wp-embed-aspect-16-9 wp-has-aspect-ratio\"><div class=\"wp-block-embed__wrapper\">\n<div class=\"jeg_video_container jeg_video_content\"><iframe loading=\"lazy\" title=\"A EXTRAORDIN\u00c1RIA TRAVESSIA DA PRAIA DO CASSINO A MAIOR DO MUNDO | EP14 | ROCA NO MUNDO\" width=\"500\" height=\"281\" src=\"https:\/\/www.youtube.com\/embed\/KHjWxeqzM5w?feature=oembed\" frameborder=\"0\" allow=\"accelerometer; autoplay; clipboard-write; encrypted-media; gyroscope; picture-in-picture; web-share\" referrerpolicy=\"strict-origin-when-cross-origin\" allowfullscreen><\/iframe><\/div>\n<\/div><\/figure>\n\n\n\n<h2 class=\"wp-block-heading\">O Museu Oceanogr\u00e1fico vale a visita?<\/h2>\n\n\n\n<p>\u00c9 obrigat\u00f3rio. Mantido pela <strong>FURG<\/strong>, o <strong>Museu Oceanogr\u00e1fico Professor Eli\u00e9zer de Carvalho Rios<\/strong> possui a mais importante cole\u00e7\u00e3o de moluscos da Am\u00e9rica do Sul e uma exposi\u00e7\u00e3o fascinante sobre a vida marinha ant\u00e1rtica. O local abriga tamb\u00e9m o Centro de Recupera\u00e7\u00e3o de Animais Marinhos (CRAM), onde \u00e9 poss\u00edvel ver pinguins e tartarugas em reabilita\u00e7\u00e3o (atrav\u00e9s de vidros, para n\u00e3o estressar os animais).<\/p>\n\n\n\n<h2 class=\"wp-block-heading\">Como funciona a travessia para S\u00e3o Jos\u00e9 do Norte?<\/h2>\n\n\n\n<p>A travessia de balsa ou lancha pelo canal da Lagoa dos Patos \u00e9 parte da rotina local. Em cerca de 30 minutos, voc\u00ea chega \u00e0 cidade vizinha de <strong>S\u00e3o Jos\u00e9 do Norte<\/strong>, que guarda um patrim\u00f4nio colonial r\u00fastico e preservado. \u00c9 um passeio panor\u00e2mico barato que oferece a melhor vista do skyline portu\u00e1rio de Rio Grande.<\/p>\n\n\n\n<p><strong>Leia tamb\u00e9m: <a href=\"https:\/\/www.correiobraziliense.com.br\/cbradar\/o-pensamento-de-aristoteles-sobre-a-excelencia-que-pode-mudar-sua-forma-de-se-cobrar\/\" target=\"_blank\" rel=\"noreferrer noopener\">O pensamento de Arist\u00f3teles sobre a excel\u00eancia que pode mudar sua forma de se cobrar<\/a><\/strong><\/p>\n\n\n<div class=\"wp-block-image\">\n<figure class=\"aligncenter size-large\"><img decoding=\"async\" width=\"1024\" height=\"576\" src=\"https:\/\/www.correiobraziliense.com.br\/cbradar\/wp-content\/uploads\/2025\/12\/Design-sem-nome-87-1-1024x576.png\" alt=\"\" class=\"wp-image-158756\" srcset=\"https:\/\/www.correiobraziliense.com.br\/cbradar\/wp-content\/uploads\/2025\/12\/Design-sem-nome-87-1-1024x576.png 1024w, https:\/\/www.correiobraziliense.com.br\/cbradar\/wp-content\/uploads\/2025\/12\/Design-sem-nome-87-1-300x169.png 300w, https:\/\/www.correiobraziliense.com.br\/cbradar\/wp-content\/uploads\/2025\/12\/Design-sem-nome-87-1-768x432.png 768w, https:\/\/www.correiobraziliense.com.br\/cbradar\/wp-content\/uploads\/2025\/12\/Design-sem-nome-87-1-750x422.png 750w, https:\/\/www.correiobraziliense.com.br\/cbradar\/wp-content\/uploads\/2025\/12\/Design-sem-nome-87-1-1140x641.png 1140w, https:\/\/www.correiobraziliense.com.br\/cbradar\/wp-content\/uploads\/2025\/12\/Design-sem-nome-87-1.png 1280w\" sizes=\"(max-width: 1024px) 100vw, 1024px\" \/><figcaption class=\"wp-element-caption\">Curta areias infinitas da Cassino em Rio Grande-RS, frutos do mar frescos e brisa gostosa na cidade portu\u00e1ria acolhedora.  \/\/ Cr\u00e9ditos: Wikip\u00e9dia<\/figcaption><\/figure><\/div>\n\n\n<h2 class=\"wp-block-heading\">O Vento Minuano \u00e9 lenda?<\/h2>\n\n\n\n<p><strong>N\u00e3o, \u00e9 um fato clim\u00e1tico. Rio Grande \u00e9 uma cidade ventosa e \u00famida<\/strong>. O vento \u00e9 constante e pode derrubar a sensa\u00e7\u00e3o t\u00e9rmica mesmo em dias de sol. O &#8220;frio \u00famido&#8221; do inverno exige casacos pesados e corta-ventos.<\/p>\n\n\n\n<p>Planeje sua mala com aten\u00e7\u00e3o ao vento:<\/p>\n\n\n\n<figure class=\"wp-block-table\"><table class=\"has-fixed-layout\"><tbody><tr><th>Esta\u00e7\u00e3o\/Meses<\/th><th>Temperatura<\/th><th>O que esperar<\/th><\/tr><tr><td>Dez a Mar (Ver\u00e3o)<\/td><td>20\u00b0C a 29\u00b0C<\/td><td>Praia do Cassino lotada, carros na areia e dias longos de sol.<\/td><\/tr><tr><td>Abr a Jun (Outono)<\/td><td>14\u00b0C a 23\u00b0C<\/td><td>Clima ameno, ideal para visitar os museus e o centro hist\u00f3rico sem suar.<\/td><\/tr><tr><td>Jul a Set (Inverno)<\/td><td>8\u00b0C a 18\u00b0C<\/td><td>Frio intenso, Vento Minuano cortante e observa\u00e7\u00e3o de le\u00f5es-marinhos no auge.<\/td><\/tr><\/tbody><\/table><\/figure>\n\n\n\n<p><em>Baseado em m\u00e9dias climatol\u00f3gicas hist\u00f3ricas para Rio Grande (fonte: <\/em><strong><em><a href=\"https:\/\/www.climatempo.com.br\/previsao-do-tempo\/cidade\/364\/riogrande-rs\" target=\"_blank\" rel=\"noreferrer noopener\">Climatempo<\/a><\/em><\/strong><em>).<\/em><\/p>\n\n\n\n<h2 class=\"wp-block-heading\">Rio Grande conecta o homem ao mar com trilhos e velas<\/h2>\n\n\n\n<p>Escolher a Noiva do Mar \u00e9 vivenciar a for\u00e7a do Atl\u00e2ntico Sul com conforto:<\/p>\n\n\n\n<ul class=\"wp-block-list\">\n<li>Fa\u00e7a o passeio de vagoneta nos Molhes para sentir a for\u00e7a do vento nas velas.<\/li>\n\n\n\n<li>Visite o Museu Oceanogr\u00e1fico para entender por que a cidade \u00e9 capital da oceanografia brasileira.<\/li>\n\n\n\n<li>Dirija pela areia do Cassino (respeitando o limite de velocidade) para uma sensa\u00e7\u00e3o de liberdade \u00fanica.<\/li>\n<\/ul>\n\n\n\n<p>Voc\u00ea precisa comer uma anchova assada em um restaurante tradicional do Mercado P\u00fablico.<\/p>\n","protected":false},"excerpt":{"rendered":"<p>Rio Grande, a cidade mais antiga do Rio Grande do Sul, \u00e9 o ber\u00e7o da coloniza\u00e7\u00e3o portuguesa no estado. Sede do \u00fanico porto mar\u00edtimo ga\u00facho, a cidade respira a brisa do mar e a din\u00e2mica portu\u00e1ria, oferecendo uma infraestrutura urbana robusta impulsionada pela Universidade Federal do Rio Grande (FURG). Diferente das praias de veraneio tradicionais, [&hellip;]<\/p>\n","protected":false},"author":8,"featured_media":181034,"comment_status":"open","ping_status":"open","sticky":false,"template":"","format":"standard","meta":{"_yoast_wpseo_focuskw":"rio grande do sul","_yoast_wpseo_title":"","_yoast_wpseo_metadesc":"Essa cidade do Rio Grande do Sul abriga a maior praia do mundo e se destaca pela qualidade de vida excelente.","jnews-multi-image_gallery":[],"jnews_single_post":{"format":"standard"},"jnews_primary_category":[],"jnews_social_meta":[],"jnews_override_counter":[],"footnotes":""},"categories":[108,111],"post_tag":[247,14390,683],"class_list":["post-180879","post","type-post","status-publish","format-standard","has-post-thumbnail","hentry","category-cidades","category-turismo","tag-qualidade-de-vida","tag-rio-do-grande-do-sul","tag-rio-grande"],"yoast_head":"<!-- This site is optimized with the Yoast SEO plugin v24.6 - https:\/\/yoast.com\/wordpress\/plugins\/seo\/ -->\n<title>Uma cidade do Rio Grande do Sul guarda a maior praia do mundo e qualidade de vida excelente - Correio Braziliense - Radar<\/title>\n<meta name=\"description\" content=\"Essa cidade do Rio Grande do Sul abriga a maior praia do mundo e se destaca pela qualidade de vida excelente.\" \/>\n<meta name=\"robots\" content=\"index, follow, max-snippet:-1, max-image-preview:large, max-video-preview:-1\" \/>\n<link rel=\"canonical\" href=\"https:\/\/www.correiobraziliense.com.br\/cbradar\/uma-cidade-do-rio-grande-do-sul-guarda-a-maior-praia-do-mundo-e-qualidade-de-vida-excelente\/\" \/>\n<meta property=\"og:locale\" content=\"pt_BR\" \/>\n<meta property=\"og:type\" content=\"article\" \/>\n<meta property=\"og:title\" content=\"Uma cidade do Rio Grande do Sul guarda a maior praia do mundo e qualidade de vida excelente - Correio Braziliense - Radar\" \/>\n<meta property=\"og:description\" content=\"Essa cidade do Rio Grande do Sul abriga a maior praia do mundo e se destaca pela qualidade de vida excelente.\" \/>\n<meta property=\"og:url\" content=\"https:\/\/www.correiobraziliense.com.br\/cbradar\/uma-cidade-do-rio-grande-do-sul-guarda-a-maior-praia-do-mundo-e-qualidade-de-vida-excelente\/\" \/>\n<meta property=\"og:site_name\" content=\"Correio Braziliense - Radar\" \/>\n<meta property=\"article:published_time\" content=\"2026-01-26T18:25:00+00:00\" \/>\n<meta property=\"og:image\" content=\"https:\/\/www.correiobraziliense.com.br\/cbradar\/wp-content\/uploads\/2026\/01\/aaa-2026-01-24T232945.008.png\" \/>\n\t<meta property=\"og:image:width\" content=\"1280\" \/>\n\t<meta property=\"og:image:height\" content=\"720\" \/>\n\t<meta property=\"og:image:type\" content=\"image\/png\" \/>\n<meta name=\"author\" content=\"Maura Pereira\" \/>\n<meta name=\"twitter:card\" content=\"summary_large_image\" \/>\n<meta name=\"twitter:label1\" content=\"Escrito por\" \/>\n\t<meta name=\"twitter:data1\" content=\"Maura Pereira\" \/>\n\t<meta name=\"twitter:label2\" content=\"Est. tempo de leitura\" \/>\n\t<meta name=\"twitter:data2\" content=\"5 minutos\" \/>\n<!-- \/ Yoast SEO plugin. -->","yoast_head_json":{"title":"Uma cidade do Rio Grande do Sul guarda a maior praia do mundo e qualidade de vida excelente - Correio Braziliense - Radar","description":"Essa cidade do Rio Grande do Sul abriga a maior praia do mundo e se destaca pela qualidade de vida excelente.","robots":{"index":"index","follow":"follow","max-snippet":"max-snippet:-1","max-image-preview":"max-image-preview:large","max-video-preview":"max-video-preview:-1"},"canonical":"https:\/\/www.correiobraziliense.com.br\/cbradar\/uma-cidade-do-rio-grande-do-sul-guarda-a-maior-praia-do-mundo-e-qualidade-de-vida-excelente\/","og_locale":"pt_BR","og_type":"article","og_title":"Uma cidade do Rio Grande do Sul guarda a maior praia do mundo e qualidade de vida excelente - Correio Braziliense - Radar","og_description":"Essa cidade do Rio Grande do Sul abriga a maior praia do mundo e se destaca pela qualidade de vida excelente.","og_url":"https:\/\/www.correiobraziliense.com.br\/cbradar\/uma-cidade-do-rio-grande-do-sul-guarda-a-maior-praia-do-mundo-e-qualidade-de-vida-excelente\/","og_site_name":"Correio Braziliense - Radar","article_published_time":"2026-01-26T18:25:00+00:00","og_image":[{"width":1280,"height":720,"url":"https:\/\/www.correiobraziliense.com.br\/cbradar\/wp-content\/uploads\/2026\/01\/aaa-2026-01-24T232945.008.png","type":"image\/png"}],"author":"Maura Pereira","twitter_card":"summary_large_image","twitter_misc":{"Escrito por":"Maura Pereira","Est. tempo de leitura":"5 minutos"},"schema":{"@context":"https:\/\/schema.org","@graph":[{"@type":"WebPage","@id":"https:\/\/www.correiobraziliense.com.br\/cbradar\/uma-cidade-do-rio-grande-do-sul-guarda-a-maior-praia-do-mundo-e-qualidade-de-vida-excelente\/","url":"https:\/\/www.correiobraziliense.com.br\/cbradar\/uma-cidade-do-rio-grande-do-sul-guarda-a-maior-praia-do-mundo-e-qualidade-de-vida-excelente\/","name":"Uma cidade do Rio Grande do Sul guarda a maior praia do mundo e qualidade de vida excelente - Correio Braziliense - Radar","isPartOf":{"@id":"https:\/\/www.correiobraziliense.com.br\/cbradar\/#website"},"primaryImageOfPage":{"@id":"https:\/\/www.correiobraziliense.com.br\/cbradar\/uma-cidade-do-rio-grande-do-sul-guarda-a-maior-praia-do-mundo-e-qualidade-de-vida-excelente\/#primaryimage"},"image":{"@id":"https:\/\/www.correiobraziliense.com.br\/cbradar\/uma-cidade-do-rio-grande-do-sul-guarda-a-maior-praia-do-mundo-e-qualidade-de-vida-excelente\/#primaryimage"},"thumbnailUrl":"https:\/\/www.correiobraziliense.com.br\/cbradar\/wp-content\/uploads\/2026\/01\/aaa-2026-01-24T232945.008.png","datePublished":"2026-01-26T18:25:00+00:00","author":{"@id":"https:\/\/www.correiobraziliense.com.br\/cbradar\/#\/schema\/person\/4053c651a9bfc785afc6f4cbc9032fd3"},"description":"Essa cidade do Rio Grande do Sul abriga a maior praia do mundo e se destaca pela qualidade de vida excelente.","breadcrumb":{"@id":"https:\/\/www.correiobraziliense.com.br\/cbradar\/uma-cidade-do-rio-grande-do-sul-guarda-a-maior-praia-do-mundo-e-qualidade-de-vida-excelente\/#breadcrumb"},"inLanguage":"pt-BR","potentialAction":[{"@type":"ReadAction","target":["https:\/\/www.correiobraziliense.com.br\/cbradar\/uma-cidade-do-rio-grande-do-sul-guarda-a-maior-praia-do-mundo-e-qualidade-de-vida-excelente\/"]}]},{"@type":"ImageObject","inLanguage":"pt-BR","@id":"https:\/\/www.correiobraziliense.com.br\/cbradar\/uma-cidade-do-rio-grande-do-sul-guarda-a-maior-praia-do-mundo-e-qualidade-de-vida-excelente\/#primaryimage","url":"https:\/\/www.correiobraziliense.com.br\/cbradar\/wp-content\/uploads\/2026\/01\/aaa-2026-01-24T232945.008.png","contentUrl":"https:\/\/www.correiobraziliense.com.br\/cbradar\/wp-content\/uploads\/2026\/01\/aaa-2026-01-24T232945.008.png","width":1280,"height":720,"caption":"Os Molhes da Barra s\u00e3o gigantescas quebra-mares de pedras que avan\u00e7am 4 km oceano adentro."},{"@type":"BreadcrumbList","@id":"https:\/\/www.correiobraziliense.com.br\/cbradar\/uma-cidade-do-rio-grande-do-sul-guarda-a-maior-praia-do-mundo-e-qualidade-de-vida-excelente\/#breadcrumb","itemListElement":[{"@type":"ListItem","position":1,"name":"In\u00edcio","item":"https:\/\/www.correiobraziliense.com.br\/cbradar\/"},{"@type":"ListItem","position":2,"name":"Uma cidade do Rio Grande do Sul guarda a maior praia do mundo e qualidade de vida excelente"}]},{"@type":"WebSite","@id":"https:\/\/www.correiobraziliense.com.br\/cbradar\/#website","url":"https:\/\/www.correiobraziliense.com.br\/cbradar\/","name":"Correio Braziliense - Radar","description":"Acompanhe as \u00faltimas not\u00edcias e fique bem informado sobre tudo o que acontece no Brasil e no mundo.","potentialAction":[{"@type":"SearchAction","target":{"@type":"EntryPoint","urlTemplate":"https:\/\/www.correiobraziliense.com.br\/cbradar\/?s={search_term_string}"},"query-input":{"@type":"PropertyValueSpecification","valueRequired":true,"valueName":"search_term_string"}}],"inLanguage":"pt-BR"},{"@type":"Person","@id":"https:\/\/www.correiobraziliense.com.br\/cbradar\/#\/schema\/person\/4053c651a9bfc785afc6f4cbc9032fd3","name":"Maura Pereira","image":{"@type":"ImageObject","inLanguage":"pt-BR","@id":"https:\/\/www.correiobraziliense.com.br\/cbradar\/#\/schema\/person\/image\/","url":"https:\/\/secure.gravatar.com\/avatar\/3effd6bdadfa447f15089c7f7144eaa6?s=96&d=mm&r=g","contentUrl":"https:\/\/secure.gravatar.com\/avatar\/3effd6bdadfa447f15089c7f7144eaa6?s=96&d=mm&r=g","caption":"Maura Pereira"},"sameAs":["https:\/\/www.correiobraziliense.com.br\/"],"url":"https:\/\/www.correiobraziliense.com.br\/cbradar\/author\/mauramyth\/"}]}},"_links":{"self":[{"href":"https:\/\/www.correiobraziliense.com.br\/cbradar\/wp-json\/wp\/v2\/posts\/180879","targetHints":{"allow":["GET"]}}],"collection":[{"href":"https:\/\/www.correiobraziliense.com.br\/cbradar\/wp-json\/wp\/v2\/posts"}],"about":[{"href":"https:\/\/www.correiobraziliense.com.br\/cbradar\/wp-json\/wp\/v2\/types\/post"}],"author":[{"embeddable":true,"href":"https:\/\/www.correiobraziliense.com.br\/cbradar\/wp-json\/wp\/v2\/users\/8"}],"replies":[{"embeddable":true,"href":"https:\/\/www.correiobraziliense.com.br\/cbradar\/wp-json\/wp\/v2\/comments?post=180879"}],"version-history":[{"count":19,"href":"https:\/\/www.correiobraziliense.com.br\/cbradar\/wp-json\/wp\/v2\/posts\/180879\/revisions"}],"predecessor-version":[{"id":181039,"href":"https:\/\/www.correiobraziliense.com.br\/cbradar\/wp-json\/wp\/v2\/posts\/180879\/revisions\/181039"}],"wp:featuredmedia":[{"embeddable":true,"href":"https:\/\/www.correiobraziliense.com.br\/cbradar\/wp-json\/wp\/v2\/media\/181034"}],"wp:attachment":[{"href":"https:\/\/www.correiobraziliense.com.br\/cbradar\/wp-json\/wp\/v2\/media?parent=180879"}],"wp:term":[{"taxonomy":"category","embeddable":true,"href":"https:\/\/www.correiobraziliense.com.br\/cbradar\/wp-json\/wp\/v2\/categories?post=180879"},{"taxonomy":"post_tag","embeddable":true,"href":"https:\/\/www.correiobraziliense.com.br\/cbradar\/wp-json\/wp\/v2\/post_tag?post=180879"}],"curies":[{"name":"wp","href":"https:\/\/api.w.org\/{rel}","templated":true}]}}