{"id":181041,"date":"2026-01-25T11:31:30","date_gmt":"2026-01-25T14:31:30","guid":{"rendered":"https:\/\/www.correiobraziliense.com.br\/cbradar\/?p=181041"},"modified":"2026-01-25T11:31:33","modified_gmt":"2026-01-25T14:31:33","slug":"quem-dorme-mal-aprende-menos-diz-a-ciencia-entenda-por-que","status":"publish","type":"post","link":"https:\/\/www.correiobraziliense.com.br\/cbradar\/quem-dorme-mal-aprende-menos-diz-a-ciencia-entenda-por-que\/","title":{"rendered":"Quem dorme mal aprende menos, diz a ci\u00eancia \u2014 entenda por qu\u00ea"},"content":{"rendered":"\n<p>Dormir bem \u00e9 muito mais do que um simples descanso para o corpo cansado ap\u00f3s um dia exaustivo de trabalho. Durante o per\u00edodo de repouso profundo, o c\u00e9rebro realiza uma limpeza essencial e organiza as informa\u00e7\u00f5es importantes que voc\u00ea aprendeu. <strong>Priorizar o sono de qualidade<\/strong> \u00e9 a chave para o sucesso intelectual.<\/p>\n\n\n\n<h2 class=\"wp-block-heading\">Qual \u00e9 o papel do est\u00e1gio REM na consolida\u00e7\u00e3o de dados?<\/h2>\n\n\n\n<p>Durante a fase do sono conhecida como <strong>REM<\/strong>, o c\u00e9rebro processa mem\u00f3rias emocionais e consolida o aprendizado complexo realizado durante o dia. Um estudo publicado pela <strong>Harvard Medical School<\/strong> demonstra que a falta de descanso prejudica a forma\u00e7\u00e3o de novas conex\u00f5es sin\u00e1pticas. <strong>Dormir o suficiente<\/strong> protege sua mente.<\/p>\n\n\n\n<p>Al\u00e9m disso, a priva\u00e7\u00e3o de sono impede que as prote\u00ednas t\u00f3xicas sejam eliminadas de forma eficiente pelo sistema glinf\u00e1tico. Isso pode causar uma sensa\u00e7\u00e3o de n\u00e9voa mental constante e reduzir drasticamente a sua produtividade em tarefas cognitivas. <strong>Manter a mente limpa<\/strong> exige um repouso regular.<\/p>\n\n\n<div class=\"wp-block-image\">\n<figure class=\"aligncenter size-large\"><img decoding=\"async\" width=\"1024\" height=\"576\" src=\"https:\/\/www.correiobraziliense.com.br\/cbradar\/wp-content\/uploads\/2026\/01\/Gemini_Generated_Image_nhs3mgnhs3mgnhs3-1-1-1024x576.png\" alt=\"Quem dorme mal aprende menos, diz a ci\u00eancia \u2014 entenda por qu\u00ea\" class=\"wp-image-181045\" srcset=\"https:\/\/www.correiobraziliense.com.br\/cbradar\/wp-content\/uploads\/2026\/01\/Gemini_Generated_Image_nhs3mgnhs3mgnhs3-1-1-1024x576.png 1024w, https:\/\/www.correiobraziliense.com.br\/cbradar\/wp-content\/uploads\/2026\/01\/Gemini_Generated_Image_nhs3mgnhs3mgnhs3-1-1-300x169.png 300w, https:\/\/www.correiobraziliense.com.br\/cbradar\/wp-content\/uploads\/2026\/01\/Gemini_Generated_Image_nhs3mgnhs3mgnhs3-1-1-768x432.png 768w, https:\/\/www.correiobraziliense.com.br\/cbradar\/wp-content\/uploads\/2026\/01\/Gemini_Generated_Image_nhs3mgnhs3mgnhs3-1-1-750x422.png 750w, https:\/\/www.correiobraziliense.com.br\/cbradar\/wp-content\/uploads\/2026\/01\/Gemini_Generated_Image_nhs3mgnhs3mgnhs3-1-1-1140x641.png 1140w, https:\/\/www.correiobraziliense.com.br\/cbradar\/wp-content\/uploads\/2026\/01\/Gemini_Generated_Image_nhs3mgnhs3mgnhs3-1-1.png 1280w\" sizes=\"(max-width: 1024px) 100vw, 1024px\" \/><figcaption class=\"wp-element-caption\">Dormir bem \u00e9 investir na sa\u00fade do c\u00e9rebro<\/figcaption><\/figure><\/div>\n\n\n<h2 class=\"wp-block-heading\">Como a falta de descanso afeta a capacidade de aprendizado?<\/h2>\n\n\n\n<p>A dificuldade de concentra\u00e7\u00e3o \u00e9 o primeiro sinal vis\u00edvel quando voc\u00ea n\u00e3o atinge as horas de <strong><a href=\"https:\/\/www.correiobraziliense.com.br\/cbradar\/o-habito-simples-melhora-a-qualidade-do-ar-da-sua-casa-em-5-minutos\/\" target=\"_blank\" rel=\"noreferrer noopener\">sono <\/a><\/strong>recomendadas pelos especialistas. Sem o descanso adequado, os neur\u00f4nios ficam sobrecarregados e n\u00e3o conseguem transmitir informa\u00e7\u00f5es de maneira r\u00e1pida e clara. <strong>Evitar o cansa\u00e7o excessivo<\/strong> melhora muito seu desempenho.<\/p>\n\n\n\n<p>Pesquisas realizadas pela <strong>University of California<\/strong> indicam que uma noite sem dormir reduz em at\u00e9 quarenta por cento a capacidade de reter novos conhecimentos. Isso acontece porque o hipocampo fica temporariamente bloqueado para novos registros de dados. <strong>Estudar com o c\u00e9rebro descansado<\/strong> traz resultados melhores.<\/p>\n\n\n\n<h2 class=\"wp-block-heading\">Quais h\u00e1bitos ajudam a atingir o sono profundo mais r\u00e1pido?<\/h2>\n\n\n\n<p>Criar uma rotina relaxante antes de se deitar \u00e9 fundamental para sinalizar ao organismo que o momento do descanso chegou. Evitar luzes azuis de dispositivos eletr\u00f4nicos ajuda na produ\u00e7\u00e3o natural de melatonina pelo sistema end\u00f3crino. <strong>Preparar o ambiente de dormir<\/strong> garante uma noite revigorante.<\/p>\n\n\n\n<p>Confira a lista abaixo:<\/p>\n\n\n\n<ul class=\"wp-block-list\">\n<li>Mantenha o quarto em uma temperatura amena e confort\u00e1vel.<\/li>\n\n\n\n<li>Evite consumir cafe\u00edna ou alimentos pesados ap\u00f3s o p\u00f4r do sol.<\/li>\n\n\n\n<li>Pratique t\u00e9cnicas de respira\u00e7\u00e3o profunda para acalmar o sistema nervoso.<\/li>\n\n\n\n<li>Tente dormir e acordar sempre nos mesmos hor\u00e1rios todos os dias.<\/li>\n<\/ul>\n\n\n\n<h2 class=\"wp-block-heading\">Existe uma rela\u00e7\u00e3o entre o sono e a preven\u00e7\u00e3o de dem\u00eancias?<\/h2>\n\n\n\n<p>O descanso de qualidade atua como um escudo protetor contra o decl\u00ednio cognitivo natural que ocorre com o passar dos anos. Manter ciclos regulares de sono profundo ajuda a preservar a integridade das estruturas cerebrais respons\u00e1veis pela mem\u00f3ria. <strong>Investir no repouso atual<\/strong> protege sua velhice.<\/p>\n\n\n\n<p>Especialistas em neurologia afirmam que indiv\u00edduos que dormem menos de seis horas possuem maior ac\u00famulo de placas beta-amiloides no c\u00e9rebro. Essas subst\u00e2ncias est\u00e3o diretamente ligadas ao desenvolvimento de doen\u00e7as neurodegenerativas graves no futuro. <strong>Monitorar a qualidade do sono<\/strong> \u00e9 uma medida preventiva essencial.<\/p>\n\n\n<div class=\"wp-block-image\">\n<figure class=\"aligncenter size-large\"><img decoding=\"async\" width=\"1024\" height=\"576\" src=\"https:\/\/www.correiobraziliense.com.br\/cbradar\/wp-content\/uploads\/2026\/01\/Gemini_Generated_Image_dkieaedkieaedkie-1-1-1024x576.png\" alt=\"Quem dorme mal aprende menos, diz a ci\u00eancia \u2014 entenda por qu\u00ea\" class=\"wp-image-181044\" srcset=\"https:\/\/www.correiobraziliense.com.br\/cbradar\/wp-content\/uploads\/2026\/01\/Gemini_Generated_Image_dkieaedkieaedkie-1-1-1024x576.png 1024w, https:\/\/www.correiobraziliense.com.br\/cbradar\/wp-content\/uploads\/2026\/01\/Gemini_Generated_Image_dkieaedkieaedkie-1-1-300x169.png 300w, https:\/\/www.correiobraziliense.com.br\/cbradar\/wp-content\/uploads\/2026\/01\/Gemini_Generated_Image_dkieaedkieaedkie-1-1-768x432.png 768w, https:\/\/www.correiobraziliense.com.br\/cbradar\/wp-content\/uploads\/2026\/01\/Gemini_Generated_Image_dkieaedkieaedkie-1-1-750x422.png 750w, https:\/\/www.correiobraziliense.com.br\/cbradar\/wp-content\/uploads\/2026\/01\/Gemini_Generated_Image_dkieaedkieaedkie-1-1-1140x641.png 1140w, https:\/\/www.correiobraziliense.com.br\/cbradar\/wp-content\/uploads\/2026\/01\/Gemini_Generated_Image_dkieaedkieaedkie-1-1.png 1280w\" sizes=\"(max-width: 1024px) 100vw, 1024px\" \/><figcaption class=\"wp-element-caption\">Dormir bem \u00e9 investir na sa\u00fade do c\u00e9rebro<\/figcaption><\/figure><\/div>\n\n\n<h2 class=\"wp-block-heading\">Qual \u00e9 a recomenda\u00e7\u00e3o oficial para um descanso saud\u00e1vel?<\/h2>\n\n\n\n<p>As diretrizes mundiais de sa\u00fade sugerem que adultos saud\u00e1veis devem dormir entre sete e nove horas por noite para manter as fun\u00e7\u00f5es vitais. O cumprimento desse per\u00edodo permite que o organismo recupere as energias e estabilize o humor. <strong>Respeitar os limites do corpo<\/strong> \u00e9 um ato inteligente.<\/p>\n\n\n\n<p>A <a target=\"_blank\" rel=\"noreferrer noopener\" href=\"https:\/\/www.sleepfoundation.org\/how-sleep-works\/memory-and-sleep\">National Sleep Foundation<\/a> detalha como cada est\u00e1gio do sono contribui para diferentes tipos de recupera\u00e7\u00e3o f\u00edsica e mental. Seguir essas orienta\u00e7\u00f5es cient\u00edficas ajuda voc\u00ea a viver com mais disposi\u00e7\u00e3o e clareza mental no <strong>Brasil<\/strong>. <strong>Adotar evid\u00eancias cient\u00edficas<\/strong> transforma completamente a sua sa\u00fade di\u00e1ria.<\/p>\n","protected":false},"excerpt":{"rendered":"<p>Dormir bem \u00e9 muito mais do que um simples descanso para o corpo cansado ap\u00f3s um dia exaustivo de trabalho. Durante o per\u00edodo de repouso profundo, o c\u00e9rebro realiza uma limpeza essencial e organiza as informa\u00e7\u00f5es importantes que voc\u00ea aprendeu. Priorizar o sono de qualidade \u00e9 a chave para o sucesso intelectual. Qual \u00e9 o [&hellip;]<\/p>\n","protected":false},"author":21,"featured_media":181042,"comment_status":"open","ping_status":"open","sticky":false,"template":"","format":"standard","meta":{"_yoast_wpseo_focuskw":"benef\u00edcios do sono para o c\u00e9rebro","_yoast_wpseo_title":"","_yoast_wpseo_metadesc":"Dormir bem fortalece a mem\u00f3ria, melhora o foco e ajuda o c\u00e9rebro a eliminar toxinas, protegendo a sa\u00fade mental e o aprendizado ao longo da vida.","jnews-multi-image_gallery":[],"jnews_single_post":{"format":"standard"},"jnews_primary_category":[],"jnews_social_meta":[],"jnews_override_counter":[],"footnotes":""},"categories":[119,4404],"tags":[698,564,12755],"class_list":["post-181041","post","type-post","status-publish","format-standard","has-post-thumbnail","hentry","category-bem-estar","category-saude","tag-cerebro","tag-dormir","tag-rem"],"yoast_head":"<!-- This site is optimized with the Yoast SEO plugin v24.6 - https:\/\/yoast.com\/wordpress\/plugins\/seo\/ -->\n<title>Quem dorme mal aprende menos, diz a ci\u00eancia \u2014 entenda por qu\u00ea - Correio Braziliense - Radar<\/title>\n<meta name=\"description\" content=\"Dormir bem fortalece a mem\u00f3ria, melhora o foco e ajuda o c\u00e9rebro a eliminar toxinas, protegendo a sa\u00fade mental e o aprendizado ao longo da vida.\" \/>\n<meta name=\"robots\" content=\"index, follow, max-snippet:-1, max-image-preview:large, max-video-preview:-1\" \/>\n<link rel=\"canonical\" href=\"https:\/\/www.correiobraziliense.com.br\/cbradar\/quem-dorme-mal-aprende-menos-diz-a-ciencia-entenda-por-que\/\" \/>\n<meta property=\"og:locale\" content=\"pt_BR\" \/>\n<meta property=\"og:type\" content=\"article\" \/>\n<meta property=\"og:title\" content=\"Quem dorme mal aprende menos, diz a ci\u00eancia \u2014 entenda por qu\u00ea - Correio Braziliense - Radar\" \/>\n<meta property=\"og:description\" content=\"Dormir bem fortalece a mem\u00f3ria, melhora o foco e ajuda o c\u00e9rebro a eliminar toxinas, protegendo a sa\u00fade mental e o aprendizado ao longo da vida.\" \/>\n<meta property=\"og:url\" content=\"https:\/\/www.correiobraziliense.com.br\/cbradar\/quem-dorme-mal-aprende-menos-diz-a-ciencia-entenda-por-que\/\" \/>\n<meta property=\"og:site_name\" content=\"Correio Braziliense - Radar\" \/>\n<meta property=\"article:published_time\" content=\"2026-01-25T14:31:30+00:00\" \/>\n<meta property=\"article:modified_time\" content=\"2026-01-25T14:31:33+00:00\" \/>\n<meta property=\"og:image\" content=\"https:\/\/www.correiobraziliense.com.br\/cbradar\/wp-content\/uploads\/2026\/01\/Gemini_Generated_Image_bcv5zbcv5zbcv5zb-1-1.png\" \/>\n\t<meta property=\"og:image:width\" content=\"1280\" \/>\n\t<meta property=\"og:image:height\" content=\"720\" \/>\n\t<meta property=\"og:image:type\" content=\"image\/png\" \/>\n<meta name=\"author\" content=\"Patrick Silva\" \/>\n<meta name=\"twitter:card\" content=\"summary_large_image\" \/>\n<meta name=\"twitter:label1\" content=\"Escrito por\" \/>\n\t<meta name=\"twitter:data1\" content=\"Patrick Silva\" \/>\n\t<meta name=\"twitter:label2\" content=\"Est. tempo de leitura\" \/>\n\t<meta name=\"twitter:data2\" content=\"4 minutos\" \/>\n<!-- \/ Yoast SEO plugin. -->","yoast_head_json":{"title":"Quem dorme mal aprende menos, diz a ci\u00eancia \u2014 entenda por qu\u00ea - Correio Braziliense - Radar","description":"Dormir bem fortalece a mem\u00f3ria, melhora o foco e ajuda o c\u00e9rebro a eliminar toxinas, protegendo a sa\u00fade mental e o aprendizado ao longo da vida.","robots":{"index":"index","follow":"follow","max-snippet":"max-snippet:-1","max-image-preview":"max-image-preview:large","max-video-preview":"max-video-preview:-1"},"canonical":"https:\/\/www.correiobraziliense.com.br\/cbradar\/quem-dorme-mal-aprende-menos-diz-a-ciencia-entenda-por-que\/","og_locale":"pt_BR","og_type":"article","og_title":"Quem dorme mal aprende menos, diz a ci\u00eancia \u2014 entenda por qu\u00ea - Correio Braziliense - Radar","og_description":"Dormir bem fortalece a mem\u00f3ria, melhora o foco e ajuda o c\u00e9rebro a eliminar toxinas, protegendo a sa\u00fade mental e o aprendizado ao longo da vida.","og_url":"https:\/\/www.correiobraziliense.com.br\/cbradar\/quem-dorme-mal-aprende-menos-diz-a-ciencia-entenda-por-que\/","og_site_name":"Correio Braziliense - Radar","article_published_time":"2026-01-25T14:31:30+00:00","article_modified_time":"2026-01-25T14:31:33+00:00","og_image":[{"width":1280,"height":720,"url":"https:\/\/www.correiobraziliense.com.br\/cbradar\/wp-content\/uploads\/2026\/01\/Gemini_Generated_Image_bcv5zbcv5zbcv5zb-1-1.png","type":"image\/png"}],"author":"Patrick Silva","twitter_card":"summary_large_image","twitter_misc":{"Escrito por":"Patrick Silva","Est. tempo de leitura":"4 minutos"},"schema":{"@context":"https:\/\/schema.org","@graph":[{"@type":"WebPage","@id":"https:\/\/www.correiobraziliense.com.br\/cbradar\/quem-dorme-mal-aprende-menos-diz-a-ciencia-entenda-por-que\/","url":"https:\/\/www.correiobraziliense.com.br\/cbradar\/quem-dorme-mal-aprende-menos-diz-a-ciencia-entenda-por-que\/","name":"Quem dorme mal aprende menos, diz a ci\u00eancia \u2014 entenda por qu\u00ea - Correio Braziliense - Radar","isPartOf":{"@id":"https:\/\/www.correiobraziliense.com.br\/cbradar\/#website"},"primaryImageOfPage":{"@id":"https:\/\/www.correiobraziliense.com.br\/cbradar\/quem-dorme-mal-aprende-menos-diz-a-ciencia-entenda-por-que\/#primaryimage"},"image":{"@id":"https:\/\/www.correiobraziliense.com.br\/cbradar\/quem-dorme-mal-aprende-menos-diz-a-ciencia-entenda-por-que\/#primaryimage"},"thumbnailUrl":"https:\/\/www.correiobraziliense.com.br\/cbradar\/wp-content\/uploads\/2026\/01\/Gemini_Generated_Image_bcv5zbcv5zbcv5zb-1-1.png","datePublished":"2026-01-25T14:31:30+00:00","dateModified":"2026-01-25T14:31:33+00:00","author":{"@id":"https:\/\/www.correiobraziliense.com.br\/cbradar\/#\/schema\/person\/5440b72be9c7eb74f446c846479dc4da"},"description":"Dormir bem fortalece a mem\u00f3ria, melhora o foco e ajuda o c\u00e9rebro a eliminar toxinas, protegendo a sa\u00fade mental e o aprendizado ao longo da vida.","breadcrumb":{"@id":"https:\/\/www.correiobraziliense.com.br\/cbradar\/quem-dorme-mal-aprende-menos-diz-a-ciencia-entenda-por-que\/#breadcrumb"},"inLanguage":"pt-BR","potentialAction":[{"@type":"ReadAction","target":["https:\/\/www.correiobraziliense.com.br\/cbradar\/quem-dorme-mal-aprende-menos-diz-a-ciencia-entenda-por-que\/"]}]},{"@type":"ImageObject","inLanguage":"pt-BR","@id":"https:\/\/www.correiobraziliense.com.br\/cbradar\/quem-dorme-mal-aprende-menos-diz-a-ciencia-entenda-por-que\/#primaryimage","url":"https:\/\/www.correiobraziliense.com.br\/cbradar\/wp-content\/uploads\/2026\/01\/Gemini_Generated_Image_bcv5zbcv5zbcv5zb-1-1.png","contentUrl":"https:\/\/www.correiobraziliense.com.br\/cbradar\/wp-content\/uploads\/2026\/01\/Gemini_Generated_Image_bcv5zbcv5zbcv5zb-1-1.png","width":1280,"height":720,"caption":"Dormir bem \u00e9 investir na sa\u00fade do c\u00e9rebro"},{"@type":"BreadcrumbList","@id":"https:\/\/www.correiobraziliense.com.br\/cbradar\/quem-dorme-mal-aprende-menos-diz-a-ciencia-entenda-por-que\/#breadcrumb","itemListElement":[{"@type":"ListItem","position":1,"name":"In\u00edcio","item":"https:\/\/www.correiobraziliense.com.br\/cbradar\/"},{"@type":"ListItem","position":2,"name":"Quem dorme mal aprende menos, diz a ci\u00eancia \u2014 entenda por qu\u00ea"}]},{"@type":"WebSite","@id":"https:\/\/www.correiobraziliense.com.br\/cbradar\/#website","url":"https:\/\/www.correiobraziliense.com.br\/cbradar\/","name":"Correio Braziliense - Radar","description":"Acompanhe as \u00faltimas not\u00edcias e fique bem informado sobre tudo o que acontece no Brasil e no mundo.","potentialAction":[{"@type":"SearchAction","target":{"@type":"EntryPoint","urlTemplate":"https:\/\/www.correiobraziliense.com.br\/cbradar\/?s={search_term_string}"},"query-input":{"@type":"PropertyValueSpecification","valueRequired":true,"valueName":"search_term_string"}}],"inLanguage":"pt-BR"},{"@type":"Person","@id":"https:\/\/www.correiobraziliense.com.br\/cbradar\/#\/schema\/person\/5440b72be9c7eb74f446c846479dc4da","name":"Patrick Silva","image":{"@type":"ImageObject","inLanguage":"pt-BR","@id":"https:\/\/www.correiobraziliense.com.br\/cbradar\/#\/schema\/person\/image\/","url":"https:\/\/secure.gravatar.com\/avatar\/944109df296fc087785c9715fd5f80b2?s=96&d=mm&r=g","contentUrl":"https:\/\/secure.gravatar.com\/avatar\/944109df296fc087785c9715fd5f80b2?s=96&d=mm&r=g","caption":"Patrick Silva"},"sameAs":["https:\/\/www.correiobraziliense.com.br\/cbradar\/"],"url":"https:\/\/www.correiobraziliense.com.br\/cbradar\/author\/patrick-silva\/"}]}},"_links":{"self":[{"href":"https:\/\/www.correiobraziliense.com.br\/cbradar\/wp-json\/wp\/v2\/posts\/181041","targetHints":{"allow":["GET"]}}],"collection":[{"href":"https:\/\/www.correiobraziliense.com.br\/cbradar\/wp-json\/wp\/v2\/posts"}],"about":[{"href":"https:\/\/www.correiobraziliense.com.br\/cbradar\/wp-json\/wp\/v2\/types\/post"}],"author":[{"embeddable":true,"href":"https:\/\/www.correiobraziliense.com.br\/cbradar\/wp-json\/wp\/v2\/users\/21"}],"replies":[{"embeddable":true,"href":"https:\/\/www.correiobraziliense.com.br\/cbradar\/wp-json\/wp\/v2\/comments?post=181041"}],"version-history":[{"count":2,"href":"https:\/\/www.correiobraziliense.com.br\/cbradar\/wp-json\/wp\/v2\/posts\/181041\/revisions"}],"predecessor-version":[{"id":181046,"href":"https:\/\/www.correiobraziliense.com.br\/cbradar\/wp-json\/wp\/v2\/posts\/181041\/revisions\/181046"}],"wp:featuredmedia":[{"embeddable":true,"href":"https:\/\/www.correiobraziliense.com.br\/cbradar\/wp-json\/wp\/v2\/media\/181042"}],"wp:attachment":[{"href":"https:\/\/www.correiobraziliense.com.br\/cbradar\/wp-json\/wp\/v2\/media?parent=181041"}],"wp:term":[{"taxonomy":"category","embeddable":true,"href":"https:\/\/www.correiobraziliense.com.br\/cbradar\/wp-json\/wp\/v2\/categories?post=181041"},{"taxonomy":"post_tag","embeddable":true,"href":"https:\/\/www.correiobraziliense.com.br\/cbradar\/wp-json\/wp\/v2\/tags?post=181041"}],"curies":[{"name":"wp","href":"https:\/\/api.w.org\/{rel}","templated":true}]}}