{"id":181064,"date":"2026-01-25T10:25:00","date_gmt":"2026-01-25T13:25:00","guid":{"rendered":"https:\/\/www.correiobraziliense.com.br\/cbradar\/?p=181064"},"modified":"2026-01-25T04:59:08","modified_gmt":"2026-01-25T07:59:08","slug":"essa-cidade-de-santa-catarina-e-capaz-de-superar-muitas-capitais-brasileiras-em-economia-e-qualidade-de-vida","status":"publish","type":"post","link":"https:\/\/www.correiobraziliense.com.br\/cbradar\/essa-cidade-de-santa-catarina-e-capaz-de-superar-muitas-capitais-brasileiras-em-economia-e-qualidade-de-vida\/","title":{"rendered":"Essa cidade de Santa Catarina \u00e9 capaz de superar muitas capitais brasileiras em economia e qualidade de vida"},"content":{"rendered":"\n<p>Localizada a cerca de 94 km da capital <strong>Florian\u00f3polis<\/strong>, a cidade de <strong>Itaja\u00ed<\/strong> figura como uma das maiores economias do Sul do <strong>Brasil<\/strong>. O munic\u00edpio, vizinho da badalada <strong>Balne\u00e1rio Cambori\u00fa<\/strong>, destaca-se por abrigar um dos complexos portu\u00e1rios mais importantes do pa\u00eds e uma orla que atrai turismo de alto padr\u00e3o.<\/p>\n\n\n\n<h2 class=\"wp-block-heading\">Por que a cidade det\u00e9m o segundo maior PIB do estado?<\/h2>\n\n\n\n<p>A for\u00e7a econ\u00f4mica local \u00e9 impulsionada pela atividade do <strong>Porto de Itaja\u00ed<\/strong>, que movimenta uma cadeia log\u00edstica gigantesca e gera milhares de empregos diretos e indiretos. Essa voca\u00e7\u00e3o para o com\u00e9rcio exterior transformou o munic\u00edpio em um polo de riqueza, atraindo empresas multinacionais e investimentos pesados em constru\u00e7\u00e3o civil.<\/p>\n\n\n\n<p>Al\u00e9m da log\u00edstica, a cidade consolidou-se como a capital nacional da constru\u00e7\u00e3o naval e sede de grandes eventos n\u00e1uticos, como a <strong>The Ocean Race<\/strong>. Esse dinamismo financeiro reflete-se na infraestrutura urbana, que oferece avenidas largas, saneamento eficiente e servi\u00e7os p\u00fablicos de qualidade superior.<\/p>\n\n\n<div class=\"wp-block-image\">\n<figure class=\"aligncenter size-large\"><img decoding=\"async\" width=\"1024\" height=\"576\" src=\"https:\/\/www.correiobraziliense.com.br\/cbradar\/wp-content\/uploads\/2025\/06\/itajai_1750913647052-1024x576.jpg\" alt=\"Essa cidade de Santa Catarina \u00e9 capaz de superar muitas capitais brasileiras em economia e qualidade de vida\" class=\"wp-image-59709\" srcset=\"https:\/\/www.correiobraziliense.com.br\/cbradar\/wp-content\/uploads\/2025\/06\/itajai_1750913647052-1024x576.jpg 1024w, https:\/\/www.correiobraziliense.com.br\/cbradar\/wp-content\/uploads\/2025\/06\/itajai_1750913647052-300x169.jpg 300w, https:\/\/www.correiobraziliense.com.br\/cbradar\/wp-content\/uploads\/2025\/06\/itajai_1750913647052-768x432.jpg 768w, https:\/\/www.correiobraziliense.com.br\/cbradar\/wp-content\/uploads\/2025\/06\/itajai_1750913647052-750x422.jpg 750w, https:\/\/www.correiobraziliense.com.br\/cbradar\/wp-content\/uploads\/2025\/06\/itajai_1750913647052-1140x641.jpg 1140w, https:\/\/www.correiobraziliense.com.br\/cbradar\/wp-content\/uploads\/2025\/06\/itajai_1750913647052.jpg 1280w\" sizes=\"(max-width: 1024px) 100vw, 1024px\" \/><figcaption class=\"wp-element-caption\">Itaja\u00ed, SC combina porto movimentado, praias encantadoras e bem-estar para quem busca viver bem. \/\/ Cr\u00e9ditos: depositphotos.com \/ ruramos<\/figcaption><\/figure><\/div>\n\n\n<h2 class=\"wp-block-heading\">Como \u00e9 a experi\u00eancia de viver entre o rio e o mar?<\/h2>\n\n\n\n<p>Viver em <strong>Itaja\u00ed<\/strong> oferece a dualidade rara de residir em um centro de neg\u00f3cios global que mant\u00e9m a atmosfera relaxante de uma cidade litor\u00e2nea. Bairros nobres como a <strong>Praia Brava<\/strong> tornaram-se refer\u00eancia de luxo, atraindo celebridades e investidores em busca de condom\u00ednios sofisticados e vida noturna agitada.<\/p>\n\n\n\n<p>Para quem prefere tranquilidade, o centro hist\u00f3rico e a regi\u00e3o da <strong>Beira-Rio<\/strong> oferecem gastronomia de excel\u00eancia e espa\u00e7os para caminhadas ao ar livre. A mobilidade \u00e9 facilitada por um sistema vi\u00e1rio planejado, permitindo que o morador transite entre o trabalho e o lazer na praia em poucos minutos.<\/p>\n\n\n\n<p>Descubra as principais atra\u00e7\u00f5es de <strong>Itaja\u00ed<\/strong>, uma cidade que combina for\u00e7a econ\u00f4mica com belezas naturais em <strong>Santa Catarina.<\/strong> O v\u00eddeo do canal <strong>Rol\u00ea Fam\u00edlia<\/strong> (280 mil subscritores) apresenta 10 lugares imperd\u00edveis:<\/p>\n\n\n\n<figure class=\"wp-block-embed aligncenter is-type-video is-provider-youtube wp-block-embed-youtube wp-embed-aspect-16-9 wp-has-aspect-ratio\"><div class=\"wp-block-embed__wrapper\">\n<div class=\"jeg_video_container jeg_video_content\"><iframe loading=\"lazy\" title=\"10 atra\u00e7\u00f5es para conhecer em ITAJA\u00cd, Santa Catarina\" width=\"500\" height=\"281\" src=\"https:\/\/www.youtube.com\/embed\/GtDGfLhlLFg?feature=oembed\" frameborder=\"0\" allow=\"accelerometer; autoplay; clipboard-write; encrypted-media; gyroscope; picture-in-picture; web-share\" referrerpolicy=\"strict-origin-when-cross-origin\" allowfullscreen><\/iframe><\/div>\n<\/div><\/figure>\n\n\n\n<h2 class=\"wp-block-heading\">Qual o n\u00edvel de desenvolvimento e tamanho da popula\u00e7\u00e3o<\/h2>\n\n\n\n<p>O munic\u00edpio alcan\u00e7ou a marca de 264 mil habitantes, conforme o Censo 2022, registrando um crescimento demogr\u00e1fico acelerado impulsionado pela oferta de emprego. A qualidade de vida acompanha a riqueza econ\u00f4mica: dados<strong> <a href=\"https:\/\/cidades.ibge.gov.br\/brasil\/sc\/itajai\/panorama\" target=\"_blank\" rel=\"noreferrer noopener\">Instituto Brasileiro de Geografia e Estat\u00edstica (IBGE) <\/a><\/strong>apontam um <strong>IDH de 0,795<\/strong>.<\/p>\n\n\n\n<p>A cidade tamb\u00e9m \u00e9 um polo universit\u00e1rio robusto, sede da <strong>Universidade do Vale do Itaja\u00ed<\/strong> (<strong>Univali<\/strong>), uma das maiores institui\u00e7\u00f5es de ensino de <strong>Santa Catarina<\/strong>. A presen\u00e7a acad\u00eamica fomenta a inova\u00e7\u00e3o e garante m\u00e3o de obra qualificada para os setores portu\u00e1rio e tur\u00edstico.<\/p>\n\n\n\n<h2 class=\"wp-block-heading\">Quais s\u00e3o os principais roteiros tur\u00edsticos da regi\u00e3o<\/h2>\n\n\n\n<p>O turismo local \u00e9 diversificado, agradando tanto os amantes da natureza quanto aqueles que buscam hist\u00f3ria e cultura. A cidade preserva seu patrim\u00f4nio arquitet\u00f4nico enquanto investe em atra\u00e7\u00f5es modernas que valorizam a rela\u00e7\u00e3o com as \u00e1guas.<\/p>\n\n\n\n<p>Abaixo est\u00e3o os pontos obrigat\u00f3rios para compreender a alma da cidade:<\/p>\n\n\n\n<ul class=\"wp-block-list\">\n<li><strong>Praia Brava<\/strong>: O destino mais famoso, conhecido pelas ondas perfeitas para o surf e pelos beach clubs de renome internacional.<\/li>\n\n\n\n<li><strong>Molhes da Barra<\/strong>: Local ideal para observar a entrada e sa\u00edda de navios gigantes e praticar exerc\u00edcios com vista para o mar.<\/li>\n\n\n\n<li><strong>Mercado P\u00fablico de Itaja\u00ed<\/strong>: Centro de cultura e gastronomia onde \u00e9 poss\u00edvel provar frutos do mar frescos e ouvir m\u00fasica local.<\/li>\n\n\n\n<li><strong>Igreja Matriz do Sant\u00edssimo Sacramento<\/strong>: Uma obra de arte neog\u00f3tica com vitrais e pinturas impressionantes no cora\u00e7\u00e3o da cidade.<\/li>\n\n\n\n<li><strong>Bico do Papagaio<\/strong>: Forma\u00e7\u00e3o rochosa curiosa localizada na <strong>Praia de Atalaia<\/strong>, um dos cart\u00f5es-postais naturais.<\/li>\n<\/ul>\n\n\n<div class=\"wp-block-image\">\n<figure class=\"aligncenter size-large\"><img decoding=\"async\" width=\"1024\" height=\"576\" src=\"https:\/\/www.correiobraziliense.com.br\/cbradar\/wp-content\/uploads\/2025\/06\/itajai_1750913805777-1024x576.jpg\" alt=\"Essa cidade catarinense est\u00e1 entre as queridinhas para viver com tranquilidade e prosperidade\" class=\"wp-image-59714\" srcset=\"https:\/\/www.correiobraziliense.com.br\/cbradar\/wp-content\/uploads\/2025\/06\/itajai_1750913805777-1024x576.jpg 1024w, https:\/\/www.correiobraziliense.com.br\/cbradar\/wp-content\/uploads\/2025\/06\/itajai_1750913805777-300x169.jpg 300w, https:\/\/www.correiobraziliense.com.br\/cbradar\/wp-content\/uploads\/2025\/06\/itajai_1750913805777-768x432.jpg 768w, https:\/\/www.correiobraziliense.com.br\/cbradar\/wp-content\/uploads\/2025\/06\/itajai_1750913805777-750x422.jpg 750w, https:\/\/www.correiobraziliense.com.br\/cbradar\/wp-content\/uploads\/2025\/06\/itajai_1750913805777-1140x642.jpg 1140w, https:\/\/www.correiobraziliense.com.br\/cbradar\/wp-content\/uploads\/2025\/06\/itajai_1750913805777.jpg 1279w\" sizes=\"(max-width: 1024px) 100vw, 1024px\" \/><figcaption class=\"wp-element-caption\">Itaja\u00ed, SC ganhou o t\u00edtulo de \u201cCapital Brasileira dos Cruzeiros Mar\u00edtimos\u201d por sediar o \u00fanico terminal exclusivo para transatl\u00e2nticos do Brasil.  \/\/ Cr\u00e9ditos: depositphotos.com \/ ruramos<\/figcaption><\/figure><\/div>\n\n\n<p><strong>Leia tamb\u00e9m: <a href=\"https:\/\/www.correiobraziliense.com.br\/cbradar\/o-habito-simples-melhora-a-qualidade-do-ar-da-sua-casa-em-5-minutos\/\" target=\"_blank\" rel=\"noreferrer noopener\">O h\u00e1bito simples melhora a qualidade do ar da sua casa em 5 minutos<\/a>.<\/strong><\/p>\n\n\n\n<h2 class=\"wp-block-heading\">Como funciona o regime de chuvas e temperatura?<\/h2>\n\n\n\n<p><strong>O clima \u00e9 subtropical \u00famido, com esta\u00e7\u00f5es bem definidas que variam do calor intenso no ver\u00e3o ao frio \u00famido no inverno.<\/strong> A brisa mar\u00edtima \u00e9 constante, o que ameniza as temperaturas altas, mas a umidade relativa do ar permanece elevada durante todo o ano.<\/p>\n\n\n\n<p>Conforme o monitoramento hist\u00f3rico do <strong><a href=\"https:\/\/www.climatempo.com.br\/previsao-do-tempo\/cidade\/1434\/itajai-sc\" target=\"_blank\" rel=\"noreferrer noopener\">Climatempo<\/a><\/strong>, o comportamento atmosf\u00e9rico segue o padr\u00e3o abaixo:<\/p>\n\n\n\n<figure class=\"wp-block-table\"><table class=\"has-fixed-layout\"><tbody><tr><th>Esta\u00e7\u00e3o\/Meses<\/th><th>Temperatura<\/th><th>O que esperar<\/th><\/tr><tr><td>Ver\u00e3o (Dezembro a Mar\u00e7o)<\/td><td>22\u00b0C a 32\u00b0C<\/td><td>Sol forte, praias cheias e pancadas de chuva \u00e0 tarde<\/td><\/tr><tr><td>Outono (Abril a Junho)<\/td><td>16\u00b0C a 26\u00b0C<\/td><td>Dias claros, vento mais fresco e clima agrad\u00e1vel<\/td><\/tr><tr><td>Inverno (Julho a Setembro)<\/td><td>11\u00b0C a 21\u00b0C<\/td><td>Frio \u00famido, necessidade de agasalhos e pouca chuva<\/td><\/tr><tr><td>Primavera (Outubro a Novembro)<\/td><td>18\u00b0C a 27\u00b0C<\/td><td>Aquecimento gradual e flora\u00e7\u00e3o nos parques<\/td><\/tr><\/tbody><\/table><\/figure>\n\n\n\n<h2 class=\"wp-block-heading\">Motivos para escolher Itaja\u00ed como novo lar<\/h2>\n\n\n\n<p>A decis\u00e3o de morar nesta cidade catarinense baseia-se na seguran\u00e7a de uma economia blindada por diversos setores e no acesso a um estilo de vida litor\u00e2neo premium. <strong>Itaja\u00ed<\/strong> prova que \u00e9 poss\u00edvel ter carreira executiva de alto n\u00edvel vivendo a poucos metros da areia.<\/p>\n\n\n\n<ul class=\"wp-block-list\">\n<li>Economia pujante com oportunidades no com\u00e9rcio exterior e constru\u00e7\u00e3o civil.<\/li>\n\n\n\n<li>Op\u00e7\u00f5es de lazer variadas, do surf na <strong>Brava<\/strong> ao passeio hist\u00f3rico no centro.<\/li>\n\n\n\n<li>Localiza\u00e7\u00e3o estrat\u00e9gica no litoral norte, com f\u00e1cil acesso a aeroportos e rodovias.<\/li>\n<\/ul>\n\n\n\n<p>Voc\u00ea precisa conhecer o dinamismo e a beleza que fazem desta cidade portu\u00e1ria um exemplo de sucesso no Brasil.<\/p>\n","protected":false},"excerpt":{"rendered":"<p>Localizada a cerca de 94 km da capital Florian\u00f3polis, a cidade de Itaja\u00ed figura como uma das maiores economias do Sul do Brasil. O munic\u00edpio, vizinho da badalada Balne\u00e1rio Cambori\u00fa, destaca-se por abrigar um dos complexos portu\u00e1rios mais importantes do pa\u00eds e uma orla que atrai turismo de alto padr\u00e3o. Por que a cidade det\u00e9m [&hellip;]<\/p>\n","protected":false},"author":8,"featured_media":142445,"comment_status":"open","ping_status":"open","sticky":false,"template":"","format":"standard","meta":{"_yoast_wpseo_focuskw":"cidade de Santa Catarina","_yoast_wpseo_title":"","_yoast_wpseo_metadesc":"Descubra como essa cidade de Santa Catarina consegue superar muitas capitais brasileiras em economia e qualidade de vida.","jnews-multi-image_gallery":[],"jnews_single_post":{"format":"standard"},"jnews_primary_category":[],"jnews_social_meta":[],"jnews_override_counter":[],"footnotes":""},"categories":[108,111],"tags":[6032,851],"class_list":["post-181064","post","type-post","status-publish","format-standard","has-post-thumbnail","hentry","category-cidades","category-turismo","tag-itajai","tag-santa-catarina"],"yoast_head":"<!-- This site is optimized with the Yoast SEO plugin v24.6 - https:\/\/yoast.com\/wordpress\/plugins\/seo\/ -->\n<title>Essa cidade de Santa Catarina \u00e9 capaz de superar muitas capitais brasileiras em economia e qualidade de vida - Correio Braziliense - Radar<\/title>\n<meta name=\"description\" content=\"Descubra como essa cidade de Santa Catarina consegue superar muitas capitais brasileiras em economia e qualidade de vida.\" \/>\n<meta name=\"robots\" content=\"index, follow, max-snippet:-1, max-image-preview:large, max-video-preview:-1\" \/>\n<link rel=\"canonical\" href=\"https:\/\/www.correiobraziliense.com.br\/cbradar\/essa-cidade-de-santa-catarina-e-capaz-de-superar-muitas-capitais-brasileiras-em-economia-e-qualidade-de-vida\/\" \/>\n<meta property=\"og:locale\" content=\"pt_BR\" \/>\n<meta property=\"og:type\" content=\"article\" \/>\n<meta property=\"og:title\" content=\"Essa cidade de Santa Catarina \u00e9 capaz de superar muitas capitais brasileiras em economia e qualidade de vida - Correio Braziliense - Radar\" \/>\n<meta property=\"og:description\" content=\"Descubra como essa cidade de Santa Catarina consegue superar muitas capitais brasileiras em economia e qualidade de vida.\" \/>\n<meta property=\"og:url\" content=\"https:\/\/www.correiobraziliense.com.br\/cbradar\/essa-cidade-de-santa-catarina-e-capaz-de-superar-muitas-capitais-brasileiras-em-economia-e-qualidade-de-vida\/\" \/>\n<meta property=\"og:site_name\" content=\"Correio Braziliense - Radar\" \/>\n<meta property=\"article:published_time\" content=\"2026-01-25T13:25:00+00:00\" \/>\n<meta property=\"og:image\" content=\"https:\/\/www.correiobraziliense.com.br\/cbradar\/wp-content\/uploads\/2025\/11\/Design-sem-nome-60-1.png\" \/>\n\t<meta property=\"og:image:width\" content=\"1280\" \/>\n\t<meta property=\"og:image:height\" content=\"720\" \/>\n\t<meta property=\"og:image:type\" content=\"image\/png\" \/>\n<meta name=\"author\" content=\"Maura Pereira\" \/>\n<meta name=\"twitter:card\" content=\"summary_large_image\" \/>\n<meta name=\"twitter:label1\" content=\"Escrito por\" \/>\n\t<meta name=\"twitter:data1\" content=\"Maura Pereira\" \/>\n\t<meta name=\"twitter:label2\" content=\"Est. tempo de leitura\" \/>\n\t<meta name=\"twitter:data2\" content=\"6 minutos\" \/>\n<!-- \/ Yoast SEO plugin. -->","yoast_head_json":{"title":"Essa cidade de Santa Catarina \u00e9 capaz de superar muitas capitais brasileiras em economia e qualidade de vida - Correio Braziliense - Radar","description":"Descubra como essa cidade de Santa Catarina consegue superar muitas capitais brasileiras em economia e qualidade de vida.","robots":{"index":"index","follow":"follow","max-snippet":"max-snippet:-1","max-image-preview":"max-image-preview:large","max-video-preview":"max-video-preview:-1"},"canonical":"https:\/\/www.correiobraziliense.com.br\/cbradar\/essa-cidade-de-santa-catarina-e-capaz-de-superar-muitas-capitais-brasileiras-em-economia-e-qualidade-de-vida\/","og_locale":"pt_BR","og_type":"article","og_title":"Essa cidade de Santa Catarina \u00e9 capaz de superar muitas capitais brasileiras em economia e qualidade de vida - Correio Braziliense - Radar","og_description":"Descubra como essa cidade de Santa Catarina consegue superar muitas capitais brasileiras em economia e qualidade de vida.","og_url":"https:\/\/www.correiobraziliense.com.br\/cbradar\/essa-cidade-de-santa-catarina-e-capaz-de-superar-muitas-capitais-brasileiras-em-economia-e-qualidade-de-vida\/","og_site_name":"Correio Braziliense - Radar","article_published_time":"2026-01-25T13:25:00+00:00","og_image":[{"width":1280,"height":720,"url":"https:\/\/www.correiobraziliense.com.br\/cbradar\/wp-content\/uploads\/2025\/11\/Design-sem-nome-60-1.png","type":"image\/png"}],"author":"Maura Pereira","twitter_card":"summary_large_image","twitter_misc":{"Escrito por":"Maura Pereira","Est. tempo de leitura":"6 minutos"},"schema":{"@context":"https:\/\/schema.org","@graph":[{"@type":"WebPage","@id":"https:\/\/www.correiobraziliense.com.br\/cbradar\/essa-cidade-de-santa-catarina-e-capaz-de-superar-muitas-capitais-brasileiras-em-economia-e-qualidade-de-vida\/","url":"https:\/\/www.correiobraziliense.com.br\/cbradar\/essa-cidade-de-santa-catarina-e-capaz-de-superar-muitas-capitais-brasileiras-em-economia-e-qualidade-de-vida\/","name":"Essa cidade de Santa Catarina \u00e9 capaz de superar muitas capitais brasileiras em economia e qualidade de vida - Correio Braziliense - Radar","isPartOf":{"@id":"https:\/\/www.correiobraziliense.com.br\/cbradar\/#website"},"primaryImageOfPage":{"@id":"https:\/\/www.correiobraziliense.com.br\/cbradar\/essa-cidade-de-santa-catarina-e-capaz-de-superar-muitas-capitais-brasileiras-em-economia-e-qualidade-de-vida\/#primaryimage"},"image":{"@id":"https:\/\/www.correiobraziliense.com.br\/cbradar\/essa-cidade-de-santa-catarina-e-capaz-de-superar-muitas-capitais-brasileiras-em-economia-e-qualidade-de-vida\/#primaryimage"},"thumbnailUrl":"https:\/\/www.correiobraziliense.com.br\/cbradar\/wp-content\/uploads\/2025\/11\/Design-sem-nome-60-1.png","datePublished":"2026-01-25T13:25:00+00:00","author":{"@id":"https:\/\/www.correiobraziliense.com.br\/cbradar\/#\/schema\/person\/4053c651a9bfc785afc6f4cbc9032fd3"},"description":"Descubra como essa cidade de Santa Catarina consegue superar muitas capitais brasileiras em economia e qualidade de vida.","breadcrumb":{"@id":"https:\/\/www.correiobraziliense.com.br\/cbradar\/essa-cidade-de-santa-catarina-e-capaz-de-superar-muitas-capitais-brasileiras-em-economia-e-qualidade-de-vida\/#breadcrumb"},"inLanguage":"pt-BR","potentialAction":[{"@type":"ReadAction","target":["https:\/\/www.correiobraziliense.com.br\/cbradar\/essa-cidade-de-santa-catarina-e-capaz-de-superar-muitas-capitais-brasileiras-em-economia-e-qualidade-de-vida\/"]}]},{"@type":"ImageObject","inLanguage":"pt-BR","@id":"https:\/\/www.correiobraziliense.com.br\/cbradar\/essa-cidade-de-santa-catarina-e-capaz-de-superar-muitas-capitais-brasileiras-em-economia-e-qualidade-de-vida\/#primaryimage","url":"https:\/\/www.correiobraziliense.com.br\/cbradar\/wp-content\/uploads\/2025\/11\/Design-sem-nome-60-1.png","contentUrl":"https:\/\/www.correiobraziliense.com.br\/cbradar\/wp-content\/uploads\/2025\/11\/Design-sem-nome-60-1.png","width":1280,"height":720,"caption":"Explore Itaja\u00ed, cidade vibrante e cheia de atra\u00e7\u00f5es naturais e culturais no sul do Brasil. \/\/ Cr\u00e9ditos: YouTube @rolefamilia"},{"@type":"BreadcrumbList","@id":"https:\/\/www.correiobraziliense.com.br\/cbradar\/essa-cidade-de-santa-catarina-e-capaz-de-superar-muitas-capitais-brasileiras-em-economia-e-qualidade-de-vida\/#breadcrumb","itemListElement":[{"@type":"ListItem","position":1,"name":"In\u00edcio","item":"https:\/\/www.correiobraziliense.com.br\/cbradar\/"},{"@type":"ListItem","position":2,"name":"Essa cidade de Santa Catarina \u00e9 capaz de superar muitas capitais brasileiras em economia e qualidade de vida"}]},{"@type":"WebSite","@id":"https:\/\/www.correiobraziliense.com.br\/cbradar\/#website","url":"https:\/\/www.correiobraziliense.com.br\/cbradar\/","name":"Correio Braziliense - Radar","description":"Acompanhe as \u00faltimas not\u00edcias e fique bem informado sobre tudo o que acontece no Brasil e no mundo.","potentialAction":[{"@type":"SearchAction","target":{"@type":"EntryPoint","urlTemplate":"https:\/\/www.correiobraziliense.com.br\/cbradar\/?s={search_term_string}"},"query-input":{"@type":"PropertyValueSpecification","valueRequired":true,"valueName":"search_term_string"}}],"inLanguage":"pt-BR"},{"@type":"Person","@id":"https:\/\/www.correiobraziliense.com.br\/cbradar\/#\/schema\/person\/4053c651a9bfc785afc6f4cbc9032fd3","name":"Maura Pereira","image":{"@type":"ImageObject","inLanguage":"pt-BR","@id":"https:\/\/www.correiobraziliense.com.br\/cbradar\/#\/schema\/person\/image\/","url":"https:\/\/secure.gravatar.com\/avatar\/3effd6bdadfa447f15089c7f7144eaa6?s=96&d=mm&r=g","contentUrl":"https:\/\/secure.gravatar.com\/avatar\/3effd6bdadfa447f15089c7f7144eaa6?s=96&d=mm&r=g","caption":"Maura Pereira"},"sameAs":["https:\/\/www.correiobraziliense.com.br\/"],"url":"https:\/\/www.correiobraziliense.com.br\/cbradar\/author\/mauramyth\/"}]}},"_links":{"self":[{"href":"https:\/\/www.correiobraziliense.com.br\/cbradar\/wp-json\/wp\/v2\/posts\/181064","targetHints":{"allow":["GET"]}}],"collection":[{"href":"https:\/\/www.correiobraziliense.com.br\/cbradar\/wp-json\/wp\/v2\/posts"}],"about":[{"href":"https:\/\/www.correiobraziliense.com.br\/cbradar\/wp-json\/wp\/v2\/types\/post"}],"author":[{"embeddable":true,"href":"https:\/\/www.correiobraziliense.com.br\/cbradar\/wp-json\/wp\/v2\/users\/8"}],"replies":[{"embeddable":true,"href":"https:\/\/www.correiobraziliense.com.br\/cbradar\/wp-json\/wp\/v2\/comments?post=181064"}],"version-history":[{"count":10,"href":"https:\/\/www.correiobraziliense.com.br\/cbradar\/wp-json\/wp\/v2\/posts\/181064\/revisions"}],"predecessor-version":[{"id":181122,"href":"https:\/\/www.correiobraziliense.com.br\/cbradar\/wp-json\/wp\/v2\/posts\/181064\/revisions\/181122"}],"wp:featuredmedia":[{"embeddable":true,"href":"https:\/\/www.correiobraziliense.com.br\/cbradar\/wp-json\/wp\/v2\/media\/142445"}],"wp:attachment":[{"href":"https:\/\/www.correiobraziliense.com.br\/cbradar\/wp-json\/wp\/v2\/media?parent=181064"}],"wp:term":[{"taxonomy":"category","embeddable":true,"href":"https:\/\/www.correiobraziliense.com.br\/cbradar\/wp-json\/wp\/v2\/categories?post=181064"},{"taxonomy":"post_tag","embeddable":true,"href":"https:\/\/www.correiobraziliense.com.br\/cbradar\/wp-json\/wp\/v2\/tags?post=181064"}],"curies":[{"name":"wp","href":"https:\/\/api.w.org\/{rel}","templated":true}]}}