{"id":181066,"date":"2026-01-25T12:45:00","date_gmt":"2026-01-25T15:45:00","guid":{"rendered":"https:\/\/www.correiobraziliense.com.br\/cbradar\/?p=181066"},"modified":"2026-01-25T10:26:01","modified_gmt":"2026-01-25T13:26:01","slug":"a-cidade-azul-de-santa-catarina-e-modelo-em-saude-e-exibe-aguas-termais-com-propriedades-curativas-que-chamam-a-atencao","status":"publish","type":"post","link":"https:\/\/www.correiobraziliense.com.br\/cbradar\/a-cidade-azul-de-santa-catarina-e-modelo-em-saude-e-exibe-aguas-termais-com-propriedades-curativas-que-chamam-a-atencao\/","title":{"rendered":"A &#8220;Cidade Azul&#8221; de Santa Catarina \u00e9 modelo em sa\u00fade e exibe \u00e1guas termais com propriedades curativas que chamam a aten\u00e7\u00e3o"},"content":{"rendered":"\n<p>Localizada a aproximadamente 144 km da capital <strong>Florian\u00f3polis<\/strong>, a cidade de <strong>Tubar\u00e3o<\/strong> \u00e9 conhecida nacionalmente como a Cidade Azul. O munic\u00edpio \u00e9 um importante polo de integra\u00e7\u00e3o no sul de <strong>Santa Catarina<\/strong>, situado estrategicamente entre a serra e o litoral, servindo como refer\u00eancia regional em sa\u00fade e educa\u00e7\u00e3o.<\/p>\n\n\n\n<h2 class=\"wp-block-heading\">Como a cidade renasceu ap\u00f3s a maior cat\u00e1strofe de 1974?<\/h2>\n\n\n\n<p><strong>A hist\u00f3ria local \u00e9 marcada pela resili\u00eancia de sua popula\u00e7\u00e3o, que reconstruiu o munic\u00edpio praticamente do zero ap\u00f3s a devastadora enchente de 1974.<\/strong> O desastre, que submergiu a cidade e paralisou a economia, for\u00e7ou uma reurbaniza\u00e7\u00e3o completa que hoje resulta em um planejamento urbano moderno e preventivo contra novos alagamentos.<\/p>\n\n\n\n<p>Essa capacidade de supera\u00e7\u00e3o transformou a cidade em um centro de servi\u00e7os robusto, impulsionado historicamente pela <strong>Ferrovia Tereza Cristina<\/strong>. A estrada de ferro, essencial para o transporte do carv\u00e3o mineral da regi\u00e3o, moldou a identidade industrial e log\u00edstica que sustenta o desenvolvimento atual.<\/p>\n\n\n<div class=\"wp-block-image\">\n<figure class=\"aligncenter size-large\"><img decoding=\"async\" width=\"1024\" height=\"576\" src=\"https:\/\/www.correiobraziliense.com.br\/cbradar\/wp-content\/uploads\/2025\/07\/Edicoes-46-1024x576.png\" alt=\"A &quot;Cidade Azul&quot; de Santa Catarina famosa pelas suas \u00e1guas termais com propriedades curativas\" class=\"wp-image-67393\" srcset=\"https:\/\/www.correiobraziliense.com.br\/cbradar\/wp-content\/uploads\/2025\/07\/Edicoes-46-1024x576.png 1024w, https:\/\/www.correiobraziliense.com.br\/cbradar\/wp-content\/uploads\/2025\/07\/Edicoes-46-300x169.png 300w, https:\/\/www.correiobraziliense.com.br\/cbradar\/wp-content\/uploads\/2025\/07\/Edicoes-46-768x432.png 768w, https:\/\/www.correiobraziliense.com.br\/cbradar\/wp-content\/uploads\/2025\/07\/Edicoes-46-750x422.png 750w, https:\/\/www.correiobraziliense.com.br\/cbradar\/wp-content\/uploads\/2025\/07\/Edicoes-46-1140x641.png 1140w, https:\/\/www.correiobraziliense.com.br\/cbradar\/wp-content\/uploads\/2025\/07\/Edicoes-46.png 1280w\" sizes=\"(max-width: 1024px) 100vw, 1024px\" \/><figcaption class=\"wp-element-caption\"> O munic\u00edpio oferece servi\u00e7os completos, com investimentos em sa\u00fade, educa\u00e7\u00e3o e mobilidade urbana. \/\/ Cr\u00e9ditos: YouTube @rafamarquesrbm<\/figcaption><\/figure><\/div>\n\n\n<h2 class=\"wp-block-heading\">Como \u00e9 a rotina na capital universit\u00e1ria do sul?<\/h2>\n\n\n\n<p>Viver em <strong>Tubar\u00e3o<\/strong> \u00e9 desfrutar de uma atmosfera jovem e din\u00e2mica, influenciada diretamente pela presen\u00e7a da <strong>Universidade do Sul de Santa Catarina<\/strong> (<strong>Unisul<\/strong>). O campus universit\u00e1rio funciona como um pulm\u00e3o cultural e econ\u00f4mico, atraindo estudantes de todo o pa\u00eds e fomentando um setor de com\u00e9rcio e servi\u00e7os vibrante.<\/p>\n\n\n\n<p>O apelido de Cidade Azul, dado pelo escritor <strong>Virg\u00edlio V\u00e1rzea<\/strong> ao ver o rio refletir as montanhas, traduz a beleza da paisagem que cerca a \u00e1rea urbana. A qualidade de vida \u00e9 elevada pela oferta de \u00e1guas termais e pela proximidade com as praias de <strong>Laguna<\/strong> e <strong>Jaguaruna<\/strong>, permitindo lazer diversificado nos finais de semana.<\/p>\n\n\n\n<p>Descubra como \u00e9 viver em&nbsp;<strong>Tubar\u00e3o<\/strong>, em Santa Catarina, um importante polo econ\u00f3mico e educacional do sul do estado. O v\u00eddeo do canal&nbsp;<strong>Cidades do Interior<\/strong>&nbsp;(42 mil subscritores) destaca os principais aspetos da cidade:<\/p>\n\n\n\n<figure class=\"wp-block-embed aligncenter is-type-video is-provider-youtube wp-block-embed-youtube wp-embed-aspect-16-9 wp-has-aspect-ratio\"><div class=\"wp-block-embed__wrapper\">\n<div class=\"jeg_video_container jeg_video_content\"><iframe loading=\"lazy\" title=\"\u00c9 BOM MORAR EM TUBAR\u00c3O - SC ? | DESCUBRA como \u00e9 morar nessa cidade do INTERIOR de SANTA CATARINA!\" width=\"500\" height=\"281\" src=\"https:\/\/www.youtube.com\/embed\/JZ87jMZGWEo?feature=oembed\" frameborder=\"0\" allow=\"accelerometer; autoplay; clipboard-write; encrypted-media; gyroscope; picture-in-picture; web-share\" referrerpolicy=\"strict-origin-when-cross-origin\" allowfullscreen><\/iframe><\/div>\n<\/div><\/figure>\n\n\n\n<h2 class=\"wp-block-heading\">Qual o n\u00edvel de desenvolvimento e popula\u00e7\u00e3o residente?<\/h2>\n\n\n\n<p>O munic\u00edpio conta com 110 mil habitantes, conforme o Censo de 2022, consolidando-se como uma das cidades mais populosas e influentes do estado. A excel\u00eancia na infraestrutura e no acesso a servi\u00e7os reflete-se nos indicadores oficiais: dados<a href=\"https:\/\/cidades.ibge.gov.br\/brasil\/sc\/tubarao\/panorama\" target=\"_blank\" rel=\"noreferrer noopener\"> <strong>Instituto Brasileiro de Geografia e Estat\u00edstica (IBGE)<\/strong><\/a> apontam um<strong> IDH de 0,796<\/strong>.<\/p>\n\n\n\n<p>Esse \u00edndice elevado \u00e9 sustentado por um sistema de sa\u00fade que \u00e9 refer\u00eancia para dezenas de munic\u00edpios vizinhos e por uma rede educacional que cobre desde o ensino b\u00e1sico at\u00e9 a p\u00f3s-gradua\u00e7\u00e3o. A economia diversificada garante estabilidade e atrai novos moradores em busca de seguran\u00e7a e oportunidades.<\/p>\n\n\n<div class=\"wp-block-image\">\n<figure class=\"aligncenter size-large\"><img decoding=\"async\" width=\"1024\" height=\"576\" src=\"https:\/\/www.correiobraziliense.com.br\/cbradar\/wp-content\/uploads\/2025\/08\/Edicoes-2025-08-08T183240.597-1024x576.png\" alt=\"Cidade de Santa Catarina oferece \u00e1guas termais e qualidade de vida excepcional\" class=\"wp-image-83246\" srcset=\"https:\/\/www.correiobraziliense.com.br\/cbradar\/wp-content\/uploads\/2025\/08\/Edicoes-2025-08-08T183240.597-1024x576.png 1024w, https:\/\/www.correiobraziliense.com.br\/cbradar\/wp-content\/uploads\/2025\/08\/Edicoes-2025-08-08T183240.597-300x169.png 300w, https:\/\/www.correiobraziliense.com.br\/cbradar\/wp-content\/uploads\/2025\/08\/Edicoes-2025-08-08T183240.597-768x432.png 768w, https:\/\/www.correiobraziliense.com.br\/cbradar\/wp-content\/uploads\/2025\/08\/Edicoes-2025-08-08T183240.597-750x422.png 750w, https:\/\/www.correiobraziliense.com.br\/cbradar\/wp-content\/uploads\/2025\/08\/Edicoes-2025-08-08T183240.597-1140x641.png 1140w, https:\/\/www.correiobraziliense.com.br\/cbradar\/wp-content\/uploads\/2025\/08\/Edicoes-2025-08-08T183240.597.png 1280w\" sizes=\"(max-width: 1024px) 100vw, 1024px\" \/><figcaption class=\"wp-element-caption\">Aproveite os parques, cultura e infraestrutura de Tubar\u00e3o, ideal para quem busca uma vida tranquila e moderna. \/\/ Cr\u00e9ditos: YouTube @rafamarquesrbm<\/figcaption><\/figure><\/div>\n\n\n<h2 class=\"wp-block-heading\">Quais s\u00e3o as atra\u00e7\u00f5es tur\u00edsticas imperd\u00edveis?<\/h2>\n\n\n\n<p><strong>O turismo na regi\u00e3o mescla a mem\u00f3ria ferrovi\u00e1ria com o turismo de sa\u00fade proporcionado pelas fontes de \u00e1guas minerais.<\/strong> O visitante encontra um roteiro que valoriza a hist\u00f3ria da imigra\u00e7\u00e3o e oferece descanso em est\u00e2ncias hidrotermais de qualidade reconhecida.<\/p>\n\n\n\n<p>Abaixo est\u00e3o os pontos que definem a identidade tur\u00edstica da cidade:<\/p>\n\n\n\n<ul class=\"wp-block-list\">\n<li><strong>Museu Ferrovi\u00e1rio de Tubar\u00e3o<\/strong>: Um dos maiores da Am\u00e9rica Latina, preserva locomotivas a vapor e oferece passeios nost\u00e1lgicos de Maria-Fuma\u00e7a.<\/li>\n\n\n\n<li><strong>Termas da Guarda<\/strong>: Est\u00e2ncia hidromineral famosa por suas \u00e1guas com propriedades terap\u00eauticas e banhos de lama medicinal.<\/li>\n\n\n\n<li><strong>Catedral Diocesana<\/strong>: Templo imponente localizado no centro, marco da f\u00e9 e da arquitetura religiosa local.<\/li>\n\n\n\n<li><strong>Centro Municipal de Cultura &#8211; Museu Willy Zumblick<\/strong>: Espa\u00e7o dedicado ao artista pl\u00e1stico que retratou a cultura e a hist\u00f3ria catarinense em suas telas.<\/li>\n\n\n\n<li><strong>Farol Shopping<\/strong>: Principal centro de compras e lazer da regi\u00e3o sul, ponto de encontro para gastronomia e entretenimento.<\/li>\n<\/ul>\n\n\n\n<p><strong>Leia tamb\u00e9m: <a href=\"https:\/\/www.correiobraziliense.com.br\/cbradar\/o-habito-simples-melhora-a-qualidade-do-ar-da-sua-casa-em-5-minutos\/\" target=\"_blank\" rel=\"noreferrer noopener\">O h\u00e1bito simples melhora a qualidade do ar da sua casa em 5 minutos<\/a>.<\/strong><\/p>\n\n\n\n<figure class=\"wp-block-image aligncenter size-large\"><img decoding=\"async\" width=\"1024\" height=\"576\" src=\"https:\/\/www.correiobraziliense.com.br\/cbradar\/wp-content\/uploads\/2025\/07\/Edicoes-47-1024x576.png\" alt=\"Cidade de Santa Catarina oferece \u00e1guas termais e qualidade de vida excepcional\" class=\"wp-image-67403\" srcset=\"https:\/\/www.correiobraziliense.com.br\/cbradar\/wp-content\/uploads\/2025\/07\/Edicoes-47-1024x576.png 1024w, https:\/\/www.correiobraziliense.com.br\/cbradar\/wp-content\/uploads\/2025\/07\/Edicoes-47-300x169.png 300w, https:\/\/www.correiobraziliense.com.br\/cbradar\/wp-content\/uploads\/2025\/07\/Edicoes-47-768x432.png 768w, https:\/\/www.correiobraziliense.com.br\/cbradar\/wp-content\/uploads\/2025\/07\/Edicoes-47-750x422.png 750w, https:\/\/www.correiobraziliense.com.br\/cbradar\/wp-content\/uploads\/2025\/07\/Edicoes-47-1140x641.png 1140w, https:\/\/www.correiobraziliense.com.br\/cbradar\/wp-content\/uploads\/2025\/07\/Edicoes-47.png 1280w\" sizes=\"(max-width: 1024px) 100vw, 1024px\" \/><figcaption class=\"wp-element-caption\">Tubar\u00e3o \u00e9 a terceira cidade mais segura do Brasil em 2025, destacando-se no ranking nacional. \/\/ Cr\u00e9ditos: YouTube @rafamarquesrbm\n<\/figcaption><\/figure>\n\n\n\n<h2 class=\"wp-block-heading\">Como funciona o clima e as temperaturas anuais?<\/h2>\n\n\n\n<p><strong>A regi\u00e3o possui clima subtropical \u00famido, com ver\u00f5es quentes que convidam ao litoral pr\u00f3ximo e invernos amenos<\/strong>, t\u00edpicos do litoral sul do Brasil. A umidade \u00e9 uma constante devido \u00e0 bacia hidrogr\u00e1fica do <strong>Rio Tubar\u00e3o<\/strong>, influenciando a sensa\u00e7\u00e3o t\u00e9rmica ao longo do ano.<\/p>\n\n\n\n<p>As m\u00e9dias t\u00e9rmicas e condi\u00e7\u00f5es do tempo, baseadas no monitoramento do <strong><a href=\"https:\/\/www.climatempo.com.br\/previsao-do-tempo\/cidade\/1445\/tubarao-sc\" target=\"_blank\" rel=\"noreferrer noopener\">Climatempo<\/a><\/strong>, seguem o padr\u00e3o abaixo:<\/p>\n\n\n\n<figure class=\"wp-block-table\"><table class=\"has-fixed-layout\"><tbody><tr><th>Esta\u00e7\u00e3o\/Meses<\/th><th>Temperatura<\/th><th>O que esperar<\/th><\/tr><tr><td>Ver\u00e3o (Dezembro a Mar\u00e7o)<\/td><td>20\u00b0C a 30\u00b0C<\/td><td>Calor \u00famido, pancadas de chuva e dias longos<\/td><\/tr><tr><td>Outono (Abril a Junho)<\/td><td>15\u00b0C a 25\u00b0C<\/td><td>Dias agrad\u00e1veis, redu\u00e7\u00e3o das chuvas e noites frescas<\/td><\/tr><tr><td>Inverno (Julho a Setembro)<\/td><td>10\u00b0C a 20\u00b0C<\/td><td>Frio moderado, nevoeiros frequentes e dias mais secos<\/td><\/tr><tr><td>Primavera (Outubro a Novembro)<\/td><td>17\u00b0C a 26\u00b0C<\/td><td>Aquecimento gradual e instabilidade clim\u00e1tica<\/td><\/tr><\/tbody><\/table><\/figure>\n\n\n\n<h2 class=\"wp-block-heading\">Motivos para escolher Tubar\u00e3o como destino de vida<\/h2>\n\n\n\n<p><strong>Optar por morar neste munic\u00edpio \u00e9 garantir acesso a uma infraestrutura de capital com a tranquilidade e o custo de vida do interior. <\/strong>A cidade oferece um equil\u00edbrio raro entre desenvolvimento humano alto e preserva\u00e7\u00e3o da mem\u00f3ria hist\u00f3rica.<\/p>\n\n\n\n<ul class=\"wp-block-list\">\n<li>Polo de sa\u00fade e educa\u00e7\u00e3o que atende a toda a macrorregi\u00e3o sul.<\/li>\n\n\n\n<li>Localiza\u00e7\u00e3o log\u00edstica privilegiada \u00e0s margens da <strong>BR-101<\/strong>.<\/li>\n\n\n\n<li>Op\u00e7\u00f5es de lazer terap\u00eautico e cultural dentro do pr\u00f3prio per\u00edmetro urbano.<\/li>\n<\/ul>\n\n\n\n<p>Voc\u00ea precisa conhecer a for\u00e7a e a hospitalidade que fazem desta cidade um exemplo de supera\u00e7\u00e3o.<\/p>\n","protected":false},"excerpt":{"rendered":"<p>Localizada a aproximadamente 144 km da capital Florian\u00f3polis, a cidade de Tubar\u00e3o \u00e9 conhecida nacionalmente como a Cidade Azul. O munic\u00edpio \u00e9 um importante polo de integra\u00e7\u00e3o no sul de Santa Catarina, situado estrategicamente entre a serra e o litoral, servindo como refer\u00eancia regional em sa\u00fade e educa\u00e7\u00e3o. Como a cidade renasceu ap\u00f3s a maior [&hellip;]<\/p>\n","protected":false},"author":8,"featured_media":181141,"comment_status":"open","ping_status":"open","sticky":false,"template":"","format":"standard","meta":{"_yoast_wpseo_focuskw":"cidade azul","_yoast_wpseo_title":"","_yoast_wpseo_metadesc":"Descubra por que a Cidade Azul de Santa Catarina \u00e9 refer\u00eancia em sa\u00fade e atrai visitantes pelas \u00e1guas termais curativas.","jnews-multi-image_gallery":[],"jnews_single_post":{"format":"standard"},"jnews_primary_category":[],"jnews_social_meta":[],"jnews_override_counter":[],"footnotes":""},"categories":[108,111],"post_tag":[851,3096],"class_list":["post-181066","post","type-post","status-publish","format-standard","has-post-thumbnail","hentry","category-cidades","category-turismo","tag-santa-catarina","tag-tubarao"],"yoast_head":"<!-- This site is optimized with the Yoast SEO plugin v24.6 - https:\/\/yoast.com\/wordpress\/plugins\/seo\/ -->\n<title>A &quot;Cidade Azul&quot; de Santa Catarina \u00e9 modelo em sa\u00fade e exibe \u00e1guas termais com propriedades curativas que chamam a aten\u00e7\u00e3o - Correio Braziliense - Radar<\/title>\n<meta name=\"description\" content=\"Descubra por que a Cidade Azul de Santa Catarina \u00e9 refer\u00eancia em sa\u00fade e atrai visitantes pelas \u00e1guas termais curativas.\" \/>\n<meta name=\"robots\" content=\"index, follow, max-snippet:-1, max-image-preview:large, max-video-preview:-1\" \/>\n<link rel=\"canonical\" href=\"https:\/\/www.correiobraziliense.com.br\/cbradar\/a-cidade-azul-de-santa-catarina-e-modelo-em-saude-e-exibe-aguas-termais-com-propriedades-curativas-que-chamam-a-atencao\/\" \/>\n<meta property=\"og:locale\" content=\"pt_BR\" \/>\n<meta property=\"og:type\" content=\"article\" \/>\n<meta property=\"og:title\" content=\"A &quot;Cidade Azul&quot; de Santa Catarina \u00e9 modelo em sa\u00fade e exibe \u00e1guas termais com propriedades curativas que chamam a aten\u00e7\u00e3o - Correio Braziliense - Radar\" \/>\n<meta property=\"og:description\" content=\"Descubra por que a Cidade Azul de Santa Catarina \u00e9 refer\u00eancia em sa\u00fade e atrai visitantes pelas \u00e1guas termais curativas.\" \/>\n<meta property=\"og:url\" content=\"https:\/\/www.correiobraziliense.com.br\/cbradar\/a-cidade-azul-de-santa-catarina-e-modelo-em-saude-e-exibe-aguas-termais-com-propriedades-curativas-que-chamam-a-atencao\/\" \/>\n<meta property=\"og:site_name\" content=\"Correio Braziliense - Radar\" \/>\n<meta property=\"article:published_time\" content=\"2026-01-25T15:45:00+00:00\" \/>\n<meta property=\"og:image\" content=\"https:\/\/www.correiobraziliense.com.br\/cbradar\/wp-content\/uploads\/2026\/01\/aaa-2026-01-25T051146.819.png\" \/>\n\t<meta property=\"og:image:width\" content=\"1280\" \/>\n\t<meta property=\"og:image:height\" content=\"720\" \/>\n\t<meta property=\"og:image:type\" content=\"image\/png\" \/>\n<meta name=\"author\" content=\"Maura Pereira\" \/>\n<meta name=\"twitter:card\" content=\"summary_large_image\" \/>\n<meta name=\"twitter:label1\" content=\"Escrito por\" \/>\n\t<meta name=\"twitter:data1\" content=\"Maura Pereira\" \/>\n\t<meta name=\"twitter:label2\" content=\"Est. tempo de leitura\" \/>\n\t<meta name=\"twitter:data2\" content=\"6 minutos\" \/>\n<!-- \/ Yoast SEO plugin. -->","yoast_head_json":{"title":"A \"Cidade Azul\" de Santa Catarina \u00e9 modelo em sa\u00fade e exibe \u00e1guas termais com propriedades curativas que chamam a aten\u00e7\u00e3o - Correio Braziliense - Radar","description":"Descubra por que a Cidade Azul de Santa Catarina \u00e9 refer\u00eancia em sa\u00fade e atrai visitantes pelas \u00e1guas termais curativas.","robots":{"index":"index","follow":"follow","max-snippet":"max-snippet:-1","max-image-preview":"max-image-preview:large","max-video-preview":"max-video-preview:-1"},"canonical":"https:\/\/www.correiobraziliense.com.br\/cbradar\/a-cidade-azul-de-santa-catarina-e-modelo-em-saude-e-exibe-aguas-termais-com-propriedades-curativas-que-chamam-a-atencao\/","og_locale":"pt_BR","og_type":"article","og_title":"A \"Cidade Azul\" de Santa Catarina \u00e9 modelo em sa\u00fade e exibe \u00e1guas termais com propriedades curativas que chamam a aten\u00e7\u00e3o - Correio Braziliense - Radar","og_description":"Descubra por que a Cidade Azul de Santa Catarina \u00e9 refer\u00eancia em sa\u00fade e atrai visitantes pelas \u00e1guas termais curativas.","og_url":"https:\/\/www.correiobraziliense.com.br\/cbradar\/a-cidade-azul-de-santa-catarina-e-modelo-em-saude-e-exibe-aguas-termais-com-propriedades-curativas-que-chamam-a-atencao\/","og_site_name":"Correio Braziliense - Radar","article_published_time":"2026-01-25T15:45:00+00:00","og_image":[{"width":1280,"height":720,"url":"https:\/\/www.correiobraziliense.com.br\/cbradar\/wp-content\/uploads\/2026\/01\/aaa-2026-01-25T051146.819.png","type":"image\/png"}],"author":"Maura Pereira","twitter_card":"summary_large_image","twitter_misc":{"Escrito por":"Maura Pereira","Est. tempo de leitura":"6 minutos"},"schema":{"@context":"https:\/\/schema.org","@graph":[{"@type":"WebPage","@id":"https:\/\/www.correiobraziliense.com.br\/cbradar\/a-cidade-azul-de-santa-catarina-e-modelo-em-saude-e-exibe-aguas-termais-com-propriedades-curativas-que-chamam-a-atencao\/","url":"https:\/\/www.correiobraziliense.com.br\/cbradar\/a-cidade-azul-de-santa-catarina-e-modelo-em-saude-e-exibe-aguas-termais-com-propriedades-curativas-que-chamam-a-atencao\/","name":"A \"Cidade Azul\" de Santa Catarina \u00e9 modelo em sa\u00fade e exibe \u00e1guas termais com propriedades curativas que chamam a aten\u00e7\u00e3o - Correio Braziliense - Radar","isPartOf":{"@id":"https:\/\/www.correiobraziliense.com.br\/cbradar\/#website"},"primaryImageOfPage":{"@id":"https:\/\/www.correiobraziliense.com.br\/cbradar\/a-cidade-azul-de-santa-catarina-e-modelo-em-saude-e-exibe-aguas-termais-com-propriedades-curativas-que-chamam-a-atencao\/#primaryimage"},"image":{"@id":"https:\/\/www.correiobraziliense.com.br\/cbradar\/a-cidade-azul-de-santa-catarina-e-modelo-em-saude-e-exibe-aguas-termais-com-propriedades-curativas-que-chamam-a-atencao\/#primaryimage"},"thumbnailUrl":"https:\/\/www.correiobraziliense.com.br\/cbradar\/wp-content\/uploads\/2026\/01\/aaa-2026-01-25T051146.819.png","datePublished":"2026-01-25T15:45:00+00:00","author":{"@id":"https:\/\/www.correiobraziliense.com.br\/cbradar\/#\/schema\/person\/4053c651a9bfc785afc6f4cbc9032fd3"},"description":"Descubra por que a Cidade Azul de Santa Catarina \u00e9 refer\u00eancia em sa\u00fade e atrai visitantes pelas \u00e1guas termais curativas.","breadcrumb":{"@id":"https:\/\/www.correiobraziliense.com.br\/cbradar\/a-cidade-azul-de-santa-catarina-e-modelo-em-saude-e-exibe-aguas-termais-com-propriedades-curativas-que-chamam-a-atencao\/#breadcrumb"},"inLanguage":"pt-BR","potentialAction":[{"@type":"ReadAction","target":["https:\/\/www.correiobraziliense.com.br\/cbradar\/a-cidade-azul-de-santa-catarina-e-modelo-em-saude-e-exibe-aguas-termais-com-propriedades-curativas-que-chamam-a-atencao\/"]}]},{"@type":"ImageObject","inLanguage":"pt-BR","@id":"https:\/\/www.correiobraziliense.com.br\/cbradar\/a-cidade-azul-de-santa-catarina-e-modelo-em-saude-e-exibe-aguas-termais-com-propriedades-curativas-que-chamam-a-atencao\/#primaryimage","url":"https:\/\/www.correiobraziliense.com.br\/cbradar\/wp-content\/uploads\/2026\/01\/aaa-2026-01-25T051146.819.png","contentUrl":"https:\/\/www.correiobraziliense.com.br\/cbradar\/wp-content\/uploads\/2026\/01\/aaa-2026-01-25T051146.819.png","width":1280,"height":720,"caption":"Tubar\u00e3o inspira com \u00e1guas termais revigorantes, capivaras charmosas e hist\u00f3ria vibrante que celebram for\u00e7a e tradi\u00e7\u00e3o! \/ Imagem Ilustrativa"},{"@type":"BreadcrumbList","@id":"https:\/\/www.correiobraziliense.com.br\/cbradar\/a-cidade-azul-de-santa-catarina-e-modelo-em-saude-e-exibe-aguas-termais-com-propriedades-curativas-que-chamam-a-atencao\/#breadcrumb","itemListElement":[{"@type":"ListItem","position":1,"name":"In\u00edcio","item":"https:\/\/www.correiobraziliense.com.br\/cbradar\/"},{"@type":"ListItem","position":2,"name":"A &#8220;Cidade Azul&#8221; de Santa Catarina \u00e9 modelo em sa\u00fade e exibe \u00e1guas termais com propriedades curativas que chamam a aten\u00e7\u00e3o"}]},{"@type":"WebSite","@id":"https:\/\/www.correiobraziliense.com.br\/cbradar\/#website","url":"https:\/\/www.correiobraziliense.com.br\/cbradar\/","name":"Correio Braziliense - Radar","description":"Acompanhe as \u00faltimas not\u00edcias e fique bem informado sobre tudo o que acontece no Brasil e no mundo.","potentialAction":[{"@type":"SearchAction","target":{"@type":"EntryPoint","urlTemplate":"https:\/\/www.correiobraziliense.com.br\/cbradar\/?s={search_term_string}"},"query-input":{"@type":"PropertyValueSpecification","valueRequired":true,"valueName":"search_term_string"}}],"inLanguage":"pt-BR"},{"@type":"Person","@id":"https:\/\/www.correiobraziliense.com.br\/cbradar\/#\/schema\/person\/4053c651a9bfc785afc6f4cbc9032fd3","name":"Maura Pereira","image":{"@type":"ImageObject","inLanguage":"pt-BR","@id":"https:\/\/www.correiobraziliense.com.br\/cbradar\/#\/schema\/person\/image\/","url":"https:\/\/secure.gravatar.com\/avatar\/3effd6bdadfa447f15089c7f7144eaa6?s=96&d=mm&r=g","contentUrl":"https:\/\/secure.gravatar.com\/avatar\/3effd6bdadfa447f15089c7f7144eaa6?s=96&d=mm&r=g","caption":"Maura Pereira"},"sameAs":["https:\/\/www.correiobraziliense.com.br\/"],"url":"https:\/\/www.correiobraziliense.com.br\/cbradar\/author\/mauramyth\/"}]}},"_links":{"self":[{"href":"https:\/\/www.correiobraziliense.com.br\/cbradar\/wp-json\/wp\/v2\/posts\/181066","targetHints":{"allow":["GET"]}}],"collection":[{"href":"https:\/\/www.correiobraziliense.com.br\/cbradar\/wp-json\/wp\/v2\/posts"}],"about":[{"href":"https:\/\/www.correiobraziliense.com.br\/cbradar\/wp-json\/wp\/v2\/types\/post"}],"author":[{"embeddable":true,"href":"https:\/\/www.correiobraziliense.com.br\/cbradar\/wp-json\/wp\/v2\/users\/8"}],"replies":[{"embeddable":true,"href":"https:\/\/www.correiobraziliense.com.br\/cbradar\/wp-json\/wp\/v2\/comments?post=181066"}],"version-history":[{"count":12,"href":"https:\/\/www.correiobraziliense.com.br\/cbradar\/wp-json\/wp\/v2\/posts\/181066\/revisions"}],"predecessor-version":[{"id":181144,"href":"https:\/\/www.correiobraziliense.com.br\/cbradar\/wp-json\/wp\/v2\/posts\/181066\/revisions\/181144"}],"wp:featuredmedia":[{"embeddable":true,"href":"https:\/\/www.correiobraziliense.com.br\/cbradar\/wp-json\/wp\/v2\/media\/181141"}],"wp:attachment":[{"href":"https:\/\/www.correiobraziliense.com.br\/cbradar\/wp-json\/wp\/v2\/media?parent=181066"}],"wp:term":[{"taxonomy":"category","embeddable":true,"href":"https:\/\/www.correiobraziliense.com.br\/cbradar\/wp-json\/wp\/v2\/categories?post=181066"},{"taxonomy":"post_tag","embeddable":true,"href":"https:\/\/www.correiobraziliense.com.br\/cbradar\/wp-json\/wp\/v2\/post_tag?post=181066"}],"curies":[{"name":"wp","href":"https:\/\/api.w.org\/{rel}","templated":true}]}}